{"id":71110,"date":"2014-01-27T14:02:58","date_gmt":"2014-01-27T17:02:58","guid":{"rendered":"http:\/\/www.quersaberpolitica.com.br\/?p=71110"},"modified":"2014-01-27T10:18:37","modified_gmt":"2014-01-27T13:18:37","slug":"deputado-quer-informacao-sobre-uso-de-agrotoxico-nos-rotulos-dos-alimentos","status":"publish","type":"post","link":"https:\/\/blogdofarnesio.com.br\/?p=71110","title":{"rendered":"DEPUTADO QUER INFORMA\u00c7\u00c3O SOBRE USO DE AGROT\u00d3XICO NOS R\u00d3TULOS DOS ALIMENTOS"},"content":{"rendered":"<p style=\"text-align: justify\"><a href=\"http:\/\/www.quersaberpolitica.com.br\/2016\/wp-content\/uploads\/2014\/01\/Deputado-Marcelino-Galo-PT.-Foto-Divulga\u00e7\u00e3o..jpg\"><img loading=\"lazy\" decoding=\"async\" class=\"alignleft size-medium wp-image-71111\" alt=\"BLOGQSPMarcelinoGalo\" src=\"http:\/\/www.quersaberpolitica.com.br\/2016\/wp-content\/uploads\/2014\/01\/Deputado-Marcelino-Galo-PT.-Foto-Divulga\u00e7\u00e3o.-300x198.jpg\" width=\"300\" height=\"198\" srcset=\"https:\/\/blogdofarnesio.com.br\/wp-content\/uploads\/2014\/01\/Deputado-Marcelino-Galo-PT.-Foto-Divulga\u00e7\u00e3o.-300x198.jpg 300w, https:\/\/blogdofarnesio.com.br\/wp-content\/uploads\/2014\/01\/Deputado-Marcelino-Galo-PT.-Foto-Divulga\u00e7\u00e3o..jpg 400w\" sizes=\"auto, (max-width: 300px) 100vw, 300px\" \/><\/a>O presidente da Frente Parlamentar Ambientalista da Bahia, deputado estadual Marcelino Galo (PT), apresentou projeto de lei na Assembleia Legislativa que obriga produtores e fabricantes a informar o consumidor se h\u00e1 uso de agrot\u00f3xicos nos alimentos naturais ou industrializados produzidos e comercializados na Bahia. A informa\u00e7\u00e3o dever\u00e1 ficar leg\u00edvel nos r\u00f3tulos e embalagens que armazenar os produtos.<\/p>\n<p style=\"text-align: justify\">A proposi\u00e7\u00e3o N\u00ba 20.712\/2014, de acordo com o petista, atende a um direito b\u00e1sico do consumidor, o direito \u00e0 informa\u00e7\u00e3o e de ter conhecimento sobre o que est\u00e1 consumindo. Al\u00e9m disso, Marcelino Galo ressalta que os produtos aliment\u00edcios est\u00e3o relacionados diretamente com a sa\u00fade e o contato com as subst\u00e2ncias venenosas, tamb\u00e9m conhecidas como defensivos agr\u00edcolas, p\u00f5em em risco \u00e0 vida do consumidor.<!--more--><\/p>\n<p style=\"text-align: justify\">\u201cPor haver comprova\u00e7\u00e3o da rela\u00e7\u00e3o dos impactos dos agrot\u00f3xicos na sa\u00fade humana, fato este comprovado por in\u00fameras pesquisas epidemiol\u00f3gicas, que relacionam a exposi\u00e7\u00e3o ao agrot\u00f3xico com c\u00e2ncer, problemas hormonais, anomalias gen\u00e9ticas, doen\u00e7as cr\u00f4nicas do sistema nervoso, entre outras, \u00e9 imperiosa a aprova\u00e7\u00e3o deste projeto de lei\u201d, advoga Marcelino, que \u00e9 vice-presidente da Comiss\u00e3o de Meio Ambiente, Seca e Recursos H\u00eddricos da Assembleia Legislativa. \u201cO alimento pode ser fonte de sa\u00fade ou de doen\u00e7a e o agrot\u00f3xico vem sendo abolido em todo o mundo da produ\u00e7\u00e3o de alimentos. A Bahia deve servir de exemplo\u201d, enfatiza Galo.<\/p>\n<p style=\"text-align: justify\">Para orientar a popula\u00e7\u00e3o, o projeto tamb\u00e9m prev\u00ea o uso de campanhas publicit\u00e1rias com informa\u00e7\u00f5es sobre os efeitos nocivos dos agrot\u00f3xicos \u00e0 sa\u00fade. A Secretaria de Agricultura do Estado tamb\u00e9m dever\u00e1 fazer, semestralmente, an\u00e1lises de amostras de alimentos produzidos em todas as regi\u00f5es da Bahia. O projeto de autoria do deputado Marcelino Galo ainda ser\u00e1 analisado pela Comiss\u00e3o de Constitui\u00e7\u00e3o e Justi\u00e7a (CCJ), antes de seguir para o Plen\u00e1rio da Assembleia Legislativa. Caso a proposi\u00e7\u00e3o seja aprovada pelos deputados e sancionada pelo governo os empres\u00e1rios e produtores ter\u00e3o o prazo de 12 meses para adequar a cadeia produtiva a nova legisla\u00e7\u00e3o.<\/p>\n<p style=\"text-align: justify\">Contaminados &#8211; L\u00edder no ranking do uso de agrot\u00f3xicos no mundo, o Brasil, segundo estudo da Ag\u00eancia Nacional de Vigil\u00e2ncia Sanit\u00e1ria (Anvisa), aumentou em 190% o com\u00e9rcio desses produtos no pa\u00eds entre os anos de 2000 e 2010. Apenas em 2010, segundo a Anvisa, o mercado nacional de agrot\u00f3xicos movimentou US$ 7,3 bilh\u00f5es. Segundo o Sistema \u00danico de Sa\u00fade (SUS) e estimativas da Organiza\u00e7\u00e3o Mundial da Sa\u00fade (OMS), a cada ano, cerca de 500 mil pessoas s\u00e3o contaminadas no Brasil por conta da presen\u00e7a dessas subst\u00e2ncias venenosas nos alimentos. Em outubro, a Ag\u00eancia de Vigil\u00e2ncia Sanit\u00e1ria (Anvisa) revelou que 36% das amostras analisadas de frutas, verduras, legumes e cereais estavam impr\u00f3prias para o consumo humano ou traziam subst\u00e2ncias proibidas no Brasil.<\/p>\n<p><strong>Foto arquivo\/divulga\u00e7\u00e3o<\/strong><\/p>\n","protected":false},"excerpt":{"rendered":"<p>O presidente da Frente Parlamentar Ambientalista da Bahia, deputado estadual Marcelino Galo (PT), apresentou projeto de lei na Assembleia Legislativa que obriga produtores e fabricantes a informar o consumidor se h\u00e1 uso de agrot\u00f3xicos nos alimentos naturais ou industrializados produzidos e comercializados na Bahia. A informa\u00e7\u00e3o dever\u00e1 ficar leg\u00edvel nos r\u00f3tulos e embalagens que armazenar os produtos. A proposi\u00e7\u00e3o N\u00ba 20.712\/2014, de acordo com o petista, atende a um direito b\u00e1sico do consumidor, o direito \u00e0 informa\u00e7\u00e3o e de ter conhecimento sobre o que est\u00e1 consumindo. Al\u00e9m disso, Marcelino Galo ressalta que os produtos aliment\u00edcios est\u00e3o relacionados diretamente com a sa\u00fade e o contato com as subst\u00e2ncias venenosas, tamb\u00e9m conhecidas como defensivos agr\u00edcolas, p\u00f5em em risco \u00e0 vida do consumidor.<\/p>\n","protected":false},"author":3,"featured_media":0,"comment_status":"open","ping_status":"open","sticky":false,"template":"","format":"standard","meta":{"_acf_changed":false,"footnotes":""},"categories":[1],"tags":[],"class_list":["post-71110","post","type-post","status-publish","format-standard","hentry","category-politica"],"acf":[],"yoast_head":"<!-- This site is optimized with the Yoast SEO plugin v27.4 - https:\/\/yoast.com\/product\/yoast-seo-wordpress\/ -->\n<title>DEPUTADO QUER INFORMA\u00c7\u00c3O SOBRE USO DE AGROT\u00d3XICO NOS R\u00d3TULOS DOS ALIMENTOS - Blog do Farn\u00e9sio<\/title>\n<meta name=\"robots\" content=\"index, follow, max-snippet:-1, max-image-preview:large, max-video-preview:-1\" \/>\n<link rel=\"canonical\" href=\"https:\/\/blogdofarnesio.com.br\/?p=71110\" \/>\n<meta property=\"og:locale\" content=\"pt_BR\" \/>\n<meta property=\"og:type\" content=\"article\" \/>\n<meta property=\"og:title\" content=\"DEPUTADO QUER INFORMA\u00c7\u00c3O SOBRE USO DE AGROT\u00d3XICO NOS R\u00d3TULOS DOS ALIMENTOS - Blog do Farn\u00e9sio\" \/>\n<meta property=\"og:description\" content=\"O presidente da Frente Parlamentar Ambientalista da Bahia, deputado estadual Marcelino Galo (PT), apresentou projeto de lei na Assembleia Legislativa que obriga produtores e fabricantes a informar o consumidor se h\u00e1 uso de agrot\u00f3xicos nos alimentos naturais ou industrializados produzidos e comercializados na Bahia. A informa\u00e7\u00e3o dever\u00e1 ficar leg\u00edvel nos r\u00f3tulos e embalagens que armazenar os produtos. A proposi\u00e7\u00e3o N\u00ba 20.712\/2014, de acordo com o petista, atende a um direito b\u00e1sico do consumidor, o direito \u00e0 informa\u00e7\u00e3o e de ter conhecimento sobre o que est\u00e1 consumindo. Al\u00e9m disso, Marcelino Galo ressalta que os produtos aliment\u00edcios est\u00e3o relacionados diretamente com a sa\u00fade e o contato com as subst\u00e2ncias venenosas, tamb\u00e9m conhecidas como defensivos agr\u00edcolas, p\u00f5em em risco \u00e0 vida do consumidor.\" \/>\n<meta property=\"og:url\" content=\"https:\/\/blogdofarnesio.com.br\/?p=71110\" \/>\n<meta property=\"og:site_name\" content=\"Blog do Farn\u00e9sio\" \/>\n<meta property=\"article:publisher\" content=\"https:\/\/www.facebook.com\/BlogQuerSaberPolitica\/\" \/>\n<meta property=\"article:published_time\" content=\"2014-01-27T17:02:58+00:00\" \/>\n<meta name=\"author\" content=\"teste\" \/>\n<meta name=\"twitter:card\" content=\"summary_large_image\" \/>\n<meta name=\"twitter:label1\" content=\"Escrito por\" \/>\n\t<meta name=\"twitter:data1\" content=\"teste\" \/>\n\t<meta name=\"twitter:label2\" content=\"Est. tempo de leitura\" \/>\n\t<meta name=\"twitter:data2\" content=\"2 minutos\" \/>\n<script type=\"application\/ld+json\" class=\"yoast-schema-graph\">{\"@context\":\"https:\\\/\\\/schema.org\",\"@graph\":[{\"@type\":\"Article\",\"@id\":\"https:\\\/\\\/blogdofarnesio.com.br\\\/?p=71110#article\",\"isPartOf\":{\"@id\":\"https:\\\/\\\/blogdofarnesio.com.br\\\/?p=71110\"},\"author\":{\"name\":\"teste\",\"@id\":\"https:\\\/\\\/blogdofarnesio.com.br\\\/#\\\/schema\\\/person\\\/dd1bf5eba40b687199ba45ca6b97dff9\"},\"headline\":\"DEPUTADO QUER INFORMA\u00c7\u00c3O SOBRE USO DE AGROT\u00d3XICO NOS R\u00d3TULOS DOS ALIMENTOS\",\"datePublished\":\"2014-01-27T17:02:58+00:00\",\"mainEntityOfPage\":{\"@id\":\"https:\\\/\\\/blogdofarnesio.com.br\\\/?p=71110\"},\"wordCount\":512,\"commentCount\":0,\"publisher\":{\"@id\":\"https:\\\/\\\/blogdofarnesio.com.br\\\/#organization\"},\"articleSection\":[\"Pol\u00edtica\"],\"inLanguage\":\"pt-BR\",\"potentialAction\":[{\"@type\":\"CommentAction\",\"name\":\"Comment\",\"target\":[\"https:\\\/\\\/blogdofarnesio.com.br\\\/?p=71110#respond\"]}]},{\"@type\":\"WebPage\",\"@id\":\"https:\\\/\\\/blogdofarnesio.com.br\\\/?p=71110\",\"url\":\"https:\\\/\\\/blogdofarnesio.com.br\\\/?p=71110\",\"name\":\"DEPUTADO QUER INFORMA\u00c7\u00c3O SOBRE USO DE AGROT\u00d3XICO NOS R\u00d3TULOS DOS ALIMENTOS - Blog do Farn\u00e9sio\",\"isPartOf\":{\"@id\":\"https:\\\/\\\/blogdofarnesio.com.br\\\/#website\"},\"datePublished\":\"2014-01-27T17:02:58+00:00\",\"breadcrumb\":{\"@id\":\"https:\\\/\\\/blogdofarnesio.com.br\\\/?p=71110#breadcrumb\"},\"inLanguage\":\"pt-BR\",\"potentialAction\":[{\"@type\":\"ReadAction\",\"target\":[\"https:\\\/\\\/blogdofarnesio.com.br\\\/?p=71110\"]}]},{\"@type\":\"BreadcrumbList\",\"@id\":\"https:\\\/\\\/blogdofarnesio.com.br\\\/?p=71110#breadcrumb\",\"itemListElement\":[{\"@type\":\"ListItem\",\"position\":1,\"name\":\"In\u00edcio\",\"item\":\"https:\\\/\\\/blogdofarnesio.com.br\\\/\"},{\"@type\":\"ListItem\",\"position\":2,\"name\":\"DEPUTADO QUER INFORMA\u00c7\u00c3O SOBRE USO DE AGROT\u00d3XICO NOS R\u00d3TULOS DOS ALIMENTOS\"}]},{\"@type\":\"WebSite\",\"@id\":\"https:\\\/\\\/blogdofarnesio.com.br\\\/#website\",\"url\":\"https:\\\/\\\/blogdofarnesio.com.br\\\/\",\"name\":\"Blog do Farn\u00e9sio\",\"description\":\"Quer Saber Pol\u00edtica?\",\"publisher\":{\"@id\":\"https:\\\/\\\/blogdofarnesio.com.br\\\/#organization\"},\"potentialAction\":[{\"@type\":\"SearchAction\",\"target\":{\"@type\":\"EntryPoint\",\"urlTemplate\":\"https:\\\/\\\/blogdofarnesio.com.br\\\/?s={search_term_string}\"},\"query-input\":{\"@type\":\"PropertyValueSpecification\",\"valueRequired\":true,\"valueName\":\"search_term_string\"}}],\"inLanguage\":\"pt-BR\"},{\"@type\":\"Organization\",\"@id\":\"https:\\\/\\\/blogdofarnesio.com.br\\\/#organization\",\"name\":\"Blog do Farn\u00e9sio\",\"url\":\"https:\\\/\\\/blogdofarnesio.com.br\\\/\",\"logo\":{\"@type\":\"ImageObject\",\"inLanguage\":\"pt-BR\",\"@id\":\"https:\\\/\\\/blogdofarnesio.com.br\\\/#\\\/schema\\\/logo\\\/image\\\/\",\"url\":\"https:\\\/\\\/blogdofarnesio.com.br\\\/wp-content\\\/uploads\\\/2026\\\/03\\\/cropped-logo_new-1.png\",\"contentUrl\":\"https:\\\/\\\/blogdofarnesio.com.br\\\/wp-content\\\/uploads\\\/2026\\\/03\\\/cropped-logo_new-1.png\",\"width\":881,\"height\":685,\"caption\":\"Blog do Farn\u00e9sio\"},\"image\":{\"@id\":\"https:\\\/\\\/blogdofarnesio.com.br\\\/#\\\/schema\\\/logo\\\/image\\\/\"},\"sameAs\":[\"https:\\\/\\\/www.facebook.com\\\/BlogQuerSaberPolitica\\\/\"]},{\"@type\":\"Person\",\"@id\":\"https:\\\/\\\/blogdofarnesio.com.br\\\/#\\\/schema\\\/person\\\/dd1bf5eba40b687199ba45ca6b97dff9\",\"name\":\"teste\",\"image\":{\"@type\":\"ImageObject\",\"inLanguage\":\"pt-BR\",\"@id\":\"https:\\\/\\\/secure.gravatar.com\\\/avatar\\\/2172498d4914b51e1d89a0f97957b035ac4938723a5cac208135d389b6972a6d?s=96&d=mm&r=g\",\"url\":\"https:\\\/\\\/secure.gravatar.com\\\/avatar\\\/2172498d4914b51e1d89a0f97957b035ac4938723a5cac208135d389b6972a6d?s=96&d=mm&r=g\",\"contentUrl\":\"https:\\\/\\\/secure.gravatar.com\\\/avatar\\\/2172498d4914b51e1d89a0f97957b035ac4938723a5cac208135d389b6972a6d?s=96&d=mm&r=g\",\"caption\":\"teste\"},\"url\":\"https:\\\/\\\/blogdofarnesio.com.br\\\/?author=3\"}]}<\/script>\n<!-- \/ Yoast SEO plugin. -->","yoast_head_json":{"title":"DEPUTADO QUER INFORMA\u00c7\u00c3O SOBRE USO DE AGROT\u00d3XICO NOS R\u00d3TULOS DOS ALIMENTOS - Blog do Farn\u00e9sio","robots":{"index":"index","follow":"follow","max-snippet":"max-snippet:-1","max-image-preview":"max-image-preview:large","max-video-preview":"max-video-preview:-1"},"canonical":"https:\/\/blogdofarnesio.com.br\/?p=71110","og_locale":"pt_BR","og_type":"article","og_title":"DEPUTADO QUER INFORMA\u00c7\u00c3O SOBRE USO DE AGROT\u00d3XICO NOS R\u00d3TULOS DOS ALIMENTOS - Blog do Farn\u00e9sio","og_description":"O presidente da Frente Parlamentar Ambientalista da Bahia, deputado estadual Marcelino Galo (PT), apresentou projeto de lei na Assembleia Legislativa que obriga produtores e fabricantes a informar o consumidor se h\u00e1 uso de agrot\u00f3xicos nos alimentos naturais ou industrializados produzidos e comercializados na Bahia. A informa\u00e7\u00e3o dever\u00e1 ficar leg\u00edvel nos r\u00f3tulos e embalagens que armazenar os produtos. A proposi\u00e7\u00e3o N\u00ba 20.712\/2014, de acordo com o petista, atende a um direito b\u00e1sico do consumidor, o direito \u00e0 informa\u00e7\u00e3o e de ter conhecimento sobre o que est\u00e1 consumindo. Al\u00e9m disso, Marcelino Galo ressalta que os produtos aliment\u00edcios est\u00e3o relacionados diretamente com a sa\u00fade e o contato com as subst\u00e2ncias venenosas, tamb\u00e9m conhecidas como defensivos agr\u00edcolas, p\u00f5em em risco \u00e0 vida do consumidor.","og_url":"https:\/\/blogdofarnesio.com.br\/?p=71110","og_site_name":"Blog do Farn\u00e9sio","article_publisher":"https:\/\/www.facebook.com\/BlogQuerSaberPolitica\/","article_published_time":"2014-01-27T17:02:58+00:00","author":"teste","twitter_card":"summary_large_image","twitter_misc":{"Escrito por":"teste","Est. tempo de leitura":"2 minutos"},"schema":{"@context":"https:\/\/schema.org","@graph":[{"@type":"Article","@id":"https:\/\/blogdofarnesio.com.br\/?p=71110#article","isPartOf":{"@id":"https:\/\/blogdofarnesio.com.br\/?p=71110"},"author":{"name":"teste","@id":"https:\/\/blogdofarnesio.com.br\/#\/schema\/person\/dd1bf5eba40b687199ba45ca6b97dff9"},"headline":"DEPUTADO QUER INFORMA\u00c7\u00c3O SOBRE USO DE AGROT\u00d3XICO NOS R\u00d3TULOS DOS ALIMENTOS","datePublished":"2014-01-27T17:02:58+00:00","mainEntityOfPage":{"@id":"https:\/\/blogdofarnesio.com.br\/?p=71110"},"wordCount":512,"commentCount":0,"publisher":{"@id":"https:\/\/blogdofarnesio.com.br\/#organization"},"articleSection":["Pol\u00edtica"],"inLanguage":"pt-BR","potentialAction":[{"@type":"CommentAction","name":"Comment","target":["https:\/\/blogdofarnesio.com.br\/?p=71110#respond"]}]},{"@type":"WebPage","@id":"https:\/\/blogdofarnesio.com.br\/?p=71110","url":"https:\/\/blogdofarnesio.com.br\/?p=71110","name":"DEPUTADO QUER INFORMA\u00c7\u00c3O SOBRE USO DE AGROT\u00d3XICO NOS R\u00d3TULOS DOS ALIMENTOS - Blog do Farn\u00e9sio","isPartOf":{"@id":"https:\/\/blogdofarnesio.com.br\/#website"},"datePublished":"2014-01-27T17:02:58+00:00","breadcrumb":{"@id":"https:\/\/blogdofarnesio.com.br\/?p=71110#breadcrumb"},"inLanguage":"pt-BR","potentialAction":[{"@type":"ReadAction","target":["https:\/\/blogdofarnesio.com.br\/?p=71110"]}]},{"@type":"BreadcrumbList","@id":"https:\/\/blogdofarnesio.com.br\/?p=71110#breadcrumb","itemListElement":[{"@type":"ListItem","position":1,"name":"In\u00edcio","item":"https:\/\/blogdofarnesio.com.br\/"},{"@type":"ListItem","position":2,"name":"DEPUTADO QUER INFORMA\u00c7\u00c3O SOBRE USO DE AGROT\u00d3XICO NOS R\u00d3TULOS DOS ALIMENTOS"}]},{"@type":"WebSite","@id":"https:\/\/blogdofarnesio.com.br\/#website","url":"https:\/\/blogdofarnesio.com.br\/","name":"Blog do Farn\u00e9sio","description":"Quer Saber Pol\u00edtica?","publisher":{"@id":"https:\/\/blogdofarnesio.com.br\/#organization"},"potentialAction":[{"@type":"SearchAction","target":{"@type":"EntryPoint","urlTemplate":"https:\/\/blogdofarnesio.com.br\/?s={search_term_string}"},"query-input":{"@type":"PropertyValueSpecification","valueRequired":true,"valueName":"search_term_string"}}],"inLanguage":"pt-BR"},{"@type":"Organization","@id":"https:\/\/blogdofarnesio.com.br\/#organization","name":"Blog do Farn\u00e9sio","url":"https:\/\/blogdofarnesio.com.br\/","logo":{"@type":"ImageObject","inLanguage":"pt-BR","@id":"https:\/\/blogdofarnesio.com.br\/#\/schema\/logo\/image\/","url":"https:\/\/blogdofarnesio.com.br\/wp-content\/uploads\/2026\/03\/cropped-logo_new-1.png","contentUrl":"https:\/\/blogdofarnesio.com.br\/wp-content\/uploads\/2026\/03\/cropped-logo_new-1.png","width":881,"height":685,"caption":"Blog do Farn\u00e9sio"},"image":{"@id":"https:\/\/blogdofarnesio.com.br\/#\/schema\/logo\/image\/"},"sameAs":["https:\/\/www.facebook.com\/BlogQuerSaberPolitica\/"]},{"@type":"Person","@id":"https:\/\/blogdofarnesio.com.br\/#\/schema\/person\/dd1bf5eba40b687199ba45ca6b97dff9","name":"teste","image":{"@type":"ImageObject","inLanguage":"pt-BR","@id":"https:\/\/secure.gravatar.com\/avatar\/2172498d4914b51e1d89a0f97957b035ac4938723a5cac208135d389b6972a6d?s=96&d=mm&r=g","url":"https:\/\/secure.gravatar.com\/avatar\/2172498d4914b51e1d89a0f97957b035ac4938723a5cac208135d389b6972a6d?s=96&d=mm&r=g","contentUrl":"https:\/\/secure.gravatar.com\/avatar\/2172498d4914b51e1d89a0f97957b035ac4938723a5cac208135d389b6972a6d?s=96&d=mm&r=g","caption":"teste"},"url":"https:\/\/blogdofarnesio.com.br\/?author=3"}]}},"_links":{"self":[{"href":"https:\/\/blogdofarnesio.com.br\/index.php?rest_route=\/wp\/v2\/posts\/71110","targetHints":{"allow":["GET"]}}],"collection":[{"href":"https:\/\/blogdofarnesio.com.br\/index.php?rest_route=\/wp\/v2\/posts"}],"about":[{"href":"https:\/\/blogdofarnesio.com.br\/index.php?rest_route=\/wp\/v2\/types\/post"}],"author":[{"embeddable":true,"href":"https:\/\/blogdofarnesio.com.br\/index.php?rest_route=\/wp\/v2\/users\/3"}],"replies":[{"embeddable":true,"href":"https:\/\/blogdofarnesio.com.br\/index.php?rest_route=%2Fwp%2Fv2%2Fcomments&post=71110"}],"version-history":[{"count":0,"href":"https:\/\/blogdofarnesio.com.br\/index.php?rest_route=\/wp\/v2\/posts\/71110\/revisions"}],"wp:attachment":[{"href":"https:\/\/blogdofarnesio.com.br\/index.php?rest_route=%2Fwp%2Fv2%2Fmedia&parent=71110"}],"wp:term":[{"taxonomy":"category","embeddable":true,"href":"https:\/\/blogdofarnesio.com.br\/index.php?rest_route=%2Fwp%2Fv2%2Fcategories&post=71110"},{"taxonomy":"post_tag","embeddable":true,"href":"https:\/\/blogdofarnesio.com.br\/index.php?rest_route=%2Fwp%2Fv2%2Ftags&post=71110"}],"curies":[{"name":"wp","href":"https:\/\/api.w.org\/{rel}","templated":true}]}}