{"id":71108,"date":"2014-01-27T12:04:33","date_gmt":"2014-01-27T15:04:33","guid":{"rendered":"http:\/\/www.quersaberpolitica.com.br\/?p=71108"},"modified":"2014-01-27T10:10:43","modified_gmt":"2014-01-27T13:10:43","slug":"gestao-da-agua-e-uma-prioridade-na-producao-agricola","status":"publish","type":"post","link":"https:\/\/blogdofarnesio.com.br\/?p=71108","title":{"rendered":"GEST\u00c3O DA \u00c1GUA \u00c9 UMA PRIORIDADE NA PRODU\u00c7\u00c3O AGR\u00cdCOLA"},"content":{"rendered":"<p style=\"text-align: justify\"><a href=\"http:\/\/www.quersaberpolitica.com.br\/2016\/wp-content\/uploads\/2013\/01\/blogqsp.irriga\u00e7\u00e3o.jpg\"><img loading=\"lazy\" decoding=\"async\" class=\"alignleft size-medium wp-image-23620\" alt=\"blogqsp.irriga\u00e7\u00e3o\" src=\"http:\/\/www.quersaberpolitica.com.br\/2016\/wp-content\/uploads\/2013\/01\/blogqsp.irriga\u00e7\u00e3o-300x213.jpg\" width=\"300\" height=\"213\" srcset=\"https:\/\/blogdofarnesio.com.br\/wp-content\/uploads\/2013\/01\/blogqsp.irriga\u00e7\u00e3o-300x213.jpg 300w, https:\/\/blogdofarnesio.com.br\/wp-content\/uploads\/2013\/01\/blogqsp.irriga\u00e7\u00e3o-421x300.jpg 421w, https:\/\/blogdofarnesio.com.br\/wp-content\/uploads\/2013\/01\/blogqsp.irriga\u00e7\u00e3o.jpg 448w\" sizes=\"auto, (max-width: 300px) 100vw, 300px\" \/><\/a>A cada dia aumenta o valor da \u00e1gua produzida no meio rural. E n\u00e3o resta mais d\u00favida de que a \u00e1gua \u00e9 e ser\u00e1 um bem do mais alto valor produzido pelas atividades agr\u00edcolas.<\/p>\n<p style=\"text-align: justify\">A gest\u00e3o da \u00e1gua como um bem escasso e extremamente precioso n\u00e3o pode ficar somente com a teoria da comunidade cient\u00edfica; est\u00e1 passando da hora dos agricultores assumirem de vez o controle da sua produ\u00e7\u00e3o.<\/p>\n<p style=\"text-align: justify\">A cidade \u00e9 extremamente consumidora e poluidora de \u00e1gua e assim muito contribui para que a escassez seja absolutamente inevit\u00e1vel e com isso aumenta o ambiente de conflito entre urbanos e rurais, pois a \u00e1gua \u00e9 de dom\u00ednio p\u00fablico, ou seja, a \u00e1gua que est\u00e1 na propriedade agr\u00edcola n\u00e3o pertence ao agricultor, e como bem p\u00fablico, a \u00e1gua deve cumprir a exclusiva finalidade de atender o interesse p\u00fablico.<\/p>\n<p style=\"text-align: justify\">Na medida em que no Brasil as quest\u00f5es de gest\u00e3o das \u00e1guas s\u00e3o regidas atrav\u00e9s da Lei 9.433, de 8 de janeiro de 1997, \u00e9 poss\u00edvel que os agricultores fa\u00e7am uso dos crit\u00e9rios da lei para adequar um modelo de gest\u00e3o de \u00e1guas que previna e auxilie na solu\u00e7\u00e3o desses poss\u00edveis conflitos.<!--more--><\/p>\n<p style=\"text-align: justify\">A necessidade de outorga e a cobran\u00e7a pelo uso sinaliza claramente que o agricultor deve ter disposi\u00e7\u00e3o de usar e proteger as \u00e1guas com a vis\u00e3o de efici\u00eancia econ\u00f4mico-ambiental, pois a sua propriedade est\u00e1 inserida no contexto de uma bacia hidrogr\u00e1fica. \u00c9 importante lembrar que em cen\u00e1rios de escassez a lei prioriza o consumo humano e a dessedenta\u00e7\u00e3o de animais.<\/p>\n<p style=\"text-align: justify\">Outra hip\u00f3tese de problemas \u00e9 a poss\u00edvel ocorr\u00eancia do chamado conflito qualitativo, que decorre pela polui\u00e7\u00e3o que dificulta e \u00e0s vezes at\u00e9 inviabilizar o uso da \u00e1gua a jusante.<\/p>\n<p style=\"text-align: justify\">A polui\u00e7\u00e3o h\u00eddrica pode ser definida como a contamina\u00e7\u00e3o por subst\u00e2ncias qu\u00edmicas, f\u00edsicas e biol\u00f3gicas que provoquem modifica\u00e7\u00f5es na qualidade da \u00e1gua. Na pr\u00e1tica a carga poluidora provocada pelas atividades agr\u00edcolas geralmente tem origem no escorrimento superficial causado pela exposi\u00e7\u00e3o do solo a processos erosivos ou pela gera\u00e7\u00e3o de efluentes dom\u00e9sticos ou da produ\u00e7\u00e3o animal confinada. Portanto os agricultores precisam se dedicar a promover a seguran\u00e7a ambiental, criar ambientes de infiltra\u00e7\u00e3o e tamb\u00e9m se dedicar no tratamento dos efluentes l\u00edquidos seja por ado\u00e7\u00e3o de fossa s\u00e9ptica ou por sistemas de tratamentos mais eficientes. Nas regi\u00f5es metropolitanas, s\u00e3o comuns muitas bacias com a criticidade chegando a comprometer a oferta de \u00e1gua para o abastecimento p\u00fablico.<\/p>\n<p style=\"text-align: justify\">A polui\u00e7\u00e3o chega a ser quase criminosa. O grande valor de manter as atividades agr\u00edcolas para a cidade est\u00e1 na possibilidade de um modelo de gest\u00e3o eficiente onde \u00e0s quest\u00f5es a envolvidas superam o valor econ\u00f4mico e mantendo o desenvolvimento em escala humana produzindo qualidade de vida, e a agricultura \u00e9 a verdadeira fonte da reserva estrat\u00e9gica de \u00e1guas que tanto a cidade precisa. Priorizar a gest\u00e3o da \u00e1gua na propriedade rural valoriza e fortalece o papel do agricultor na sociedade.<\/p>\n<p style=\"text-align: justify\"><strong>Afonso Peche Filho- pesquisador cient\u00edfico do Instituto Agron\u00f4mico de Campinas &#8211; IAC<\/strong><\/p>\n","protected":false},"excerpt":{"rendered":"<p>A cada dia aumenta o valor da \u00e1gua produzida no meio rural. E n\u00e3o resta mais d\u00favida de que a \u00e1gua \u00e9 e ser\u00e1 um bem do mais alto valor produzido pelas atividades agr\u00edcolas. A gest\u00e3o da \u00e1gua como um bem escasso e extremamente precioso n\u00e3o pode ficar somente com a teoria da comunidade cient\u00edfica; est\u00e1 passando da hora dos agricultores assumirem de vez o controle da sua produ\u00e7\u00e3o. A cidade \u00e9 extremamente consumidora e poluidora de \u00e1gua e assim muito contribui para que a escassez seja absolutamente inevit\u00e1vel e com isso aumenta o ambiente de conflito entre urbanos e rurais, pois a \u00e1gua \u00e9 de dom\u00ednio p\u00fablico, ou seja, a \u00e1gua que est\u00e1 na propriedade agr\u00edcola n\u00e3o pertence ao&hellip; <\/p>\n","protected":false},"author":3,"featured_media":0,"comment_status":"open","ping_status":"open","sticky":false,"template":"","format":"standard","meta":{"_acf_changed":false,"footnotes":""},"categories":[30],"tags":[],"class_list":["post-71108","post","type-post","status-publish","format-standard","hentry","category-artigo"],"acf":[],"yoast_head":"<!-- This site is optimized with the Yoast SEO plugin v27.4 - https:\/\/yoast.com\/product\/yoast-seo-wordpress\/ -->\n<title>GEST\u00c3O DA \u00c1GUA \u00c9 UMA PRIORIDADE NA PRODU\u00c7\u00c3O AGR\u00cdCOLA - Blog do Farn\u00e9sio<\/title>\n<meta name=\"robots\" content=\"index, follow, max-snippet:-1, max-image-preview:large, max-video-preview:-1\" \/>\n<link rel=\"canonical\" href=\"https:\/\/blogdofarnesio.com.br\/?p=71108\" \/>\n<meta property=\"og:locale\" content=\"pt_BR\" \/>\n<meta property=\"og:type\" content=\"article\" \/>\n<meta property=\"og:title\" content=\"GEST\u00c3O DA \u00c1GUA \u00c9 UMA PRIORIDADE NA PRODU\u00c7\u00c3O AGR\u00cdCOLA - Blog do Farn\u00e9sio\" \/>\n<meta property=\"og:description\" content=\"A cada dia aumenta o valor da \u00e1gua produzida no meio rural. E n\u00e3o resta mais d\u00favida de que a \u00e1gua \u00e9 e ser\u00e1 um bem do mais alto valor produzido pelas atividades agr\u00edcolas. A gest\u00e3o da \u00e1gua como um bem escasso e extremamente precioso n\u00e3o pode ficar somente com a teoria da comunidade cient\u00edfica; est\u00e1 passando da hora dos agricultores assumirem de vez o controle da sua produ\u00e7\u00e3o. A cidade \u00e9 extremamente consumidora e poluidora de \u00e1gua e assim muito contribui para que a escassez seja absolutamente inevit\u00e1vel e com isso aumenta o ambiente de conflito entre urbanos e rurais, pois a \u00e1gua \u00e9 de dom\u00ednio p\u00fablico, ou seja, a \u00e1gua que est\u00e1 na propriedade agr\u00edcola n\u00e3o pertence ao&hellip;\" \/>\n<meta property=\"og:url\" content=\"https:\/\/blogdofarnesio.com.br\/?p=71108\" \/>\n<meta property=\"og:site_name\" content=\"Blog do Farn\u00e9sio\" \/>\n<meta property=\"article:publisher\" content=\"https:\/\/www.facebook.com\/BlogQuerSaberPolitica\/\" \/>\n<meta property=\"article:published_time\" content=\"2014-01-27T15:04:33+00:00\" \/>\n<meta name=\"author\" content=\"teste\" \/>\n<meta name=\"twitter:card\" content=\"summary_large_image\" \/>\n<meta name=\"twitter:label1\" content=\"Escrito por\" \/>\n\t<meta name=\"twitter:data1\" content=\"teste\" \/>\n\t<meta name=\"twitter:label2\" content=\"Est. tempo de leitura\" \/>\n\t<meta name=\"twitter:data2\" content=\"3 minutos\" \/>\n<script type=\"application\/ld+json\" class=\"yoast-schema-graph\">{\"@context\":\"https:\\\/\\\/schema.org\",\"@graph\":[{\"@type\":\"Article\",\"@id\":\"https:\\\/\\\/blogdofarnesio.com.br\\\/?p=71108#article\",\"isPartOf\":{\"@id\":\"https:\\\/\\\/blogdofarnesio.com.br\\\/?p=71108\"},\"author\":{\"name\":\"teste\",\"@id\":\"https:\\\/\\\/blogdofarnesio.com.br\\\/#\\\/schema\\\/person\\\/dd1bf5eba40b687199ba45ca6b97dff9\"},\"headline\":\"GEST\u00c3O DA \u00c1GUA \u00c9 UMA PRIORIDADE NA PRODU\u00c7\u00c3O AGR\u00cdCOLA\",\"datePublished\":\"2014-01-27T15:04:33+00:00\",\"mainEntityOfPage\":{\"@id\":\"https:\\\/\\\/blogdofarnesio.com.br\\\/?p=71108\"},\"wordCount\":554,\"commentCount\":0,\"publisher\":{\"@id\":\"https:\\\/\\\/blogdofarnesio.com.br\\\/#organization\"},\"articleSection\":[\"Artigo\"],\"inLanguage\":\"pt-BR\",\"potentialAction\":[{\"@type\":\"CommentAction\",\"name\":\"Comment\",\"target\":[\"https:\\\/\\\/blogdofarnesio.com.br\\\/?p=71108#respond\"]}]},{\"@type\":\"WebPage\",\"@id\":\"https:\\\/\\\/blogdofarnesio.com.br\\\/?p=71108\",\"url\":\"https:\\\/\\\/blogdofarnesio.com.br\\\/?p=71108\",\"name\":\"GEST\u00c3O DA \u00c1GUA \u00c9 UMA PRIORIDADE NA PRODU\u00c7\u00c3O AGR\u00cdCOLA - Blog do Farn\u00e9sio\",\"isPartOf\":{\"@id\":\"https:\\\/\\\/blogdofarnesio.com.br\\\/#website\"},\"datePublished\":\"2014-01-27T15:04:33+00:00\",\"breadcrumb\":{\"@id\":\"https:\\\/\\\/blogdofarnesio.com.br\\\/?p=71108#breadcrumb\"},\"inLanguage\":\"pt-BR\",\"potentialAction\":[{\"@type\":\"ReadAction\",\"target\":[\"https:\\\/\\\/blogdofarnesio.com.br\\\/?p=71108\"]}]},{\"@type\":\"BreadcrumbList\",\"@id\":\"https:\\\/\\\/blogdofarnesio.com.br\\\/?p=71108#breadcrumb\",\"itemListElement\":[{\"@type\":\"ListItem\",\"position\":1,\"name\":\"In\u00edcio\",\"item\":\"https:\\\/\\\/blogdofarnesio.com.br\\\/\"},{\"@type\":\"ListItem\",\"position\":2,\"name\":\"GEST\u00c3O DA \u00c1GUA \u00c9 UMA PRIORIDADE NA PRODU\u00c7\u00c3O AGR\u00cdCOLA\"}]},{\"@type\":\"WebSite\",\"@id\":\"https:\\\/\\\/blogdofarnesio.com.br\\\/#website\",\"url\":\"https:\\\/\\\/blogdofarnesio.com.br\\\/\",\"name\":\"Blog do Farn\u00e9sio\",\"description\":\"Quer Saber Pol\u00edtica?\",\"publisher\":{\"@id\":\"https:\\\/\\\/blogdofarnesio.com.br\\\/#organization\"},\"potentialAction\":[{\"@type\":\"SearchAction\",\"target\":{\"@type\":\"EntryPoint\",\"urlTemplate\":\"https:\\\/\\\/blogdofarnesio.com.br\\\/?s={search_term_string}\"},\"query-input\":{\"@type\":\"PropertyValueSpecification\",\"valueRequired\":true,\"valueName\":\"search_term_string\"}}],\"inLanguage\":\"pt-BR\"},{\"@type\":\"Organization\",\"@id\":\"https:\\\/\\\/blogdofarnesio.com.br\\\/#organization\",\"name\":\"Blog do Farn\u00e9sio\",\"url\":\"https:\\\/\\\/blogdofarnesio.com.br\\\/\",\"logo\":{\"@type\":\"ImageObject\",\"inLanguage\":\"pt-BR\",\"@id\":\"https:\\\/\\\/blogdofarnesio.com.br\\\/#\\\/schema\\\/logo\\\/image\\\/\",\"url\":\"https:\\\/\\\/blogdofarnesio.com.br\\\/wp-content\\\/uploads\\\/2026\\\/03\\\/cropped-logo_new-1.png\",\"contentUrl\":\"https:\\\/\\\/blogdofarnesio.com.br\\\/wp-content\\\/uploads\\\/2026\\\/03\\\/cropped-logo_new-1.png\",\"width\":881,\"height\":685,\"caption\":\"Blog do Farn\u00e9sio\"},\"image\":{\"@id\":\"https:\\\/\\\/blogdofarnesio.com.br\\\/#\\\/schema\\\/logo\\\/image\\\/\"},\"sameAs\":[\"https:\\\/\\\/www.facebook.com\\\/BlogQuerSaberPolitica\\\/\"]},{\"@type\":\"Person\",\"@id\":\"https:\\\/\\\/blogdofarnesio.com.br\\\/#\\\/schema\\\/person\\\/dd1bf5eba40b687199ba45ca6b97dff9\",\"name\":\"teste\",\"image\":{\"@type\":\"ImageObject\",\"inLanguage\":\"pt-BR\",\"@id\":\"https:\\\/\\\/secure.gravatar.com\\\/avatar\\\/2172498d4914b51e1d89a0f97957b035ac4938723a5cac208135d389b6972a6d?s=96&d=mm&r=g\",\"url\":\"https:\\\/\\\/secure.gravatar.com\\\/avatar\\\/2172498d4914b51e1d89a0f97957b035ac4938723a5cac208135d389b6972a6d?s=96&d=mm&r=g\",\"contentUrl\":\"https:\\\/\\\/secure.gravatar.com\\\/avatar\\\/2172498d4914b51e1d89a0f97957b035ac4938723a5cac208135d389b6972a6d?s=96&d=mm&r=g\",\"caption\":\"teste\"},\"url\":\"https:\\\/\\\/blogdofarnesio.com.br\\\/?author=3\"}]}<\/script>\n<!-- \/ Yoast SEO plugin. -->","yoast_head_json":{"title":"GEST\u00c3O DA \u00c1GUA \u00c9 UMA PRIORIDADE NA PRODU\u00c7\u00c3O AGR\u00cdCOLA - Blog do Farn\u00e9sio","robots":{"index":"index","follow":"follow","max-snippet":"max-snippet:-1","max-image-preview":"max-image-preview:large","max-video-preview":"max-video-preview:-1"},"canonical":"https:\/\/blogdofarnesio.com.br\/?p=71108","og_locale":"pt_BR","og_type":"article","og_title":"GEST\u00c3O DA \u00c1GUA \u00c9 UMA PRIORIDADE NA PRODU\u00c7\u00c3O AGR\u00cdCOLA - Blog do Farn\u00e9sio","og_description":"A cada dia aumenta o valor da \u00e1gua produzida no meio rural. E n\u00e3o resta mais d\u00favida de que a \u00e1gua \u00e9 e ser\u00e1 um bem do mais alto valor produzido pelas atividades agr\u00edcolas. A gest\u00e3o da \u00e1gua como um bem escasso e extremamente precioso n\u00e3o pode ficar somente com a teoria da comunidade cient\u00edfica; est\u00e1 passando da hora dos agricultores assumirem de vez o controle da sua produ\u00e7\u00e3o. A cidade \u00e9 extremamente consumidora e poluidora de \u00e1gua e assim muito contribui para que a escassez seja absolutamente inevit\u00e1vel e com isso aumenta o ambiente de conflito entre urbanos e rurais, pois a \u00e1gua \u00e9 de dom\u00ednio p\u00fablico, ou seja, a \u00e1gua que est\u00e1 na propriedade agr\u00edcola n\u00e3o pertence ao&hellip;","og_url":"https:\/\/blogdofarnesio.com.br\/?p=71108","og_site_name":"Blog do Farn\u00e9sio","article_publisher":"https:\/\/www.facebook.com\/BlogQuerSaberPolitica\/","article_published_time":"2014-01-27T15:04:33+00:00","author":"teste","twitter_card":"summary_large_image","twitter_misc":{"Escrito por":"teste","Est. tempo de leitura":"3 minutos"},"schema":{"@context":"https:\/\/schema.org","@graph":[{"@type":"Article","@id":"https:\/\/blogdofarnesio.com.br\/?p=71108#article","isPartOf":{"@id":"https:\/\/blogdofarnesio.com.br\/?p=71108"},"author":{"name":"teste","@id":"https:\/\/blogdofarnesio.com.br\/#\/schema\/person\/dd1bf5eba40b687199ba45ca6b97dff9"},"headline":"GEST\u00c3O DA \u00c1GUA \u00c9 UMA PRIORIDADE NA PRODU\u00c7\u00c3O AGR\u00cdCOLA","datePublished":"2014-01-27T15:04:33+00:00","mainEntityOfPage":{"@id":"https:\/\/blogdofarnesio.com.br\/?p=71108"},"wordCount":554,"commentCount":0,"publisher":{"@id":"https:\/\/blogdofarnesio.com.br\/#organization"},"articleSection":["Artigo"],"inLanguage":"pt-BR","potentialAction":[{"@type":"CommentAction","name":"Comment","target":["https:\/\/blogdofarnesio.com.br\/?p=71108#respond"]}]},{"@type":"WebPage","@id":"https:\/\/blogdofarnesio.com.br\/?p=71108","url":"https:\/\/blogdofarnesio.com.br\/?p=71108","name":"GEST\u00c3O DA \u00c1GUA \u00c9 UMA PRIORIDADE NA PRODU\u00c7\u00c3O AGR\u00cdCOLA - Blog do Farn\u00e9sio","isPartOf":{"@id":"https:\/\/blogdofarnesio.com.br\/#website"},"datePublished":"2014-01-27T15:04:33+00:00","breadcrumb":{"@id":"https:\/\/blogdofarnesio.com.br\/?p=71108#breadcrumb"},"inLanguage":"pt-BR","potentialAction":[{"@type":"ReadAction","target":["https:\/\/blogdofarnesio.com.br\/?p=71108"]}]},{"@type":"BreadcrumbList","@id":"https:\/\/blogdofarnesio.com.br\/?p=71108#breadcrumb","itemListElement":[{"@type":"ListItem","position":1,"name":"In\u00edcio","item":"https:\/\/blogdofarnesio.com.br\/"},{"@type":"ListItem","position":2,"name":"GEST\u00c3O DA \u00c1GUA \u00c9 UMA PRIORIDADE NA PRODU\u00c7\u00c3O AGR\u00cdCOLA"}]},{"@type":"WebSite","@id":"https:\/\/blogdofarnesio.com.br\/#website","url":"https:\/\/blogdofarnesio.com.br\/","name":"Blog do Farn\u00e9sio","description":"Quer Saber Pol\u00edtica?","publisher":{"@id":"https:\/\/blogdofarnesio.com.br\/#organization"},"potentialAction":[{"@type":"SearchAction","target":{"@type":"EntryPoint","urlTemplate":"https:\/\/blogdofarnesio.com.br\/?s={search_term_string}"},"query-input":{"@type":"PropertyValueSpecification","valueRequired":true,"valueName":"search_term_string"}}],"inLanguage":"pt-BR"},{"@type":"Organization","@id":"https:\/\/blogdofarnesio.com.br\/#organization","name":"Blog do Farn\u00e9sio","url":"https:\/\/blogdofarnesio.com.br\/","logo":{"@type":"ImageObject","inLanguage":"pt-BR","@id":"https:\/\/blogdofarnesio.com.br\/#\/schema\/logo\/image\/","url":"https:\/\/blogdofarnesio.com.br\/wp-content\/uploads\/2026\/03\/cropped-logo_new-1.png","contentUrl":"https:\/\/blogdofarnesio.com.br\/wp-content\/uploads\/2026\/03\/cropped-logo_new-1.png","width":881,"height":685,"caption":"Blog do Farn\u00e9sio"},"image":{"@id":"https:\/\/blogdofarnesio.com.br\/#\/schema\/logo\/image\/"},"sameAs":["https:\/\/www.facebook.com\/BlogQuerSaberPolitica\/"]},{"@type":"Person","@id":"https:\/\/blogdofarnesio.com.br\/#\/schema\/person\/dd1bf5eba40b687199ba45ca6b97dff9","name":"teste","image":{"@type":"ImageObject","inLanguage":"pt-BR","@id":"https:\/\/secure.gravatar.com\/avatar\/2172498d4914b51e1d89a0f97957b035ac4938723a5cac208135d389b6972a6d?s=96&d=mm&r=g","url":"https:\/\/secure.gravatar.com\/avatar\/2172498d4914b51e1d89a0f97957b035ac4938723a5cac208135d389b6972a6d?s=96&d=mm&r=g","contentUrl":"https:\/\/secure.gravatar.com\/avatar\/2172498d4914b51e1d89a0f97957b035ac4938723a5cac208135d389b6972a6d?s=96&d=mm&r=g","caption":"teste"},"url":"https:\/\/blogdofarnesio.com.br\/?author=3"}]}},"_links":{"self":[{"href":"https:\/\/blogdofarnesio.com.br\/index.php?rest_route=\/wp\/v2\/posts\/71108","targetHints":{"allow":["GET"]}}],"collection":[{"href":"https:\/\/blogdofarnesio.com.br\/index.php?rest_route=\/wp\/v2\/posts"}],"about":[{"href":"https:\/\/blogdofarnesio.com.br\/index.php?rest_route=\/wp\/v2\/types\/post"}],"author":[{"embeddable":true,"href":"https:\/\/blogdofarnesio.com.br\/index.php?rest_route=\/wp\/v2\/users\/3"}],"replies":[{"embeddable":true,"href":"https:\/\/blogdofarnesio.com.br\/index.php?rest_route=%2Fwp%2Fv2%2Fcomments&post=71108"}],"version-history":[{"count":0,"href":"https:\/\/blogdofarnesio.com.br\/index.php?rest_route=\/wp\/v2\/posts\/71108\/revisions"}],"wp:attachment":[{"href":"https:\/\/blogdofarnesio.com.br\/index.php?rest_route=%2Fwp%2Fv2%2Fmedia&parent=71108"}],"wp:term":[{"taxonomy":"category","embeddable":true,"href":"https:\/\/blogdofarnesio.com.br\/index.php?rest_route=%2Fwp%2Fv2%2Fcategories&post=71108"},{"taxonomy":"post_tag","embeddable":true,"href":"https:\/\/blogdofarnesio.com.br\/index.php?rest_route=%2Fwp%2Fv2%2Ftags&post=71108"}],"curies":[{"name":"wp","href":"https:\/\/api.w.org\/{rel}","templated":true}]}}