{"id":71087,"date":"2014-01-27T11:03:37","date_gmt":"2014-01-27T14:03:37","guid":{"rendered":"http:\/\/www.quersaberpolitica.com.br\/?p=71087"},"modified":"2014-01-27T11:50:53","modified_gmt":"2014-01-27T14:50:53","slug":"mecanico-que-participou-da-construcao-da-ponte-e-da-barragem-de-sobradinho-completa-80-anos","status":"publish","type":"post","link":"https:\/\/blogdofarnesio.com.br\/?p=71087","title":{"rendered":"MEC\u00c2NICO QUE PARTICIPOU DA CONSTRU\u00c7\u00c3O DA PONTE E DA BARRAGEM DE SOBRADINHO COMPLETA 80 ANOS"},"content":{"rendered":"<p style=\"text-align: justify\"><a href=\"http:\/\/www.quersaberpolitica.com.br\/2016\/wp-content\/uploads\/2014\/01\/blogqspEtivaldo.jpg\"><img loading=\"lazy\" decoding=\"async\" class=\"aligncenter size-full wp-image-71088\" alt=\"blogqspEtivaldo\" src=\"http:\/\/www.quersaberpolitica.com.br\/2016\/wp-content\/uploads\/2014\/01\/blogqspEtivaldo.jpg\" width=\"400\" height=\"268\" srcset=\"https:\/\/blogdofarnesio.com.br\/wp-content\/uploads\/2014\/01\/blogqspEtivaldo.jpg 400w, https:\/\/blogdofarnesio.com.br\/wp-content\/uploads\/2014\/01\/blogqspEtivaldo-300x201.jpg 300w\" sizes=\"auto, (max-width: 400px) 100vw, 400px\" \/><\/a>Personalidade forte, coluna ereta, voz autorit\u00e1ria, o mec\u00e2nico Etivaldo de Souza Fran\u00e7a, 80 anos, nascido em Petrolina, mas criado em Juazeiro, pai de 11 filhos e casado com Dona Madalena h\u00e1 55 anos, participou da constru\u00e7\u00e3o do mais belo cart\u00e3o postal da regi\u00e3o, a Ponte Presidente Dutra, que liga Bahia e o Pernambuco.<\/p>\n<p style=\"text-align: justify\">Seu Etivaldo, mais conhecido como seu Valdinho, conta com orgulho que contribuiu para a constru\u00e7\u00e3o da ponte como ajudante de torneiro e soldador. \u201cCom 17 anos eu peguei o meu primeiro emprego e fui trabalhar na constru\u00e7\u00e3o da ponte, no in\u00edcio do servi\u00e7o, lembro-me que foi necess\u00e1rio a autoriza\u00e7\u00e3o do juiz por que n\u00e3o podia trabalhar menor de idade\u201d, comentou.<\/p>\n<p style=\"text-align: justify\">Outro momento importante que merece destaque, \u00e9 a participa\u00e7\u00e3o na constru\u00e7\u00e3o da barragem de Sobradinho, um dos maiores lagos artificiais do mundo.<\/p>\n<p style=\"text-align: justify\">Apesar de todas essas participa\u00e7\u00f5es, o seu maior orgulho \u00e9 a sua profiss\u00e3o, que vem passando de gera\u00e7\u00e3o para gera\u00e7\u00e3o. Por conta da profiss\u00e3o, seu Valdinho viajou em v\u00e1rias embarca\u00e7\u00f5es, inclusive o Saldanha Marinha. Apesar da idade, Ele ainda continua na ativa da sua profiss\u00e3o prestando servi\u00e7o para o SAAE. \u201cMeu pai era mec\u00e2nico, meus tios eram mec\u00e2nicos, \u00e9 uma profiss\u00e3o de fam\u00edlia\u201d, disse.<\/p>\n<p style=\"text-align: justify\">Aos 80 anos, Ele lembra de como foi sua juventude em Juazeiro, o lado dos amigos Jo\u00e3o Gilberto, Luiz Galv\u00e3o dos Novos Baianos, entre outros. As missas, os carnavais, em que saiam a rua com as m\u00e1scaras dos presidentes, a exemplo de Juscelino, s\u00e3o coisas que tiram um sorriso de seu Etivaldo quando lembradas.<\/p>\n<p style=\"text-align: justify\">Outro motivo de emo\u00e7\u00e3o, orgulho e alegria, \u00e9 a fam\u00edlia, conta com carinho do seu casamento com dona Madalena.<\/p>\n<p style=\"text-align: justify\"><strong>Lendas Populares:<\/strong><\/p>\n<p style=\"text-align: justify\">Ribeirinho, seu Etivaldo conta experi\u00eancias em que j\u00e1 viveu durante esses 80 anos, as lendas fazem parte da hist\u00f3ria do mec\u00e2nico.<\/p>\n<p style=\"text-align: justify\">\u201cL\u00e1 no Bom Jardim eu sai no domingo com uma espingarda para ca\u00e7ar, tinha um velho que disse que l\u00e1 tinha caipora, ai eu perguntei: e como \u00e9 que a gente se livra? Ele me respondeu que quando perder o caminho tem que oferece um peda\u00e7o de fumo para achar o lugar. E eu fui nessa onda, em vez de vim eu ia era mais fundo para mata, e entrei l\u00e1 no trecho que tinha um horror de p\u00e1ssaros, dei um tiro, depois me lembrei do velho e disse: agora eu vou apelar, vou dar seu fumo. Encontrei o caminho direto, no outro dia coloquei o fumo l\u00e1 na forquilha e fui, no outro dia desapareceu, carregaram, quem pegou n\u00e3o sei, s\u00f3 sei que sumiu\u201d<\/p>\n<p style=\"text-align: justify\"><strong>Nego d\u2019\u00e1gua<\/strong><\/p>\n<p style=\"text-align: justify\">\u201cL\u00e1 no c\u00f3rrego de Barreiras, n\u00f3s fomos na canoa e no certo trecho quando foi umas 21h, os caras iam remando tomando cacha\u00e7a, e eu me assustei com a \u2018zuada\u2019 e eu disse o que foi, ai eles disseram \u00e9 o compadre que vai ali no meio d\u2019\u00e1gua, olhei, ia mesmo que um submarino, subindo a correnteza . Ai eles disseram: vamos pegar o compadre, eu disse voc\u00ea \u00e9 doido, vamos encontrar um lugar para encostar o barco, quando encostarmos os tr\u00eas queriam sair de uma vez, com medo, o medo foi t\u00e3o grande que eles dormiram tudo dentro do forno de farinha, essa lenda n\u00e3o \u00e9 s\u00f3 conversa afiada.<\/p>\n<p style=\"text-align: justify\"><strong>Depoimento de Dona Madalena:<\/strong><\/p>\n<p style=\"text-align: justify\">Emocionada, Dona Madalena agradece a Deus pelo esposo que tem. \u201cQuando as coisas tem que acontecer, acontece mesmo, eu agrade\u00e7o a Deus por que Ele me colocou na vida Dele, tinha perdido meu pai, uma luta terr\u00edvel e Deus me deu o casamento que at\u00e9 hoje, est\u00e1 completando 55 anos. Nunca me arrependi, nunca brigamos, sinto muito amor, \u00e9 muito beijo, muitas palavras\u201d, contou.<\/p>\n<p style=\"text-align: justify\"><strong>Por Cl\u00eailma Souza<\/strong><\/p>\n","protected":false},"excerpt":{"rendered":"<p>Personalidade forte, coluna ereta, voz autorit\u00e1ria, o mec\u00e2nico Etivaldo de Souza Fran\u00e7a, 80 anos, nascido em Petrolina, mas criado em Juazeiro, pai de 11 filhos e casado com Dona Madalena h\u00e1 55 anos, participou da constru\u00e7\u00e3o do mais belo cart\u00e3o postal da regi\u00e3o, a Ponte Presidente Dutra, que liga Bahia e o Pernambuco. Seu Etivaldo, mais conhecido como seu Valdinho, conta com orgulho que contribuiu para a constru\u00e7\u00e3o da ponte como ajudante de torneiro e soldador. \u201cCom 17 anos eu peguei o meu primeiro emprego e fui trabalhar na constru\u00e7\u00e3o da ponte, no in\u00edcio do servi\u00e7o, lembro-me que foi necess\u00e1rio a autoriza\u00e7\u00e3o do juiz por que n\u00e3o podia trabalhar menor de idade\u201d, comentou. Outro momento importante que merece destaque, \u00e9&hellip; <\/p>\n","protected":false},"author":3,"featured_media":0,"comment_status":"open","ping_status":"open","sticky":false,"template":"","format":"standard","meta":{"_acf_changed":false,"footnotes":""},"categories":[30],"tags":[],"class_list":["post-71087","post","type-post","status-publish","format-standard","hentry","category-artigo"],"acf":[],"yoast_head":"<!-- This site is optimized with the Yoast SEO plugin v27.4 - https:\/\/yoast.com\/product\/yoast-seo-wordpress\/ -->\n<title>MEC\u00c2NICO QUE PARTICIPOU DA CONSTRU\u00c7\u00c3O DA PONTE E DA BARRAGEM DE SOBRADINHO COMPLETA 80 ANOS  - Blog do Farn\u00e9sio<\/title>\n<meta name=\"robots\" content=\"index, follow, max-snippet:-1, max-image-preview:large, max-video-preview:-1\" \/>\n<link rel=\"canonical\" href=\"https:\/\/blogdofarnesio.com.br\/?p=71087\" \/>\n<meta property=\"og:locale\" content=\"pt_BR\" \/>\n<meta property=\"og:type\" content=\"article\" \/>\n<meta property=\"og:title\" content=\"MEC\u00c2NICO QUE PARTICIPOU DA CONSTRU\u00c7\u00c3O DA PONTE E DA BARRAGEM DE SOBRADINHO COMPLETA 80 ANOS  - Blog do Farn\u00e9sio\" \/>\n<meta property=\"og:description\" content=\"Personalidade forte, coluna ereta, voz autorit\u00e1ria, o mec\u00e2nico Etivaldo de Souza Fran\u00e7a, 80 anos, nascido em Petrolina, mas criado em Juazeiro, pai de 11 filhos e casado com Dona Madalena h\u00e1 55 anos, participou da constru\u00e7\u00e3o do mais belo cart\u00e3o postal da regi\u00e3o, a Ponte Presidente Dutra, que liga Bahia e o Pernambuco. Seu Etivaldo, mais conhecido como seu Valdinho, conta com orgulho que contribuiu para a constru\u00e7\u00e3o da ponte como ajudante de torneiro e soldador. \u201cCom 17 anos eu peguei o meu primeiro emprego e fui trabalhar na constru\u00e7\u00e3o da ponte, no in\u00edcio do servi\u00e7o, lembro-me que foi necess\u00e1rio a autoriza\u00e7\u00e3o do juiz por que n\u00e3o podia trabalhar menor de idade\u201d, comentou. Outro momento importante que merece destaque, \u00e9&hellip;\" \/>\n<meta property=\"og:url\" content=\"https:\/\/blogdofarnesio.com.br\/?p=71087\" \/>\n<meta property=\"og:site_name\" content=\"Blog do Farn\u00e9sio\" \/>\n<meta property=\"article:publisher\" content=\"https:\/\/www.facebook.com\/BlogQuerSaberPolitica\/\" \/>\n<meta property=\"article:published_time\" content=\"2014-01-27T14:03:37+00:00\" \/>\n<meta property=\"article:modified_time\" content=\"2014-01-27T14:50:53+00:00\" \/>\n<meta property=\"og:image\" content=\"http:\/\/www.quersaberpolitica.com.br\/2016\/wp-content\/uploads\/2014\/01\/blogqspEtivaldo.jpg\" \/>\n<meta name=\"author\" content=\"teste\" \/>\n<meta name=\"twitter:card\" content=\"summary_large_image\" \/>\n<meta name=\"twitter:label1\" content=\"Escrito por\" \/>\n\t<meta name=\"twitter:data1\" content=\"teste\" \/>\n\t<meta name=\"twitter:label2\" content=\"Est. tempo de leitura\" \/>\n\t<meta name=\"twitter:data2\" content=\"3 minutos\" \/>\n<script type=\"application\/ld+json\" class=\"yoast-schema-graph\">{\"@context\":\"https:\\\/\\\/schema.org\",\"@graph\":[{\"@type\":\"Article\",\"@id\":\"https:\\\/\\\/blogdofarnesio.com.br\\\/?p=71087#article\",\"isPartOf\":{\"@id\":\"https:\\\/\\\/blogdofarnesio.com.br\\\/?p=71087\"},\"author\":{\"name\":\"teste\",\"@id\":\"https:\\\/\\\/blogdofarnesio.com.br\\\/#\\\/schema\\\/person\\\/dd1bf5eba40b687199ba45ca6b97dff9\"},\"headline\":\"MEC\u00c2NICO QUE PARTICIPOU DA CONSTRU\u00c7\u00c3O DA PONTE E DA BARRAGEM DE SOBRADINHO COMPLETA 80 ANOS\",\"datePublished\":\"2014-01-27T14:03:37+00:00\",\"dateModified\":\"2014-01-27T14:50:53+00:00\",\"mainEntityOfPage\":{\"@id\":\"https:\\\/\\\/blogdofarnesio.com.br\\\/?p=71087\"},\"wordCount\":654,\"commentCount\":2,\"publisher\":{\"@id\":\"https:\\\/\\\/blogdofarnesio.com.br\\\/#organization\"},\"image\":{\"@id\":\"https:\\\/\\\/blogdofarnesio.com.br\\\/?p=71087#primaryimage\"},\"thumbnailUrl\":\"http:\\\/\\\/www.quersaberpolitica.com.br\\\/2016\\\/wp-content\\\/uploads\\\/2014\\\/01\\\/blogqspEtivaldo.jpg\",\"articleSection\":[\"Artigo\"],\"inLanguage\":\"pt-BR\",\"potentialAction\":[{\"@type\":\"CommentAction\",\"name\":\"Comment\",\"target\":[\"https:\\\/\\\/blogdofarnesio.com.br\\\/?p=71087#respond\"]}]},{\"@type\":\"WebPage\",\"@id\":\"https:\\\/\\\/blogdofarnesio.com.br\\\/?p=71087\",\"url\":\"https:\\\/\\\/blogdofarnesio.com.br\\\/?p=71087\",\"name\":\"MEC\u00c2NICO QUE PARTICIPOU DA CONSTRU\u00c7\u00c3O DA PONTE E DA BARRAGEM DE SOBRADINHO COMPLETA 80 ANOS - Blog do Farn\u00e9sio\",\"isPartOf\":{\"@id\":\"https:\\\/\\\/blogdofarnesio.com.br\\\/#website\"},\"primaryImageOfPage\":{\"@id\":\"https:\\\/\\\/blogdofarnesio.com.br\\\/?p=71087#primaryimage\"},\"image\":{\"@id\":\"https:\\\/\\\/blogdofarnesio.com.br\\\/?p=71087#primaryimage\"},\"thumbnailUrl\":\"http:\\\/\\\/www.quersaberpolitica.com.br\\\/2016\\\/wp-content\\\/uploads\\\/2014\\\/01\\\/blogqspEtivaldo.jpg\",\"datePublished\":\"2014-01-27T14:03:37+00:00\",\"dateModified\":\"2014-01-27T14:50:53+00:00\",\"breadcrumb\":{\"@id\":\"https:\\\/\\\/blogdofarnesio.com.br\\\/?p=71087#breadcrumb\"},\"inLanguage\":\"pt-BR\",\"potentialAction\":[{\"@type\":\"ReadAction\",\"target\":[\"https:\\\/\\\/blogdofarnesio.com.br\\\/?p=71087\"]}]},{\"@type\":\"ImageObject\",\"inLanguage\":\"pt-BR\",\"@id\":\"https:\\\/\\\/blogdofarnesio.com.br\\\/?p=71087#primaryimage\",\"url\":\"http:\\\/\\\/www.quersaberpolitica.com.br\\\/2016\\\/wp-content\\\/uploads\\\/2014\\\/01\\\/blogqspEtivaldo.jpg\",\"contentUrl\":\"http:\\\/\\\/www.quersaberpolitica.com.br\\\/2016\\\/wp-content\\\/uploads\\\/2014\\\/01\\\/blogqspEtivaldo.jpg\"},{\"@type\":\"BreadcrumbList\",\"@id\":\"https:\\\/\\\/blogdofarnesio.com.br\\\/?p=71087#breadcrumb\",\"itemListElement\":[{\"@type\":\"ListItem\",\"position\":1,\"name\":\"In\u00edcio\",\"item\":\"https:\\\/\\\/blogdofarnesio.com.br\\\/\"},{\"@type\":\"ListItem\",\"position\":2,\"name\":\"MEC\u00c2NICO QUE PARTICIPOU DA CONSTRU\u00c7\u00c3O DA PONTE E DA BARRAGEM DE SOBRADINHO COMPLETA 80 ANOS\"}]},{\"@type\":\"WebSite\",\"@id\":\"https:\\\/\\\/blogdofarnesio.com.br\\\/#website\",\"url\":\"https:\\\/\\\/blogdofarnesio.com.br\\\/\",\"name\":\"Blog do Farn\u00e9sio\",\"description\":\"Quer Saber Pol\u00edtica?\",\"publisher\":{\"@id\":\"https:\\\/\\\/blogdofarnesio.com.br\\\/#organization\"},\"potentialAction\":[{\"@type\":\"SearchAction\",\"target\":{\"@type\":\"EntryPoint\",\"urlTemplate\":\"https:\\\/\\\/blogdofarnesio.com.br\\\/?s={search_term_string}\"},\"query-input\":{\"@type\":\"PropertyValueSpecification\",\"valueRequired\":true,\"valueName\":\"search_term_string\"}}],\"inLanguage\":\"pt-BR\"},{\"@type\":\"Organization\",\"@id\":\"https:\\\/\\\/blogdofarnesio.com.br\\\/#organization\",\"name\":\"Blog do Farn\u00e9sio\",\"url\":\"https:\\\/\\\/blogdofarnesio.com.br\\\/\",\"logo\":{\"@type\":\"ImageObject\",\"inLanguage\":\"pt-BR\",\"@id\":\"https:\\\/\\\/blogdofarnesio.com.br\\\/#\\\/schema\\\/logo\\\/image\\\/\",\"url\":\"https:\\\/\\\/blogdofarnesio.com.br\\\/wp-content\\\/uploads\\\/2026\\\/03\\\/cropped-logo_new-1.png\",\"contentUrl\":\"https:\\\/\\\/blogdofarnesio.com.br\\\/wp-content\\\/uploads\\\/2026\\\/03\\\/cropped-logo_new-1.png\",\"width\":881,\"height\":685,\"caption\":\"Blog do Farn\u00e9sio\"},\"image\":{\"@id\":\"https:\\\/\\\/blogdofarnesio.com.br\\\/#\\\/schema\\\/logo\\\/image\\\/\"},\"sameAs\":[\"https:\\\/\\\/www.facebook.com\\\/BlogQuerSaberPolitica\\\/\"]},{\"@type\":\"Person\",\"@id\":\"https:\\\/\\\/blogdofarnesio.com.br\\\/#\\\/schema\\\/person\\\/dd1bf5eba40b687199ba45ca6b97dff9\",\"name\":\"teste\",\"image\":{\"@type\":\"ImageObject\",\"inLanguage\":\"pt-BR\",\"@id\":\"https:\\\/\\\/secure.gravatar.com\\\/avatar\\\/2172498d4914b51e1d89a0f97957b035ac4938723a5cac208135d389b6972a6d?s=96&d=mm&r=g\",\"url\":\"https:\\\/\\\/secure.gravatar.com\\\/avatar\\\/2172498d4914b51e1d89a0f97957b035ac4938723a5cac208135d389b6972a6d?s=96&d=mm&r=g\",\"contentUrl\":\"https:\\\/\\\/secure.gravatar.com\\\/avatar\\\/2172498d4914b51e1d89a0f97957b035ac4938723a5cac208135d389b6972a6d?s=96&d=mm&r=g\",\"caption\":\"teste\"},\"url\":\"https:\\\/\\\/blogdofarnesio.com.br\\\/?author=3\"}]}<\/script>\n<!-- \/ Yoast SEO plugin. -->","yoast_head_json":{"title":"MEC\u00c2NICO QUE PARTICIPOU DA CONSTRU\u00c7\u00c3O DA PONTE E DA BARRAGEM DE SOBRADINHO COMPLETA 80 ANOS  - Blog do Farn\u00e9sio","robots":{"index":"index","follow":"follow","max-snippet":"max-snippet:-1","max-image-preview":"max-image-preview:large","max-video-preview":"max-video-preview:-1"},"canonical":"https:\/\/blogdofarnesio.com.br\/?p=71087","og_locale":"pt_BR","og_type":"article","og_title":"MEC\u00c2NICO QUE PARTICIPOU DA CONSTRU\u00c7\u00c3O DA PONTE E DA BARRAGEM DE SOBRADINHO COMPLETA 80 ANOS  - Blog do Farn\u00e9sio","og_description":"Personalidade forte, coluna ereta, voz autorit\u00e1ria, o mec\u00e2nico Etivaldo de Souza Fran\u00e7a, 80 anos, nascido em Petrolina, mas criado em Juazeiro, pai de 11 filhos e casado com Dona Madalena h\u00e1 55 anos, participou da constru\u00e7\u00e3o do mais belo cart\u00e3o postal da regi\u00e3o, a Ponte Presidente Dutra, que liga Bahia e o Pernambuco. Seu Etivaldo, mais conhecido como seu Valdinho, conta com orgulho que contribuiu para a constru\u00e7\u00e3o da ponte como ajudante de torneiro e soldador. \u201cCom 17 anos eu peguei o meu primeiro emprego e fui trabalhar na constru\u00e7\u00e3o da ponte, no in\u00edcio do servi\u00e7o, lembro-me que foi necess\u00e1rio a autoriza\u00e7\u00e3o do juiz por que n\u00e3o podia trabalhar menor de idade\u201d, comentou. Outro momento importante que merece destaque, \u00e9&hellip;","og_url":"https:\/\/blogdofarnesio.com.br\/?p=71087","og_site_name":"Blog do Farn\u00e9sio","article_publisher":"https:\/\/www.facebook.com\/BlogQuerSaberPolitica\/","article_published_time":"2014-01-27T14:03:37+00:00","article_modified_time":"2014-01-27T14:50:53+00:00","og_image":[{"url":"http:\/\/www.quersaberpolitica.com.br\/2016\/wp-content\/uploads\/2014\/01\/blogqspEtivaldo.jpg","type":"","width":"","height":""}],"author":"teste","twitter_card":"summary_large_image","twitter_misc":{"Escrito por":"teste","Est. tempo de leitura":"3 minutos"},"schema":{"@context":"https:\/\/schema.org","@graph":[{"@type":"Article","@id":"https:\/\/blogdofarnesio.com.br\/?p=71087#article","isPartOf":{"@id":"https:\/\/blogdofarnesio.com.br\/?p=71087"},"author":{"name":"teste","@id":"https:\/\/blogdofarnesio.com.br\/#\/schema\/person\/dd1bf5eba40b687199ba45ca6b97dff9"},"headline":"MEC\u00c2NICO QUE PARTICIPOU DA CONSTRU\u00c7\u00c3O DA PONTE E DA BARRAGEM DE SOBRADINHO COMPLETA 80 ANOS","datePublished":"2014-01-27T14:03:37+00:00","dateModified":"2014-01-27T14:50:53+00:00","mainEntityOfPage":{"@id":"https:\/\/blogdofarnesio.com.br\/?p=71087"},"wordCount":654,"commentCount":2,"publisher":{"@id":"https:\/\/blogdofarnesio.com.br\/#organization"},"image":{"@id":"https:\/\/blogdofarnesio.com.br\/?p=71087#primaryimage"},"thumbnailUrl":"http:\/\/www.quersaberpolitica.com.br\/2016\/wp-content\/uploads\/2014\/01\/blogqspEtivaldo.jpg","articleSection":["Artigo"],"inLanguage":"pt-BR","potentialAction":[{"@type":"CommentAction","name":"Comment","target":["https:\/\/blogdofarnesio.com.br\/?p=71087#respond"]}]},{"@type":"WebPage","@id":"https:\/\/blogdofarnesio.com.br\/?p=71087","url":"https:\/\/blogdofarnesio.com.br\/?p=71087","name":"MEC\u00c2NICO QUE PARTICIPOU DA CONSTRU\u00c7\u00c3O DA PONTE E DA BARRAGEM DE SOBRADINHO COMPLETA 80 ANOS - Blog do Farn\u00e9sio","isPartOf":{"@id":"https:\/\/blogdofarnesio.com.br\/#website"},"primaryImageOfPage":{"@id":"https:\/\/blogdofarnesio.com.br\/?p=71087#primaryimage"},"image":{"@id":"https:\/\/blogdofarnesio.com.br\/?p=71087#primaryimage"},"thumbnailUrl":"http:\/\/www.quersaberpolitica.com.br\/2016\/wp-content\/uploads\/2014\/01\/blogqspEtivaldo.jpg","datePublished":"2014-01-27T14:03:37+00:00","dateModified":"2014-01-27T14:50:53+00:00","breadcrumb":{"@id":"https:\/\/blogdofarnesio.com.br\/?p=71087#breadcrumb"},"inLanguage":"pt-BR","potentialAction":[{"@type":"ReadAction","target":["https:\/\/blogdofarnesio.com.br\/?p=71087"]}]},{"@type":"ImageObject","inLanguage":"pt-BR","@id":"https:\/\/blogdofarnesio.com.br\/?p=71087#primaryimage","url":"http:\/\/www.quersaberpolitica.com.br\/2016\/wp-content\/uploads\/2014\/01\/blogqspEtivaldo.jpg","contentUrl":"http:\/\/www.quersaberpolitica.com.br\/2016\/wp-content\/uploads\/2014\/01\/blogqspEtivaldo.jpg"},{"@type":"BreadcrumbList","@id":"https:\/\/blogdofarnesio.com.br\/?p=71087#breadcrumb","itemListElement":[{"@type":"ListItem","position":1,"name":"In\u00edcio","item":"https:\/\/blogdofarnesio.com.br\/"},{"@type":"ListItem","position":2,"name":"MEC\u00c2NICO QUE PARTICIPOU DA CONSTRU\u00c7\u00c3O DA PONTE E DA BARRAGEM DE SOBRADINHO COMPLETA 80 ANOS"}]},{"@type":"WebSite","@id":"https:\/\/blogdofarnesio.com.br\/#website","url":"https:\/\/blogdofarnesio.com.br\/","name":"Blog do Farn\u00e9sio","description":"Quer Saber Pol\u00edtica?","publisher":{"@id":"https:\/\/blogdofarnesio.com.br\/#organization"},"potentialAction":[{"@type":"SearchAction","target":{"@type":"EntryPoint","urlTemplate":"https:\/\/blogdofarnesio.com.br\/?s={search_term_string}"},"query-input":{"@type":"PropertyValueSpecification","valueRequired":true,"valueName":"search_term_string"}}],"inLanguage":"pt-BR"},{"@type":"Organization","@id":"https:\/\/blogdofarnesio.com.br\/#organization","name":"Blog do Farn\u00e9sio","url":"https:\/\/blogdofarnesio.com.br\/","logo":{"@type":"ImageObject","inLanguage":"pt-BR","@id":"https:\/\/blogdofarnesio.com.br\/#\/schema\/logo\/image\/","url":"https:\/\/blogdofarnesio.com.br\/wp-content\/uploads\/2026\/03\/cropped-logo_new-1.png","contentUrl":"https:\/\/blogdofarnesio.com.br\/wp-content\/uploads\/2026\/03\/cropped-logo_new-1.png","width":881,"height":685,"caption":"Blog do Farn\u00e9sio"},"image":{"@id":"https:\/\/blogdofarnesio.com.br\/#\/schema\/logo\/image\/"},"sameAs":["https:\/\/www.facebook.com\/BlogQuerSaberPolitica\/"]},{"@type":"Person","@id":"https:\/\/blogdofarnesio.com.br\/#\/schema\/person\/dd1bf5eba40b687199ba45ca6b97dff9","name":"teste","image":{"@type":"ImageObject","inLanguage":"pt-BR","@id":"https:\/\/secure.gravatar.com\/avatar\/2172498d4914b51e1d89a0f97957b035ac4938723a5cac208135d389b6972a6d?s=96&d=mm&r=g","url":"https:\/\/secure.gravatar.com\/avatar\/2172498d4914b51e1d89a0f97957b035ac4938723a5cac208135d389b6972a6d?s=96&d=mm&r=g","contentUrl":"https:\/\/secure.gravatar.com\/avatar\/2172498d4914b51e1d89a0f97957b035ac4938723a5cac208135d389b6972a6d?s=96&d=mm&r=g","caption":"teste"},"url":"https:\/\/blogdofarnesio.com.br\/?author=3"}]}},"_links":{"self":[{"href":"https:\/\/blogdofarnesio.com.br\/index.php?rest_route=\/wp\/v2\/posts\/71087","targetHints":{"allow":["GET"]}}],"collection":[{"href":"https:\/\/blogdofarnesio.com.br\/index.php?rest_route=\/wp\/v2\/posts"}],"about":[{"href":"https:\/\/blogdofarnesio.com.br\/index.php?rest_route=\/wp\/v2\/types\/post"}],"author":[{"embeddable":true,"href":"https:\/\/blogdofarnesio.com.br\/index.php?rest_route=\/wp\/v2\/users\/3"}],"replies":[{"embeddable":true,"href":"https:\/\/blogdofarnesio.com.br\/index.php?rest_route=%2Fwp%2Fv2%2Fcomments&post=71087"}],"version-history":[{"count":0,"href":"https:\/\/blogdofarnesio.com.br\/index.php?rest_route=\/wp\/v2\/posts\/71087\/revisions"}],"wp:attachment":[{"href":"https:\/\/blogdofarnesio.com.br\/index.php?rest_route=%2Fwp%2Fv2%2Fmedia&parent=71087"}],"wp:term":[{"taxonomy":"category","embeddable":true,"href":"https:\/\/blogdofarnesio.com.br\/index.php?rest_route=%2Fwp%2Fv2%2Fcategories&post=71087"},{"taxonomy":"post_tag","embeddable":true,"href":"https:\/\/blogdofarnesio.com.br\/index.php?rest_route=%2Fwp%2Fv2%2Ftags&post=71087"}],"curies":[{"name":"wp","href":"https:\/\/api.w.org\/{rel}","templated":true}]}}