{"id":71059,"date":"2014-01-27T16:43:45","date_gmt":"2014-01-27T19:43:45","guid":{"rendered":"http:\/\/www.quersaberpolitica.com.br\/?p=71059"},"modified":"2014-01-27T15:15:18","modified_gmt":"2014-01-27T18:15:18","slug":"recesso-parlamentar-nao-e-ferias-diz-gonzaga-patriota","status":"publish","type":"post","link":"https:\/\/blogdofarnesio.com.br\/?p=71059","title":{"rendered":"RECESSO PARLAMENTAR N\u00c3O \u00c9 F\u00c9RIAS, DIZ GONZAGA PATRIOTA"},"content":{"rendered":"<p style=\"text-align: justify\"><a href=\"http:\/\/www.quersaberpolitica.com.br\/2016\/wp-content\/uploads\/2013\/11\/2012032816345_20120328_003BO_AB-300x196.jpg\"><img loading=\"lazy\" decoding=\"async\" class=\"alignleft size-full wp-image-63896\" alt=\"blogqsp.gonzaga\" src=\"http:\/\/www.quersaberpolitica.com.br\/2016\/wp-content\/uploads\/2013\/11\/2012032816345_20120328_003BO_AB-300x196.jpg\" width=\"300\" height=\"196\" \/><\/a>Depois de visitar mais de 30 munic\u00edpios do S\u00e3o Francisco, Araripe, Central, Paje\u00fa e Moxot\u00f3, dos 40 que listou para percorrer durante o recesso parlamentar, o deputado federal Gonzaga Patriota (PSB) deve se fazer presente na \u00faltima semana do recesso, no Agreste e regi\u00e3o metropolitana do Recife, onde obteve nas \u00faltimas elei\u00e7\u00f5es mais de 10 mil votos.<\/p>\n<p style=\"text-align: justify\">Nessas visitas, segundo o parlamentar socialista, s\u00e3o anotados problemas porque passam esses munic\u00edpios, citando, por exemplo, a necessidade de concluir as adutoras de Reden\u00e7\u00e3o e do Gar\u00e7a, em Santa Maria da Boa Vista; \u00a0do abatedouro p\u00fablico de Parnamirim; da Pra\u00e7a da Juventude, em Petrolina; da constru\u00e7\u00e3o do anel vi\u00e1rio, em Sert\u00e2nia, dentre muitos outros \u00a0problemas que Gonzaga Patriota levou ao governador Eduardo Campos, na \u00faltima quinta-feira, em audi\u00eancia no Pal\u00e1cio do Centro de Conven\u00e7\u00f5es, em Olinda.<!--more--><\/p>\n<p style=\"text-align: justify\">Gonzaga Patriota, que se prepara para mais um mandato, disse que durante esses mais de 30 anos como parlamentar, jamais teve um dia de f\u00e9rias, seu mister \u00e9 s\u00f3 trabalho, trabalho e trabalho.<\/p>\n<p style=\"text-align: justify\"><strong>Blog do Deputado Federal GONZAGA PATRIOTA (PSB\/PE)<\/strong><\/p>\n<div><\/div>\n","protected":false},"excerpt":{"rendered":"<p>Depois de visitar mais de 30 munic\u00edpios do S\u00e3o Francisco, Araripe, Central, Paje\u00fa e Moxot\u00f3, dos 40 que listou para percorrer durante o recesso parlamentar, o deputado federal Gonzaga Patriota (PSB) deve se fazer presente na \u00faltima semana do recesso, no Agreste e regi\u00e3o metropolitana do Recife, onde obteve nas \u00faltimas elei\u00e7\u00f5es mais de 10 mil votos. Nessas visitas, segundo o parlamentar socialista, s\u00e3o anotados problemas porque passam esses munic\u00edpios, citando, por exemplo, a necessidade de concluir as adutoras de Reden\u00e7\u00e3o e do Gar\u00e7a, em Santa Maria da Boa Vista; \u00a0do abatedouro p\u00fablico de Parnamirim; da Pra\u00e7a da Juventude, em Petrolina; da constru\u00e7\u00e3o do anel vi\u00e1rio, em Sert\u00e2nia, dentre muitos outros \u00a0problemas que Gonzaga Patriota levou ao governador Eduardo Campos,&hellip; <\/p>\n","protected":false},"author":3,"featured_media":0,"comment_status":"open","ping_status":"open","sticky":false,"template":"","format":"standard","meta":{"_acf_changed":false,"footnotes":""},"categories":[1],"tags":[],"class_list":["post-71059","post","type-post","status-publish","format-standard","hentry","category-politica"],"acf":[],"yoast_head":"<!-- This site is optimized with the Yoast SEO plugin v27.4 - https:\/\/yoast.com\/product\/yoast-seo-wordpress\/ -->\n<title>RECESSO PARLAMENTAR N\u00c3O \u00c9 F\u00c9RIAS, DIZ GONZAGA PATRIOTA - Blog do Farn\u00e9sio<\/title>\n<meta name=\"robots\" content=\"index, follow, max-snippet:-1, max-image-preview:large, max-video-preview:-1\" \/>\n<link rel=\"canonical\" href=\"https:\/\/blogdofarnesio.com.br\/?p=71059\" \/>\n<meta property=\"og:locale\" content=\"pt_BR\" \/>\n<meta property=\"og:type\" content=\"article\" \/>\n<meta property=\"og:title\" content=\"RECESSO PARLAMENTAR N\u00c3O \u00c9 F\u00c9RIAS, DIZ GONZAGA PATRIOTA - Blog do Farn\u00e9sio\" \/>\n<meta property=\"og:description\" content=\"Depois de visitar mais de 30 munic\u00edpios do S\u00e3o Francisco, Araripe, Central, Paje\u00fa e Moxot\u00f3, dos 40 que listou para percorrer durante o recesso parlamentar, o deputado federal Gonzaga Patriota (PSB) deve se fazer presente na \u00faltima semana do recesso, no Agreste e regi\u00e3o metropolitana do Recife, onde obteve nas \u00faltimas elei\u00e7\u00f5es mais de 10 mil votos. Nessas visitas, segundo o parlamentar socialista, s\u00e3o anotados problemas porque passam esses munic\u00edpios, citando, por exemplo, a necessidade de concluir as adutoras de Reden\u00e7\u00e3o e do Gar\u00e7a, em Santa Maria da Boa Vista; \u00a0do abatedouro p\u00fablico de Parnamirim; da Pra\u00e7a da Juventude, em Petrolina; da constru\u00e7\u00e3o do anel vi\u00e1rio, em Sert\u00e2nia, dentre muitos outros \u00a0problemas que Gonzaga Patriota levou ao governador Eduardo Campos,&hellip;\" \/>\n<meta property=\"og:url\" content=\"https:\/\/blogdofarnesio.com.br\/?p=71059\" \/>\n<meta property=\"og:site_name\" content=\"Blog do Farn\u00e9sio\" \/>\n<meta property=\"article:publisher\" content=\"https:\/\/www.facebook.com\/BlogQuerSaberPolitica\/\" \/>\n<meta property=\"article:published_time\" content=\"2014-01-27T19:43:45+00:00\" \/>\n<meta property=\"og:image\" content=\"http:\/\/www.quersaberpolitica.com.br\/2016\/wp-content\/uploads\/2013\/11\/2012032816345_20120328_003BO_AB-300x196.jpg\" \/>\n<meta name=\"author\" content=\"teste\" \/>\n<meta name=\"twitter:card\" content=\"summary_large_image\" \/>\n<meta name=\"twitter:label1\" content=\"Escrito por\" \/>\n\t<meta name=\"twitter:data1\" content=\"teste\" \/>\n\t<meta name=\"twitter:label2\" content=\"Est. tempo de leitura\" \/>\n\t<meta name=\"twitter:data2\" content=\"1 minuto\" \/>\n<script type=\"application\/ld+json\" class=\"yoast-schema-graph\">{\"@context\":\"https:\\\/\\\/schema.org\",\"@graph\":[{\"@type\":\"Article\",\"@id\":\"https:\\\/\\\/blogdofarnesio.com.br\\\/?p=71059#article\",\"isPartOf\":{\"@id\":\"https:\\\/\\\/blogdofarnesio.com.br\\\/?p=71059\"},\"author\":{\"name\":\"teste\",\"@id\":\"https:\\\/\\\/blogdofarnesio.com.br\\\/#\\\/schema\\\/person\\\/dd1bf5eba40b687199ba45ca6b97dff9\"},\"headline\":\"RECESSO PARLAMENTAR N\u00c3O \u00c9 F\u00c9RIAS, DIZ GONZAGA PATRIOTA\",\"datePublished\":\"2014-01-27T19:43:45+00:00\",\"mainEntityOfPage\":{\"@id\":\"https:\\\/\\\/blogdofarnesio.com.br\\\/?p=71059\"},\"wordCount\":195,\"commentCount\":0,\"publisher\":{\"@id\":\"https:\\\/\\\/blogdofarnesio.com.br\\\/#organization\"},\"image\":{\"@id\":\"https:\\\/\\\/blogdofarnesio.com.br\\\/?p=71059#primaryimage\"},\"thumbnailUrl\":\"http:\\\/\\\/www.quersaberpolitica.com.br\\\/2016\\\/wp-content\\\/uploads\\\/2013\\\/11\\\/2012032816345_20120328_003BO_AB-300x196.jpg\",\"articleSection\":[\"Pol\u00edtica\"],\"inLanguage\":\"pt-BR\",\"potentialAction\":[{\"@type\":\"CommentAction\",\"name\":\"Comment\",\"target\":[\"https:\\\/\\\/blogdofarnesio.com.br\\\/?p=71059#respond\"]}]},{\"@type\":\"WebPage\",\"@id\":\"https:\\\/\\\/blogdofarnesio.com.br\\\/?p=71059\",\"url\":\"https:\\\/\\\/blogdofarnesio.com.br\\\/?p=71059\",\"name\":\"RECESSO PARLAMENTAR N\u00c3O \u00c9 F\u00c9RIAS, DIZ GONZAGA PATRIOTA - Blog do Farn\u00e9sio\",\"isPartOf\":{\"@id\":\"https:\\\/\\\/blogdofarnesio.com.br\\\/#website\"},\"primaryImageOfPage\":{\"@id\":\"https:\\\/\\\/blogdofarnesio.com.br\\\/?p=71059#primaryimage\"},\"image\":{\"@id\":\"https:\\\/\\\/blogdofarnesio.com.br\\\/?p=71059#primaryimage\"},\"thumbnailUrl\":\"http:\\\/\\\/www.quersaberpolitica.com.br\\\/2016\\\/wp-content\\\/uploads\\\/2013\\\/11\\\/2012032816345_20120328_003BO_AB-300x196.jpg\",\"datePublished\":\"2014-01-27T19:43:45+00:00\",\"breadcrumb\":{\"@id\":\"https:\\\/\\\/blogdofarnesio.com.br\\\/?p=71059#breadcrumb\"},\"inLanguage\":\"pt-BR\",\"potentialAction\":[{\"@type\":\"ReadAction\",\"target\":[\"https:\\\/\\\/blogdofarnesio.com.br\\\/?p=71059\"]}]},{\"@type\":\"ImageObject\",\"inLanguage\":\"pt-BR\",\"@id\":\"https:\\\/\\\/blogdofarnesio.com.br\\\/?p=71059#primaryimage\",\"url\":\"http:\\\/\\\/www.quersaberpolitica.com.br\\\/2016\\\/wp-content\\\/uploads\\\/2013\\\/11\\\/2012032816345_20120328_003BO_AB-300x196.jpg\",\"contentUrl\":\"http:\\\/\\\/www.quersaberpolitica.com.br\\\/2016\\\/wp-content\\\/uploads\\\/2013\\\/11\\\/2012032816345_20120328_003BO_AB-300x196.jpg\"},{\"@type\":\"BreadcrumbList\",\"@id\":\"https:\\\/\\\/blogdofarnesio.com.br\\\/?p=71059#breadcrumb\",\"itemListElement\":[{\"@type\":\"ListItem\",\"position\":1,\"name\":\"In\u00edcio\",\"item\":\"https:\\\/\\\/blogdofarnesio.com.br\\\/\"},{\"@type\":\"ListItem\",\"position\":2,\"name\":\"RECESSO PARLAMENTAR N\u00c3O \u00c9 F\u00c9RIAS, DIZ GONZAGA PATRIOTA\"}]},{\"@type\":\"WebSite\",\"@id\":\"https:\\\/\\\/blogdofarnesio.com.br\\\/#website\",\"url\":\"https:\\\/\\\/blogdofarnesio.com.br\\\/\",\"name\":\"Blog do Farn\u00e9sio\",\"description\":\"Quer Saber Pol\u00edtica?\",\"publisher\":{\"@id\":\"https:\\\/\\\/blogdofarnesio.com.br\\\/#organization\"},\"potentialAction\":[{\"@type\":\"SearchAction\",\"target\":{\"@type\":\"EntryPoint\",\"urlTemplate\":\"https:\\\/\\\/blogdofarnesio.com.br\\\/?s={search_term_string}\"},\"query-input\":{\"@type\":\"PropertyValueSpecification\",\"valueRequired\":true,\"valueName\":\"search_term_string\"}}],\"inLanguage\":\"pt-BR\"},{\"@type\":\"Organization\",\"@id\":\"https:\\\/\\\/blogdofarnesio.com.br\\\/#organization\",\"name\":\"Blog do Farn\u00e9sio\",\"url\":\"https:\\\/\\\/blogdofarnesio.com.br\\\/\",\"logo\":{\"@type\":\"ImageObject\",\"inLanguage\":\"pt-BR\",\"@id\":\"https:\\\/\\\/blogdofarnesio.com.br\\\/#\\\/schema\\\/logo\\\/image\\\/\",\"url\":\"https:\\\/\\\/blogdofarnesio.com.br\\\/wp-content\\\/uploads\\\/2026\\\/03\\\/cropped-logo_new-1.png\",\"contentUrl\":\"https:\\\/\\\/blogdofarnesio.com.br\\\/wp-content\\\/uploads\\\/2026\\\/03\\\/cropped-logo_new-1.png\",\"width\":881,\"height\":685,\"caption\":\"Blog do Farn\u00e9sio\"},\"image\":{\"@id\":\"https:\\\/\\\/blogdofarnesio.com.br\\\/#\\\/schema\\\/logo\\\/image\\\/\"},\"sameAs\":[\"https:\\\/\\\/www.facebook.com\\\/BlogQuerSaberPolitica\\\/\"]},{\"@type\":\"Person\",\"@id\":\"https:\\\/\\\/blogdofarnesio.com.br\\\/#\\\/schema\\\/person\\\/dd1bf5eba40b687199ba45ca6b97dff9\",\"name\":\"teste\",\"image\":{\"@type\":\"ImageObject\",\"inLanguage\":\"pt-BR\",\"@id\":\"https:\\\/\\\/secure.gravatar.com\\\/avatar\\\/2172498d4914b51e1d89a0f97957b035ac4938723a5cac208135d389b6972a6d?s=96&d=mm&r=g\",\"url\":\"https:\\\/\\\/secure.gravatar.com\\\/avatar\\\/2172498d4914b51e1d89a0f97957b035ac4938723a5cac208135d389b6972a6d?s=96&d=mm&r=g\",\"contentUrl\":\"https:\\\/\\\/secure.gravatar.com\\\/avatar\\\/2172498d4914b51e1d89a0f97957b035ac4938723a5cac208135d389b6972a6d?s=96&d=mm&r=g\",\"caption\":\"teste\"},\"url\":\"https:\\\/\\\/blogdofarnesio.com.br\\\/?author=3\"}]}<\/script>\n<!-- \/ Yoast SEO plugin. -->","yoast_head_json":{"title":"RECESSO PARLAMENTAR N\u00c3O \u00c9 F\u00c9RIAS, DIZ GONZAGA PATRIOTA - Blog do Farn\u00e9sio","robots":{"index":"index","follow":"follow","max-snippet":"max-snippet:-1","max-image-preview":"max-image-preview:large","max-video-preview":"max-video-preview:-1"},"canonical":"https:\/\/blogdofarnesio.com.br\/?p=71059","og_locale":"pt_BR","og_type":"article","og_title":"RECESSO PARLAMENTAR N\u00c3O \u00c9 F\u00c9RIAS, DIZ GONZAGA PATRIOTA - Blog do Farn\u00e9sio","og_description":"Depois de visitar mais de 30 munic\u00edpios do S\u00e3o Francisco, Araripe, Central, Paje\u00fa e Moxot\u00f3, dos 40 que listou para percorrer durante o recesso parlamentar, o deputado federal Gonzaga Patriota (PSB) deve se fazer presente na \u00faltima semana do recesso, no Agreste e regi\u00e3o metropolitana do Recife, onde obteve nas \u00faltimas elei\u00e7\u00f5es mais de 10 mil votos. Nessas visitas, segundo o parlamentar socialista, s\u00e3o anotados problemas porque passam esses munic\u00edpios, citando, por exemplo, a necessidade de concluir as adutoras de Reden\u00e7\u00e3o e do Gar\u00e7a, em Santa Maria da Boa Vista; \u00a0do abatedouro p\u00fablico de Parnamirim; da Pra\u00e7a da Juventude, em Petrolina; da constru\u00e7\u00e3o do anel vi\u00e1rio, em Sert\u00e2nia, dentre muitos outros \u00a0problemas que Gonzaga Patriota levou ao governador Eduardo Campos,&hellip;","og_url":"https:\/\/blogdofarnesio.com.br\/?p=71059","og_site_name":"Blog do Farn\u00e9sio","article_publisher":"https:\/\/www.facebook.com\/BlogQuerSaberPolitica\/","article_published_time":"2014-01-27T19:43:45+00:00","og_image":[{"url":"http:\/\/www.quersaberpolitica.com.br\/2016\/wp-content\/uploads\/2013\/11\/2012032816345_20120328_003BO_AB-300x196.jpg","type":"","width":"","height":""}],"author":"teste","twitter_card":"summary_large_image","twitter_misc":{"Escrito por":"teste","Est. tempo de leitura":"1 minuto"},"schema":{"@context":"https:\/\/schema.org","@graph":[{"@type":"Article","@id":"https:\/\/blogdofarnesio.com.br\/?p=71059#article","isPartOf":{"@id":"https:\/\/blogdofarnesio.com.br\/?p=71059"},"author":{"name":"teste","@id":"https:\/\/blogdofarnesio.com.br\/#\/schema\/person\/dd1bf5eba40b687199ba45ca6b97dff9"},"headline":"RECESSO PARLAMENTAR N\u00c3O \u00c9 F\u00c9RIAS, DIZ GONZAGA PATRIOTA","datePublished":"2014-01-27T19:43:45+00:00","mainEntityOfPage":{"@id":"https:\/\/blogdofarnesio.com.br\/?p=71059"},"wordCount":195,"commentCount":0,"publisher":{"@id":"https:\/\/blogdofarnesio.com.br\/#organization"},"image":{"@id":"https:\/\/blogdofarnesio.com.br\/?p=71059#primaryimage"},"thumbnailUrl":"http:\/\/www.quersaberpolitica.com.br\/2016\/wp-content\/uploads\/2013\/11\/2012032816345_20120328_003BO_AB-300x196.jpg","articleSection":["Pol\u00edtica"],"inLanguage":"pt-BR","potentialAction":[{"@type":"CommentAction","name":"Comment","target":["https:\/\/blogdofarnesio.com.br\/?p=71059#respond"]}]},{"@type":"WebPage","@id":"https:\/\/blogdofarnesio.com.br\/?p=71059","url":"https:\/\/blogdofarnesio.com.br\/?p=71059","name":"RECESSO PARLAMENTAR N\u00c3O \u00c9 F\u00c9RIAS, DIZ GONZAGA PATRIOTA - Blog do Farn\u00e9sio","isPartOf":{"@id":"https:\/\/blogdofarnesio.com.br\/#website"},"primaryImageOfPage":{"@id":"https:\/\/blogdofarnesio.com.br\/?p=71059#primaryimage"},"image":{"@id":"https:\/\/blogdofarnesio.com.br\/?p=71059#primaryimage"},"thumbnailUrl":"http:\/\/www.quersaberpolitica.com.br\/2016\/wp-content\/uploads\/2013\/11\/2012032816345_20120328_003BO_AB-300x196.jpg","datePublished":"2014-01-27T19:43:45+00:00","breadcrumb":{"@id":"https:\/\/blogdofarnesio.com.br\/?p=71059#breadcrumb"},"inLanguage":"pt-BR","potentialAction":[{"@type":"ReadAction","target":["https:\/\/blogdofarnesio.com.br\/?p=71059"]}]},{"@type":"ImageObject","inLanguage":"pt-BR","@id":"https:\/\/blogdofarnesio.com.br\/?p=71059#primaryimage","url":"http:\/\/www.quersaberpolitica.com.br\/2016\/wp-content\/uploads\/2013\/11\/2012032816345_20120328_003BO_AB-300x196.jpg","contentUrl":"http:\/\/www.quersaberpolitica.com.br\/2016\/wp-content\/uploads\/2013\/11\/2012032816345_20120328_003BO_AB-300x196.jpg"},{"@type":"BreadcrumbList","@id":"https:\/\/blogdofarnesio.com.br\/?p=71059#breadcrumb","itemListElement":[{"@type":"ListItem","position":1,"name":"In\u00edcio","item":"https:\/\/blogdofarnesio.com.br\/"},{"@type":"ListItem","position":2,"name":"RECESSO PARLAMENTAR N\u00c3O \u00c9 F\u00c9RIAS, DIZ GONZAGA PATRIOTA"}]},{"@type":"WebSite","@id":"https:\/\/blogdofarnesio.com.br\/#website","url":"https:\/\/blogdofarnesio.com.br\/","name":"Blog do Farn\u00e9sio","description":"Quer Saber Pol\u00edtica?","publisher":{"@id":"https:\/\/blogdofarnesio.com.br\/#organization"},"potentialAction":[{"@type":"SearchAction","target":{"@type":"EntryPoint","urlTemplate":"https:\/\/blogdofarnesio.com.br\/?s={search_term_string}"},"query-input":{"@type":"PropertyValueSpecification","valueRequired":true,"valueName":"search_term_string"}}],"inLanguage":"pt-BR"},{"@type":"Organization","@id":"https:\/\/blogdofarnesio.com.br\/#organization","name":"Blog do Farn\u00e9sio","url":"https:\/\/blogdofarnesio.com.br\/","logo":{"@type":"ImageObject","inLanguage":"pt-BR","@id":"https:\/\/blogdofarnesio.com.br\/#\/schema\/logo\/image\/","url":"https:\/\/blogdofarnesio.com.br\/wp-content\/uploads\/2026\/03\/cropped-logo_new-1.png","contentUrl":"https:\/\/blogdofarnesio.com.br\/wp-content\/uploads\/2026\/03\/cropped-logo_new-1.png","width":881,"height":685,"caption":"Blog do Farn\u00e9sio"},"image":{"@id":"https:\/\/blogdofarnesio.com.br\/#\/schema\/logo\/image\/"},"sameAs":["https:\/\/www.facebook.com\/BlogQuerSaberPolitica\/"]},{"@type":"Person","@id":"https:\/\/blogdofarnesio.com.br\/#\/schema\/person\/dd1bf5eba40b687199ba45ca6b97dff9","name":"teste","image":{"@type":"ImageObject","inLanguage":"pt-BR","@id":"https:\/\/secure.gravatar.com\/avatar\/2172498d4914b51e1d89a0f97957b035ac4938723a5cac208135d389b6972a6d?s=96&d=mm&r=g","url":"https:\/\/secure.gravatar.com\/avatar\/2172498d4914b51e1d89a0f97957b035ac4938723a5cac208135d389b6972a6d?s=96&d=mm&r=g","contentUrl":"https:\/\/secure.gravatar.com\/avatar\/2172498d4914b51e1d89a0f97957b035ac4938723a5cac208135d389b6972a6d?s=96&d=mm&r=g","caption":"teste"},"url":"https:\/\/blogdofarnesio.com.br\/?author=3"}]}},"_links":{"self":[{"href":"https:\/\/blogdofarnesio.com.br\/index.php?rest_route=\/wp\/v2\/posts\/71059","targetHints":{"allow":["GET"]}}],"collection":[{"href":"https:\/\/blogdofarnesio.com.br\/index.php?rest_route=\/wp\/v2\/posts"}],"about":[{"href":"https:\/\/blogdofarnesio.com.br\/index.php?rest_route=\/wp\/v2\/types\/post"}],"author":[{"embeddable":true,"href":"https:\/\/blogdofarnesio.com.br\/index.php?rest_route=\/wp\/v2\/users\/3"}],"replies":[{"embeddable":true,"href":"https:\/\/blogdofarnesio.com.br\/index.php?rest_route=%2Fwp%2Fv2%2Fcomments&post=71059"}],"version-history":[{"count":0,"href":"https:\/\/blogdofarnesio.com.br\/index.php?rest_route=\/wp\/v2\/posts\/71059\/revisions"}],"wp:attachment":[{"href":"https:\/\/blogdofarnesio.com.br\/index.php?rest_route=%2Fwp%2Fv2%2Fmedia&parent=71059"}],"wp:term":[{"taxonomy":"category","embeddable":true,"href":"https:\/\/blogdofarnesio.com.br\/index.php?rest_route=%2Fwp%2Fv2%2Fcategories&post=71059"},{"taxonomy":"post_tag","embeddable":true,"href":"https:\/\/blogdofarnesio.com.br\/index.php?rest_route=%2Fwp%2Fv2%2Ftags&post=71059"}],"curies":[{"name":"wp","href":"https:\/\/api.w.org\/{rel}","templated":true}]}}