{"id":70895,"date":"2014-01-24T12:00:14","date_gmt":"2014-01-24T15:00:14","guid":{"rendered":"http:\/\/www.quersaberpolitica.com.br\/?p=70895"},"modified":"2014-01-24T10:05:25","modified_gmt":"2014-01-24T13:05:25","slug":"direto-de-curaca-89","status":"publish","type":"post","link":"https:\/\/blogdofarnesio.com.br\/?p=70895","title":{"rendered":"DIRETO DE CURA\u00c7\u00c1"},"content":{"rendered":"<h1 style=\"text-align: justify\">Prefeito de Cura\u00e7\u00e1 pode ser afastado da cadeira a qualquer momento<\/h1>\n<figure id=\"attachment_62448\" aria-describedby=\"caption-attachment-62448\" style=\"width: 300px\" class=\"wp-caption alignleft\"><a href=\"http:\/\/www.quersaberpolitica.com.br\/2016\/wp-content\/uploads\/2013\/10\/blogqspprefcuracacarlinho-Foto-Farn\u00e9sio-Silva2.jpg\"><img loading=\"lazy\" decoding=\"async\" class=\"size-medium wp-image-62448\" alt=\"Prefeito cassado\/ Carlinhos Brand\u00e3o \" src=\"http:\/\/www.quersaberpolitica.com.br\/2016\/wp-content\/uploads\/2013\/10\/blogqspprefcuracacarlinho-Foto-Farn\u00e9sio-Silva2-300x168.jpg\" width=\"300\" height=\"168\" srcset=\"https:\/\/blogdofarnesio.com.br\/wp-content\/uploads\/2013\/10\/blogqspprefcuracacarlinho-Foto-Farn\u00e9sio-Silva2-300x168.jpg 300w, https:\/\/blogdofarnesio.com.br\/wp-content\/uploads\/2013\/10\/blogqspprefcuracacarlinho-Foto-Farn\u00e9sio-Silva2.jpg 448w\" sizes=\"auto, (max-width: 300px) 100vw, 300px\" \/><\/a><figcaption id=\"caption-attachment-62448\" class=\"wp-caption-text\">Prefeito \u00a0Carlinhos Brand\u00e3o\/Cura\u00e7\u00e1<\/figcaption><\/figure>\n<p style=\"text-align: justify\"><strong>AP<\/strong> &#8211; O Tribunal Regional Eleitoral da Bahia (TRE) julgou no dia de ontem \u00a0o processo relacionado \u00e0 denuncia de crime eleitoral praticado pelo prefeito eleito do munic\u00edpio de Cura\u00e7\u00e1, Carlinhos Brand\u00e3o (PPS) referente \u00e0s elei\u00e7\u00f5es de 2012. Os ju\u00edzes acataram a determina\u00e7\u00e3o da justi\u00e7a de primeira instancia.<\/p>\n<p style=\"text-align: justify\">Os ju\u00edzes votaram por unanimidade, sendo seis votos a zero. Com isso, complica-se mais ainda a situa\u00e7\u00e3o do prefeito que est\u00e1 sendo denunciados por outros crimes, sendo que desta vez por atos de improbidade administrativa por vereadores da oposi\u00e7\u00e3o e sindicato.<\/p>\n<p style=\"text-align: justify\">Em 5 de dezembro, o\u00a0\u00a0juiz Adrianno Esp\u00edndola Sandes acatou a den\u00fancia do Minist\u00e9rio P\u00fablico Estadual que pediu a cassa\u00e7\u00e3o do Prefeito e de seu vice, Rog\u00e9rio Bahia (PMDB).\u00a0Com a decis\u00e3o do TRE, 0 prefeito Carlinhos Brand\u00e3o e o vice podem ser afastados dos cargos a qualquer momento.<\/p>\n<p style=\"text-align: justify\"><em><strong>Clima tenso<!--more--><\/strong><\/em><\/p>\n<p style=\"text-align: justify\">Dentro da administra\u00e7\u00e3o o clima j\u00e1 n\u00e3o \u00e9 bom, inclusive para os prestadores de servi\u00e7os, fornecedores e funcion\u00e1rios contratados que est\u00e3o h\u00e1 meses sem receberem. Algumas dessas pessoas est\u00e3o passando necessidade, e a cada dia piora o quadro porque o gestor n\u00e3o honra com os compromissos.\u00a0Hoje, no com\u00e9rcio regional \u00e9 dif\u00edcil algu\u00e9m se arriscar em fornecer para o munic\u00edpio nessas condi\u00e7\u00f5es.<\/p>\n<p style=\"text-align: justify\">Por outro lado, o prefeito demonstrou que n\u00e3o se importa com os problemas quando afrontou a popula\u00e7\u00e3o em receber um fantasioso pr\u00eamio como um dos \u2018melhores prefeito do pa\u00eds\u2019 com o povo vivendo nas trevas.<\/p>\n<p style=\"text-align: justify\">Diante dessa decis\u00e3o da justi\u00e7a, outros prefeitos da regi\u00e3o temem acontecer o mesmo, j\u00e1 que respondem \u00e0 acusa\u00e7\u00f5es id\u00eanticas.<\/p>\n<p style=\"text-align: justify\"><strong>A\u00e7\u00e3opopularonline<\/strong><\/p>\n<p style=\"text-align: justify\">Com informa\u00e7\u00f5es de farn\u00e9sio Silva<\/p>\n","protected":false},"excerpt":{"rendered":"<p>Prefeito de Cura\u00e7\u00e1 pode ser afastado da cadeira a qualquer momento AP &#8211; O Tribunal Regional Eleitoral da Bahia (TRE) julgou no dia de ontem \u00a0o processo relacionado \u00e0 denuncia de crime eleitoral praticado pelo prefeito eleito do munic\u00edpio de Cura\u00e7\u00e1, Carlinhos Brand\u00e3o (PPS) referente \u00e0s elei\u00e7\u00f5es de 2012. Os ju\u00edzes acataram a determina\u00e7\u00e3o da justi\u00e7a de primeira instancia. Os ju\u00edzes votaram por unanimidade, sendo seis votos a zero. Com isso, complica-se mais ainda a situa\u00e7\u00e3o do prefeito que est\u00e1 sendo denunciados por outros crimes, sendo que desta vez por atos de improbidade administrativa por vereadores da oposi\u00e7\u00e3o e sindicato. Em 5 de dezembro, o\u00a0\u00a0juiz Adrianno Esp\u00edndola Sandes acatou a den\u00fancia do Minist\u00e9rio P\u00fablico Estadual que pediu a cassa\u00e7\u00e3o do&hellip; <\/p>\n","protected":false},"author":3,"featured_media":0,"comment_status":"open","ping_status":"open","sticky":false,"template":"","format":"standard","meta":{"_acf_changed":false,"footnotes":""},"categories":[27],"tags":[],"class_list":["post-70895","post","type-post","status-publish","format-standard","hentry","category-cidades"],"acf":[],"yoast_head":"<!-- This site is optimized with the Yoast SEO plugin v27.4 - https:\/\/yoast.com\/product\/yoast-seo-wordpress\/ -->\n<title>DIRETO DE CURA\u00c7\u00c1 - Blog do Farn\u00e9sio<\/title>\n<meta name=\"robots\" content=\"index, follow, max-snippet:-1, max-image-preview:large, max-video-preview:-1\" \/>\n<link rel=\"canonical\" href=\"https:\/\/blogdofarnesio.com.br\/?p=70895\" \/>\n<meta property=\"og:locale\" content=\"pt_BR\" \/>\n<meta property=\"og:type\" content=\"article\" \/>\n<meta property=\"og:title\" content=\"DIRETO DE CURA\u00c7\u00c1 - Blog do Farn\u00e9sio\" \/>\n<meta property=\"og:description\" content=\"Prefeito de Cura\u00e7\u00e1 pode ser afastado da cadeira a qualquer momento AP &#8211; O Tribunal Regional Eleitoral da Bahia (TRE) julgou no dia de ontem \u00a0o processo relacionado \u00e0 denuncia de crime eleitoral praticado pelo prefeito eleito do munic\u00edpio de Cura\u00e7\u00e1, Carlinhos Brand\u00e3o (PPS) referente \u00e0s elei\u00e7\u00f5es de 2012. Os ju\u00edzes acataram a determina\u00e7\u00e3o da justi\u00e7a de primeira instancia. Os ju\u00edzes votaram por unanimidade, sendo seis votos a zero. Com isso, complica-se mais ainda a situa\u00e7\u00e3o do prefeito que est\u00e1 sendo denunciados por outros crimes, sendo que desta vez por atos de improbidade administrativa por vereadores da oposi\u00e7\u00e3o e sindicato. Em 5 de dezembro, o\u00a0\u00a0juiz Adrianno Esp\u00edndola Sandes acatou a den\u00fancia do Minist\u00e9rio P\u00fablico Estadual que pediu a cassa\u00e7\u00e3o do&hellip;\" \/>\n<meta property=\"og:url\" content=\"https:\/\/blogdofarnesio.com.br\/?p=70895\" \/>\n<meta property=\"og:site_name\" content=\"Blog do Farn\u00e9sio\" \/>\n<meta property=\"article:publisher\" content=\"https:\/\/www.facebook.com\/BlogQuerSaberPolitica\/\" \/>\n<meta property=\"article:published_time\" content=\"2014-01-24T15:00:14+00:00\" \/>\n<meta name=\"author\" content=\"teste\" \/>\n<meta name=\"twitter:card\" content=\"summary_large_image\" \/>\n<meta name=\"twitter:label1\" content=\"Escrito por\" \/>\n\t<meta name=\"twitter:data1\" content=\"teste\" \/>\n\t<meta name=\"twitter:label2\" content=\"Est. tempo de leitura\" \/>\n\t<meta name=\"twitter:data2\" content=\"2 minutos\" \/>\n<script type=\"application\/ld+json\" class=\"yoast-schema-graph\">{\"@context\":\"https:\\\/\\\/schema.org\",\"@graph\":[{\"@type\":\"Article\",\"@id\":\"https:\\\/\\\/blogdofarnesio.com.br\\\/?p=70895#article\",\"isPartOf\":{\"@id\":\"https:\\\/\\\/blogdofarnesio.com.br\\\/?p=70895\"},\"author\":{\"name\":\"teste\",\"@id\":\"https:\\\/\\\/blogdofarnesio.com.br\\\/#\\\/schema\\\/person\\\/dd1bf5eba40b687199ba45ca6b97dff9\"},\"headline\":\"DIRETO DE CURA\u00c7\u00c1\",\"datePublished\":\"2014-01-24T15:00:14+00:00\",\"mainEntityOfPage\":{\"@id\":\"https:\\\/\\\/blogdofarnesio.com.br\\\/?p=70895\"},\"wordCount\":322,\"commentCount\":8,\"publisher\":{\"@id\":\"https:\\\/\\\/blogdofarnesio.com.br\\\/#organization\"},\"articleSection\":[\"Cidades\"],\"inLanguage\":\"pt-BR\",\"potentialAction\":[{\"@type\":\"CommentAction\",\"name\":\"Comment\",\"target\":[\"https:\\\/\\\/blogdofarnesio.com.br\\\/?p=70895#respond\"]}]},{\"@type\":\"WebPage\",\"@id\":\"https:\\\/\\\/blogdofarnesio.com.br\\\/?p=70895\",\"url\":\"https:\\\/\\\/blogdofarnesio.com.br\\\/?p=70895\",\"name\":\"DIRETO DE CURA\u00c7\u00c1 - Blog do Farn\u00e9sio\",\"isPartOf\":{\"@id\":\"https:\\\/\\\/blogdofarnesio.com.br\\\/#website\"},\"datePublished\":\"2014-01-24T15:00:14+00:00\",\"breadcrumb\":{\"@id\":\"https:\\\/\\\/blogdofarnesio.com.br\\\/?p=70895#breadcrumb\"},\"inLanguage\":\"pt-BR\",\"potentialAction\":[{\"@type\":\"ReadAction\",\"target\":[\"https:\\\/\\\/blogdofarnesio.com.br\\\/?p=70895\"]}]},{\"@type\":\"BreadcrumbList\",\"@id\":\"https:\\\/\\\/blogdofarnesio.com.br\\\/?p=70895#breadcrumb\",\"itemListElement\":[{\"@type\":\"ListItem\",\"position\":1,\"name\":\"In\u00edcio\",\"item\":\"https:\\\/\\\/blogdofarnesio.com.br\\\/\"},{\"@type\":\"ListItem\",\"position\":2,\"name\":\"DIRETO DE CURA\u00c7\u00c1\"}]},{\"@type\":\"WebSite\",\"@id\":\"https:\\\/\\\/blogdofarnesio.com.br\\\/#website\",\"url\":\"https:\\\/\\\/blogdofarnesio.com.br\\\/\",\"name\":\"Blog do Farn\u00e9sio\",\"description\":\"Quer Saber Pol\u00edtica?\",\"publisher\":{\"@id\":\"https:\\\/\\\/blogdofarnesio.com.br\\\/#organization\"},\"potentialAction\":[{\"@type\":\"SearchAction\",\"target\":{\"@type\":\"EntryPoint\",\"urlTemplate\":\"https:\\\/\\\/blogdofarnesio.com.br\\\/?s={search_term_string}\"},\"query-input\":{\"@type\":\"PropertyValueSpecification\",\"valueRequired\":true,\"valueName\":\"search_term_string\"}}],\"inLanguage\":\"pt-BR\"},{\"@type\":\"Organization\",\"@id\":\"https:\\\/\\\/blogdofarnesio.com.br\\\/#organization\",\"name\":\"Blog do Farn\u00e9sio\",\"url\":\"https:\\\/\\\/blogdofarnesio.com.br\\\/\",\"logo\":{\"@type\":\"ImageObject\",\"inLanguage\":\"pt-BR\",\"@id\":\"https:\\\/\\\/blogdofarnesio.com.br\\\/#\\\/schema\\\/logo\\\/image\\\/\",\"url\":\"https:\\\/\\\/blogdofarnesio.com.br\\\/wp-content\\\/uploads\\\/2026\\\/03\\\/cropped-logo_new-1.png\",\"contentUrl\":\"https:\\\/\\\/blogdofarnesio.com.br\\\/wp-content\\\/uploads\\\/2026\\\/03\\\/cropped-logo_new-1.png\",\"width\":881,\"height\":685,\"caption\":\"Blog do Farn\u00e9sio\"},\"image\":{\"@id\":\"https:\\\/\\\/blogdofarnesio.com.br\\\/#\\\/schema\\\/logo\\\/image\\\/\"},\"sameAs\":[\"https:\\\/\\\/www.facebook.com\\\/BlogQuerSaberPolitica\\\/\"]},{\"@type\":\"Person\",\"@id\":\"https:\\\/\\\/blogdofarnesio.com.br\\\/#\\\/schema\\\/person\\\/dd1bf5eba40b687199ba45ca6b97dff9\",\"name\":\"teste\",\"image\":{\"@type\":\"ImageObject\",\"inLanguage\":\"pt-BR\",\"@id\":\"https:\\\/\\\/secure.gravatar.com\\\/avatar\\\/2172498d4914b51e1d89a0f97957b035ac4938723a5cac208135d389b6972a6d?s=96&d=mm&r=g\",\"url\":\"https:\\\/\\\/secure.gravatar.com\\\/avatar\\\/2172498d4914b51e1d89a0f97957b035ac4938723a5cac208135d389b6972a6d?s=96&d=mm&r=g\",\"contentUrl\":\"https:\\\/\\\/secure.gravatar.com\\\/avatar\\\/2172498d4914b51e1d89a0f97957b035ac4938723a5cac208135d389b6972a6d?s=96&d=mm&r=g\",\"caption\":\"teste\"},\"url\":\"https:\\\/\\\/blogdofarnesio.com.br\\\/?author=3\"}]}<\/script>\n<!-- \/ Yoast SEO plugin. -->","yoast_head_json":{"title":"DIRETO DE CURA\u00c7\u00c1 - Blog do Farn\u00e9sio","robots":{"index":"index","follow":"follow","max-snippet":"max-snippet:-1","max-image-preview":"max-image-preview:large","max-video-preview":"max-video-preview:-1"},"canonical":"https:\/\/blogdofarnesio.com.br\/?p=70895","og_locale":"pt_BR","og_type":"article","og_title":"DIRETO DE CURA\u00c7\u00c1 - Blog do Farn\u00e9sio","og_description":"Prefeito de Cura\u00e7\u00e1 pode ser afastado da cadeira a qualquer momento AP &#8211; O Tribunal Regional Eleitoral da Bahia (TRE) julgou no dia de ontem \u00a0o processo relacionado \u00e0 denuncia de crime eleitoral praticado pelo prefeito eleito do munic\u00edpio de Cura\u00e7\u00e1, Carlinhos Brand\u00e3o (PPS) referente \u00e0s elei\u00e7\u00f5es de 2012. Os ju\u00edzes acataram a determina\u00e7\u00e3o da justi\u00e7a de primeira instancia. Os ju\u00edzes votaram por unanimidade, sendo seis votos a zero. Com isso, complica-se mais ainda a situa\u00e7\u00e3o do prefeito que est\u00e1 sendo denunciados por outros crimes, sendo que desta vez por atos de improbidade administrativa por vereadores da oposi\u00e7\u00e3o e sindicato. Em 5 de dezembro, o\u00a0\u00a0juiz Adrianno Esp\u00edndola Sandes acatou a den\u00fancia do Minist\u00e9rio P\u00fablico Estadual que pediu a cassa\u00e7\u00e3o do&hellip;","og_url":"https:\/\/blogdofarnesio.com.br\/?p=70895","og_site_name":"Blog do Farn\u00e9sio","article_publisher":"https:\/\/www.facebook.com\/BlogQuerSaberPolitica\/","article_published_time":"2014-01-24T15:00:14+00:00","author":"teste","twitter_card":"summary_large_image","twitter_misc":{"Escrito por":"teste","Est. tempo de leitura":"2 minutos"},"schema":{"@context":"https:\/\/schema.org","@graph":[{"@type":"Article","@id":"https:\/\/blogdofarnesio.com.br\/?p=70895#article","isPartOf":{"@id":"https:\/\/blogdofarnesio.com.br\/?p=70895"},"author":{"name":"teste","@id":"https:\/\/blogdofarnesio.com.br\/#\/schema\/person\/dd1bf5eba40b687199ba45ca6b97dff9"},"headline":"DIRETO DE CURA\u00c7\u00c1","datePublished":"2014-01-24T15:00:14+00:00","mainEntityOfPage":{"@id":"https:\/\/blogdofarnesio.com.br\/?p=70895"},"wordCount":322,"commentCount":8,"publisher":{"@id":"https:\/\/blogdofarnesio.com.br\/#organization"},"articleSection":["Cidades"],"inLanguage":"pt-BR","potentialAction":[{"@type":"CommentAction","name":"Comment","target":["https:\/\/blogdofarnesio.com.br\/?p=70895#respond"]}]},{"@type":"WebPage","@id":"https:\/\/blogdofarnesio.com.br\/?p=70895","url":"https:\/\/blogdofarnesio.com.br\/?p=70895","name":"DIRETO DE CURA\u00c7\u00c1 - Blog do Farn\u00e9sio","isPartOf":{"@id":"https:\/\/blogdofarnesio.com.br\/#website"},"datePublished":"2014-01-24T15:00:14+00:00","breadcrumb":{"@id":"https:\/\/blogdofarnesio.com.br\/?p=70895#breadcrumb"},"inLanguage":"pt-BR","potentialAction":[{"@type":"ReadAction","target":["https:\/\/blogdofarnesio.com.br\/?p=70895"]}]},{"@type":"BreadcrumbList","@id":"https:\/\/blogdofarnesio.com.br\/?p=70895#breadcrumb","itemListElement":[{"@type":"ListItem","position":1,"name":"In\u00edcio","item":"https:\/\/blogdofarnesio.com.br\/"},{"@type":"ListItem","position":2,"name":"DIRETO DE CURA\u00c7\u00c1"}]},{"@type":"WebSite","@id":"https:\/\/blogdofarnesio.com.br\/#website","url":"https:\/\/blogdofarnesio.com.br\/","name":"Blog do Farn\u00e9sio","description":"Quer Saber Pol\u00edtica?","publisher":{"@id":"https:\/\/blogdofarnesio.com.br\/#organization"},"potentialAction":[{"@type":"SearchAction","target":{"@type":"EntryPoint","urlTemplate":"https:\/\/blogdofarnesio.com.br\/?s={search_term_string}"},"query-input":{"@type":"PropertyValueSpecification","valueRequired":true,"valueName":"search_term_string"}}],"inLanguage":"pt-BR"},{"@type":"Organization","@id":"https:\/\/blogdofarnesio.com.br\/#organization","name":"Blog do Farn\u00e9sio","url":"https:\/\/blogdofarnesio.com.br\/","logo":{"@type":"ImageObject","inLanguage":"pt-BR","@id":"https:\/\/blogdofarnesio.com.br\/#\/schema\/logo\/image\/","url":"https:\/\/blogdofarnesio.com.br\/wp-content\/uploads\/2026\/03\/cropped-logo_new-1.png","contentUrl":"https:\/\/blogdofarnesio.com.br\/wp-content\/uploads\/2026\/03\/cropped-logo_new-1.png","width":881,"height":685,"caption":"Blog do Farn\u00e9sio"},"image":{"@id":"https:\/\/blogdofarnesio.com.br\/#\/schema\/logo\/image\/"},"sameAs":["https:\/\/www.facebook.com\/BlogQuerSaberPolitica\/"]},{"@type":"Person","@id":"https:\/\/blogdofarnesio.com.br\/#\/schema\/person\/dd1bf5eba40b687199ba45ca6b97dff9","name":"teste","image":{"@type":"ImageObject","inLanguage":"pt-BR","@id":"https:\/\/secure.gravatar.com\/avatar\/2172498d4914b51e1d89a0f97957b035ac4938723a5cac208135d389b6972a6d?s=96&d=mm&r=g","url":"https:\/\/secure.gravatar.com\/avatar\/2172498d4914b51e1d89a0f97957b035ac4938723a5cac208135d389b6972a6d?s=96&d=mm&r=g","contentUrl":"https:\/\/secure.gravatar.com\/avatar\/2172498d4914b51e1d89a0f97957b035ac4938723a5cac208135d389b6972a6d?s=96&d=mm&r=g","caption":"teste"},"url":"https:\/\/blogdofarnesio.com.br\/?author=3"}]}},"_links":{"self":[{"href":"https:\/\/blogdofarnesio.com.br\/index.php?rest_route=\/wp\/v2\/posts\/70895","targetHints":{"allow":["GET"]}}],"collection":[{"href":"https:\/\/blogdofarnesio.com.br\/index.php?rest_route=\/wp\/v2\/posts"}],"about":[{"href":"https:\/\/blogdofarnesio.com.br\/index.php?rest_route=\/wp\/v2\/types\/post"}],"author":[{"embeddable":true,"href":"https:\/\/blogdofarnesio.com.br\/index.php?rest_route=\/wp\/v2\/users\/3"}],"replies":[{"embeddable":true,"href":"https:\/\/blogdofarnesio.com.br\/index.php?rest_route=%2Fwp%2Fv2%2Fcomments&post=70895"}],"version-history":[{"count":0,"href":"https:\/\/blogdofarnesio.com.br\/index.php?rest_route=\/wp\/v2\/posts\/70895\/revisions"}],"wp:attachment":[{"href":"https:\/\/blogdofarnesio.com.br\/index.php?rest_route=%2Fwp%2Fv2%2Fmedia&parent=70895"}],"wp:term":[{"taxonomy":"category","embeddable":true,"href":"https:\/\/blogdofarnesio.com.br\/index.php?rest_route=%2Fwp%2Fv2%2Fcategories&post=70895"},{"taxonomy":"post_tag","embeddable":true,"href":"https:\/\/blogdofarnesio.com.br\/index.php?rest_route=%2Fwp%2Fv2%2Ftags&post=70895"}],"curies":[{"name":"wp","href":"https:\/\/api.w.org\/{rel}","templated":true}]}}