{"id":70870,"date":"2014-01-24T09:21:46","date_gmt":"2014-01-24T12:21:46","guid":{"rendered":"http:\/\/www.quersaberpolitica.com.br\/?p=70870"},"modified":"2014-01-24T09:36:56","modified_gmt":"2014-01-24T12:36:56","slug":"continua-a-polemica-do-fechamento-do-hospital-da-crianca-em-juazeiro","status":"publish","type":"post","link":"https:\/\/blogdofarnesio.com.br\/?p=70870","title":{"rendered":"CONTINUA A POL\u00caMICA DO FECHAMENTO DO HOSPITAL DA CRIAN\u00c7A EM JUAZEIRO"},"content":{"rendered":"<p style=\"text-align: justify\"><a href=\"http:\/\/www.quersaberpolitica.com.br\/2016\/wp-content\/uploads\/2014\/01\/Blogqspmedeiros.jpg\"><img loading=\"lazy\" decoding=\"async\" class=\"alignleft size-medium wp-image-70489\" alt=\"Blogqspzecarlos\" src=\"http:\/\/www.quersaberpolitica.com.br\/2016\/wp-content\/uploads\/2014\/01\/Blogqspmedeiros-300x172.jpg\" width=\"300\" height=\"172\" srcset=\"https:\/\/blogdofarnesio.com.br\/wp-content\/uploads\/2014\/01\/Blogqspmedeiros-300x172.jpg 300w, https:\/\/blogdofarnesio.com.br\/wp-content\/uploads\/2014\/01\/Blogqspmedeiros.jpg 448w\" sizes=\"auto, (max-width: 300px) 100vw, 300px\" \/><\/a>A polemica que se iniciou ontem no programa bastidores da not\u00edcia, com as declara\u00e7\u00f5es e esclarecimentos do secret\u00e1rio de Sa\u00fade C\u00e1ssio Garcia, em rela\u00e7\u00e3o ao fechamento do Hospital da crian\u00e7a, noticia que chegou a popula\u00e7\u00e3o atrav\u00e9s do vereador oposicionista Z\u00e9 Carlos Medeiros, continuou nesta sexta-feira (24).<\/p>\n<p style=\"text-align: justify\">Em suas declara\u00e7\u00f5es, o secret\u00e1rio disse que a informa\u00e7\u00e3o n\u00e3o era verdadeira, classificando assim como boatos, e o que est\u00e1 acontecendo \u00e9 uma transfer\u00eancia de servi\u00e7os. Nesta manh\u00e3, Medeiros em participa\u00e7\u00e3o por telefone ao programa, rebateu as declara\u00e7\u00f5es do secret\u00e1rio.<\/p>\n<p style=\"text-align: justify\">De acordo com Medeiros, Ele foi informado da situa\u00e7\u00e3o atrav\u00e9s de uma funcion\u00e1ria.Ao responder o secret\u00e1rio quando chamou a informa\u00e7\u00e3o de boato o vereador foi firme. \u201cO secret\u00e1rio colocou como boato e Ele subestima a intelig\u00eancia da popula\u00e7\u00e3o Juazeirense, o fechamento do hospital da crian\u00e7a de Juazeiro \u00e9 fato, \u00e9 um fato verdadeiro e o secret\u00e1rio subestima a intelig\u00eancia do povo e junto com o prefeito conduzem uma discuss\u00e3o s\u00e9ria como essa de uma forma que nos preocupa\u201d, disse.<\/p>\n<p style=\"text-align: justify\">Sobre o argumento do secret\u00e1rio de que a m\u00e9dia foi tomada para economizar recursos o vereador disse que n\u00e3o se pode economizar na sa\u00fade, j\u00e1 que, esse \u00e9 um dos direitos do cidad\u00e3o. \u201cEu nunca vi economizar em cima da mis\u00e9ria dos outros, por que na sa\u00fade tem \u00e9 que ampliar investimentos e n\u00e3o economizar\u201d, frisou.<\/p>\n<p style=\"text-align: justify\"><strong>Resposta do Secret\u00e1rio de sa\u00fade<\/strong><\/p>\n<p style=\"text-align: justify\">Ao ouvir as declara\u00e7\u00f5es, o secret\u00e1rio C\u00e1ssio tamb\u00e9m ligou para o programa e contestou<a href=\"http:\/\/www.quersaberpolitica.com.br\/2016\/wp-content\/uploads\/2013\/10\/blogqpsseccarlosdalmircassio.jpg\"><img loading=\"lazy\" decoding=\"async\" class=\"alignleft size-medium wp-image-59649\" alt=\"blogqpsseccarlosdalmircassio\" src=\"http:\/\/www.quersaberpolitica.com.br\/2016\/wp-content\/uploads\/2013\/10\/blogqpsseccarlosdalmircassio-300x154.jpg\" width=\"300\" height=\"154\" srcset=\"https:\/\/blogdofarnesio.com.br\/wp-content\/uploads\/2013\/10\/blogqpsseccarlosdalmircassio-300x154.jpg 300w, https:\/\/blogdofarnesio.com.br\/wp-content\/uploads\/2013\/10\/blogqpsseccarlosdalmircassio-500x257.jpg 500w, https:\/\/blogdofarnesio.com.br\/wp-content\/uploads\/2013\/10\/blogqpsseccarlosdalmircassio.jpg 640w\" sizes=\"auto, (max-width: 300px) 100vw, 300px\" \/><\/a> o Vereador, o acusando de estar fazendo den\u00fancias vazias. \u201cInfelizmente o vereador n\u00e3o tem todo o conhecimento t\u00e9cnico, e est\u00e1 de fato publicando den\u00fancias vazias em rela\u00e7\u00e3o a transfer\u00eancia dos servi\u00e7os do hospital da crian\u00e7a para a maternidade, n\u00e3o \u00e9 fechamento \u00e9 a transfer\u00eancia\u201d, ressaltou.<\/p>\n<p style=\"text-align: justify\">Ele aproveitou par fazer um s\u00e9ria declara\u00e7\u00e3o sobre a sa\u00fade, em que o munic\u00edpio vai ter que devolver um montante de dinheiro para o minist\u00e9rio. \u201cEssa semana chegou um oficio em que o Minist\u00e9rio da Sa\u00fade ordena que a gente devolva mais de 4 milh\u00f5es de reais de gest\u00f5es anteriores por m\u00e1 utiliza\u00e7\u00e3o do dinheiro. Aproveito para dizer que quem foi o relator e aprovou essas contas foi o vereador Medeiros\u201d, comunicou.<\/p>\n<p><strong>Por Cl\u00eailma Souza<\/strong><\/p>\n","protected":false},"excerpt":{"rendered":"<p>A polemica que se iniciou ontem no programa bastidores da not\u00edcia, com as declara\u00e7\u00f5es e esclarecimentos do secret\u00e1rio de Sa\u00fade C\u00e1ssio Garcia, em rela\u00e7\u00e3o ao fechamento do Hospital da crian\u00e7a, noticia que chegou a popula\u00e7\u00e3o atrav\u00e9s do vereador oposicionista Z\u00e9 Carlos Medeiros, continuou nesta sexta-feira (24). Em suas declara\u00e7\u00f5es, o secret\u00e1rio disse que a informa\u00e7\u00e3o n\u00e3o era verdadeira, classificando assim como boatos, e o que est\u00e1 acontecendo \u00e9 uma transfer\u00eancia de servi\u00e7os. Nesta manh\u00e3, Medeiros em participa\u00e7\u00e3o por telefone ao programa, rebateu as declara\u00e7\u00f5es do secret\u00e1rio. De acordo com Medeiros, Ele foi informado da situa\u00e7\u00e3o atrav\u00e9s de uma funcion\u00e1ria.Ao responder o secret\u00e1rio quando chamou a informa\u00e7\u00e3o de boato o vereador foi firme. \u201cO secret\u00e1rio colocou como boato e Ele subestima&hellip; <\/p>\n","protected":false},"author":3,"featured_media":0,"comment_status":"open","ping_status":"open","sticky":false,"template":"","format":"standard","meta":{"_acf_changed":false,"footnotes":""},"categories":[4],"tags":[],"class_list":["post-70870","post","type-post","status-publish","format-standard","hentry","category-saude"],"acf":[],"yoast_head":"<!-- This site is optimized with the Yoast SEO plugin v27.4 - https:\/\/yoast.com\/product\/yoast-seo-wordpress\/ -->\n<title>CONTINUA A POL\u00caMICA DO FECHAMENTO DO HOSPITAL DA CRIAN\u00c7A EM JUAZEIRO  - Blog do Farn\u00e9sio<\/title>\n<meta name=\"robots\" content=\"index, follow, max-snippet:-1, max-image-preview:large, max-video-preview:-1\" \/>\n<link rel=\"canonical\" href=\"https:\/\/blogdofarnesio.com.br\/?p=70870\" \/>\n<meta property=\"og:locale\" content=\"pt_BR\" \/>\n<meta property=\"og:type\" content=\"article\" \/>\n<meta property=\"og:title\" content=\"CONTINUA A POL\u00caMICA DO FECHAMENTO DO HOSPITAL DA CRIAN\u00c7A EM JUAZEIRO  - Blog do Farn\u00e9sio\" \/>\n<meta property=\"og:description\" content=\"A polemica que se iniciou ontem no programa bastidores da not\u00edcia, com as declara\u00e7\u00f5es e esclarecimentos do secret\u00e1rio de Sa\u00fade C\u00e1ssio Garcia, em rela\u00e7\u00e3o ao fechamento do Hospital da crian\u00e7a, noticia que chegou a popula\u00e7\u00e3o atrav\u00e9s do vereador oposicionista Z\u00e9 Carlos Medeiros, continuou nesta sexta-feira (24). Em suas declara\u00e7\u00f5es, o secret\u00e1rio disse que a informa\u00e7\u00e3o n\u00e3o era verdadeira, classificando assim como boatos, e o que est\u00e1 acontecendo \u00e9 uma transfer\u00eancia de servi\u00e7os. Nesta manh\u00e3, Medeiros em participa\u00e7\u00e3o por telefone ao programa, rebateu as declara\u00e7\u00f5es do secret\u00e1rio. De acordo com Medeiros, Ele foi informado da situa\u00e7\u00e3o atrav\u00e9s de uma funcion\u00e1ria.Ao responder o secret\u00e1rio quando chamou a informa\u00e7\u00e3o de boato o vereador foi firme. \u201cO secret\u00e1rio colocou como boato e Ele subestima&hellip;\" \/>\n<meta property=\"og:url\" content=\"https:\/\/blogdofarnesio.com.br\/?p=70870\" \/>\n<meta property=\"og:site_name\" content=\"Blog do Farn\u00e9sio\" \/>\n<meta property=\"article:publisher\" content=\"https:\/\/www.facebook.com\/BlogQuerSaberPolitica\/\" \/>\n<meta property=\"article:published_time\" content=\"2014-01-24T12:21:46+00:00\" \/>\n<meta property=\"article:modified_time\" content=\"2014-01-24T12:36:56+00:00\" \/>\n<meta property=\"og:image\" content=\"http:\/\/www.quersaberpolitica.com.br\/2016\/wp-content\/uploads\/2014\/01\/Blogqspmedeiros-300x172.jpg\" \/>\n<meta name=\"author\" content=\"teste\" \/>\n<meta name=\"twitter:card\" content=\"summary_large_image\" \/>\n<meta name=\"twitter:label1\" content=\"Escrito por\" \/>\n\t<meta name=\"twitter:data1\" content=\"teste\" \/>\n\t<meta name=\"twitter:label2\" content=\"Est. tempo de leitura\" \/>\n\t<meta name=\"twitter:data2\" content=\"2 minutos\" \/>\n<script type=\"application\/ld+json\" class=\"yoast-schema-graph\">{\"@context\":\"https:\\\/\\\/schema.org\",\"@graph\":[{\"@type\":\"Article\",\"@id\":\"https:\\\/\\\/blogdofarnesio.com.br\\\/?p=70870#article\",\"isPartOf\":{\"@id\":\"https:\\\/\\\/blogdofarnesio.com.br\\\/?p=70870\"},\"author\":{\"name\":\"teste\",\"@id\":\"https:\\\/\\\/blogdofarnesio.com.br\\\/#\\\/schema\\\/person\\\/dd1bf5eba40b687199ba45ca6b97dff9\"},\"headline\":\"CONTINUA A POL\u00caMICA DO FECHAMENTO DO HOSPITAL DA CRIAN\u00c7A EM JUAZEIRO\",\"datePublished\":\"2014-01-24T12:21:46+00:00\",\"dateModified\":\"2014-01-24T12:36:56+00:00\",\"mainEntityOfPage\":{\"@id\":\"https:\\\/\\\/blogdofarnesio.com.br\\\/?p=70870\"},\"wordCount\":431,\"commentCount\":0,\"publisher\":{\"@id\":\"https:\\\/\\\/blogdofarnesio.com.br\\\/#organization\"},\"image\":{\"@id\":\"https:\\\/\\\/blogdofarnesio.com.br\\\/?p=70870#primaryimage\"},\"thumbnailUrl\":\"http:\\\/\\\/www.quersaberpolitica.com.br\\\/2016\\\/wp-content\\\/uploads\\\/2014\\\/01\\\/Blogqspmedeiros-300x172.jpg\",\"articleSection\":[\"Sa\u00fade\"],\"inLanguage\":\"pt-BR\",\"potentialAction\":[{\"@type\":\"CommentAction\",\"name\":\"Comment\",\"target\":[\"https:\\\/\\\/blogdofarnesio.com.br\\\/?p=70870#respond\"]}]},{\"@type\":\"WebPage\",\"@id\":\"https:\\\/\\\/blogdofarnesio.com.br\\\/?p=70870\",\"url\":\"https:\\\/\\\/blogdofarnesio.com.br\\\/?p=70870\",\"name\":\"CONTINUA A POL\u00caMICA DO FECHAMENTO DO HOSPITAL DA CRIAN\u00c7A EM JUAZEIRO - Blog do Farn\u00e9sio\",\"isPartOf\":{\"@id\":\"https:\\\/\\\/blogdofarnesio.com.br\\\/#website\"},\"primaryImageOfPage\":{\"@id\":\"https:\\\/\\\/blogdofarnesio.com.br\\\/?p=70870#primaryimage\"},\"image\":{\"@id\":\"https:\\\/\\\/blogdofarnesio.com.br\\\/?p=70870#primaryimage\"},\"thumbnailUrl\":\"http:\\\/\\\/www.quersaberpolitica.com.br\\\/2016\\\/wp-content\\\/uploads\\\/2014\\\/01\\\/Blogqspmedeiros-300x172.jpg\",\"datePublished\":\"2014-01-24T12:21:46+00:00\",\"dateModified\":\"2014-01-24T12:36:56+00:00\",\"breadcrumb\":{\"@id\":\"https:\\\/\\\/blogdofarnesio.com.br\\\/?p=70870#breadcrumb\"},\"inLanguage\":\"pt-BR\",\"potentialAction\":[{\"@type\":\"ReadAction\",\"target\":[\"https:\\\/\\\/blogdofarnesio.com.br\\\/?p=70870\"]}]},{\"@type\":\"ImageObject\",\"inLanguage\":\"pt-BR\",\"@id\":\"https:\\\/\\\/blogdofarnesio.com.br\\\/?p=70870#primaryimage\",\"url\":\"http:\\\/\\\/www.quersaberpolitica.com.br\\\/2016\\\/wp-content\\\/uploads\\\/2014\\\/01\\\/Blogqspmedeiros-300x172.jpg\",\"contentUrl\":\"http:\\\/\\\/www.quersaberpolitica.com.br\\\/2016\\\/wp-content\\\/uploads\\\/2014\\\/01\\\/Blogqspmedeiros-300x172.jpg\"},{\"@type\":\"BreadcrumbList\",\"@id\":\"https:\\\/\\\/blogdofarnesio.com.br\\\/?p=70870#breadcrumb\",\"itemListElement\":[{\"@type\":\"ListItem\",\"position\":1,\"name\":\"In\u00edcio\",\"item\":\"https:\\\/\\\/blogdofarnesio.com.br\\\/\"},{\"@type\":\"ListItem\",\"position\":2,\"name\":\"CONTINUA A POL\u00caMICA DO FECHAMENTO DO HOSPITAL DA CRIAN\u00c7A EM JUAZEIRO\"}]},{\"@type\":\"WebSite\",\"@id\":\"https:\\\/\\\/blogdofarnesio.com.br\\\/#website\",\"url\":\"https:\\\/\\\/blogdofarnesio.com.br\\\/\",\"name\":\"Blog do Farn\u00e9sio\",\"description\":\"Quer Saber Pol\u00edtica?\",\"publisher\":{\"@id\":\"https:\\\/\\\/blogdofarnesio.com.br\\\/#organization\"},\"potentialAction\":[{\"@type\":\"SearchAction\",\"target\":{\"@type\":\"EntryPoint\",\"urlTemplate\":\"https:\\\/\\\/blogdofarnesio.com.br\\\/?s={search_term_string}\"},\"query-input\":{\"@type\":\"PropertyValueSpecification\",\"valueRequired\":true,\"valueName\":\"search_term_string\"}}],\"inLanguage\":\"pt-BR\"},{\"@type\":\"Organization\",\"@id\":\"https:\\\/\\\/blogdofarnesio.com.br\\\/#organization\",\"name\":\"Blog do Farn\u00e9sio\",\"url\":\"https:\\\/\\\/blogdofarnesio.com.br\\\/\",\"logo\":{\"@type\":\"ImageObject\",\"inLanguage\":\"pt-BR\",\"@id\":\"https:\\\/\\\/blogdofarnesio.com.br\\\/#\\\/schema\\\/logo\\\/image\\\/\",\"url\":\"https:\\\/\\\/blogdofarnesio.com.br\\\/wp-content\\\/uploads\\\/2026\\\/03\\\/cropped-logo_new-1.png\",\"contentUrl\":\"https:\\\/\\\/blogdofarnesio.com.br\\\/wp-content\\\/uploads\\\/2026\\\/03\\\/cropped-logo_new-1.png\",\"width\":881,\"height\":685,\"caption\":\"Blog do Farn\u00e9sio\"},\"image\":{\"@id\":\"https:\\\/\\\/blogdofarnesio.com.br\\\/#\\\/schema\\\/logo\\\/image\\\/\"},\"sameAs\":[\"https:\\\/\\\/www.facebook.com\\\/BlogQuerSaberPolitica\\\/\"]},{\"@type\":\"Person\",\"@id\":\"https:\\\/\\\/blogdofarnesio.com.br\\\/#\\\/schema\\\/person\\\/dd1bf5eba40b687199ba45ca6b97dff9\",\"name\":\"teste\",\"image\":{\"@type\":\"ImageObject\",\"inLanguage\":\"pt-BR\",\"@id\":\"https:\\\/\\\/secure.gravatar.com\\\/avatar\\\/2172498d4914b51e1d89a0f97957b035ac4938723a5cac208135d389b6972a6d?s=96&d=mm&r=g\",\"url\":\"https:\\\/\\\/secure.gravatar.com\\\/avatar\\\/2172498d4914b51e1d89a0f97957b035ac4938723a5cac208135d389b6972a6d?s=96&d=mm&r=g\",\"contentUrl\":\"https:\\\/\\\/secure.gravatar.com\\\/avatar\\\/2172498d4914b51e1d89a0f97957b035ac4938723a5cac208135d389b6972a6d?s=96&d=mm&r=g\",\"caption\":\"teste\"},\"url\":\"https:\\\/\\\/blogdofarnesio.com.br\\\/?author=3\"}]}<\/script>\n<!-- \/ Yoast SEO plugin. -->","yoast_head_json":{"title":"CONTINUA A POL\u00caMICA DO FECHAMENTO DO HOSPITAL DA CRIAN\u00c7A EM JUAZEIRO  - Blog do Farn\u00e9sio","robots":{"index":"index","follow":"follow","max-snippet":"max-snippet:-1","max-image-preview":"max-image-preview:large","max-video-preview":"max-video-preview:-1"},"canonical":"https:\/\/blogdofarnesio.com.br\/?p=70870","og_locale":"pt_BR","og_type":"article","og_title":"CONTINUA A POL\u00caMICA DO FECHAMENTO DO HOSPITAL DA CRIAN\u00c7A EM JUAZEIRO  - Blog do Farn\u00e9sio","og_description":"A polemica que se iniciou ontem no programa bastidores da not\u00edcia, com as declara\u00e7\u00f5es e esclarecimentos do secret\u00e1rio de Sa\u00fade C\u00e1ssio Garcia, em rela\u00e7\u00e3o ao fechamento do Hospital da crian\u00e7a, noticia que chegou a popula\u00e7\u00e3o atrav\u00e9s do vereador oposicionista Z\u00e9 Carlos Medeiros, continuou nesta sexta-feira (24). Em suas declara\u00e7\u00f5es, o secret\u00e1rio disse que a informa\u00e7\u00e3o n\u00e3o era verdadeira, classificando assim como boatos, e o que est\u00e1 acontecendo \u00e9 uma transfer\u00eancia de servi\u00e7os. Nesta manh\u00e3, Medeiros em participa\u00e7\u00e3o por telefone ao programa, rebateu as declara\u00e7\u00f5es do secret\u00e1rio. De acordo com Medeiros, Ele foi informado da situa\u00e7\u00e3o atrav\u00e9s de uma funcion\u00e1ria.Ao responder o secret\u00e1rio quando chamou a informa\u00e7\u00e3o de boato o vereador foi firme. \u201cO secret\u00e1rio colocou como boato e Ele subestima&hellip;","og_url":"https:\/\/blogdofarnesio.com.br\/?p=70870","og_site_name":"Blog do Farn\u00e9sio","article_publisher":"https:\/\/www.facebook.com\/BlogQuerSaberPolitica\/","article_published_time":"2014-01-24T12:21:46+00:00","article_modified_time":"2014-01-24T12:36:56+00:00","og_image":[{"url":"http:\/\/www.quersaberpolitica.com.br\/2016\/wp-content\/uploads\/2014\/01\/Blogqspmedeiros-300x172.jpg","type":"","width":"","height":""}],"author":"teste","twitter_card":"summary_large_image","twitter_misc":{"Escrito por":"teste","Est. tempo de leitura":"2 minutos"},"schema":{"@context":"https:\/\/schema.org","@graph":[{"@type":"Article","@id":"https:\/\/blogdofarnesio.com.br\/?p=70870#article","isPartOf":{"@id":"https:\/\/blogdofarnesio.com.br\/?p=70870"},"author":{"name":"teste","@id":"https:\/\/blogdofarnesio.com.br\/#\/schema\/person\/dd1bf5eba40b687199ba45ca6b97dff9"},"headline":"CONTINUA A POL\u00caMICA DO FECHAMENTO DO HOSPITAL DA CRIAN\u00c7A EM JUAZEIRO","datePublished":"2014-01-24T12:21:46+00:00","dateModified":"2014-01-24T12:36:56+00:00","mainEntityOfPage":{"@id":"https:\/\/blogdofarnesio.com.br\/?p=70870"},"wordCount":431,"commentCount":0,"publisher":{"@id":"https:\/\/blogdofarnesio.com.br\/#organization"},"image":{"@id":"https:\/\/blogdofarnesio.com.br\/?p=70870#primaryimage"},"thumbnailUrl":"http:\/\/www.quersaberpolitica.com.br\/2016\/wp-content\/uploads\/2014\/01\/Blogqspmedeiros-300x172.jpg","articleSection":["Sa\u00fade"],"inLanguage":"pt-BR","potentialAction":[{"@type":"CommentAction","name":"Comment","target":["https:\/\/blogdofarnesio.com.br\/?p=70870#respond"]}]},{"@type":"WebPage","@id":"https:\/\/blogdofarnesio.com.br\/?p=70870","url":"https:\/\/blogdofarnesio.com.br\/?p=70870","name":"CONTINUA A POL\u00caMICA DO FECHAMENTO DO HOSPITAL DA CRIAN\u00c7A EM JUAZEIRO - Blog do Farn\u00e9sio","isPartOf":{"@id":"https:\/\/blogdofarnesio.com.br\/#website"},"primaryImageOfPage":{"@id":"https:\/\/blogdofarnesio.com.br\/?p=70870#primaryimage"},"image":{"@id":"https:\/\/blogdofarnesio.com.br\/?p=70870#primaryimage"},"thumbnailUrl":"http:\/\/www.quersaberpolitica.com.br\/2016\/wp-content\/uploads\/2014\/01\/Blogqspmedeiros-300x172.jpg","datePublished":"2014-01-24T12:21:46+00:00","dateModified":"2014-01-24T12:36:56+00:00","breadcrumb":{"@id":"https:\/\/blogdofarnesio.com.br\/?p=70870#breadcrumb"},"inLanguage":"pt-BR","potentialAction":[{"@type":"ReadAction","target":["https:\/\/blogdofarnesio.com.br\/?p=70870"]}]},{"@type":"ImageObject","inLanguage":"pt-BR","@id":"https:\/\/blogdofarnesio.com.br\/?p=70870#primaryimage","url":"http:\/\/www.quersaberpolitica.com.br\/2016\/wp-content\/uploads\/2014\/01\/Blogqspmedeiros-300x172.jpg","contentUrl":"http:\/\/www.quersaberpolitica.com.br\/2016\/wp-content\/uploads\/2014\/01\/Blogqspmedeiros-300x172.jpg"},{"@type":"BreadcrumbList","@id":"https:\/\/blogdofarnesio.com.br\/?p=70870#breadcrumb","itemListElement":[{"@type":"ListItem","position":1,"name":"In\u00edcio","item":"https:\/\/blogdofarnesio.com.br\/"},{"@type":"ListItem","position":2,"name":"CONTINUA A POL\u00caMICA DO FECHAMENTO DO HOSPITAL DA CRIAN\u00c7A EM JUAZEIRO"}]},{"@type":"WebSite","@id":"https:\/\/blogdofarnesio.com.br\/#website","url":"https:\/\/blogdofarnesio.com.br\/","name":"Blog do Farn\u00e9sio","description":"Quer Saber Pol\u00edtica?","publisher":{"@id":"https:\/\/blogdofarnesio.com.br\/#organization"},"potentialAction":[{"@type":"SearchAction","target":{"@type":"EntryPoint","urlTemplate":"https:\/\/blogdofarnesio.com.br\/?s={search_term_string}"},"query-input":{"@type":"PropertyValueSpecification","valueRequired":true,"valueName":"search_term_string"}}],"inLanguage":"pt-BR"},{"@type":"Organization","@id":"https:\/\/blogdofarnesio.com.br\/#organization","name":"Blog do Farn\u00e9sio","url":"https:\/\/blogdofarnesio.com.br\/","logo":{"@type":"ImageObject","inLanguage":"pt-BR","@id":"https:\/\/blogdofarnesio.com.br\/#\/schema\/logo\/image\/","url":"https:\/\/blogdofarnesio.com.br\/wp-content\/uploads\/2026\/03\/cropped-logo_new-1.png","contentUrl":"https:\/\/blogdofarnesio.com.br\/wp-content\/uploads\/2026\/03\/cropped-logo_new-1.png","width":881,"height":685,"caption":"Blog do Farn\u00e9sio"},"image":{"@id":"https:\/\/blogdofarnesio.com.br\/#\/schema\/logo\/image\/"},"sameAs":["https:\/\/www.facebook.com\/BlogQuerSaberPolitica\/"]},{"@type":"Person","@id":"https:\/\/blogdofarnesio.com.br\/#\/schema\/person\/dd1bf5eba40b687199ba45ca6b97dff9","name":"teste","image":{"@type":"ImageObject","inLanguage":"pt-BR","@id":"https:\/\/secure.gravatar.com\/avatar\/2172498d4914b51e1d89a0f97957b035ac4938723a5cac208135d389b6972a6d?s=96&d=mm&r=g","url":"https:\/\/secure.gravatar.com\/avatar\/2172498d4914b51e1d89a0f97957b035ac4938723a5cac208135d389b6972a6d?s=96&d=mm&r=g","contentUrl":"https:\/\/secure.gravatar.com\/avatar\/2172498d4914b51e1d89a0f97957b035ac4938723a5cac208135d389b6972a6d?s=96&d=mm&r=g","caption":"teste"},"url":"https:\/\/blogdofarnesio.com.br\/?author=3"}]}},"_links":{"self":[{"href":"https:\/\/blogdofarnesio.com.br\/index.php?rest_route=\/wp\/v2\/posts\/70870","targetHints":{"allow":["GET"]}}],"collection":[{"href":"https:\/\/blogdofarnesio.com.br\/index.php?rest_route=\/wp\/v2\/posts"}],"about":[{"href":"https:\/\/blogdofarnesio.com.br\/index.php?rest_route=\/wp\/v2\/types\/post"}],"author":[{"embeddable":true,"href":"https:\/\/blogdofarnesio.com.br\/index.php?rest_route=\/wp\/v2\/users\/3"}],"replies":[{"embeddable":true,"href":"https:\/\/blogdofarnesio.com.br\/index.php?rest_route=%2Fwp%2Fv2%2Fcomments&post=70870"}],"version-history":[{"count":0,"href":"https:\/\/blogdofarnesio.com.br\/index.php?rest_route=\/wp\/v2\/posts\/70870\/revisions"}],"wp:attachment":[{"href":"https:\/\/blogdofarnesio.com.br\/index.php?rest_route=%2Fwp%2Fv2%2Fmedia&parent=70870"}],"wp:term":[{"taxonomy":"category","embeddable":true,"href":"https:\/\/blogdofarnesio.com.br\/index.php?rest_route=%2Fwp%2Fv2%2Fcategories&post=70870"},{"taxonomy":"post_tag","embeddable":true,"href":"https:\/\/blogdofarnesio.com.br\/index.php?rest_route=%2Fwp%2Fv2%2Ftags&post=70870"}],"curies":[{"name":"wp","href":"https:\/\/api.w.org\/{rel}","templated":true}]}}