{"id":70866,"date":"2014-01-24T08:55:36","date_gmt":"2014-01-24T11:55:36","guid":{"rendered":"http:\/\/www.quersaberpolitica.com.br\/?p=70866"},"modified":"2014-01-24T08:55:36","modified_gmt":"2014-01-24T11:55:36","slug":"univasf-promete-o-pagamento-de-salarios-atrasados-e-a-greve-dos-medicos-do-hospital-universitario-e-suspensa","status":"publish","type":"post","link":"https:\/\/blogdofarnesio.com.br\/?p=70866","title":{"rendered":"UNIVASF PROMETE O PAGAMENTO DE SAL\u00c1RIOS ATRASADOS E A GREVE DOS M\u00c9DICOS DO HOSPITAL UNIVERSIT\u00c1RIO \u00c9 SUSPENSA"},"content":{"rendered":"<p style=\"text-align: justify\"><a href=\"http:\/\/www.quersaberpolitica.com.br\/2016\/wp-content\/uploads\/2013\/03\/blogqsp.trauma.jpg\"><img loading=\"lazy\" decoding=\"async\" class=\"alignleft size-medium wp-image-31444\" alt=\"blogqsp.trauma\" src=\"http:\/\/www.quersaberpolitica.com.br\/2016\/wp-content\/uploads\/2013\/03\/blogqsp.trauma-300x224.jpg\" width=\"300\" height=\"224\" srcset=\"https:\/\/blogdofarnesio.com.br\/wp-content\/uploads\/2013\/03\/blogqsp.trauma-300x224.jpg 300w, https:\/\/blogdofarnesio.com.br\/wp-content\/uploads\/2013\/03\/blogqsp.trauma.jpg 314w\" sizes=\"auto, (max-width: 300px) 100vw, 300px\" \/><\/a>Os m\u00e9dicos do Hospital Universit\u00e1rio que decidiram entrar em greve na segunda-feira (20), suspenderam o movimento hoje pela manh\u00e3. A suspens\u00e3o \u00e9 at\u00e9 a pr\u00f3xima ter\u00e7a-feira (28) prazo informado pela Univasf para o pagamento da folha.<\/p>\n<p style=\"text-align: justify\">O Simepe diz que atendeu ao pedido do procurador do Minist\u00e9rio Publico Federal (MPF) de aguardar at\u00e9 a semana que vem para se manifestar. No documento enviado ao sindicato o procurador diz que vai instaurar um procedimento administrativo para investigar irregularidades dos repasses do governo federal a univasf.<\/p>\n<p style=\"text-align: justify\">Ontem \u00e0 noite, a assessoria de comunica\u00e7\u00e3o da Univasf emitiu uma nota para informar que recebeu um repasse emergencial do Governo Federal para o pagamento dos sal\u00e1rios atrasados, o que deve ocorrer at\u00e9 a ter\u00e7a-feira (28). Informou ainda que a universidade foi comunicada oficialmente da greve um dia antes, portanto, fora do prazo legal que \u00e9 de 72 horas. Por conta disso, iria informar ao Minist\u00e9rio Publico Do Trabalho (MPT) a ilegalidade da greve.<\/p>\n<p style=\"text-align: justify\">O Hospital Universit\u00e1rio \u00e9 refer\u00eancia em atendimento de urg\u00eancia na regi\u00e3o atendendo a cerce de 50 munic\u00edpios nos estados de Pernambuco , Bahia, Cear\u00e1 e Piaui. Os m\u00e9dicos protestam contra o atraso frequente de sal\u00e1rios, al\u00e9m das m\u00e1s condi\u00e7\u00f5es de trabalho. A situa\u00e7\u00e3o se estende aos demais profissionais do HU.<\/p>\n<p style=\"text-align: justify\"><strong>Por Rinaldo Lima<\/strong><\/p>\n","protected":false},"excerpt":{"rendered":"<p>Os m\u00e9dicos do Hospital Universit\u00e1rio que decidiram entrar em greve na segunda-feira (20), suspenderam o movimento hoje pela manh\u00e3. A suspens\u00e3o \u00e9 at\u00e9 a pr\u00f3xima ter\u00e7a-feira (28) prazo informado pela Univasf para o pagamento da folha. O Simepe diz que atendeu ao pedido do procurador do Minist\u00e9rio Publico Federal (MPF) de aguardar at\u00e9 a semana que vem para se manifestar. No documento enviado ao sindicato o procurador diz que vai instaurar um procedimento administrativo para investigar irregularidades dos repasses do governo federal a univasf. Ontem \u00e0 noite, a assessoria de comunica\u00e7\u00e3o da Univasf emitiu uma nota para informar que recebeu um repasse emergencial do Governo Federal para o pagamento dos sal\u00e1rios atrasados, o que deve ocorrer at\u00e9 a ter\u00e7a-feira (28).&hellip; <\/p>\n","protected":false},"author":3,"featured_media":0,"comment_status":"open","ping_status":"open","sticky":false,"template":"","format":"standard","meta":{"_acf_changed":false,"footnotes":""},"categories":[4],"tags":[],"class_list":["post-70866","post","type-post","status-publish","format-standard","hentry","category-saude"],"acf":[],"yoast_head":"<!-- This site is optimized with the Yoast SEO plugin v27.4 - https:\/\/yoast.com\/product\/yoast-seo-wordpress\/ -->\n<title>UNIVASF PROMETE O PAGAMENTO DE SAL\u00c1RIOS ATRASADOS E A GREVE DOS M\u00c9DICOS DO HOSPITAL UNIVERSIT\u00c1RIO \u00c9 SUSPENSA  - Blog do Farn\u00e9sio<\/title>\n<meta name=\"robots\" content=\"index, follow, max-snippet:-1, max-image-preview:large, max-video-preview:-1\" \/>\n<link rel=\"canonical\" href=\"https:\/\/blogdofarnesio.com.br\/?p=70866\" \/>\n<meta property=\"og:locale\" content=\"pt_BR\" \/>\n<meta property=\"og:type\" content=\"article\" \/>\n<meta property=\"og:title\" content=\"UNIVASF PROMETE O PAGAMENTO DE SAL\u00c1RIOS ATRASADOS E A GREVE DOS M\u00c9DICOS DO HOSPITAL UNIVERSIT\u00c1RIO \u00c9 SUSPENSA  - Blog do Farn\u00e9sio\" \/>\n<meta property=\"og:description\" content=\"Os m\u00e9dicos do Hospital Universit\u00e1rio que decidiram entrar em greve na segunda-feira (20), suspenderam o movimento hoje pela manh\u00e3. A suspens\u00e3o \u00e9 at\u00e9 a pr\u00f3xima ter\u00e7a-feira (28) prazo informado pela Univasf para o pagamento da folha. O Simepe diz que atendeu ao pedido do procurador do Minist\u00e9rio Publico Federal (MPF) de aguardar at\u00e9 a semana que vem para se manifestar. No documento enviado ao sindicato o procurador diz que vai instaurar um procedimento administrativo para investigar irregularidades dos repasses do governo federal a univasf. Ontem \u00e0 noite, a assessoria de comunica\u00e7\u00e3o da Univasf emitiu uma nota para informar que recebeu um repasse emergencial do Governo Federal para o pagamento dos sal\u00e1rios atrasados, o que deve ocorrer at\u00e9 a ter\u00e7a-feira (28).&hellip;\" \/>\n<meta property=\"og:url\" content=\"https:\/\/blogdofarnesio.com.br\/?p=70866\" \/>\n<meta property=\"og:site_name\" content=\"Blog do Farn\u00e9sio\" \/>\n<meta property=\"article:publisher\" content=\"https:\/\/www.facebook.com\/BlogQuerSaberPolitica\/\" \/>\n<meta property=\"article:published_time\" content=\"2014-01-24T11:55:36+00:00\" \/>\n<meta property=\"og:image\" content=\"http:\/\/www.quersaberpolitica.com.br\/2016\/wp-content\/uploads\/2013\/03\/blogqsp.trauma-300x224.jpg\" \/>\n<meta name=\"author\" content=\"teste\" \/>\n<meta name=\"twitter:card\" content=\"summary_large_image\" \/>\n<meta name=\"twitter:label1\" content=\"Escrito por\" \/>\n\t<meta name=\"twitter:data1\" content=\"teste\" \/>\n\t<meta name=\"twitter:label2\" content=\"Est. tempo de leitura\" \/>\n\t<meta name=\"twitter:data2\" content=\"1 minuto\" \/>\n<script type=\"application\/ld+json\" class=\"yoast-schema-graph\">{\"@context\":\"https:\\\/\\\/schema.org\",\"@graph\":[{\"@type\":\"Article\",\"@id\":\"https:\\\/\\\/blogdofarnesio.com.br\\\/?p=70866#article\",\"isPartOf\":{\"@id\":\"https:\\\/\\\/blogdofarnesio.com.br\\\/?p=70866\"},\"author\":{\"name\":\"teste\",\"@id\":\"https:\\\/\\\/blogdofarnesio.com.br\\\/#\\\/schema\\\/person\\\/dd1bf5eba40b687199ba45ca6b97dff9\"},\"headline\":\"UNIVASF PROMETE O PAGAMENTO DE SAL\u00c1RIOS ATRASADOS E A GREVE DOS M\u00c9DICOS DO HOSPITAL UNIVERSIT\u00c1RIO \u00c9 SUSPENSA\",\"datePublished\":\"2014-01-24T11:55:36+00:00\",\"mainEntityOfPage\":{\"@id\":\"https:\\\/\\\/blogdofarnesio.com.br\\\/?p=70866\"},\"wordCount\":241,\"commentCount\":0,\"publisher\":{\"@id\":\"https:\\\/\\\/blogdofarnesio.com.br\\\/#organization\"},\"image\":{\"@id\":\"https:\\\/\\\/blogdofarnesio.com.br\\\/?p=70866#primaryimage\"},\"thumbnailUrl\":\"http:\\\/\\\/www.quersaberpolitica.com.br\\\/2016\\\/wp-content\\\/uploads\\\/2013\\\/03\\\/blogqsp.trauma-300x224.jpg\",\"articleSection\":[\"Sa\u00fade\"],\"inLanguage\":\"pt-BR\",\"potentialAction\":[{\"@type\":\"CommentAction\",\"name\":\"Comment\",\"target\":[\"https:\\\/\\\/blogdofarnesio.com.br\\\/?p=70866#respond\"]}]},{\"@type\":\"WebPage\",\"@id\":\"https:\\\/\\\/blogdofarnesio.com.br\\\/?p=70866\",\"url\":\"https:\\\/\\\/blogdofarnesio.com.br\\\/?p=70866\",\"name\":\"UNIVASF PROMETE O PAGAMENTO DE SAL\u00c1RIOS ATRASADOS E A GREVE DOS M\u00c9DICOS DO HOSPITAL UNIVERSIT\u00c1RIO \u00c9 SUSPENSA - Blog do Farn\u00e9sio\",\"isPartOf\":{\"@id\":\"https:\\\/\\\/blogdofarnesio.com.br\\\/#website\"},\"primaryImageOfPage\":{\"@id\":\"https:\\\/\\\/blogdofarnesio.com.br\\\/?p=70866#primaryimage\"},\"image\":{\"@id\":\"https:\\\/\\\/blogdofarnesio.com.br\\\/?p=70866#primaryimage\"},\"thumbnailUrl\":\"http:\\\/\\\/www.quersaberpolitica.com.br\\\/2016\\\/wp-content\\\/uploads\\\/2013\\\/03\\\/blogqsp.trauma-300x224.jpg\",\"datePublished\":\"2014-01-24T11:55:36+00:00\",\"breadcrumb\":{\"@id\":\"https:\\\/\\\/blogdofarnesio.com.br\\\/?p=70866#breadcrumb\"},\"inLanguage\":\"pt-BR\",\"potentialAction\":[{\"@type\":\"ReadAction\",\"target\":[\"https:\\\/\\\/blogdofarnesio.com.br\\\/?p=70866\"]}]},{\"@type\":\"ImageObject\",\"inLanguage\":\"pt-BR\",\"@id\":\"https:\\\/\\\/blogdofarnesio.com.br\\\/?p=70866#primaryimage\",\"url\":\"http:\\\/\\\/www.quersaberpolitica.com.br\\\/2016\\\/wp-content\\\/uploads\\\/2013\\\/03\\\/blogqsp.trauma-300x224.jpg\",\"contentUrl\":\"http:\\\/\\\/www.quersaberpolitica.com.br\\\/2016\\\/wp-content\\\/uploads\\\/2013\\\/03\\\/blogqsp.trauma-300x224.jpg\"},{\"@type\":\"BreadcrumbList\",\"@id\":\"https:\\\/\\\/blogdofarnesio.com.br\\\/?p=70866#breadcrumb\",\"itemListElement\":[{\"@type\":\"ListItem\",\"position\":1,\"name\":\"In\u00edcio\",\"item\":\"https:\\\/\\\/blogdofarnesio.com.br\\\/\"},{\"@type\":\"ListItem\",\"position\":2,\"name\":\"UNIVASF PROMETE O PAGAMENTO DE SAL\u00c1RIOS ATRASADOS E A GREVE DOS M\u00c9DICOS DO HOSPITAL UNIVERSIT\u00c1RIO \u00c9 SUSPENSA\"}]},{\"@type\":\"WebSite\",\"@id\":\"https:\\\/\\\/blogdofarnesio.com.br\\\/#website\",\"url\":\"https:\\\/\\\/blogdofarnesio.com.br\\\/\",\"name\":\"Blog do Farn\u00e9sio\",\"description\":\"Quer Saber Pol\u00edtica?\",\"publisher\":{\"@id\":\"https:\\\/\\\/blogdofarnesio.com.br\\\/#organization\"},\"potentialAction\":[{\"@type\":\"SearchAction\",\"target\":{\"@type\":\"EntryPoint\",\"urlTemplate\":\"https:\\\/\\\/blogdofarnesio.com.br\\\/?s={search_term_string}\"},\"query-input\":{\"@type\":\"PropertyValueSpecification\",\"valueRequired\":true,\"valueName\":\"search_term_string\"}}],\"inLanguage\":\"pt-BR\"},{\"@type\":\"Organization\",\"@id\":\"https:\\\/\\\/blogdofarnesio.com.br\\\/#organization\",\"name\":\"Blog do Farn\u00e9sio\",\"url\":\"https:\\\/\\\/blogdofarnesio.com.br\\\/\",\"logo\":{\"@type\":\"ImageObject\",\"inLanguage\":\"pt-BR\",\"@id\":\"https:\\\/\\\/blogdofarnesio.com.br\\\/#\\\/schema\\\/logo\\\/image\\\/\",\"url\":\"https:\\\/\\\/blogdofarnesio.com.br\\\/wp-content\\\/uploads\\\/2026\\\/03\\\/cropped-logo_new-1.png\",\"contentUrl\":\"https:\\\/\\\/blogdofarnesio.com.br\\\/wp-content\\\/uploads\\\/2026\\\/03\\\/cropped-logo_new-1.png\",\"width\":881,\"height\":685,\"caption\":\"Blog do Farn\u00e9sio\"},\"image\":{\"@id\":\"https:\\\/\\\/blogdofarnesio.com.br\\\/#\\\/schema\\\/logo\\\/image\\\/\"},\"sameAs\":[\"https:\\\/\\\/www.facebook.com\\\/BlogQuerSaberPolitica\\\/\"]},{\"@type\":\"Person\",\"@id\":\"https:\\\/\\\/blogdofarnesio.com.br\\\/#\\\/schema\\\/person\\\/dd1bf5eba40b687199ba45ca6b97dff9\",\"name\":\"teste\",\"image\":{\"@type\":\"ImageObject\",\"inLanguage\":\"pt-BR\",\"@id\":\"https:\\\/\\\/secure.gravatar.com\\\/avatar\\\/2172498d4914b51e1d89a0f97957b035ac4938723a5cac208135d389b6972a6d?s=96&d=mm&r=g\",\"url\":\"https:\\\/\\\/secure.gravatar.com\\\/avatar\\\/2172498d4914b51e1d89a0f97957b035ac4938723a5cac208135d389b6972a6d?s=96&d=mm&r=g\",\"contentUrl\":\"https:\\\/\\\/secure.gravatar.com\\\/avatar\\\/2172498d4914b51e1d89a0f97957b035ac4938723a5cac208135d389b6972a6d?s=96&d=mm&r=g\",\"caption\":\"teste\"},\"url\":\"https:\\\/\\\/blogdofarnesio.com.br\\\/?author=3\"}]}<\/script>\n<!-- \/ Yoast SEO plugin. -->","yoast_head_json":{"title":"UNIVASF PROMETE O PAGAMENTO DE SAL\u00c1RIOS ATRASADOS E A GREVE DOS M\u00c9DICOS DO HOSPITAL UNIVERSIT\u00c1RIO \u00c9 SUSPENSA  - Blog do Farn\u00e9sio","robots":{"index":"index","follow":"follow","max-snippet":"max-snippet:-1","max-image-preview":"max-image-preview:large","max-video-preview":"max-video-preview:-1"},"canonical":"https:\/\/blogdofarnesio.com.br\/?p=70866","og_locale":"pt_BR","og_type":"article","og_title":"UNIVASF PROMETE O PAGAMENTO DE SAL\u00c1RIOS ATRASADOS E A GREVE DOS M\u00c9DICOS DO HOSPITAL UNIVERSIT\u00c1RIO \u00c9 SUSPENSA  - Blog do Farn\u00e9sio","og_description":"Os m\u00e9dicos do Hospital Universit\u00e1rio que decidiram entrar em greve na segunda-feira (20), suspenderam o movimento hoje pela manh\u00e3. A suspens\u00e3o \u00e9 at\u00e9 a pr\u00f3xima ter\u00e7a-feira (28) prazo informado pela Univasf para o pagamento da folha. O Simepe diz que atendeu ao pedido do procurador do Minist\u00e9rio Publico Federal (MPF) de aguardar at\u00e9 a semana que vem para se manifestar. No documento enviado ao sindicato o procurador diz que vai instaurar um procedimento administrativo para investigar irregularidades dos repasses do governo federal a univasf. Ontem \u00e0 noite, a assessoria de comunica\u00e7\u00e3o da Univasf emitiu uma nota para informar que recebeu um repasse emergencial do Governo Federal para o pagamento dos sal\u00e1rios atrasados, o que deve ocorrer at\u00e9 a ter\u00e7a-feira (28).&hellip;","og_url":"https:\/\/blogdofarnesio.com.br\/?p=70866","og_site_name":"Blog do Farn\u00e9sio","article_publisher":"https:\/\/www.facebook.com\/BlogQuerSaberPolitica\/","article_published_time":"2014-01-24T11:55:36+00:00","og_image":[{"url":"http:\/\/www.quersaberpolitica.com.br\/2016\/wp-content\/uploads\/2013\/03\/blogqsp.trauma-300x224.jpg","type":"","width":"","height":""}],"author":"teste","twitter_card":"summary_large_image","twitter_misc":{"Escrito por":"teste","Est. tempo de leitura":"1 minuto"},"schema":{"@context":"https:\/\/schema.org","@graph":[{"@type":"Article","@id":"https:\/\/blogdofarnesio.com.br\/?p=70866#article","isPartOf":{"@id":"https:\/\/blogdofarnesio.com.br\/?p=70866"},"author":{"name":"teste","@id":"https:\/\/blogdofarnesio.com.br\/#\/schema\/person\/dd1bf5eba40b687199ba45ca6b97dff9"},"headline":"UNIVASF PROMETE O PAGAMENTO DE SAL\u00c1RIOS ATRASADOS E A GREVE DOS M\u00c9DICOS DO HOSPITAL UNIVERSIT\u00c1RIO \u00c9 SUSPENSA","datePublished":"2014-01-24T11:55:36+00:00","mainEntityOfPage":{"@id":"https:\/\/blogdofarnesio.com.br\/?p=70866"},"wordCount":241,"commentCount":0,"publisher":{"@id":"https:\/\/blogdofarnesio.com.br\/#organization"},"image":{"@id":"https:\/\/blogdofarnesio.com.br\/?p=70866#primaryimage"},"thumbnailUrl":"http:\/\/www.quersaberpolitica.com.br\/2016\/wp-content\/uploads\/2013\/03\/blogqsp.trauma-300x224.jpg","articleSection":["Sa\u00fade"],"inLanguage":"pt-BR","potentialAction":[{"@type":"CommentAction","name":"Comment","target":["https:\/\/blogdofarnesio.com.br\/?p=70866#respond"]}]},{"@type":"WebPage","@id":"https:\/\/blogdofarnesio.com.br\/?p=70866","url":"https:\/\/blogdofarnesio.com.br\/?p=70866","name":"UNIVASF PROMETE O PAGAMENTO DE SAL\u00c1RIOS ATRASADOS E A GREVE DOS M\u00c9DICOS DO HOSPITAL UNIVERSIT\u00c1RIO \u00c9 SUSPENSA - Blog do Farn\u00e9sio","isPartOf":{"@id":"https:\/\/blogdofarnesio.com.br\/#website"},"primaryImageOfPage":{"@id":"https:\/\/blogdofarnesio.com.br\/?p=70866#primaryimage"},"image":{"@id":"https:\/\/blogdofarnesio.com.br\/?p=70866#primaryimage"},"thumbnailUrl":"http:\/\/www.quersaberpolitica.com.br\/2016\/wp-content\/uploads\/2013\/03\/blogqsp.trauma-300x224.jpg","datePublished":"2014-01-24T11:55:36+00:00","breadcrumb":{"@id":"https:\/\/blogdofarnesio.com.br\/?p=70866#breadcrumb"},"inLanguage":"pt-BR","potentialAction":[{"@type":"ReadAction","target":["https:\/\/blogdofarnesio.com.br\/?p=70866"]}]},{"@type":"ImageObject","inLanguage":"pt-BR","@id":"https:\/\/blogdofarnesio.com.br\/?p=70866#primaryimage","url":"http:\/\/www.quersaberpolitica.com.br\/2016\/wp-content\/uploads\/2013\/03\/blogqsp.trauma-300x224.jpg","contentUrl":"http:\/\/www.quersaberpolitica.com.br\/2016\/wp-content\/uploads\/2013\/03\/blogqsp.trauma-300x224.jpg"},{"@type":"BreadcrumbList","@id":"https:\/\/blogdofarnesio.com.br\/?p=70866#breadcrumb","itemListElement":[{"@type":"ListItem","position":1,"name":"In\u00edcio","item":"https:\/\/blogdofarnesio.com.br\/"},{"@type":"ListItem","position":2,"name":"UNIVASF PROMETE O PAGAMENTO DE SAL\u00c1RIOS ATRASADOS E A GREVE DOS M\u00c9DICOS DO HOSPITAL UNIVERSIT\u00c1RIO \u00c9 SUSPENSA"}]},{"@type":"WebSite","@id":"https:\/\/blogdofarnesio.com.br\/#website","url":"https:\/\/blogdofarnesio.com.br\/","name":"Blog do Farn\u00e9sio","description":"Quer Saber Pol\u00edtica?","publisher":{"@id":"https:\/\/blogdofarnesio.com.br\/#organization"},"potentialAction":[{"@type":"SearchAction","target":{"@type":"EntryPoint","urlTemplate":"https:\/\/blogdofarnesio.com.br\/?s={search_term_string}"},"query-input":{"@type":"PropertyValueSpecification","valueRequired":true,"valueName":"search_term_string"}}],"inLanguage":"pt-BR"},{"@type":"Organization","@id":"https:\/\/blogdofarnesio.com.br\/#organization","name":"Blog do Farn\u00e9sio","url":"https:\/\/blogdofarnesio.com.br\/","logo":{"@type":"ImageObject","inLanguage":"pt-BR","@id":"https:\/\/blogdofarnesio.com.br\/#\/schema\/logo\/image\/","url":"https:\/\/blogdofarnesio.com.br\/wp-content\/uploads\/2026\/03\/cropped-logo_new-1.png","contentUrl":"https:\/\/blogdofarnesio.com.br\/wp-content\/uploads\/2026\/03\/cropped-logo_new-1.png","width":881,"height":685,"caption":"Blog do Farn\u00e9sio"},"image":{"@id":"https:\/\/blogdofarnesio.com.br\/#\/schema\/logo\/image\/"},"sameAs":["https:\/\/www.facebook.com\/BlogQuerSaberPolitica\/"]},{"@type":"Person","@id":"https:\/\/blogdofarnesio.com.br\/#\/schema\/person\/dd1bf5eba40b687199ba45ca6b97dff9","name":"teste","image":{"@type":"ImageObject","inLanguage":"pt-BR","@id":"https:\/\/secure.gravatar.com\/avatar\/2172498d4914b51e1d89a0f97957b035ac4938723a5cac208135d389b6972a6d?s=96&d=mm&r=g","url":"https:\/\/secure.gravatar.com\/avatar\/2172498d4914b51e1d89a0f97957b035ac4938723a5cac208135d389b6972a6d?s=96&d=mm&r=g","contentUrl":"https:\/\/secure.gravatar.com\/avatar\/2172498d4914b51e1d89a0f97957b035ac4938723a5cac208135d389b6972a6d?s=96&d=mm&r=g","caption":"teste"},"url":"https:\/\/blogdofarnesio.com.br\/?author=3"}]}},"_links":{"self":[{"href":"https:\/\/blogdofarnesio.com.br\/index.php?rest_route=\/wp\/v2\/posts\/70866","targetHints":{"allow":["GET"]}}],"collection":[{"href":"https:\/\/blogdofarnesio.com.br\/index.php?rest_route=\/wp\/v2\/posts"}],"about":[{"href":"https:\/\/blogdofarnesio.com.br\/index.php?rest_route=\/wp\/v2\/types\/post"}],"author":[{"embeddable":true,"href":"https:\/\/blogdofarnesio.com.br\/index.php?rest_route=\/wp\/v2\/users\/3"}],"replies":[{"embeddable":true,"href":"https:\/\/blogdofarnesio.com.br\/index.php?rest_route=%2Fwp%2Fv2%2Fcomments&post=70866"}],"version-history":[{"count":0,"href":"https:\/\/blogdofarnesio.com.br\/index.php?rest_route=\/wp\/v2\/posts\/70866\/revisions"}],"wp:attachment":[{"href":"https:\/\/blogdofarnesio.com.br\/index.php?rest_route=%2Fwp%2Fv2%2Fmedia&parent=70866"}],"wp:term":[{"taxonomy":"category","embeddable":true,"href":"https:\/\/blogdofarnesio.com.br\/index.php?rest_route=%2Fwp%2Fv2%2Fcategories&post=70866"},{"taxonomy":"post_tag","embeddable":true,"href":"https:\/\/blogdofarnesio.com.br\/index.php?rest_route=%2Fwp%2Fv2%2Ftags&post=70866"}],"curies":[{"name":"wp","href":"https:\/\/api.w.org\/{rel}","templated":true}]}}