{"id":70848,"date":"2014-01-24T13:02:58","date_gmt":"2014-01-24T16:02:58","guid":{"rendered":"http:\/\/www.quersaberpolitica.com.br\/?p=70848"},"modified":"2014-01-24T10:08:17","modified_gmt":"2014-01-24T13:08:17","slug":"comissao-pro-selos-unicef-abrinq-e-avante-se-reunem-para-articular-novas-acoes-para-a-semana-do-bebe","status":"publish","type":"post","link":"https:\/\/blogdofarnesio.com.br\/?p=70848","title":{"rendered":"COMISS\u00c3O PR\u00d3-SELOS UNICEF, ABRINQ E AVANTE SE RE\u00daNEM PARA ARTICULAR NOVAS A\u00c7\u00d5ES PARA A SEMANA DO BEB\u00ca"},"content":{"rendered":"<p style=\"text-align: justify\"><a href=\"http:\/\/www.quersaberpolitica.com.br\/2016\/wp-content\/uploads\/2014\/01\/1615215_501473066633208_1410559950_n.jpg\"><img loading=\"lazy\" decoding=\"async\" class=\"alignleft size-medium wp-image-70849\" alt=\"blogqspbebe\" src=\"http:\/\/www.quersaberpolitica.com.br\/2016\/wp-content\/uploads\/2014\/01\/1615215_501473066633208_1410559950_n-300x136.jpg\" width=\"300\" height=\"136\" srcset=\"https:\/\/blogdofarnesio.com.br\/wp-content\/uploads\/2014\/01\/1615215_501473066633208_1410559950_n-300x136.jpg 300w, https:\/\/blogdofarnesio.com.br\/wp-content\/uploads\/2014\/01\/1615215_501473066633208_1410559950_n.jpg 500w\" sizes=\"auto, (max-width: 300px) 100vw, 300px\" \/><\/a>Para estudar as novas estrat\u00e9gias de pol\u00edticas p\u00fablicas para a conquista do selo Unicef\/Abrinq\/Avante, nesta edi\u00e7\u00e3o 2013\/2016, e dar in\u00edcio as atividades em prol da Semana do Beb\u00ea que ser\u00e1 realizada este ano (2014), de 11 (Dia das M\u00e3es) a 17 de maio; a comiss\u00e3o que atuar\u00e1 no evento reuniu-se na Casa dos Conselhos, ao lado da SEDIS, na quarta-feira, 22.<\/p>\n<p style=\"text-align: justify\">O objetivo foi manter a articula\u00e7\u00e3o das atividades que ser\u00e3o desenvolvidas para realiza\u00e7\u00e3o do evento, que tem como finalidade melhorar a qualidade de vida das crian\u00e7as e adolescentes, familiares e comunidade em geral. Al\u00e9m dos selos Unicef e Abrinq, o munic\u00edpio j\u00e1 est\u00e1 concorrendo ao AVANTE\/SANTADER, com o intuito de aumentar a mobiliza\u00e7\u00e3o social, inclusive para a popula\u00e7\u00e3o da primeira inf\u00e2ncia.<!--more--><\/p>\n<p style=\"text-align: justify\">De acordo com a articuladora dos Selos Unicef, Abrinq e Avante na Sa\u00fade, Carla Lorena Pesqueira, a Semana do Beb\u00ea ter\u00e1 como abordagem principal o tema \u2018Amamenta\u00e7\u00e3o\u2019, al\u00e9m de outros que contemplam esses direitos. Contar\u00e1 com a articula\u00e7\u00e3o das tr\u00eas Secretarias envolvidas, Sa\u00fade, Educa\u00e7\u00e3o e Social, al\u00e9m de outros \u00f3rg\u00e3os como: o Conselho Municipal dos Direitos das Crian\u00e7as e Adolescentes &#8211; CMDCA, C\u00e2mara de Vereadores e Univasf.<\/p>\n<p style=\"text-align: justify\">Para a articuladora, a Semana do Beb\u00ea \u00e9 um momento de reflex\u00e3o e avalia\u00e7\u00e3o das condi\u00e7\u00f5es sociais, educacionais e de sa\u00fade que o munic\u00edpio oferece as crian\u00e7as na sua primeira inf\u00e2ncia e com essa avalia\u00e7\u00e3o melhorar os servi\u00e7os. \u201cEsse ano a proposta \u00e9 inserir a sociedade civil, as empresas privadas, hospitais, universidades, organiza\u00e7\u00f5es sociais e Conselhos em todas as atividades. \u00c9 muito importante dialogarmos com todos para melhor planejamento do trabalho que tem como ideal o desenvolvimento pleno da a\u00e7\u00e3o. Pensar em construir \u00e9 promover cuidado e prote\u00e7\u00e3o, isso n\u00e3o depende apenas de um n\u00facleo, \u00e9 dever de todos n\u00f3s\u201d, ressaltou.<\/p>\n<p style=\"text-align: justify\">Segundo informa\u00e7\u00f5es de Carla Lorena Pesqueira, algumas ideias foram levantadas durante a reuni\u00e3o, como a possibilidade de inserir as m\u00e3es do pres\u00eddio no sistema de cuidado e prote\u00e7\u00e3o com o seu beb\u00ea. \u201cIsso atrav\u00e9s de a\u00e7\u00f5es de valoriza\u00e7\u00e3o. A novidade para esse ano na abertura da Semana do Beb\u00ea \u00e9 promover um ato com as m\u00e3es atrav\u00e9s da entrega da chave da cidade ao primeiro beb\u00ea que nascer no dia das m\u00e3es (11 de maio), al\u00e9m de outras complementares\u201d, concluiu.<\/p>\n<p style=\"text-align: justify\">O pr\u00f3ximo encontro est\u00e1 previsto para acontecer no dia 12 de fevereiro \u00e0s 9h na Casa dos Conselhos. Em dezembro do ano passado, o munic\u00edpio de Juazeiro participou do 1\u00ba Ciclo de Capacita\u00e7\u00e3o do Selo UNICEF Munic\u00edpio Aprovado Edi\u00e7\u00e3o 2013-2016, que ocorreu em Feira de Santana. A a\u00e7\u00e3o teve como proposta levar aos profissionais as novas metodologias que dever\u00e3o ser executadas para universaliza\u00e7\u00e3o dos direitos e redu\u00e7\u00e3o das desigualdades que afetam as crian\u00e7as e adolescentes na regi\u00e3o.<\/p>\n<p><strong>V\u00e2nia Castro\/Assessoria Sesau<\/strong><\/p>\n","protected":false},"excerpt":{"rendered":"<p>Para estudar as novas estrat\u00e9gias de pol\u00edticas p\u00fablicas para a conquista do selo Unicef\/Abrinq\/Avante, nesta edi\u00e7\u00e3o 2013\/2016, e dar in\u00edcio as atividades em prol da Semana do Beb\u00ea que ser\u00e1 realizada este ano (2014), de 11 (Dia das M\u00e3es) a 17 de maio; a comiss\u00e3o que atuar\u00e1 no evento reuniu-se na Casa dos Conselhos, ao lado da SEDIS, na quarta-feira, 22. O objetivo foi manter a articula\u00e7\u00e3o das atividades que ser\u00e3o desenvolvidas para realiza\u00e7\u00e3o do evento, que tem como finalidade melhorar a qualidade de vida das crian\u00e7as e adolescentes, familiares e comunidade em geral. Al\u00e9m dos selos Unicef e Abrinq, o munic\u00edpio j\u00e1 est\u00e1 concorrendo ao AVANTE\/SANTADER, com o intuito de aumentar a mobiliza\u00e7\u00e3o social, inclusive para a popula\u00e7\u00e3o da&hellip; <\/p>\n","protected":false},"author":3,"featured_media":0,"comment_status":"open","ping_status":"open","sticky":false,"template":"","format":"standard","meta":{"_acf_changed":false,"footnotes":""},"categories":[22],"tags":[],"class_list":["post-70848","post","type-post","status-publish","format-standard","hentry","category-acao-social"],"acf":[],"yoast_head":"<!-- This site is optimized with the Yoast SEO plugin v27.4 - https:\/\/yoast.com\/product\/yoast-seo-wordpress\/ -->\n<title>COMISS\u00c3O PR\u00d3-SELOS UNICEF, ABRINQ E AVANTE SE RE\u00daNEM PARA ARTICULAR NOVAS A\u00c7\u00d5ES PARA A SEMANA DO BEB\u00ca - Blog do Farn\u00e9sio<\/title>\n<meta name=\"robots\" content=\"index, follow, max-snippet:-1, max-image-preview:large, max-video-preview:-1\" \/>\n<link rel=\"canonical\" href=\"https:\/\/blogdofarnesio.com.br\/?p=70848\" \/>\n<meta property=\"og:locale\" content=\"pt_BR\" \/>\n<meta property=\"og:type\" content=\"article\" \/>\n<meta property=\"og:title\" content=\"COMISS\u00c3O PR\u00d3-SELOS UNICEF, ABRINQ E AVANTE SE RE\u00daNEM PARA ARTICULAR NOVAS A\u00c7\u00d5ES PARA A SEMANA DO BEB\u00ca - Blog do Farn\u00e9sio\" \/>\n<meta property=\"og:description\" content=\"Para estudar as novas estrat\u00e9gias de pol\u00edticas p\u00fablicas para a conquista do selo Unicef\/Abrinq\/Avante, nesta edi\u00e7\u00e3o 2013\/2016, e dar in\u00edcio as atividades em prol da Semana do Beb\u00ea que ser\u00e1 realizada este ano (2014), de 11 (Dia das M\u00e3es) a 17 de maio; a comiss\u00e3o que atuar\u00e1 no evento reuniu-se na Casa dos Conselhos, ao lado da SEDIS, na quarta-feira, 22. O objetivo foi manter a articula\u00e7\u00e3o das atividades que ser\u00e3o desenvolvidas para realiza\u00e7\u00e3o do evento, que tem como finalidade melhorar a qualidade de vida das crian\u00e7as e adolescentes, familiares e comunidade em geral. Al\u00e9m dos selos Unicef e Abrinq, o munic\u00edpio j\u00e1 est\u00e1 concorrendo ao AVANTE\/SANTADER, com o intuito de aumentar a mobiliza\u00e7\u00e3o social, inclusive para a popula\u00e7\u00e3o da&hellip;\" \/>\n<meta property=\"og:url\" content=\"https:\/\/blogdofarnesio.com.br\/?p=70848\" \/>\n<meta property=\"og:site_name\" content=\"Blog do Farn\u00e9sio\" \/>\n<meta property=\"article:publisher\" content=\"https:\/\/www.facebook.com\/BlogQuerSaberPolitica\/\" \/>\n<meta property=\"article:published_time\" content=\"2014-01-24T16:02:58+00:00\" \/>\n<meta property=\"og:image\" content=\"http:\/\/www.quersaberpolitica.com.br\/2016\/wp-content\/uploads\/2014\/01\/1615215_501473066633208_1410559950_n-300x136.jpg\" \/>\n<meta name=\"author\" content=\"teste\" \/>\n<meta name=\"twitter:card\" content=\"summary_large_image\" \/>\n<meta name=\"twitter:label1\" content=\"Escrito por\" \/>\n\t<meta name=\"twitter:data1\" content=\"teste\" \/>\n\t<meta name=\"twitter:label2\" content=\"Est. tempo de leitura\" \/>\n\t<meta name=\"twitter:data2\" content=\"3 minutos\" \/>\n<script type=\"application\/ld+json\" class=\"yoast-schema-graph\">{\"@context\":\"https:\\\/\\\/schema.org\",\"@graph\":[{\"@type\":\"Article\",\"@id\":\"https:\\\/\\\/blogdofarnesio.com.br\\\/?p=70848#article\",\"isPartOf\":{\"@id\":\"https:\\\/\\\/blogdofarnesio.com.br\\\/?p=70848\"},\"author\":{\"name\":\"teste\",\"@id\":\"https:\\\/\\\/blogdofarnesio.com.br\\\/#\\\/schema\\\/person\\\/dd1bf5eba40b687199ba45ca6b97dff9\"},\"headline\":\"COMISS\u00c3O PR\u00d3-SELOS UNICEF, ABRINQ E AVANTE SE RE\u00daNEM PARA ARTICULAR NOVAS A\u00c7\u00d5ES PARA A SEMANA DO BEB\u00ca\",\"datePublished\":\"2014-01-24T16:02:58+00:00\",\"mainEntityOfPage\":{\"@id\":\"https:\\\/\\\/blogdofarnesio.com.br\\\/?p=70848\"},\"wordCount\":527,\"commentCount\":0,\"publisher\":{\"@id\":\"https:\\\/\\\/blogdofarnesio.com.br\\\/#organization\"},\"image\":{\"@id\":\"https:\\\/\\\/blogdofarnesio.com.br\\\/?p=70848#primaryimage\"},\"thumbnailUrl\":\"http:\\\/\\\/www.quersaberpolitica.com.br\\\/2016\\\/wp-content\\\/uploads\\\/2014\\\/01\\\/1615215_501473066633208_1410559950_n-300x136.jpg\",\"articleSection\":[\"A\u00e7\u00e3o Social\"],\"inLanguage\":\"pt-BR\",\"potentialAction\":[{\"@type\":\"CommentAction\",\"name\":\"Comment\",\"target\":[\"https:\\\/\\\/blogdofarnesio.com.br\\\/?p=70848#respond\"]}]},{\"@type\":\"WebPage\",\"@id\":\"https:\\\/\\\/blogdofarnesio.com.br\\\/?p=70848\",\"url\":\"https:\\\/\\\/blogdofarnesio.com.br\\\/?p=70848\",\"name\":\"COMISS\u00c3O PR\u00d3-SELOS UNICEF, ABRINQ E AVANTE SE RE\u00daNEM PARA ARTICULAR NOVAS A\u00c7\u00d5ES PARA A SEMANA DO BEB\u00ca - Blog do Farn\u00e9sio\",\"isPartOf\":{\"@id\":\"https:\\\/\\\/blogdofarnesio.com.br\\\/#website\"},\"primaryImageOfPage\":{\"@id\":\"https:\\\/\\\/blogdofarnesio.com.br\\\/?p=70848#primaryimage\"},\"image\":{\"@id\":\"https:\\\/\\\/blogdofarnesio.com.br\\\/?p=70848#primaryimage\"},\"thumbnailUrl\":\"http:\\\/\\\/www.quersaberpolitica.com.br\\\/2016\\\/wp-content\\\/uploads\\\/2014\\\/01\\\/1615215_501473066633208_1410559950_n-300x136.jpg\",\"datePublished\":\"2014-01-24T16:02:58+00:00\",\"breadcrumb\":{\"@id\":\"https:\\\/\\\/blogdofarnesio.com.br\\\/?p=70848#breadcrumb\"},\"inLanguage\":\"pt-BR\",\"potentialAction\":[{\"@type\":\"ReadAction\",\"target\":[\"https:\\\/\\\/blogdofarnesio.com.br\\\/?p=70848\"]}]},{\"@type\":\"ImageObject\",\"inLanguage\":\"pt-BR\",\"@id\":\"https:\\\/\\\/blogdofarnesio.com.br\\\/?p=70848#primaryimage\",\"url\":\"http:\\\/\\\/www.quersaberpolitica.com.br\\\/2016\\\/wp-content\\\/uploads\\\/2014\\\/01\\\/1615215_501473066633208_1410559950_n-300x136.jpg\",\"contentUrl\":\"http:\\\/\\\/www.quersaberpolitica.com.br\\\/2016\\\/wp-content\\\/uploads\\\/2014\\\/01\\\/1615215_501473066633208_1410559950_n-300x136.jpg\"},{\"@type\":\"BreadcrumbList\",\"@id\":\"https:\\\/\\\/blogdofarnesio.com.br\\\/?p=70848#breadcrumb\",\"itemListElement\":[{\"@type\":\"ListItem\",\"position\":1,\"name\":\"In\u00edcio\",\"item\":\"https:\\\/\\\/blogdofarnesio.com.br\\\/\"},{\"@type\":\"ListItem\",\"position\":2,\"name\":\"COMISS\u00c3O PR\u00d3-SELOS UNICEF, ABRINQ E AVANTE SE RE\u00daNEM PARA ARTICULAR NOVAS A\u00c7\u00d5ES PARA A SEMANA DO BEB\u00ca\"}]},{\"@type\":\"WebSite\",\"@id\":\"https:\\\/\\\/blogdofarnesio.com.br\\\/#website\",\"url\":\"https:\\\/\\\/blogdofarnesio.com.br\\\/\",\"name\":\"Blog do Farn\u00e9sio\",\"description\":\"Quer Saber Pol\u00edtica?\",\"publisher\":{\"@id\":\"https:\\\/\\\/blogdofarnesio.com.br\\\/#organization\"},\"potentialAction\":[{\"@type\":\"SearchAction\",\"target\":{\"@type\":\"EntryPoint\",\"urlTemplate\":\"https:\\\/\\\/blogdofarnesio.com.br\\\/?s={search_term_string}\"},\"query-input\":{\"@type\":\"PropertyValueSpecification\",\"valueRequired\":true,\"valueName\":\"search_term_string\"}}],\"inLanguage\":\"pt-BR\"},{\"@type\":\"Organization\",\"@id\":\"https:\\\/\\\/blogdofarnesio.com.br\\\/#organization\",\"name\":\"Blog do Farn\u00e9sio\",\"url\":\"https:\\\/\\\/blogdofarnesio.com.br\\\/\",\"logo\":{\"@type\":\"ImageObject\",\"inLanguage\":\"pt-BR\",\"@id\":\"https:\\\/\\\/blogdofarnesio.com.br\\\/#\\\/schema\\\/logo\\\/image\\\/\",\"url\":\"https:\\\/\\\/blogdofarnesio.com.br\\\/wp-content\\\/uploads\\\/2026\\\/03\\\/cropped-logo_new-1.png\",\"contentUrl\":\"https:\\\/\\\/blogdofarnesio.com.br\\\/wp-content\\\/uploads\\\/2026\\\/03\\\/cropped-logo_new-1.png\",\"width\":881,\"height\":685,\"caption\":\"Blog do Farn\u00e9sio\"},\"image\":{\"@id\":\"https:\\\/\\\/blogdofarnesio.com.br\\\/#\\\/schema\\\/logo\\\/image\\\/\"},\"sameAs\":[\"https:\\\/\\\/www.facebook.com\\\/BlogQuerSaberPolitica\\\/\"]},{\"@type\":\"Person\",\"@id\":\"https:\\\/\\\/blogdofarnesio.com.br\\\/#\\\/schema\\\/person\\\/dd1bf5eba40b687199ba45ca6b97dff9\",\"name\":\"teste\",\"image\":{\"@type\":\"ImageObject\",\"inLanguage\":\"pt-BR\",\"@id\":\"https:\\\/\\\/secure.gravatar.com\\\/avatar\\\/2172498d4914b51e1d89a0f97957b035ac4938723a5cac208135d389b6972a6d?s=96&d=mm&r=g\",\"url\":\"https:\\\/\\\/secure.gravatar.com\\\/avatar\\\/2172498d4914b51e1d89a0f97957b035ac4938723a5cac208135d389b6972a6d?s=96&d=mm&r=g\",\"contentUrl\":\"https:\\\/\\\/secure.gravatar.com\\\/avatar\\\/2172498d4914b51e1d89a0f97957b035ac4938723a5cac208135d389b6972a6d?s=96&d=mm&r=g\",\"caption\":\"teste\"},\"url\":\"https:\\\/\\\/blogdofarnesio.com.br\\\/?author=3\"}]}<\/script>\n<!-- \/ Yoast SEO plugin. -->","yoast_head_json":{"title":"COMISS\u00c3O PR\u00d3-SELOS UNICEF, ABRINQ E AVANTE SE RE\u00daNEM PARA ARTICULAR NOVAS A\u00c7\u00d5ES PARA A SEMANA DO BEB\u00ca - Blog do Farn\u00e9sio","robots":{"index":"index","follow":"follow","max-snippet":"max-snippet:-1","max-image-preview":"max-image-preview:large","max-video-preview":"max-video-preview:-1"},"canonical":"https:\/\/blogdofarnesio.com.br\/?p=70848","og_locale":"pt_BR","og_type":"article","og_title":"COMISS\u00c3O PR\u00d3-SELOS UNICEF, ABRINQ E AVANTE SE RE\u00daNEM PARA ARTICULAR NOVAS A\u00c7\u00d5ES PARA A SEMANA DO BEB\u00ca - Blog do Farn\u00e9sio","og_description":"Para estudar as novas estrat\u00e9gias de pol\u00edticas p\u00fablicas para a conquista do selo Unicef\/Abrinq\/Avante, nesta edi\u00e7\u00e3o 2013\/2016, e dar in\u00edcio as atividades em prol da Semana do Beb\u00ea que ser\u00e1 realizada este ano (2014), de 11 (Dia das M\u00e3es) a 17 de maio; a comiss\u00e3o que atuar\u00e1 no evento reuniu-se na Casa dos Conselhos, ao lado da SEDIS, na quarta-feira, 22. O objetivo foi manter a articula\u00e7\u00e3o das atividades que ser\u00e3o desenvolvidas para realiza\u00e7\u00e3o do evento, que tem como finalidade melhorar a qualidade de vida das crian\u00e7as e adolescentes, familiares e comunidade em geral. Al\u00e9m dos selos Unicef e Abrinq, o munic\u00edpio j\u00e1 est\u00e1 concorrendo ao AVANTE\/SANTADER, com o intuito de aumentar a mobiliza\u00e7\u00e3o social, inclusive para a popula\u00e7\u00e3o da&hellip;","og_url":"https:\/\/blogdofarnesio.com.br\/?p=70848","og_site_name":"Blog do Farn\u00e9sio","article_publisher":"https:\/\/www.facebook.com\/BlogQuerSaberPolitica\/","article_published_time":"2014-01-24T16:02:58+00:00","og_image":[{"url":"http:\/\/www.quersaberpolitica.com.br\/2016\/wp-content\/uploads\/2014\/01\/1615215_501473066633208_1410559950_n-300x136.jpg","type":"","width":"","height":""}],"author":"teste","twitter_card":"summary_large_image","twitter_misc":{"Escrito por":"teste","Est. tempo de leitura":"3 minutos"},"schema":{"@context":"https:\/\/schema.org","@graph":[{"@type":"Article","@id":"https:\/\/blogdofarnesio.com.br\/?p=70848#article","isPartOf":{"@id":"https:\/\/blogdofarnesio.com.br\/?p=70848"},"author":{"name":"teste","@id":"https:\/\/blogdofarnesio.com.br\/#\/schema\/person\/dd1bf5eba40b687199ba45ca6b97dff9"},"headline":"COMISS\u00c3O PR\u00d3-SELOS UNICEF, ABRINQ E AVANTE SE RE\u00daNEM PARA ARTICULAR NOVAS A\u00c7\u00d5ES PARA A SEMANA DO BEB\u00ca","datePublished":"2014-01-24T16:02:58+00:00","mainEntityOfPage":{"@id":"https:\/\/blogdofarnesio.com.br\/?p=70848"},"wordCount":527,"commentCount":0,"publisher":{"@id":"https:\/\/blogdofarnesio.com.br\/#organization"},"image":{"@id":"https:\/\/blogdofarnesio.com.br\/?p=70848#primaryimage"},"thumbnailUrl":"http:\/\/www.quersaberpolitica.com.br\/2016\/wp-content\/uploads\/2014\/01\/1615215_501473066633208_1410559950_n-300x136.jpg","articleSection":["A\u00e7\u00e3o Social"],"inLanguage":"pt-BR","potentialAction":[{"@type":"CommentAction","name":"Comment","target":["https:\/\/blogdofarnesio.com.br\/?p=70848#respond"]}]},{"@type":"WebPage","@id":"https:\/\/blogdofarnesio.com.br\/?p=70848","url":"https:\/\/blogdofarnesio.com.br\/?p=70848","name":"COMISS\u00c3O PR\u00d3-SELOS UNICEF, ABRINQ E AVANTE SE RE\u00daNEM PARA ARTICULAR NOVAS A\u00c7\u00d5ES PARA A SEMANA DO BEB\u00ca - Blog do Farn\u00e9sio","isPartOf":{"@id":"https:\/\/blogdofarnesio.com.br\/#website"},"primaryImageOfPage":{"@id":"https:\/\/blogdofarnesio.com.br\/?p=70848#primaryimage"},"image":{"@id":"https:\/\/blogdofarnesio.com.br\/?p=70848#primaryimage"},"thumbnailUrl":"http:\/\/www.quersaberpolitica.com.br\/2016\/wp-content\/uploads\/2014\/01\/1615215_501473066633208_1410559950_n-300x136.jpg","datePublished":"2014-01-24T16:02:58+00:00","breadcrumb":{"@id":"https:\/\/blogdofarnesio.com.br\/?p=70848#breadcrumb"},"inLanguage":"pt-BR","potentialAction":[{"@type":"ReadAction","target":["https:\/\/blogdofarnesio.com.br\/?p=70848"]}]},{"@type":"ImageObject","inLanguage":"pt-BR","@id":"https:\/\/blogdofarnesio.com.br\/?p=70848#primaryimage","url":"http:\/\/www.quersaberpolitica.com.br\/2016\/wp-content\/uploads\/2014\/01\/1615215_501473066633208_1410559950_n-300x136.jpg","contentUrl":"http:\/\/www.quersaberpolitica.com.br\/2016\/wp-content\/uploads\/2014\/01\/1615215_501473066633208_1410559950_n-300x136.jpg"},{"@type":"BreadcrumbList","@id":"https:\/\/blogdofarnesio.com.br\/?p=70848#breadcrumb","itemListElement":[{"@type":"ListItem","position":1,"name":"In\u00edcio","item":"https:\/\/blogdofarnesio.com.br\/"},{"@type":"ListItem","position":2,"name":"COMISS\u00c3O PR\u00d3-SELOS UNICEF, ABRINQ E AVANTE SE RE\u00daNEM PARA ARTICULAR NOVAS A\u00c7\u00d5ES PARA A SEMANA DO BEB\u00ca"}]},{"@type":"WebSite","@id":"https:\/\/blogdofarnesio.com.br\/#website","url":"https:\/\/blogdofarnesio.com.br\/","name":"Blog do Farn\u00e9sio","description":"Quer Saber Pol\u00edtica?","publisher":{"@id":"https:\/\/blogdofarnesio.com.br\/#organization"},"potentialAction":[{"@type":"SearchAction","target":{"@type":"EntryPoint","urlTemplate":"https:\/\/blogdofarnesio.com.br\/?s={search_term_string}"},"query-input":{"@type":"PropertyValueSpecification","valueRequired":true,"valueName":"search_term_string"}}],"inLanguage":"pt-BR"},{"@type":"Organization","@id":"https:\/\/blogdofarnesio.com.br\/#organization","name":"Blog do Farn\u00e9sio","url":"https:\/\/blogdofarnesio.com.br\/","logo":{"@type":"ImageObject","inLanguage":"pt-BR","@id":"https:\/\/blogdofarnesio.com.br\/#\/schema\/logo\/image\/","url":"https:\/\/blogdofarnesio.com.br\/wp-content\/uploads\/2026\/03\/cropped-logo_new-1.png","contentUrl":"https:\/\/blogdofarnesio.com.br\/wp-content\/uploads\/2026\/03\/cropped-logo_new-1.png","width":881,"height":685,"caption":"Blog do Farn\u00e9sio"},"image":{"@id":"https:\/\/blogdofarnesio.com.br\/#\/schema\/logo\/image\/"},"sameAs":["https:\/\/www.facebook.com\/BlogQuerSaberPolitica\/"]},{"@type":"Person","@id":"https:\/\/blogdofarnesio.com.br\/#\/schema\/person\/dd1bf5eba40b687199ba45ca6b97dff9","name":"teste","image":{"@type":"ImageObject","inLanguage":"pt-BR","@id":"https:\/\/secure.gravatar.com\/avatar\/2172498d4914b51e1d89a0f97957b035ac4938723a5cac208135d389b6972a6d?s=96&d=mm&r=g","url":"https:\/\/secure.gravatar.com\/avatar\/2172498d4914b51e1d89a0f97957b035ac4938723a5cac208135d389b6972a6d?s=96&d=mm&r=g","contentUrl":"https:\/\/secure.gravatar.com\/avatar\/2172498d4914b51e1d89a0f97957b035ac4938723a5cac208135d389b6972a6d?s=96&d=mm&r=g","caption":"teste"},"url":"https:\/\/blogdofarnesio.com.br\/?author=3"}]}},"_links":{"self":[{"href":"https:\/\/blogdofarnesio.com.br\/index.php?rest_route=\/wp\/v2\/posts\/70848","targetHints":{"allow":["GET"]}}],"collection":[{"href":"https:\/\/blogdofarnesio.com.br\/index.php?rest_route=\/wp\/v2\/posts"}],"about":[{"href":"https:\/\/blogdofarnesio.com.br\/index.php?rest_route=\/wp\/v2\/types\/post"}],"author":[{"embeddable":true,"href":"https:\/\/blogdofarnesio.com.br\/index.php?rest_route=\/wp\/v2\/users\/3"}],"replies":[{"embeddable":true,"href":"https:\/\/blogdofarnesio.com.br\/index.php?rest_route=%2Fwp%2Fv2%2Fcomments&post=70848"}],"version-history":[{"count":0,"href":"https:\/\/blogdofarnesio.com.br\/index.php?rest_route=\/wp\/v2\/posts\/70848\/revisions"}],"wp:attachment":[{"href":"https:\/\/blogdofarnesio.com.br\/index.php?rest_route=%2Fwp%2Fv2%2Fmedia&parent=70848"}],"wp:term":[{"taxonomy":"category","embeddable":true,"href":"https:\/\/blogdofarnesio.com.br\/index.php?rest_route=%2Fwp%2Fv2%2Fcategories&post=70848"},{"taxonomy":"post_tag","embeddable":true,"href":"https:\/\/blogdofarnesio.com.br\/index.php?rest_route=%2Fwp%2Fv2%2Ftags&post=70848"}],"curies":[{"name":"wp","href":"https:\/\/api.w.org\/{rel}","templated":true}]}}