{"id":70811,"date":"2014-01-24T10:01:10","date_gmt":"2014-01-24T13:01:10","guid":{"rendered":"http:\/\/www.quersaberpolitica.com.br\/?p=70811"},"modified":"2014-01-24T08:57:19","modified_gmt":"2014-01-24T11:57:19","slug":"sest-senat-promove-cidadania-em-parceria-com-o-petrape","status":"publish","type":"post","link":"https:\/\/blogdofarnesio.com.br\/?p=70811","title":{"rendered":"SEST SENAT PROMOVE CIDADANIA EM PARCERIA COM O PETRAPE"},"content":{"rendered":"<p style=\"text-align: justify\"><a href=\"http:\/\/www.quersaberpolitica.com.br\/2016\/wp-content\/uploads\/2014\/01\/2-Visita-PETRAPE1.jpg\"><img loading=\"lazy\" decoding=\"async\" class=\"alignleft size-medium wp-image-70813\" alt=\"blogqsppetrape\" src=\"http:\/\/www.quersaberpolitica.com.br\/2016\/wp-content\/uploads\/2014\/01\/2-Visita-PETRAPE1-300x225.jpg\" width=\"300\" height=\"225\" srcset=\"https:\/\/blogdofarnesio.com.br\/wp-content\/uploads\/2014\/01\/2-Visita-PETRAPE1-300x225.jpg 300w, https:\/\/blogdofarnesio.com.br\/wp-content\/uploads\/2014\/01\/2-Visita-PETRAPE1.jpg 400w\" sizes=\"auto, (max-width: 300px) 100vw, 300px\" \/><\/a>A Unidade regional do Sest Senat, comemorou esta semana a passagem de mais um ano de uma parceria que vem promovendo cidadania e profissionaliza\u00e7\u00e3o para crian\u00e7as e adolescentes em vulnerabilidade social de Petrolina &#8211; PE.<\/p>\n<p style=\"text-align: justify\">A comemora\u00e7\u00e3o aconteceu na \u00faltima quarta-feira (22), durante uma visita, onde um grupo de 25 alunos do Petrape conheceu as instala\u00e7\u00f5es e participou de diversas atividades recreativas. Depois de um dia inteiro de muitas descobertas, conferindo de perto os departamentos de prepara\u00e7\u00e3o, treinamento, aperfei\u00e7oamento e forma\u00e7\u00e3o profissional dos trabalhadores do setor de transporte, os alunos brincaram muito no complexo de entretenimento, principalmente nas quadras de esportes e na piscina. Muitos aproveitaram a ocasi\u00e3o para cortar o cabelo.<\/p>\n<p style=\"text-align: justify\">Segundo o gestor da Associa\u00e7\u00e3o dos Amigos do Petrape, Jos\u00e9 Vieira a parceria com o Sest Senat tem sido muito importante e produtiva para a entidade. \u201cMuitos dos nossos alunos j\u00e1 fizeram cursos profissionalizantes nas \u00e1reas de mec\u00e2nica de motos, frentista, montador de micro, entre outros, com resultados surpreendentes. Al\u00e9m dos cursos, sempre somos bem atendidos quando precisamos oferecer atividades de lazer \u00e0s nossas crian\u00e7as e adolescentes\u201d, lembrou o gestor.<!--more--><\/p>\n<p style=\"text-align: justify\">Entidades civis sem fins lucrativos, o Servi\u00e7o Social do Transporte &#8211; Sest e o Servi\u00e7o Nacional de Aprendizagem do Transporte \u2013 Senat, foram criados em Petrolina em 2006. De acordo com o diretor da Unidade, Marc\u00edlio Cavalcanti a parceria com o Petrape representa um dos principais objetivos da entidade, a inclus\u00e3o social.<\/p>\n<p style=\"text-align: justify\">\u201cNa \u00e1rea social, o Sest &#8211; Senat \u00e9 respons\u00e1vel por gerenciar, desenvolver e apoiar programas que prezam pelo bem-estar do trabalhador em \u00e1reas como sa\u00fade, cultura, lazer e seguran\u00e7a no trabalho. Atender bem as crian\u00e7as do Petrape, bem como das demais entidades que atuam junto \u00e0s crian\u00e7as e adolescentes em vulnerabilidade social, \u00e9 portanto uma das nossas miss\u00f5es mais desafiantes e recompensadoras\u201d, concluiu Marc\u00edlio Cavalcanti.<\/p>\n","protected":false},"excerpt":{"rendered":"<p>A Unidade regional do Sest Senat, comemorou esta semana a passagem de mais um ano de uma parceria que vem promovendo cidadania e profissionaliza\u00e7\u00e3o para crian\u00e7as e adolescentes em vulnerabilidade social de Petrolina &#8211; PE. A comemora\u00e7\u00e3o aconteceu na \u00faltima quarta-feira (22), durante uma visita, onde um grupo de 25 alunos do Petrape conheceu as instala\u00e7\u00f5es e participou de diversas atividades recreativas. Depois de um dia inteiro de muitas descobertas, conferindo de perto os departamentos de prepara\u00e7\u00e3o, treinamento, aperfei\u00e7oamento e forma\u00e7\u00e3o profissional dos trabalhadores do setor de transporte, os alunos brincaram muito no complexo de entretenimento, principalmente nas quadras de esportes e na piscina. Muitos aproveitaram a ocasi\u00e3o para cortar o cabelo. Segundo o gestor da Associa\u00e7\u00e3o dos Amigos do&hellip; <\/p>\n","protected":false},"author":3,"featured_media":0,"comment_status":"open","ping_status":"open","sticky":false,"template":"","format":"standard","meta":{"_acf_changed":false,"footnotes":""},"categories":[22],"tags":[],"class_list":["post-70811","post","type-post","status-publish","format-standard","hentry","category-acao-social"],"acf":[],"yoast_head":"<!-- This site is optimized with the Yoast SEO plugin v27.4 - https:\/\/yoast.com\/product\/yoast-seo-wordpress\/ -->\n<title>SEST SENAT PROMOVE CIDADANIA EM PARCERIA COM O PETRAPE - Blog do Farn\u00e9sio<\/title>\n<meta name=\"robots\" content=\"index, follow, max-snippet:-1, max-image-preview:large, max-video-preview:-1\" \/>\n<link rel=\"canonical\" href=\"https:\/\/blogdofarnesio.com.br\/?p=70811\" \/>\n<meta property=\"og:locale\" content=\"pt_BR\" \/>\n<meta property=\"og:type\" content=\"article\" \/>\n<meta property=\"og:title\" content=\"SEST SENAT PROMOVE CIDADANIA EM PARCERIA COM O PETRAPE - Blog do Farn\u00e9sio\" \/>\n<meta property=\"og:description\" content=\"A Unidade regional do Sest Senat, comemorou esta semana a passagem de mais um ano de uma parceria que vem promovendo cidadania e profissionaliza\u00e7\u00e3o para crian\u00e7as e adolescentes em vulnerabilidade social de Petrolina &#8211; PE. A comemora\u00e7\u00e3o aconteceu na \u00faltima quarta-feira (22), durante uma visita, onde um grupo de 25 alunos do Petrape conheceu as instala\u00e7\u00f5es e participou de diversas atividades recreativas. Depois de um dia inteiro de muitas descobertas, conferindo de perto os departamentos de prepara\u00e7\u00e3o, treinamento, aperfei\u00e7oamento e forma\u00e7\u00e3o profissional dos trabalhadores do setor de transporte, os alunos brincaram muito no complexo de entretenimento, principalmente nas quadras de esportes e na piscina. Muitos aproveitaram a ocasi\u00e3o para cortar o cabelo. Segundo o gestor da Associa\u00e7\u00e3o dos Amigos do&hellip;\" \/>\n<meta property=\"og:url\" content=\"https:\/\/blogdofarnesio.com.br\/?p=70811\" \/>\n<meta property=\"og:site_name\" content=\"Blog do Farn\u00e9sio\" \/>\n<meta property=\"article:publisher\" content=\"https:\/\/www.facebook.com\/BlogQuerSaberPolitica\/\" \/>\n<meta property=\"article:published_time\" content=\"2014-01-24T13:01:10+00:00\" \/>\n<meta property=\"og:image\" content=\"http:\/\/www.quersaberpolitica.com.br\/2016\/wp-content\/uploads\/2014\/01\/2-Visita-PETRAPE1-300x225.jpg\" \/>\n<meta name=\"author\" content=\"teste\" \/>\n<meta name=\"twitter:card\" content=\"summary_large_image\" \/>\n<meta name=\"twitter:label1\" content=\"Escrito por\" \/>\n\t<meta name=\"twitter:data1\" content=\"teste\" \/>\n\t<meta name=\"twitter:label2\" content=\"Est. tempo de leitura\" \/>\n\t<meta name=\"twitter:data2\" content=\"2 minutos\" \/>\n<script type=\"application\/ld+json\" class=\"yoast-schema-graph\">{\"@context\":\"https:\\\/\\\/schema.org\",\"@graph\":[{\"@type\":\"Article\",\"@id\":\"https:\\\/\\\/blogdofarnesio.com.br\\\/?p=70811#article\",\"isPartOf\":{\"@id\":\"https:\\\/\\\/blogdofarnesio.com.br\\\/?p=70811\"},\"author\":{\"name\":\"teste\",\"@id\":\"https:\\\/\\\/blogdofarnesio.com.br\\\/#\\\/schema\\\/person\\\/dd1bf5eba40b687199ba45ca6b97dff9\"},\"headline\":\"SEST SENAT PROMOVE CIDADANIA EM PARCERIA COM O PETRAPE\",\"datePublished\":\"2014-01-24T13:01:10+00:00\",\"mainEntityOfPage\":{\"@id\":\"https:\\\/\\\/blogdofarnesio.com.br\\\/?p=70811\"},\"wordCount\":325,\"commentCount\":0,\"publisher\":{\"@id\":\"https:\\\/\\\/blogdofarnesio.com.br\\\/#organization\"},\"image\":{\"@id\":\"https:\\\/\\\/blogdofarnesio.com.br\\\/?p=70811#primaryimage\"},\"thumbnailUrl\":\"http:\\\/\\\/www.quersaberpolitica.com.br\\\/2016\\\/wp-content\\\/uploads\\\/2014\\\/01\\\/2-Visita-PETRAPE1-300x225.jpg\",\"articleSection\":[\"A\u00e7\u00e3o Social\"],\"inLanguage\":\"pt-BR\",\"potentialAction\":[{\"@type\":\"CommentAction\",\"name\":\"Comment\",\"target\":[\"https:\\\/\\\/blogdofarnesio.com.br\\\/?p=70811#respond\"]}]},{\"@type\":\"WebPage\",\"@id\":\"https:\\\/\\\/blogdofarnesio.com.br\\\/?p=70811\",\"url\":\"https:\\\/\\\/blogdofarnesio.com.br\\\/?p=70811\",\"name\":\"SEST SENAT PROMOVE CIDADANIA EM PARCERIA COM O PETRAPE - Blog do Farn\u00e9sio\",\"isPartOf\":{\"@id\":\"https:\\\/\\\/blogdofarnesio.com.br\\\/#website\"},\"primaryImageOfPage\":{\"@id\":\"https:\\\/\\\/blogdofarnesio.com.br\\\/?p=70811#primaryimage\"},\"image\":{\"@id\":\"https:\\\/\\\/blogdofarnesio.com.br\\\/?p=70811#primaryimage\"},\"thumbnailUrl\":\"http:\\\/\\\/www.quersaberpolitica.com.br\\\/2016\\\/wp-content\\\/uploads\\\/2014\\\/01\\\/2-Visita-PETRAPE1-300x225.jpg\",\"datePublished\":\"2014-01-24T13:01:10+00:00\",\"breadcrumb\":{\"@id\":\"https:\\\/\\\/blogdofarnesio.com.br\\\/?p=70811#breadcrumb\"},\"inLanguage\":\"pt-BR\",\"potentialAction\":[{\"@type\":\"ReadAction\",\"target\":[\"https:\\\/\\\/blogdofarnesio.com.br\\\/?p=70811\"]}]},{\"@type\":\"ImageObject\",\"inLanguage\":\"pt-BR\",\"@id\":\"https:\\\/\\\/blogdofarnesio.com.br\\\/?p=70811#primaryimage\",\"url\":\"http:\\\/\\\/www.quersaberpolitica.com.br\\\/2016\\\/wp-content\\\/uploads\\\/2014\\\/01\\\/2-Visita-PETRAPE1-300x225.jpg\",\"contentUrl\":\"http:\\\/\\\/www.quersaberpolitica.com.br\\\/2016\\\/wp-content\\\/uploads\\\/2014\\\/01\\\/2-Visita-PETRAPE1-300x225.jpg\"},{\"@type\":\"BreadcrumbList\",\"@id\":\"https:\\\/\\\/blogdofarnesio.com.br\\\/?p=70811#breadcrumb\",\"itemListElement\":[{\"@type\":\"ListItem\",\"position\":1,\"name\":\"In\u00edcio\",\"item\":\"https:\\\/\\\/blogdofarnesio.com.br\\\/\"},{\"@type\":\"ListItem\",\"position\":2,\"name\":\"SEST SENAT PROMOVE CIDADANIA EM PARCERIA COM O PETRAPE\"}]},{\"@type\":\"WebSite\",\"@id\":\"https:\\\/\\\/blogdofarnesio.com.br\\\/#website\",\"url\":\"https:\\\/\\\/blogdofarnesio.com.br\\\/\",\"name\":\"Blog do Farn\u00e9sio\",\"description\":\"Quer Saber Pol\u00edtica?\",\"publisher\":{\"@id\":\"https:\\\/\\\/blogdofarnesio.com.br\\\/#organization\"},\"potentialAction\":[{\"@type\":\"SearchAction\",\"target\":{\"@type\":\"EntryPoint\",\"urlTemplate\":\"https:\\\/\\\/blogdofarnesio.com.br\\\/?s={search_term_string}\"},\"query-input\":{\"@type\":\"PropertyValueSpecification\",\"valueRequired\":true,\"valueName\":\"search_term_string\"}}],\"inLanguage\":\"pt-BR\"},{\"@type\":\"Organization\",\"@id\":\"https:\\\/\\\/blogdofarnesio.com.br\\\/#organization\",\"name\":\"Blog do Farn\u00e9sio\",\"url\":\"https:\\\/\\\/blogdofarnesio.com.br\\\/\",\"logo\":{\"@type\":\"ImageObject\",\"inLanguage\":\"pt-BR\",\"@id\":\"https:\\\/\\\/blogdofarnesio.com.br\\\/#\\\/schema\\\/logo\\\/image\\\/\",\"url\":\"https:\\\/\\\/blogdofarnesio.com.br\\\/wp-content\\\/uploads\\\/2026\\\/03\\\/cropped-logo_new-1.png\",\"contentUrl\":\"https:\\\/\\\/blogdofarnesio.com.br\\\/wp-content\\\/uploads\\\/2026\\\/03\\\/cropped-logo_new-1.png\",\"width\":881,\"height\":685,\"caption\":\"Blog do Farn\u00e9sio\"},\"image\":{\"@id\":\"https:\\\/\\\/blogdofarnesio.com.br\\\/#\\\/schema\\\/logo\\\/image\\\/\"},\"sameAs\":[\"https:\\\/\\\/www.facebook.com\\\/BlogQuerSaberPolitica\\\/\"]},{\"@type\":\"Person\",\"@id\":\"https:\\\/\\\/blogdofarnesio.com.br\\\/#\\\/schema\\\/person\\\/dd1bf5eba40b687199ba45ca6b97dff9\",\"name\":\"teste\",\"image\":{\"@type\":\"ImageObject\",\"inLanguage\":\"pt-BR\",\"@id\":\"https:\\\/\\\/secure.gravatar.com\\\/avatar\\\/2172498d4914b51e1d89a0f97957b035ac4938723a5cac208135d389b6972a6d?s=96&d=mm&r=g\",\"url\":\"https:\\\/\\\/secure.gravatar.com\\\/avatar\\\/2172498d4914b51e1d89a0f97957b035ac4938723a5cac208135d389b6972a6d?s=96&d=mm&r=g\",\"contentUrl\":\"https:\\\/\\\/secure.gravatar.com\\\/avatar\\\/2172498d4914b51e1d89a0f97957b035ac4938723a5cac208135d389b6972a6d?s=96&d=mm&r=g\",\"caption\":\"teste\"},\"url\":\"https:\\\/\\\/blogdofarnesio.com.br\\\/?author=3\"}]}<\/script>\n<!-- \/ Yoast SEO plugin. -->","yoast_head_json":{"title":"SEST SENAT PROMOVE CIDADANIA EM PARCERIA COM O PETRAPE - Blog do Farn\u00e9sio","robots":{"index":"index","follow":"follow","max-snippet":"max-snippet:-1","max-image-preview":"max-image-preview:large","max-video-preview":"max-video-preview:-1"},"canonical":"https:\/\/blogdofarnesio.com.br\/?p=70811","og_locale":"pt_BR","og_type":"article","og_title":"SEST SENAT PROMOVE CIDADANIA EM PARCERIA COM O PETRAPE - Blog do Farn\u00e9sio","og_description":"A Unidade regional do Sest Senat, comemorou esta semana a passagem de mais um ano de uma parceria que vem promovendo cidadania e profissionaliza\u00e7\u00e3o para crian\u00e7as e adolescentes em vulnerabilidade social de Petrolina &#8211; PE. A comemora\u00e7\u00e3o aconteceu na \u00faltima quarta-feira (22), durante uma visita, onde um grupo de 25 alunos do Petrape conheceu as instala\u00e7\u00f5es e participou de diversas atividades recreativas. Depois de um dia inteiro de muitas descobertas, conferindo de perto os departamentos de prepara\u00e7\u00e3o, treinamento, aperfei\u00e7oamento e forma\u00e7\u00e3o profissional dos trabalhadores do setor de transporte, os alunos brincaram muito no complexo de entretenimento, principalmente nas quadras de esportes e na piscina. Muitos aproveitaram a ocasi\u00e3o para cortar o cabelo. Segundo o gestor da Associa\u00e7\u00e3o dos Amigos do&hellip;","og_url":"https:\/\/blogdofarnesio.com.br\/?p=70811","og_site_name":"Blog do Farn\u00e9sio","article_publisher":"https:\/\/www.facebook.com\/BlogQuerSaberPolitica\/","article_published_time":"2014-01-24T13:01:10+00:00","og_image":[{"url":"http:\/\/www.quersaberpolitica.com.br\/2016\/wp-content\/uploads\/2014\/01\/2-Visita-PETRAPE1-300x225.jpg","type":"","width":"","height":""}],"author":"teste","twitter_card":"summary_large_image","twitter_misc":{"Escrito por":"teste","Est. tempo de leitura":"2 minutos"},"schema":{"@context":"https:\/\/schema.org","@graph":[{"@type":"Article","@id":"https:\/\/blogdofarnesio.com.br\/?p=70811#article","isPartOf":{"@id":"https:\/\/blogdofarnesio.com.br\/?p=70811"},"author":{"name":"teste","@id":"https:\/\/blogdofarnesio.com.br\/#\/schema\/person\/dd1bf5eba40b687199ba45ca6b97dff9"},"headline":"SEST SENAT PROMOVE CIDADANIA EM PARCERIA COM O PETRAPE","datePublished":"2014-01-24T13:01:10+00:00","mainEntityOfPage":{"@id":"https:\/\/blogdofarnesio.com.br\/?p=70811"},"wordCount":325,"commentCount":0,"publisher":{"@id":"https:\/\/blogdofarnesio.com.br\/#organization"},"image":{"@id":"https:\/\/blogdofarnesio.com.br\/?p=70811#primaryimage"},"thumbnailUrl":"http:\/\/www.quersaberpolitica.com.br\/2016\/wp-content\/uploads\/2014\/01\/2-Visita-PETRAPE1-300x225.jpg","articleSection":["A\u00e7\u00e3o Social"],"inLanguage":"pt-BR","potentialAction":[{"@type":"CommentAction","name":"Comment","target":["https:\/\/blogdofarnesio.com.br\/?p=70811#respond"]}]},{"@type":"WebPage","@id":"https:\/\/blogdofarnesio.com.br\/?p=70811","url":"https:\/\/blogdofarnesio.com.br\/?p=70811","name":"SEST SENAT PROMOVE CIDADANIA EM PARCERIA COM O PETRAPE - Blog do Farn\u00e9sio","isPartOf":{"@id":"https:\/\/blogdofarnesio.com.br\/#website"},"primaryImageOfPage":{"@id":"https:\/\/blogdofarnesio.com.br\/?p=70811#primaryimage"},"image":{"@id":"https:\/\/blogdofarnesio.com.br\/?p=70811#primaryimage"},"thumbnailUrl":"http:\/\/www.quersaberpolitica.com.br\/2016\/wp-content\/uploads\/2014\/01\/2-Visita-PETRAPE1-300x225.jpg","datePublished":"2014-01-24T13:01:10+00:00","breadcrumb":{"@id":"https:\/\/blogdofarnesio.com.br\/?p=70811#breadcrumb"},"inLanguage":"pt-BR","potentialAction":[{"@type":"ReadAction","target":["https:\/\/blogdofarnesio.com.br\/?p=70811"]}]},{"@type":"ImageObject","inLanguage":"pt-BR","@id":"https:\/\/blogdofarnesio.com.br\/?p=70811#primaryimage","url":"http:\/\/www.quersaberpolitica.com.br\/2016\/wp-content\/uploads\/2014\/01\/2-Visita-PETRAPE1-300x225.jpg","contentUrl":"http:\/\/www.quersaberpolitica.com.br\/2016\/wp-content\/uploads\/2014\/01\/2-Visita-PETRAPE1-300x225.jpg"},{"@type":"BreadcrumbList","@id":"https:\/\/blogdofarnesio.com.br\/?p=70811#breadcrumb","itemListElement":[{"@type":"ListItem","position":1,"name":"In\u00edcio","item":"https:\/\/blogdofarnesio.com.br\/"},{"@type":"ListItem","position":2,"name":"SEST SENAT PROMOVE CIDADANIA EM PARCERIA COM O PETRAPE"}]},{"@type":"WebSite","@id":"https:\/\/blogdofarnesio.com.br\/#website","url":"https:\/\/blogdofarnesio.com.br\/","name":"Blog do Farn\u00e9sio","description":"Quer Saber Pol\u00edtica?","publisher":{"@id":"https:\/\/blogdofarnesio.com.br\/#organization"},"potentialAction":[{"@type":"SearchAction","target":{"@type":"EntryPoint","urlTemplate":"https:\/\/blogdofarnesio.com.br\/?s={search_term_string}"},"query-input":{"@type":"PropertyValueSpecification","valueRequired":true,"valueName":"search_term_string"}}],"inLanguage":"pt-BR"},{"@type":"Organization","@id":"https:\/\/blogdofarnesio.com.br\/#organization","name":"Blog do Farn\u00e9sio","url":"https:\/\/blogdofarnesio.com.br\/","logo":{"@type":"ImageObject","inLanguage":"pt-BR","@id":"https:\/\/blogdofarnesio.com.br\/#\/schema\/logo\/image\/","url":"https:\/\/blogdofarnesio.com.br\/wp-content\/uploads\/2026\/03\/cropped-logo_new-1.png","contentUrl":"https:\/\/blogdofarnesio.com.br\/wp-content\/uploads\/2026\/03\/cropped-logo_new-1.png","width":881,"height":685,"caption":"Blog do Farn\u00e9sio"},"image":{"@id":"https:\/\/blogdofarnesio.com.br\/#\/schema\/logo\/image\/"},"sameAs":["https:\/\/www.facebook.com\/BlogQuerSaberPolitica\/"]},{"@type":"Person","@id":"https:\/\/blogdofarnesio.com.br\/#\/schema\/person\/dd1bf5eba40b687199ba45ca6b97dff9","name":"teste","image":{"@type":"ImageObject","inLanguage":"pt-BR","@id":"https:\/\/secure.gravatar.com\/avatar\/2172498d4914b51e1d89a0f97957b035ac4938723a5cac208135d389b6972a6d?s=96&d=mm&r=g","url":"https:\/\/secure.gravatar.com\/avatar\/2172498d4914b51e1d89a0f97957b035ac4938723a5cac208135d389b6972a6d?s=96&d=mm&r=g","contentUrl":"https:\/\/secure.gravatar.com\/avatar\/2172498d4914b51e1d89a0f97957b035ac4938723a5cac208135d389b6972a6d?s=96&d=mm&r=g","caption":"teste"},"url":"https:\/\/blogdofarnesio.com.br\/?author=3"}]}},"_links":{"self":[{"href":"https:\/\/blogdofarnesio.com.br\/index.php?rest_route=\/wp\/v2\/posts\/70811","targetHints":{"allow":["GET"]}}],"collection":[{"href":"https:\/\/blogdofarnesio.com.br\/index.php?rest_route=\/wp\/v2\/posts"}],"about":[{"href":"https:\/\/blogdofarnesio.com.br\/index.php?rest_route=\/wp\/v2\/types\/post"}],"author":[{"embeddable":true,"href":"https:\/\/blogdofarnesio.com.br\/index.php?rest_route=\/wp\/v2\/users\/3"}],"replies":[{"embeddable":true,"href":"https:\/\/blogdofarnesio.com.br\/index.php?rest_route=%2Fwp%2Fv2%2Fcomments&post=70811"}],"version-history":[{"count":0,"href":"https:\/\/blogdofarnesio.com.br\/index.php?rest_route=\/wp\/v2\/posts\/70811\/revisions"}],"wp:attachment":[{"href":"https:\/\/blogdofarnesio.com.br\/index.php?rest_route=%2Fwp%2Fv2%2Fmedia&parent=70811"}],"wp:term":[{"taxonomy":"category","embeddable":true,"href":"https:\/\/blogdofarnesio.com.br\/index.php?rest_route=%2Fwp%2Fv2%2Fcategories&post=70811"},{"taxonomy":"post_tag","embeddable":true,"href":"https:\/\/blogdofarnesio.com.br\/index.php?rest_route=%2Fwp%2Fv2%2Ftags&post=70811"}],"curies":[{"name":"wp","href":"https:\/\/api.w.org\/{rel}","templated":true}]}}