{"id":70725,"date":"2014-01-23T14:23:53","date_gmt":"2014-01-23T17:23:53","guid":{"rendered":"http:\/\/www.quersaberpolitica.com.br\/?p=70725"},"modified":"2014-01-23T09:30:29","modified_gmt":"2014-01-23T12:30:29","slug":"estao-abertas-inscricoes-para-oficinas-e-minicursos-gratuitos","status":"publish","type":"post","link":"https:\/\/blogdofarnesio.com.br\/?p=70725","title":{"rendered":"EST\u00c3O ABERTAS INSCRI\u00c7\u00d5ES PARA OFICINAS E MINICURSOS GRATUITOS"},"content":{"rendered":"<p style=\"text-align: justify\"><a href=\"http:\/\/www.quersaberpolitica.com.br\/2016\/wp-content\/uploads\/2014\/01\/1526506_10200905059263756_619254453_n.jpg\"><img loading=\"lazy\" decoding=\"async\" class=\"alignleft size-medium wp-image-70726\" alt=\"blogqspoficinas\" src=\"http:\/\/www.quersaberpolitica.com.br\/2016\/wp-content\/uploads\/2014\/01\/1526506_10200905059263756_619254453_n-208x300.jpg\" width=\"208\" height=\"300\" srcset=\"https:\/\/blogdofarnesio.com.br\/wp-content\/uploads\/2014\/01\/1526506_10200905059263756_619254453_n-208x300.jpg 208w, https:\/\/blogdofarnesio.com.br\/wp-content\/uploads\/2014\/01\/1526506_10200905059263756_619254453_n.jpg 278w\" sizes=\"auto, (max-width: 208px) 100vw, 208px\" \/><\/a>Criado com o objetivo de difundir a cultura popular, o bloco carnavalesco Amigo dos Artistas, composto por v\u00e1rios artistas da regi\u00e3o, est\u00e1 promovendo diversas oficinas e minicursos gratuitas. Est\u00e3o sendo oferecidas oficinas de Malabares com Tecido, Costumiza\u00e7\u00e3o, Perna de Pau, Confec\u00e7\u00e3o de estandarte, bonecos gigantes, Percuss\u00e3o e Cordeiro.<\/p>\n<p style=\"text-align: justify\">O idealizador do Projeto, coordenador do f\u00f3rum de culturas populares do sert\u00e3o do Francisco, Tiago Carvalho destaca que, o projeto est\u00e1 sendo desenvolvido junto a entidades e p\u00fablico em geral, possibilitando assim um interc\u00e2mbio institucional na regi\u00e3o. \u201cO objetivo das oficinas \u00e9, atrav\u00e9s do poder da arte e da cultura incentivar a criatividade das pessoas\u201d, ressaltou.<\/p>\n<p style=\"text-align: justify\">As oficinas ser\u00e3o oferecidas no per\u00edodo de 03 a 06 de fevereiro, e as inscri\u00e7\u00f5es podem ser feitas no Centro de Cultura Jo\u00e3o Gilberto, pelo (87) 8805-1470 ou pelo e-mail sertaopopular@gmail.com. As vagas s\u00e3o Limitadas e os participantes receberam certificados.<\/p>\n","protected":false},"excerpt":{"rendered":"<p>Criado com o objetivo de difundir a cultura popular, o bloco carnavalesco Amigo dos Artistas, composto por v\u00e1rios artistas da regi\u00e3o, est\u00e1 promovendo diversas oficinas e minicursos gratuitas. Est\u00e3o sendo oferecidas oficinas de Malabares com Tecido, Costumiza\u00e7\u00e3o, Perna de Pau, Confec\u00e7\u00e3o de estandarte, bonecos gigantes, Percuss\u00e3o e Cordeiro. O idealizador do Projeto, coordenador do f\u00f3rum de culturas populares do sert\u00e3o do Francisco, Tiago Carvalho destaca que, o projeto est\u00e1 sendo desenvolvido junto a entidades e p\u00fablico em geral, possibilitando assim um interc\u00e2mbio institucional na regi\u00e3o. \u201cO objetivo das oficinas \u00e9, atrav\u00e9s do poder da arte e da cultura incentivar a criatividade das pessoas\u201d, ressaltou. As oficinas ser\u00e3o oferecidas no per\u00edodo de 03 a 06 de fevereiro, e as inscri\u00e7\u00f5es podem&hellip; <\/p>\n","protected":false},"author":3,"featured_media":0,"comment_status":"open","ping_status":"open","sticky":false,"template":"","format":"standard","meta":{"_acf_changed":false,"footnotes":""},"categories":[10],"tags":[],"class_list":["post-70725","post","type-post","status-publish","format-standard","hentry","category-cultura"],"acf":[],"yoast_head":"<!-- This site is optimized with the Yoast SEO plugin v27.4 - https:\/\/yoast.com\/product\/yoast-seo-wordpress\/ -->\n<title>EST\u00c3O ABERTAS INSCRI\u00c7\u00d5ES PARA OFICINAS E MINICURSOS GRATUITOS - Blog do Farn\u00e9sio<\/title>\n<meta name=\"robots\" content=\"index, follow, max-snippet:-1, max-image-preview:large, max-video-preview:-1\" \/>\n<link rel=\"canonical\" href=\"https:\/\/blogdofarnesio.com.br\/?p=70725\" \/>\n<meta property=\"og:locale\" content=\"pt_BR\" \/>\n<meta property=\"og:type\" content=\"article\" \/>\n<meta property=\"og:title\" content=\"EST\u00c3O ABERTAS INSCRI\u00c7\u00d5ES PARA OFICINAS E MINICURSOS GRATUITOS - Blog do Farn\u00e9sio\" \/>\n<meta property=\"og:description\" content=\"Criado com o objetivo de difundir a cultura popular, o bloco carnavalesco Amigo dos Artistas, composto por v\u00e1rios artistas da regi\u00e3o, est\u00e1 promovendo diversas oficinas e minicursos gratuitas. Est\u00e3o sendo oferecidas oficinas de Malabares com Tecido, Costumiza\u00e7\u00e3o, Perna de Pau, Confec\u00e7\u00e3o de estandarte, bonecos gigantes, Percuss\u00e3o e Cordeiro. O idealizador do Projeto, coordenador do f\u00f3rum de culturas populares do sert\u00e3o do Francisco, Tiago Carvalho destaca que, o projeto est\u00e1 sendo desenvolvido junto a entidades e p\u00fablico em geral, possibilitando assim um interc\u00e2mbio institucional na regi\u00e3o. \u201cO objetivo das oficinas \u00e9, atrav\u00e9s do poder da arte e da cultura incentivar a criatividade das pessoas\u201d, ressaltou. As oficinas ser\u00e3o oferecidas no per\u00edodo de 03 a 06 de fevereiro, e as inscri\u00e7\u00f5es podem&hellip;\" \/>\n<meta property=\"og:url\" content=\"https:\/\/blogdofarnesio.com.br\/?p=70725\" \/>\n<meta property=\"og:site_name\" content=\"Blog do Farn\u00e9sio\" \/>\n<meta property=\"article:publisher\" content=\"https:\/\/www.facebook.com\/BlogQuerSaberPolitica\/\" \/>\n<meta property=\"article:published_time\" content=\"2014-01-23T17:23:53+00:00\" \/>\n<meta property=\"og:image\" content=\"http:\/\/www.quersaberpolitica.com.br\/2016\/wp-content\/uploads\/2014\/01\/1526506_10200905059263756_619254453_n-208x300.jpg\" \/>\n<meta name=\"author\" content=\"teste\" \/>\n<meta name=\"twitter:card\" content=\"summary_large_image\" \/>\n<meta name=\"twitter:label1\" content=\"Escrito por\" \/>\n\t<meta name=\"twitter:data1\" content=\"teste\" \/>\n\t<meta name=\"twitter:label2\" content=\"Est. tempo de leitura\" \/>\n\t<meta name=\"twitter:data2\" content=\"1 minuto\" \/>\n<script type=\"application\/ld+json\" class=\"yoast-schema-graph\">{\"@context\":\"https:\\\/\\\/schema.org\",\"@graph\":[{\"@type\":\"Article\",\"@id\":\"https:\\\/\\\/blogdofarnesio.com.br\\\/?p=70725#article\",\"isPartOf\":{\"@id\":\"https:\\\/\\\/blogdofarnesio.com.br\\\/?p=70725\"},\"author\":{\"name\":\"teste\",\"@id\":\"https:\\\/\\\/blogdofarnesio.com.br\\\/#\\\/schema\\\/person\\\/dd1bf5eba40b687199ba45ca6b97dff9\"},\"headline\":\"EST\u00c3O ABERTAS INSCRI\u00c7\u00d5ES PARA OFICINAS E MINICURSOS GRATUITOS\",\"datePublished\":\"2014-01-23T17:23:53+00:00\",\"mainEntityOfPage\":{\"@id\":\"https:\\\/\\\/blogdofarnesio.com.br\\\/?p=70725\"},\"wordCount\":169,\"commentCount\":0,\"publisher\":{\"@id\":\"https:\\\/\\\/blogdofarnesio.com.br\\\/#organization\"},\"image\":{\"@id\":\"https:\\\/\\\/blogdofarnesio.com.br\\\/?p=70725#primaryimage\"},\"thumbnailUrl\":\"http:\\\/\\\/www.quersaberpolitica.com.br\\\/2016\\\/wp-content\\\/uploads\\\/2014\\\/01\\\/1526506_10200905059263756_619254453_n-208x300.jpg\",\"articleSection\":[\"Cultura\"],\"inLanguage\":\"pt-BR\",\"potentialAction\":[{\"@type\":\"CommentAction\",\"name\":\"Comment\",\"target\":[\"https:\\\/\\\/blogdofarnesio.com.br\\\/?p=70725#respond\"]}]},{\"@type\":\"WebPage\",\"@id\":\"https:\\\/\\\/blogdofarnesio.com.br\\\/?p=70725\",\"url\":\"https:\\\/\\\/blogdofarnesio.com.br\\\/?p=70725\",\"name\":\"EST\u00c3O ABERTAS INSCRI\u00c7\u00d5ES PARA OFICINAS E MINICURSOS GRATUITOS - Blog do Farn\u00e9sio\",\"isPartOf\":{\"@id\":\"https:\\\/\\\/blogdofarnesio.com.br\\\/#website\"},\"primaryImageOfPage\":{\"@id\":\"https:\\\/\\\/blogdofarnesio.com.br\\\/?p=70725#primaryimage\"},\"image\":{\"@id\":\"https:\\\/\\\/blogdofarnesio.com.br\\\/?p=70725#primaryimage\"},\"thumbnailUrl\":\"http:\\\/\\\/www.quersaberpolitica.com.br\\\/2016\\\/wp-content\\\/uploads\\\/2014\\\/01\\\/1526506_10200905059263756_619254453_n-208x300.jpg\",\"datePublished\":\"2014-01-23T17:23:53+00:00\",\"breadcrumb\":{\"@id\":\"https:\\\/\\\/blogdofarnesio.com.br\\\/?p=70725#breadcrumb\"},\"inLanguage\":\"pt-BR\",\"potentialAction\":[{\"@type\":\"ReadAction\",\"target\":[\"https:\\\/\\\/blogdofarnesio.com.br\\\/?p=70725\"]}]},{\"@type\":\"ImageObject\",\"inLanguage\":\"pt-BR\",\"@id\":\"https:\\\/\\\/blogdofarnesio.com.br\\\/?p=70725#primaryimage\",\"url\":\"http:\\\/\\\/www.quersaberpolitica.com.br\\\/2016\\\/wp-content\\\/uploads\\\/2014\\\/01\\\/1526506_10200905059263756_619254453_n-208x300.jpg\",\"contentUrl\":\"http:\\\/\\\/www.quersaberpolitica.com.br\\\/2016\\\/wp-content\\\/uploads\\\/2014\\\/01\\\/1526506_10200905059263756_619254453_n-208x300.jpg\"},{\"@type\":\"BreadcrumbList\",\"@id\":\"https:\\\/\\\/blogdofarnesio.com.br\\\/?p=70725#breadcrumb\",\"itemListElement\":[{\"@type\":\"ListItem\",\"position\":1,\"name\":\"In\u00edcio\",\"item\":\"https:\\\/\\\/blogdofarnesio.com.br\\\/\"},{\"@type\":\"ListItem\",\"position\":2,\"name\":\"EST\u00c3O ABERTAS INSCRI\u00c7\u00d5ES PARA OFICINAS E MINICURSOS GRATUITOS\"}]},{\"@type\":\"WebSite\",\"@id\":\"https:\\\/\\\/blogdofarnesio.com.br\\\/#website\",\"url\":\"https:\\\/\\\/blogdofarnesio.com.br\\\/\",\"name\":\"Blog do Farn\u00e9sio\",\"description\":\"Quer Saber Pol\u00edtica?\",\"publisher\":{\"@id\":\"https:\\\/\\\/blogdofarnesio.com.br\\\/#organization\"},\"potentialAction\":[{\"@type\":\"SearchAction\",\"target\":{\"@type\":\"EntryPoint\",\"urlTemplate\":\"https:\\\/\\\/blogdofarnesio.com.br\\\/?s={search_term_string}\"},\"query-input\":{\"@type\":\"PropertyValueSpecification\",\"valueRequired\":true,\"valueName\":\"search_term_string\"}}],\"inLanguage\":\"pt-BR\"},{\"@type\":\"Organization\",\"@id\":\"https:\\\/\\\/blogdofarnesio.com.br\\\/#organization\",\"name\":\"Blog do Farn\u00e9sio\",\"url\":\"https:\\\/\\\/blogdofarnesio.com.br\\\/\",\"logo\":{\"@type\":\"ImageObject\",\"inLanguage\":\"pt-BR\",\"@id\":\"https:\\\/\\\/blogdofarnesio.com.br\\\/#\\\/schema\\\/logo\\\/image\\\/\",\"url\":\"https:\\\/\\\/blogdofarnesio.com.br\\\/wp-content\\\/uploads\\\/2026\\\/03\\\/cropped-logo_new-1.png\",\"contentUrl\":\"https:\\\/\\\/blogdofarnesio.com.br\\\/wp-content\\\/uploads\\\/2026\\\/03\\\/cropped-logo_new-1.png\",\"width\":881,\"height\":685,\"caption\":\"Blog do Farn\u00e9sio\"},\"image\":{\"@id\":\"https:\\\/\\\/blogdofarnesio.com.br\\\/#\\\/schema\\\/logo\\\/image\\\/\"},\"sameAs\":[\"https:\\\/\\\/www.facebook.com\\\/BlogQuerSaberPolitica\\\/\"]},{\"@type\":\"Person\",\"@id\":\"https:\\\/\\\/blogdofarnesio.com.br\\\/#\\\/schema\\\/person\\\/dd1bf5eba40b687199ba45ca6b97dff9\",\"name\":\"teste\",\"image\":{\"@type\":\"ImageObject\",\"inLanguage\":\"pt-BR\",\"@id\":\"https:\\\/\\\/secure.gravatar.com\\\/avatar\\\/2172498d4914b51e1d89a0f97957b035ac4938723a5cac208135d389b6972a6d?s=96&d=mm&r=g\",\"url\":\"https:\\\/\\\/secure.gravatar.com\\\/avatar\\\/2172498d4914b51e1d89a0f97957b035ac4938723a5cac208135d389b6972a6d?s=96&d=mm&r=g\",\"contentUrl\":\"https:\\\/\\\/secure.gravatar.com\\\/avatar\\\/2172498d4914b51e1d89a0f97957b035ac4938723a5cac208135d389b6972a6d?s=96&d=mm&r=g\",\"caption\":\"teste\"},\"url\":\"https:\\\/\\\/blogdofarnesio.com.br\\\/?author=3\"}]}<\/script>\n<!-- \/ Yoast SEO plugin. -->","yoast_head_json":{"title":"EST\u00c3O ABERTAS INSCRI\u00c7\u00d5ES PARA OFICINAS E MINICURSOS GRATUITOS - Blog do Farn\u00e9sio","robots":{"index":"index","follow":"follow","max-snippet":"max-snippet:-1","max-image-preview":"max-image-preview:large","max-video-preview":"max-video-preview:-1"},"canonical":"https:\/\/blogdofarnesio.com.br\/?p=70725","og_locale":"pt_BR","og_type":"article","og_title":"EST\u00c3O ABERTAS INSCRI\u00c7\u00d5ES PARA OFICINAS E MINICURSOS GRATUITOS - Blog do Farn\u00e9sio","og_description":"Criado com o objetivo de difundir a cultura popular, o bloco carnavalesco Amigo dos Artistas, composto por v\u00e1rios artistas da regi\u00e3o, est\u00e1 promovendo diversas oficinas e minicursos gratuitas. Est\u00e3o sendo oferecidas oficinas de Malabares com Tecido, Costumiza\u00e7\u00e3o, Perna de Pau, Confec\u00e7\u00e3o de estandarte, bonecos gigantes, Percuss\u00e3o e Cordeiro. O idealizador do Projeto, coordenador do f\u00f3rum de culturas populares do sert\u00e3o do Francisco, Tiago Carvalho destaca que, o projeto est\u00e1 sendo desenvolvido junto a entidades e p\u00fablico em geral, possibilitando assim um interc\u00e2mbio institucional na regi\u00e3o. \u201cO objetivo das oficinas \u00e9, atrav\u00e9s do poder da arte e da cultura incentivar a criatividade das pessoas\u201d, ressaltou. As oficinas ser\u00e3o oferecidas no per\u00edodo de 03 a 06 de fevereiro, e as inscri\u00e7\u00f5es podem&hellip;","og_url":"https:\/\/blogdofarnesio.com.br\/?p=70725","og_site_name":"Blog do Farn\u00e9sio","article_publisher":"https:\/\/www.facebook.com\/BlogQuerSaberPolitica\/","article_published_time":"2014-01-23T17:23:53+00:00","og_image":[{"url":"http:\/\/www.quersaberpolitica.com.br\/2016\/wp-content\/uploads\/2014\/01\/1526506_10200905059263756_619254453_n-208x300.jpg","type":"","width":"","height":""}],"author":"teste","twitter_card":"summary_large_image","twitter_misc":{"Escrito por":"teste","Est. tempo de leitura":"1 minuto"},"schema":{"@context":"https:\/\/schema.org","@graph":[{"@type":"Article","@id":"https:\/\/blogdofarnesio.com.br\/?p=70725#article","isPartOf":{"@id":"https:\/\/blogdofarnesio.com.br\/?p=70725"},"author":{"name":"teste","@id":"https:\/\/blogdofarnesio.com.br\/#\/schema\/person\/dd1bf5eba40b687199ba45ca6b97dff9"},"headline":"EST\u00c3O ABERTAS INSCRI\u00c7\u00d5ES PARA OFICINAS E MINICURSOS GRATUITOS","datePublished":"2014-01-23T17:23:53+00:00","mainEntityOfPage":{"@id":"https:\/\/blogdofarnesio.com.br\/?p=70725"},"wordCount":169,"commentCount":0,"publisher":{"@id":"https:\/\/blogdofarnesio.com.br\/#organization"},"image":{"@id":"https:\/\/blogdofarnesio.com.br\/?p=70725#primaryimage"},"thumbnailUrl":"http:\/\/www.quersaberpolitica.com.br\/2016\/wp-content\/uploads\/2014\/01\/1526506_10200905059263756_619254453_n-208x300.jpg","articleSection":["Cultura"],"inLanguage":"pt-BR","potentialAction":[{"@type":"CommentAction","name":"Comment","target":["https:\/\/blogdofarnesio.com.br\/?p=70725#respond"]}]},{"@type":"WebPage","@id":"https:\/\/blogdofarnesio.com.br\/?p=70725","url":"https:\/\/blogdofarnesio.com.br\/?p=70725","name":"EST\u00c3O ABERTAS INSCRI\u00c7\u00d5ES PARA OFICINAS E MINICURSOS GRATUITOS - Blog do Farn\u00e9sio","isPartOf":{"@id":"https:\/\/blogdofarnesio.com.br\/#website"},"primaryImageOfPage":{"@id":"https:\/\/blogdofarnesio.com.br\/?p=70725#primaryimage"},"image":{"@id":"https:\/\/blogdofarnesio.com.br\/?p=70725#primaryimage"},"thumbnailUrl":"http:\/\/www.quersaberpolitica.com.br\/2016\/wp-content\/uploads\/2014\/01\/1526506_10200905059263756_619254453_n-208x300.jpg","datePublished":"2014-01-23T17:23:53+00:00","breadcrumb":{"@id":"https:\/\/blogdofarnesio.com.br\/?p=70725#breadcrumb"},"inLanguage":"pt-BR","potentialAction":[{"@type":"ReadAction","target":["https:\/\/blogdofarnesio.com.br\/?p=70725"]}]},{"@type":"ImageObject","inLanguage":"pt-BR","@id":"https:\/\/blogdofarnesio.com.br\/?p=70725#primaryimage","url":"http:\/\/www.quersaberpolitica.com.br\/2016\/wp-content\/uploads\/2014\/01\/1526506_10200905059263756_619254453_n-208x300.jpg","contentUrl":"http:\/\/www.quersaberpolitica.com.br\/2016\/wp-content\/uploads\/2014\/01\/1526506_10200905059263756_619254453_n-208x300.jpg"},{"@type":"BreadcrumbList","@id":"https:\/\/blogdofarnesio.com.br\/?p=70725#breadcrumb","itemListElement":[{"@type":"ListItem","position":1,"name":"In\u00edcio","item":"https:\/\/blogdofarnesio.com.br\/"},{"@type":"ListItem","position":2,"name":"EST\u00c3O ABERTAS INSCRI\u00c7\u00d5ES PARA OFICINAS E MINICURSOS GRATUITOS"}]},{"@type":"WebSite","@id":"https:\/\/blogdofarnesio.com.br\/#website","url":"https:\/\/blogdofarnesio.com.br\/","name":"Blog do Farn\u00e9sio","description":"Quer Saber Pol\u00edtica?","publisher":{"@id":"https:\/\/blogdofarnesio.com.br\/#organization"},"potentialAction":[{"@type":"SearchAction","target":{"@type":"EntryPoint","urlTemplate":"https:\/\/blogdofarnesio.com.br\/?s={search_term_string}"},"query-input":{"@type":"PropertyValueSpecification","valueRequired":true,"valueName":"search_term_string"}}],"inLanguage":"pt-BR"},{"@type":"Organization","@id":"https:\/\/blogdofarnesio.com.br\/#organization","name":"Blog do Farn\u00e9sio","url":"https:\/\/blogdofarnesio.com.br\/","logo":{"@type":"ImageObject","inLanguage":"pt-BR","@id":"https:\/\/blogdofarnesio.com.br\/#\/schema\/logo\/image\/","url":"https:\/\/blogdofarnesio.com.br\/wp-content\/uploads\/2026\/03\/cropped-logo_new-1.png","contentUrl":"https:\/\/blogdofarnesio.com.br\/wp-content\/uploads\/2026\/03\/cropped-logo_new-1.png","width":881,"height":685,"caption":"Blog do Farn\u00e9sio"},"image":{"@id":"https:\/\/blogdofarnesio.com.br\/#\/schema\/logo\/image\/"},"sameAs":["https:\/\/www.facebook.com\/BlogQuerSaberPolitica\/"]},{"@type":"Person","@id":"https:\/\/blogdofarnesio.com.br\/#\/schema\/person\/dd1bf5eba40b687199ba45ca6b97dff9","name":"teste","image":{"@type":"ImageObject","inLanguage":"pt-BR","@id":"https:\/\/secure.gravatar.com\/avatar\/2172498d4914b51e1d89a0f97957b035ac4938723a5cac208135d389b6972a6d?s=96&d=mm&r=g","url":"https:\/\/secure.gravatar.com\/avatar\/2172498d4914b51e1d89a0f97957b035ac4938723a5cac208135d389b6972a6d?s=96&d=mm&r=g","contentUrl":"https:\/\/secure.gravatar.com\/avatar\/2172498d4914b51e1d89a0f97957b035ac4938723a5cac208135d389b6972a6d?s=96&d=mm&r=g","caption":"teste"},"url":"https:\/\/blogdofarnesio.com.br\/?author=3"}]}},"_links":{"self":[{"href":"https:\/\/blogdofarnesio.com.br\/index.php?rest_route=\/wp\/v2\/posts\/70725","targetHints":{"allow":["GET"]}}],"collection":[{"href":"https:\/\/blogdofarnesio.com.br\/index.php?rest_route=\/wp\/v2\/posts"}],"about":[{"href":"https:\/\/blogdofarnesio.com.br\/index.php?rest_route=\/wp\/v2\/types\/post"}],"author":[{"embeddable":true,"href":"https:\/\/blogdofarnesio.com.br\/index.php?rest_route=\/wp\/v2\/users\/3"}],"replies":[{"embeddable":true,"href":"https:\/\/blogdofarnesio.com.br\/index.php?rest_route=%2Fwp%2Fv2%2Fcomments&post=70725"}],"version-history":[{"count":0,"href":"https:\/\/blogdofarnesio.com.br\/index.php?rest_route=\/wp\/v2\/posts\/70725\/revisions"}],"wp:attachment":[{"href":"https:\/\/blogdofarnesio.com.br\/index.php?rest_route=%2Fwp%2Fv2%2Fmedia&parent=70725"}],"wp:term":[{"taxonomy":"category","embeddable":true,"href":"https:\/\/blogdofarnesio.com.br\/index.php?rest_route=%2Fwp%2Fv2%2Fcategories&post=70725"},{"taxonomy":"post_tag","embeddable":true,"href":"https:\/\/blogdofarnesio.com.br\/index.php?rest_route=%2Fwp%2Fv2%2Ftags&post=70725"}],"curies":[{"name":"wp","href":"https:\/\/api.w.org\/{rel}","templated":true}]}}