{"id":70700,"date":"2014-01-23T10:24:31","date_gmt":"2014-01-23T13:24:31","guid":{"rendered":"http:\/\/www.quersaberpolitica.com.br\/?p=70700"},"modified":"2014-01-23T08:50:38","modified_gmt":"2014-01-23T11:50:38","slug":"matriculas-de-aprovados-na-1a-chamada-do-sisu-terminaram-ontem-com-621-estudantes-inscritos-na-univasf","status":"publish","type":"post","link":"https:\/\/blogdofarnesio.com.br\/?p=70700","title":{"rendered":"APROVADOS NA 1\u00aa CHAMADA DO SISU TEVE 621 ESTUDANTES INSCRITOS NA UNIVASF"},"content":{"rendered":"<p style=\"text-align: justify\"><a href=\"http:\/\/www.quersaberpolitica.com.br\/2016\/wp-content\/uploads\/2013\/02\/blogqspUnivasf-petrolina.jpg\"><img loading=\"lazy\" decoding=\"async\" class=\"alignleft size-full wp-image-27545\" alt=\"blogqspUnivasf-petrolina\" src=\"http:\/\/www.quersaberpolitica.com.br\/2016\/wp-content\/uploads\/2013\/02\/blogqspUnivasf-petrolina.jpg\" width=\"300\" height=\"168\" \/><\/a>Encerradas as matr\u00edculas dos convocados na 1\u00aa chamada do Sistema de Sele\u00e7\u00e3o Unificada (Sisu) para a Universidade Federal do Vale do S\u00e3o Francisco (Univasf).<\/p>\n<p style=\"text-align: justify\">Nesta primeira etapa, 621 estudantes se matricularam para os 23 cursos de gradua\u00e7\u00e3o presenciais ofertados nos cinco campi da institui\u00e7\u00e3o.<\/p>\n<p style=\"text-align: justify\">As vagas restantes ser\u00e3o disponibilizadas para os candidatos convocados na 2\u00aa chamada do Sisu. A nova rela\u00e7\u00e3o deve ser divulgada no pr\u00f3ximo dia 27 e a matr\u00edcula desses convocados est\u00e1 marcada para os dias 31 de janeiro; e 3 e 4 de fevereiro.<\/p>\n<p style=\"text-align: justify\">Ontem, no Campus Petrolina Sede, onde foram realizadas as matr\u00edculas para os cursos dos dois campi de Petrolina (PE) e para o Campus Juazeiro (BA), alguns candidatos deixaram para fazer o procedimento nos \u00faltimos minutos do \u00faltimo dia. Um deles foi Victor Hugo Nunes Blohem, que se matriculou no curso de Educa\u00e7\u00e3o F\u00edsica.<!--more--><\/p>\n<p style=\"text-align: justify\">J\u00e1 formado em Medicina pela Escola Bahiana de Medicina e Sa\u00fade P\u00fablica, em 2012, ele v\u00ea na nova gradua\u00e7\u00e3o uma forma de se especializar em Medicina Esportiva, \u00e1rea pela qual tem grande interesse. \u201cMeu objetivo \u00e9 unir o conhecimento dos dois cursos para me especializar\u201d, disse.<\/p>\n<p style=\"text-align: justify\">A estudante de Medicina Veterin\u00e1ria Bruna Cristina Barbosa se matriculou novamente no mesmo curso com dois objetivos: zerar o escore em seu hist\u00f3rico escolar e conseguir vaga em disciplinas dos semestres iniciais que ela n\u00e3o chegou a cursar. Apesar de ser natural de Mar\u00edlia (SP), optou por continuar sua gradua\u00e7\u00e3o na Univasf. \u201cPercebi que o curso que quero \u00e9 mesmo Medicina Veterin\u00e1ria\u201d, afirmou, explicando que chegou a pensar em fazer Medicina desta vez.<\/p>\n<p style=\"text-align: justify\">Para Jos\u00e9 Miguel Dias de Franca Silva, a matr\u00edcula representa a oportunidade de concluir o curso de Engenharia Mec\u00e2nica, com o qual havia perdido o v\u00ednculo. Ele tamb\u00e9m foi um dos \u00faltimos a se matricular na tarde de ontem. \u201cO importante \u00e9 voltar para concluir meu curso\u201d, disse.<\/p>\n<p style=\"text-align: justify\">Satisfeita tamb\u00e9m estava Sammilca de Cale Fran\u00e7a, que veio fazer a matr\u00edcula como procuradora do cunhado, aprovado para Engenharia de Produ\u00e7\u00e3o. Ele mora em Salvador, mas vem fazer o curso e com ele vir\u00e1 a irm\u00e3 de Sammilca. \u201cA fam\u00edlia est\u00e1 toda feliz. Vamos dar o maior apoio para que d\u00ea tudo certo para eles nesse retorno\u201d, contou.<\/p>\n<p style=\"text-align: justify\">Os estudantes que j\u00e1 se matricularam devem ficar atentos \u00e0 publica\u00e7\u00e3o, no site da Secretaria de Registro e Controle Acad\u00eamico (SRCA), da rela\u00e7\u00e3o de alunos matriculados para a primeira e a segunda entradas. Os estudantes tamb\u00e9m devem acompanhar pelo site da Univasf a divulga\u00e7\u00e3o do calend\u00e1rio acad\u00eamico 2014.1 com a data de in\u00edcio das aulas do primeiro semestre letivo do ano.<\/p>\n","protected":false},"excerpt":{"rendered":"<p>Encerradas as matr\u00edculas dos convocados na 1\u00aa chamada do Sistema de Sele\u00e7\u00e3o Unificada (Sisu) para a Universidade Federal do Vale do S\u00e3o Francisco (Univasf). Nesta primeira etapa, 621 estudantes se matricularam para os 23 cursos de gradua\u00e7\u00e3o presenciais ofertados nos cinco campi da institui\u00e7\u00e3o. As vagas restantes ser\u00e3o disponibilizadas para os candidatos convocados na 2\u00aa chamada do Sisu. A nova rela\u00e7\u00e3o deve ser divulgada no pr\u00f3ximo dia 27 e a matr\u00edcula desses convocados est\u00e1 marcada para os dias 31 de janeiro; e 3 e 4 de fevereiro. Ontem, no Campus Petrolina Sede, onde foram realizadas as matr\u00edculas para os cursos dos dois campi de Petrolina (PE) e para o Campus Juazeiro (BA), alguns candidatos deixaram para fazer o procedimento nos&hellip; <\/p>\n","protected":false},"author":3,"featured_media":0,"comment_status":"open","ping_status":"open","sticky":false,"template":"","format":"standard","meta":{"_acf_changed":false,"footnotes":""},"categories":[6],"tags":[],"class_list":["post-70700","post","type-post","status-publish","format-standard","hentry","category-educacao"],"acf":[],"yoast_head":"<!-- This site is optimized with the Yoast SEO plugin v27.4 - https:\/\/yoast.com\/product\/yoast-seo-wordpress\/ -->\n<title>APROVADOS NA 1\u00aa CHAMADA DO SISU TEVE 621 ESTUDANTES INSCRITOS NA UNIVASF - Blog do Farn\u00e9sio<\/title>\n<meta name=\"robots\" content=\"index, follow, max-snippet:-1, max-image-preview:large, max-video-preview:-1\" \/>\n<link rel=\"canonical\" href=\"https:\/\/blogdofarnesio.com.br\/?p=70700\" \/>\n<meta property=\"og:locale\" content=\"pt_BR\" \/>\n<meta property=\"og:type\" content=\"article\" \/>\n<meta property=\"og:title\" content=\"APROVADOS NA 1\u00aa CHAMADA DO SISU TEVE 621 ESTUDANTES INSCRITOS NA UNIVASF - Blog do Farn\u00e9sio\" \/>\n<meta property=\"og:description\" content=\"Encerradas as matr\u00edculas dos convocados na 1\u00aa chamada do Sistema de Sele\u00e7\u00e3o Unificada (Sisu) para a Universidade Federal do Vale do S\u00e3o Francisco (Univasf). Nesta primeira etapa, 621 estudantes se matricularam para os 23 cursos de gradua\u00e7\u00e3o presenciais ofertados nos cinco campi da institui\u00e7\u00e3o. As vagas restantes ser\u00e3o disponibilizadas para os candidatos convocados na 2\u00aa chamada do Sisu. A nova rela\u00e7\u00e3o deve ser divulgada no pr\u00f3ximo dia 27 e a matr\u00edcula desses convocados est\u00e1 marcada para os dias 31 de janeiro; e 3 e 4 de fevereiro. Ontem, no Campus Petrolina Sede, onde foram realizadas as matr\u00edculas para os cursos dos dois campi de Petrolina (PE) e para o Campus Juazeiro (BA), alguns candidatos deixaram para fazer o procedimento nos&hellip;\" \/>\n<meta property=\"og:url\" content=\"https:\/\/blogdofarnesio.com.br\/?p=70700\" \/>\n<meta property=\"og:site_name\" content=\"Blog do Farn\u00e9sio\" \/>\n<meta property=\"article:publisher\" content=\"https:\/\/www.facebook.com\/BlogQuerSaberPolitica\/\" \/>\n<meta property=\"article:published_time\" content=\"2014-01-23T13:24:31+00:00\" \/>\n<meta property=\"og:image\" content=\"http:\/\/www.quersaberpolitica.com.br\/2016\/wp-content\/uploads\/2013\/02\/blogqspUnivasf-petrolina.jpg\" \/>\n<meta name=\"author\" content=\"teste\" \/>\n<meta name=\"twitter:card\" content=\"summary_large_image\" \/>\n<meta name=\"twitter:label1\" content=\"Escrito por\" \/>\n\t<meta name=\"twitter:data1\" content=\"teste\" \/>\n\t<meta name=\"twitter:label2\" content=\"Est. tempo de leitura\" \/>\n\t<meta name=\"twitter:data2\" content=\"2 minutos\" \/>\n<script type=\"application\/ld+json\" class=\"yoast-schema-graph\">{\"@context\":\"https:\\\/\\\/schema.org\",\"@graph\":[{\"@type\":\"Article\",\"@id\":\"https:\\\/\\\/blogdofarnesio.com.br\\\/?p=70700#article\",\"isPartOf\":{\"@id\":\"https:\\\/\\\/blogdofarnesio.com.br\\\/?p=70700\"},\"author\":{\"name\":\"teste\",\"@id\":\"https:\\\/\\\/blogdofarnesio.com.br\\\/#\\\/schema\\\/person\\\/dd1bf5eba40b687199ba45ca6b97dff9\"},\"headline\":\"APROVADOS NA 1\u00aa CHAMADA DO SISU TEVE 621 ESTUDANTES INSCRITOS NA UNIVASF\",\"datePublished\":\"2014-01-23T13:24:31+00:00\",\"mainEntityOfPage\":{\"@id\":\"https:\\\/\\\/blogdofarnesio.com.br\\\/?p=70700\"},\"wordCount\":460,\"commentCount\":0,\"publisher\":{\"@id\":\"https:\\\/\\\/blogdofarnesio.com.br\\\/#organization\"},\"image\":{\"@id\":\"https:\\\/\\\/blogdofarnesio.com.br\\\/?p=70700#primaryimage\"},\"thumbnailUrl\":\"http:\\\/\\\/www.quersaberpolitica.com.br\\\/2016\\\/wp-content\\\/uploads\\\/2013\\\/02\\\/blogqspUnivasf-petrolina.jpg\",\"articleSection\":[\"Educa\u00e7\u00e3o\"],\"inLanguage\":\"pt-BR\",\"potentialAction\":[{\"@type\":\"CommentAction\",\"name\":\"Comment\",\"target\":[\"https:\\\/\\\/blogdofarnesio.com.br\\\/?p=70700#respond\"]}]},{\"@type\":\"WebPage\",\"@id\":\"https:\\\/\\\/blogdofarnesio.com.br\\\/?p=70700\",\"url\":\"https:\\\/\\\/blogdofarnesio.com.br\\\/?p=70700\",\"name\":\"APROVADOS NA 1\u00aa CHAMADA DO SISU TEVE 621 ESTUDANTES INSCRITOS NA UNIVASF - Blog do Farn\u00e9sio\",\"isPartOf\":{\"@id\":\"https:\\\/\\\/blogdofarnesio.com.br\\\/#website\"},\"primaryImageOfPage\":{\"@id\":\"https:\\\/\\\/blogdofarnesio.com.br\\\/?p=70700#primaryimage\"},\"image\":{\"@id\":\"https:\\\/\\\/blogdofarnesio.com.br\\\/?p=70700#primaryimage\"},\"thumbnailUrl\":\"http:\\\/\\\/www.quersaberpolitica.com.br\\\/2016\\\/wp-content\\\/uploads\\\/2013\\\/02\\\/blogqspUnivasf-petrolina.jpg\",\"datePublished\":\"2014-01-23T13:24:31+00:00\",\"breadcrumb\":{\"@id\":\"https:\\\/\\\/blogdofarnesio.com.br\\\/?p=70700#breadcrumb\"},\"inLanguage\":\"pt-BR\",\"potentialAction\":[{\"@type\":\"ReadAction\",\"target\":[\"https:\\\/\\\/blogdofarnesio.com.br\\\/?p=70700\"]}]},{\"@type\":\"ImageObject\",\"inLanguage\":\"pt-BR\",\"@id\":\"https:\\\/\\\/blogdofarnesio.com.br\\\/?p=70700#primaryimage\",\"url\":\"http:\\\/\\\/www.quersaberpolitica.com.br\\\/2016\\\/wp-content\\\/uploads\\\/2013\\\/02\\\/blogqspUnivasf-petrolina.jpg\",\"contentUrl\":\"http:\\\/\\\/www.quersaberpolitica.com.br\\\/2016\\\/wp-content\\\/uploads\\\/2013\\\/02\\\/blogqspUnivasf-petrolina.jpg\"},{\"@type\":\"BreadcrumbList\",\"@id\":\"https:\\\/\\\/blogdofarnesio.com.br\\\/?p=70700#breadcrumb\",\"itemListElement\":[{\"@type\":\"ListItem\",\"position\":1,\"name\":\"In\u00edcio\",\"item\":\"https:\\\/\\\/blogdofarnesio.com.br\\\/\"},{\"@type\":\"ListItem\",\"position\":2,\"name\":\"APROVADOS NA 1\u00aa CHAMADA DO SISU TEVE 621 ESTUDANTES INSCRITOS NA UNIVASF\"}]},{\"@type\":\"WebSite\",\"@id\":\"https:\\\/\\\/blogdofarnesio.com.br\\\/#website\",\"url\":\"https:\\\/\\\/blogdofarnesio.com.br\\\/\",\"name\":\"Blog do Farn\u00e9sio\",\"description\":\"Quer Saber Pol\u00edtica?\",\"publisher\":{\"@id\":\"https:\\\/\\\/blogdofarnesio.com.br\\\/#organization\"},\"potentialAction\":[{\"@type\":\"SearchAction\",\"target\":{\"@type\":\"EntryPoint\",\"urlTemplate\":\"https:\\\/\\\/blogdofarnesio.com.br\\\/?s={search_term_string}\"},\"query-input\":{\"@type\":\"PropertyValueSpecification\",\"valueRequired\":true,\"valueName\":\"search_term_string\"}}],\"inLanguage\":\"pt-BR\"},{\"@type\":\"Organization\",\"@id\":\"https:\\\/\\\/blogdofarnesio.com.br\\\/#organization\",\"name\":\"Blog do Farn\u00e9sio\",\"url\":\"https:\\\/\\\/blogdofarnesio.com.br\\\/\",\"logo\":{\"@type\":\"ImageObject\",\"inLanguage\":\"pt-BR\",\"@id\":\"https:\\\/\\\/blogdofarnesio.com.br\\\/#\\\/schema\\\/logo\\\/image\\\/\",\"url\":\"https:\\\/\\\/blogdofarnesio.com.br\\\/wp-content\\\/uploads\\\/2026\\\/03\\\/cropped-logo_new-1.png\",\"contentUrl\":\"https:\\\/\\\/blogdofarnesio.com.br\\\/wp-content\\\/uploads\\\/2026\\\/03\\\/cropped-logo_new-1.png\",\"width\":881,\"height\":685,\"caption\":\"Blog do Farn\u00e9sio\"},\"image\":{\"@id\":\"https:\\\/\\\/blogdofarnesio.com.br\\\/#\\\/schema\\\/logo\\\/image\\\/\"},\"sameAs\":[\"https:\\\/\\\/www.facebook.com\\\/BlogQuerSaberPolitica\\\/\"]},{\"@type\":\"Person\",\"@id\":\"https:\\\/\\\/blogdofarnesio.com.br\\\/#\\\/schema\\\/person\\\/dd1bf5eba40b687199ba45ca6b97dff9\",\"name\":\"teste\",\"image\":{\"@type\":\"ImageObject\",\"inLanguage\":\"pt-BR\",\"@id\":\"https:\\\/\\\/secure.gravatar.com\\\/avatar\\\/2172498d4914b51e1d89a0f97957b035ac4938723a5cac208135d389b6972a6d?s=96&d=mm&r=g\",\"url\":\"https:\\\/\\\/secure.gravatar.com\\\/avatar\\\/2172498d4914b51e1d89a0f97957b035ac4938723a5cac208135d389b6972a6d?s=96&d=mm&r=g\",\"contentUrl\":\"https:\\\/\\\/secure.gravatar.com\\\/avatar\\\/2172498d4914b51e1d89a0f97957b035ac4938723a5cac208135d389b6972a6d?s=96&d=mm&r=g\",\"caption\":\"teste\"},\"url\":\"https:\\\/\\\/blogdofarnesio.com.br\\\/?author=3\"}]}<\/script>\n<!-- \/ Yoast SEO plugin. -->","yoast_head_json":{"title":"APROVADOS NA 1\u00aa CHAMADA DO SISU TEVE 621 ESTUDANTES INSCRITOS NA UNIVASF - Blog do Farn\u00e9sio","robots":{"index":"index","follow":"follow","max-snippet":"max-snippet:-1","max-image-preview":"max-image-preview:large","max-video-preview":"max-video-preview:-1"},"canonical":"https:\/\/blogdofarnesio.com.br\/?p=70700","og_locale":"pt_BR","og_type":"article","og_title":"APROVADOS NA 1\u00aa CHAMADA DO SISU TEVE 621 ESTUDANTES INSCRITOS NA UNIVASF - Blog do Farn\u00e9sio","og_description":"Encerradas as matr\u00edculas dos convocados na 1\u00aa chamada do Sistema de Sele\u00e7\u00e3o Unificada (Sisu) para a Universidade Federal do Vale do S\u00e3o Francisco (Univasf). Nesta primeira etapa, 621 estudantes se matricularam para os 23 cursos de gradua\u00e7\u00e3o presenciais ofertados nos cinco campi da institui\u00e7\u00e3o. As vagas restantes ser\u00e3o disponibilizadas para os candidatos convocados na 2\u00aa chamada do Sisu. A nova rela\u00e7\u00e3o deve ser divulgada no pr\u00f3ximo dia 27 e a matr\u00edcula desses convocados est\u00e1 marcada para os dias 31 de janeiro; e 3 e 4 de fevereiro. Ontem, no Campus Petrolina Sede, onde foram realizadas as matr\u00edculas para os cursos dos dois campi de Petrolina (PE) e para o Campus Juazeiro (BA), alguns candidatos deixaram para fazer o procedimento nos&hellip;","og_url":"https:\/\/blogdofarnesio.com.br\/?p=70700","og_site_name":"Blog do Farn\u00e9sio","article_publisher":"https:\/\/www.facebook.com\/BlogQuerSaberPolitica\/","article_published_time":"2014-01-23T13:24:31+00:00","og_image":[{"url":"http:\/\/www.quersaberpolitica.com.br\/2016\/wp-content\/uploads\/2013\/02\/blogqspUnivasf-petrolina.jpg","type":"","width":"","height":""}],"author":"teste","twitter_card":"summary_large_image","twitter_misc":{"Escrito por":"teste","Est. tempo de leitura":"2 minutos"},"schema":{"@context":"https:\/\/schema.org","@graph":[{"@type":"Article","@id":"https:\/\/blogdofarnesio.com.br\/?p=70700#article","isPartOf":{"@id":"https:\/\/blogdofarnesio.com.br\/?p=70700"},"author":{"name":"teste","@id":"https:\/\/blogdofarnesio.com.br\/#\/schema\/person\/dd1bf5eba40b687199ba45ca6b97dff9"},"headline":"APROVADOS NA 1\u00aa CHAMADA DO SISU TEVE 621 ESTUDANTES INSCRITOS NA UNIVASF","datePublished":"2014-01-23T13:24:31+00:00","mainEntityOfPage":{"@id":"https:\/\/blogdofarnesio.com.br\/?p=70700"},"wordCount":460,"commentCount":0,"publisher":{"@id":"https:\/\/blogdofarnesio.com.br\/#organization"},"image":{"@id":"https:\/\/blogdofarnesio.com.br\/?p=70700#primaryimage"},"thumbnailUrl":"http:\/\/www.quersaberpolitica.com.br\/2016\/wp-content\/uploads\/2013\/02\/blogqspUnivasf-petrolina.jpg","articleSection":["Educa\u00e7\u00e3o"],"inLanguage":"pt-BR","potentialAction":[{"@type":"CommentAction","name":"Comment","target":["https:\/\/blogdofarnesio.com.br\/?p=70700#respond"]}]},{"@type":"WebPage","@id":"https:\/\/blogdofarnesio.com.br\/?p=70700","url":"https:\/\/blogdofarnesio.com.br\/?p=70700","name":"APROVADOS NA 1\u00aa CHAMADA DO SISU TEVE 621 ESTUDANTES INSCRITOS NA UNIVASF - Blog do Farn\u00e9sio","isPartOf":{"@id":"https:\/\/blogdofarnesio.com.br\/#website"},"primaryImageOfPage":{"@id":"https:\/\/blogdofarnesio.com.br\/?p=70700#primaryimage"},"image":{"@id":"https:\/\/blogdofarnesio.com.br\/?p=70700#primaryimage"},"thumbnailUrl":"http:\/\/www.quersaberpolitica.com.br\/2016\/wp-content\/uploads\/2013\/02\/blogqspUnivasf-petrolina.jpg","datePublished":"2014-01-23T13:24:31+00:00","breadcrumb":{"@id":"https:\/\/blogdofarnesio.com.br\/?p=70700#breadcrumb"},"inLanguage":"pt-BR","potentialAction":[{"@type":"ReadAction","target":["https:\/\/blogdofarnesio.com.br\/?p=70700"]}]},{"@type":"ImageObject","inLanguage":"pt-BR","@id":"https:\/\/blogdofarnesio.com.br\/?p=70700#primaryimage","url":"http:\/\/www.quersaberpolitica.com.br\/2016\/wp-content\/uploads\/2013\/02\/blogqspUnivasf-petrolina.jpg","contentUrl":"http:\/\/www.quersaberpolitica.com.br\/2016\/wp-content\/uploads\/2013\/02\/blogqspUnivasf-petrolina.jpg"},{"@type":"BreadcrumbList","@id":"https:\/\/blogdofarnesio.com.br\/?p=70700#breadcrumb","itemListElement":[{"@type":"ListItem","position":1,"name":"In\u00edcio","item":"https:\/\/blogdofarnesio.com.br\/"},{"@type":"ListItem","position":2,"name":"APROVADOS NA 1\u00aa CHAMADA DO SISU TEVE 621 ESTUDANTES INSCRITOS NA UNIVASF"}]},{"@type":"WebSite","@id":"https:\/\/blogdofarnesio.com.br\/#website","url":"https:\/\/blogdofarnesio.com.br\/","name":"Blog do Farn\u00e9sio","description":"Quer Saber Pol\u00edtica?","publisher":{"@id":"https:\/\/blogdofarnesio.com.br\/#organization"},"potentialAction":[{"@type":"SearchAction","target":{"@type":"EntryPoint","urlTemplate":"https:\/\/blogdofarnesio.com.br\/?s={search_term_string}"},"query-input":{"@type":"PropertyValueSpecification","valueRequired":true,"valueName":"search_term_string"}}],"inLanguage":"pt-BR"},{"@type":"Organization","@id":"https:\/\/blogdofarnesio.com.br\/#organization","name":"Blog do Farn\u00e9sio","url":"https:\/\/blogdofarnesio.com.br\/","logo":{"@type":"ImageObject","inLanguage":"pt-BR","@id":"https:\/\/blogdofarnesio.com.br\/#\/schema\/logo\/image\/","url":"https:\/\/blogdofarnesio.com.br\/wp-content\/uploads\/2026\/03\/cropped-logo_new-1.png","contentUrl":"https:\/\/blogdofarnesio.com.br\/wp-content\/uploads\/2026\/03\/cropped-logo_new-1.png","width":881,"height":685,"caption":"Blog do Farn\u00e9sio"},"image":{"@id":"https:\/\/blogdofarnesio.com.br\/#\/schema\/logo\/image\/"},"sameAs":["https:\/\/www.facebook.com\/BlogQuerSaberPolitica\/"]},{"@type":"Person","@id":"https:\/\/blogdofarnesio.com.br\/#\/schema\/person\/dd1bf5eba40b687199ba45ca6b97dff9","name":"teste","image":{"@type":"ImageObject","inLanguage":"pt-BR","@id":"https:\/\/secure.gravatar.com\/avatar\/2172498d4914b51e1d89a0f97957b035ac4938723a5cac208135d389b6972a6d?s=96&d=mm&r=g","url":"https:\/\/secure.gravatar.com\/avatar\/2172498d4914b51e1d89a0f97957b035ac4938723a5cac208135d389b6972a6d?s=96&d=mm&r=g","contentUrl":"https:\/\/secure.gravatar.com\/avatar\/2172498d4914b51e1d89a0f97957b035ac4938723a5cac208135d389b6972a6d?s=96&d=mm&r=g","caption":"teste"},"url":"https:\/\/blogdofarnesio.com.br\/?author=3"}]}},"_links":{"self":[{"href":"https:\/\/blogdofarnesio.com.br\/index.php?rest_route=\/wp\/v2\/posts\/70700","targetHints":{"allow":["GET"]}}],"collection":[{"href":"https:\/\/blogdofarnesio.com.br\/index.php?rest_route=\/wp\/v2\/posts"}],"about":[{"href":"https:\/\/blogdofarnesio.com.br\/index.php?rest_route=\/wp\/v2\/types\/post"}],"author":[{"embeddable":true,"href":"https:\/\/blogdofarnesio.com.br\/index.php?rest_route=\/wp\/v2\/users\/3"}],"replies":[{"embeddable":true,"href":"https:\/\/blogdofarnesio.com.br\/index.php?rest_route=%2Fwp%2Fv2%2Fcomments&post=70700"}],"version-history":[{"count":0,"href":"https:\/\/blogdofarnesio.com.br\/index.php?rest_route=\/wp\/v2\/posts\/70700\/revisions"}],"wp:attachment":[{"href":"https:\/\/blogdofarnesio.com.br\/index.php?rest_route=%2Fwp%2Fv2%2Fmedia&parent=70700"}],"wp:term":[{"taxonomy":"category","embeddable":true,"href":"https:\/\/blogdofarnesio.com.br\/index.php?rest_route=%2Fwp%2Fv2%2Fcategories&post=70700"},{"taxonomy":"post_tag","embeddable":true,"href":"https:\/\/blogdofarnesio.com.br\/index.php?rest_route=%2Fwp%2Fv2%2Ftags&post=70700"}],"curies":[{"name":"wp","href":"https:\/\/api.w.org\/{rel}","templated":true}]}}