{"id":70615,"date":"2014-01-23T09:40:50","date_gmt":"2014-01-23T12:40:50","guid":{"rendered":"http:\/\/www.quersaberpolitica.com.br\/?p=70615"},"modified":"2014-01-23T08:53:38","modified_gmt":"2014-01-23T11:53:38","slug":"comeca-hoje-23-cadastramento-de-ambulantes-para-o-carnaval-dos-100-anos-de-juazeiro","status":"publish","type":"post","link":"https:\/\/blogdofarnesio.com.br\/?p=70615","title":{"rendered":"COME\u00c7OU (23) O CADASTRAMENTO DE AMBULANTES PARA O CARNAVAL DOS 100 ANOS DE JUAZEIRO"},"content":{"rendered":"<div id=\"post-body-1039247216040850052\" style=\"text-align: justify\">\n<div><img loading=\"lazy\" decoding=\"async\" class=\"aligncenter\" style=\"border: 0px\" alt=\"\" src=\"https:\/\/images-blogger-opensocial.googleusercontent.com\/gadgets\/proxy?url=http%3A%2F%2F2.bp.blogspot.com%2F-dn2p5Eb-Azg%2FUt7EM-SE3CI%2FAAAAAAABKsk%2FcXHJH4YFePo%2Fs1600%2FMarca-aprovada-Carnaval-PMJ13_curvasx.jpg&amp;container=blogger&amp;gadget=a&amp;rewriteMime=image%2F*\" width=\"400\" height=\"212\" border=\"0\" \/><\/div>\n<div>A coordena\u00e7\u00e3o do \u201cCarnaval de Juazeiro 100 Anos\u201d promove a partir de hoje (23), amanh\u00e3 (24) e nos dias 27 e 28 (segunda e ter\u00e7a), o cadastramento dos ambulantes que comercializar\u00e3o produtos no carnaval 2014. Os interessados devem comparecer ao Servi\u00e7o de Atendimento Municipal \u2013 SAM, localizado \u00e0 Rua XV de Julho, n\u00ba 32, Centro, das 14h \u00e0s 18h, munidos dos documentos de identidade, CPF e comprovante de resid\u00eancia.<\/div>\n<div><\/div>\n<div>Ap\u00f3s efetuar o cadastro e pagar a taxa o ambulante deve procurar o Setor de Postura, na Secretaria de Meio Ambiente e Ordem P\u00fablica, para receber o adesivo de credenciamento nos dias 29, 30, 31 de janeiro e 03 de fevereiro. Mais informa\u00e7\u00f5es pelo telefone (074) 3612-3574. O \u201cCarnaval de Juazeiro 100 Anos\u201d acontecer\u00e1 de 07 a 15 de fevereiro. Confira a programa\u00e7\u00e3o completa e outras informa\u00e7\u00f5es da folia no site www.carnavaldejuazeirobahia.com<\/div>\n<\/div>\n","protected":false},"excerpt":{"rendered":"<p>A coordena\u00e7\u00e3o do \u201cCarnaval de Juazeiro 100 Anos\u201d promove a partir de hoje (23), amanh\u00e3 (24) e nos dias 27 e 28 (segunda e ter\u00e7a), o cadastramento dos ambulantes que comercializar\u00e3o produtos no carnaval 2014. Os interessados devem comparecer ao Servi\u00e7o de Atendimento Municipal \u2013 SAM, localizado \u00e0 Rua XV de Julho, n\u00ba 32, Centro, das 14h \u00e0s 18h, munidos dos documentos de identidade, CPF e comprovante de resid\u00eancia. Ap\u00f3s efetuar o cadastro e pagar a taxa o ambulante deve procurar o Setor de Postura, na Secretaria de Meio Ambiente e Ordem P\u00fablica, para receber o adesivo de credenciamento nos dias 29, 30, 31 de janeiro e 03 de fevereiro. Mais informa\u00e7\u00f5es pelo telefone (074) 3612-3574. O \u201cCarnaval de Juazeiro&hellip; <\/p>\n","protected":false},"author":3,"featured_media":0,"comment_status":"open","ping_status":"open","sticky":false,"template":"","format":"standard","meta":{"_acf_changed":false,"footnotes":""},"categories":[10],"tags":[],"class_list":["post-70615","post","type-post","status-publish","format-standard","hentry","category-cultura"],"acf":[],"yoast_head":"<!-- This site is optimized with the Yoast SEO plugin v27.4 - https:\/\/yoast.com\/product\/yoast-seo-wordpress\/ -->\n<title>COME\u00c7OU (23) O CADASTRAMENTO DE AMBULANTES PARA O CARNAVAL DOS 100 ANOS DE JUAZEIRO - Blog do Farn\u00e9sio<\/title>\n<meta name=\"robots\" content=\"index, follow, max-snippet:-1, max-image-preview:large, max-video-preview:-1\" \/>\n<link rel=\"canonical\" href=\"https:\/\/blogdofarnesio.com.br\/?p=70615\" \/>\n<meta property=\"og:locale\" content=\"pt_BR\" \/>\n<meta property=\"og:type\" content=\"article\" \/>\n<meta property=\"og:title\" content=\"COME\u00c7OU (23) O CADASTRAMENTO DE AMBULANTES PARA O CARNAVAL DOS 100 ANOS DE JUAZEIRO - Blog do Farn\u00e9sio\" \/>\n<meta property=\"og:description\" content=\"A coordena\u00e7\u00e3o do \u201cCarnaval de Juazeiro 100 Anos\u201d promove a partir de hoje (23), amanh\u00e3 (24) e nos dias 27 e 28 (segunda e ter\u00e7a), o cadastramento dos ambulantes que comercializar\u00e3o produtos no carnaval 2014. Os interessados devem comparecer ao Servi\u00e7o de Atendimento Municipal \u2013 SAM, localizado \u00e0 Rua XV de Julho, n\u00ba 32, Centro, das 14h \u00e0s 18h, munidos dos documentos de identidade, CPF e comprovante de resid\u00eancia. Ap\u00f3s efetuar o cadastro e pagar a taxa o ambulante deve procurar o Setor de Postura, na Secretaria de Meio Ambiente e Ordem P\u00fablica, para receber o adesivo de credenciamento nos dias 29, 30, 31 de janeiro e 03 de fevereiro. Mais informa\u00e7\u00f5es pelo telefone (074) 3612-3574. O \u201cCarnaval de Juazeiro&hellip;\" \/>\n<meta property=\"og:url\" content=\"https:\/\/blogdofarnesio.com.br\/?p=70615\" \/>\n<meta property=\"og:site_name\" content=\"Blog do Farn\u00e9sio\" \/>\n<meta property=\"article:publisher\" content=\"https:\/\/www.facebook.com\/BlogQuerSaberPolitica\/\" \/>\n<meta property=\"article:published_time\" content=\"2014-01-23T12:40:50+00:00\" \/>\n<meta property=\"og:image\" content=\"https:\/\/images-blogger-opensocial.googleusercontent.com\/gadgets\/proxy?url=http%3A%2F%2F2.bp.blogspot.com%2F-dn2p5Eb-Azg%2FUt7EM-SE3CI%2FAAAAAAABKsk%2FcXHJH4YFePo%2Fs1600%2FMarca-aprovada-Carnaval-PMJ13_curvasx.jpg&amp;container=blogger&amp;gadget=a&amp;rewriteMime=image%2F*\" \/>\n<meta name=\"author\" content=\"teste\" \/>\n<meta name=\"twitter:card\" content=\"summary_large_image\" \/>\n<meta name=\"twitter:label1\" content=\"Escrito por\" \/>\n\t<meta name=\"twitter:data1\" content=\"teste\" \/>\n\t<meta name=\"twitter:label2\" content=\"Est. tempo de leitura\" \/>\n\t<meta name=\"twitter:data2\" content=\"1 minuto\" \/>\n<script type=\"application\/ld+json\" class=\"yoast-schema-graph\">{\"@context\":\"https:\\\/\\\/schema.org\",\"@graph\":[{\"@type\":\"Article\",\"@id\":\"https:\\\/\\\/blogdofarnesio.com.br\\\/?p=70615#article\",\"isPartOf\":{\"@id\":\"https:\\\/\\\/blogdofarnesio.com.br\\\/?p=70615\"},\"author\":{\"name\":\"teste\",\"@id\":\"https:\\\/\\\/blogdofarnesio.com.br\\\/#\\\/schema\\\/person\\\/dd1bf5eba40b687199ba45ca6b97dff9\"},\"headline\":\"COME\u00c7OU (23) O CADASTRAMENTO DE AMBULANTES PARA O CARNAVAL DOS 100 ANOS DE JUAZEIRO\",\"datePublished\":\"2014-01-23T12:40:50+00:00\",\"mainEntityOfPage\":{\"@id\":\"https:\\\/\\\/blogdofarnesio.com.br\\\/?p=70615\"},\"wordCount\":149,\"commentCount\":0,\"publisher\":{\"@id\":\"https:\\\/\\\/blogdofarnesio.com.br\\\/#organization\"},\"image\":{\"@id\":\"https:\\\/\\\/blogdofarnesio.com.br\\\/?p=70615#primaryimage\"},\"thumbnailUrl\":\"https:\\\/\\\/images-blogger-opensocial.googleusercontent.com\\\/gadgets\\\/proxy?url=http%3A%2F%2F2.bp.blogspot.com%2F-dn2p5Eb-Azg%2FUt7EM-SE3CI%2FAAAAAAABKsk%2FcXHJH4YFePo%2Fs1600%2FMarca-aprovada-Carnaval-PMJ13_curvasx.jpg&amp;container=blogger&amp;gadget=a&amp;rewriteMime=image%2F*\",\"articleSection\":[\"Cultura\"],\"inLanguage\":\"pt-BR\",\"potentialAction\":[{\"@type\":\"CommentAction\",\"name\":\"Comment\",\"target\":[\"https:\\\/\\\/blogdofarnesio.com.br\\\/?p=70615#respond\"]}]},{\"@type\":\"WebPage\",\"@id\":\"https:\\\/\\\/blogdofarnesio.com.br\\\/?p=70615\",\"url\":\"https:\\\/\\\/blogdofarnesio.com.br\\\/?p=70615\",\"name\":\"COME\u00c7OU (23) O CADASTRAMENTO DE AMBULANTES PARA O CARNAVAL DOS 100 ANOS DE JUAZEIRO - Blog do Farn\u00e9sio\",\"isPartOf\":{\"@id\":\"https:\\\/\\\/blogdofarnesio.com.br\\\/#website\"},\"primaryImageOfPage\":{\"@id\":\"https:\\\/\\\/blogdofarnesio.com.br\\\/?p=70615#primaryimage\"},\"image\":{\"@id\":\"https:\\\/\\\/blogdofarnesio.com.br\\\/?p=70615#primaryimage\"},\"thumbnailUrl\":\"https:\\\/\\\/images-blogger-opensocial.googleusercontent.com\\\/gadgets\\\/proxy?url=http%3A%2F%2F2.bp.blogspot.com%2F-dn2p5Eb-Azg%2FUt7EM-SE3CI%2FAAAAAAABKsk%2FcXHJH4YFePo%2Fs1600%2FMarca-aprovada-Carnaval-PMJ13_curvasx.jpg&amp;container=blogger&amp;gadget=a&amp;rewriteMime=image%2F*\",\"datePublished\":\"2014-01-23T12:40:50+00:00\",\"breadcrumb\":{\"@id\":\"https:\\\/\\\/blogdofarnesio.com.br\\\/?p=70615#breadcrumb\"},\"inLanguage\":\"pt-BR\",\"potentialAction\":[{\"@type\":\"ReadAction\",\"target\":[\"https:\\\/\\\/blogdofarnesio.com.br\\\/?p=70615\"]}]},{\"@type\":\"ImageObject\",\"inLanguage\":\"pt-BR\",\"@id\":\"https:\\\/\\\/blogdofarnesio.com.br\\\/?p=70615#primaryimage\",\"url\":\"https:\\\/\\\/images-blogger-opensocial.googleusercontent.com\\\/gadgets\\\/proxy?url=http%3A%2F%2F2.bp.blogspot.com%2F-dn2p5Eb-Azg%2FUt7EM-SE3CI%2FAAAAAAABKsk%2FcXHJH4YFePo%2Fs1600%2FMarca-aprovada-Carnaval-PMJ13_curvasx.jpg&amp;container=blogger&amp;gadget=a&amp;rewriteMime=image%2F*\",\"contentUrl\":\"https:\\\/\\\/images-blogger-opensocial.googleusercontent.com\\\/gadgets\\\/proxy?url=http%3A%2F%2F2.bp.blogspot.com%2F-dn2p5Eb-Azg%2FUt7EM-SE3CI%2FAAAAAAABKsk%2FcXHJH4YFePo%2Fs1600%2FMarca-aprovada-Carnaval-PMJ13_curvasx.jpg&amp;container=blogger&amp;gadget=a&amp;rewriteMime=image%2F*\"},{\"@type\":\"BreadcrumbList\",\"@id\":\"https:\\\/\\\/blogdofarnesio.com.br\\\/?p=70615#breadcrumb\",\"itemListElement\":[{\"@type\":\"ListItem\",\"position\":1,\"name\":\"In\u00edcio\",\"item\":\"https:\\\/\\\/blogdofarnesio.com.br\\\/\"},{\"@type\":\"ListItem\",\"position\":2,\"name\":\"COME\u00c7OU (23) O CADASTRAMENTO DE AMBULANTES PARA O CARNAVAL DOS 100 ANOS DE JUAZEIRO\"}]},{\"@type\":\"WebSite\",\"@id\":\"https:\\\/\\\/blogdofarnesio.com.br\\\/#website\",\"url\":\"https:\\\/\\\/blogdofarnesio.com.br\\\/\",\"name\":\"Blog do Farn\u00e9sio\",\"description\":\"Quer Saber Pol\u00edtica?\",\"publisher\":{\"@id\":\"https:\\\/\\\/blogdofarnesio.com.br\\\/#organization\"},\"potentialAction\":[{\"@type\":\"SearchAction\",\"target\":{\"@type\":\"EntryPoint\",\"urlTemplate\":\"https:\\\/\\\/blogdofarnesio.com.br\\\/?s={search_term_string}\"},\"query-input\":{\"@type\":\"PropertyValueSpecification\",\"valueRequired\":true,\"valueName\":\"search_term_string\"}}],\"inLanguage\":\"pt-BR\"},{\"@type\":\"Organization\",\"@id\":\"https:\\\/\\\/blogdofarnesio.com.br\\\/#organization\",\"name\":\"Blog do Farn\u00e9sio\",\"url\":\"https:\\\/\\\/blogdofarnesio.com.br\\\/\",\"logo\":{\"@type\":\"ImageObject\",\"inLanguage\":\"pt-BR\",\"@id\":\"https:\\\/\\\/blogdofarnesio.com.br\\\/#\\\/schema\\\/logo\\\/image\\\/\",\"url\":\"https:\\\/\\\/blogdofarnesio.com.br\\\/wp-content\\\/uploads\\\/2026\\\/03\\\/cropped-logo_new-1.png\",\"contentUrl\":\"https:\\\/\\\/blogdofarnesio.com.br\\\/wp-content\\\/uploads\\\/2026\\\/03\\\/cropped-logo_new-1.png\",\"width\":881,\"height\":685,\"caption\":\"Blog do Farn\u00e9sio\"},\"image\":{\"@id\":\"https:\\\/\\\/blogdofarnesio.com.br\\\/#\\\/schema\\\/logo\\\/image\\\/\"},\"sameAs\":[\"https:\\\/\\\/www.facebook.com\\\/BlogQuerSaberPolitica\\\/\"]},{\"@type\":\"Person\",\"@id\":\"https:\\\/\\\/blogdofarnesio.com.br\\\/#\\\/schema\\\/person\\\/dd1bf5eba40b687199ba45ca6b97dff9\",\"name\":\"teste\",\"image\":{\"@type\":\"ImageObject\",\"inLanguage\":\"pt-BR\",\"@id\":\"https:\\\/\\\/secure.gravatar.com\\\/avatar\\\/2172498d4914b51e1d89a0f97957b035ac4938723a5cac208135d389b6972a6d?s=96&d=mm&r=g\",\"url\":\"https:\\\/\\\/secure.gravatar.com\\\/avatar\\\/2172498d4914b51e1d89a0f97957b035ac4938723a5cac208135d389b6972a6d?s=96&d=mm&r=g\",\"contentUrl\":\"https:\\\/\\\/secure.gravatar.com\\\/avatar\\\/2172498d4914b51e1d89a0f97957b035ac4938723a5cac208135d389b6972a6d?s=96&d=mm&r=g\",\"caption\":\"teste\"},\"url\":\"https:\\\/\\\/blogdofarnesio.com.br\\\/?author=3\"}]}<\/script>\n<!-- \/ Yoast SEO plugin. -->","yoast_head_json":{"title":"COME\u00c7OU (23) O CADASTRAMENTO DE AMBULANTES PARA O CARNAVAL DOS 100 ANOS DE JUAZEIRO - Blog do Farn\u00e9sio","robots":{"index":"index","follow":"follow","max-snippet":"max-snippet:-1","max-image-preview":"max-image-preview:large","max-video-preview":"max-video-preview:-1"},"canonical":"https:\/\/blogdofarnesio.com.br\/?p=70615","og_locale":"pt_BR","og_type":"article","og_title":"COME\u00c7OU (23) O CADASTRAMENTO DE AMBULANTES PARA O CARNAVAL DOS 100 ANOS DE JUAZEIRO - Blog do Farn\u00e9sio","og_description":"A coordena\u00e7\u00e3o do \u201cCarnaval de Juazeiro 100 Anos\u201d promove a partir de hoje (23), amanh\u00e3 (24) e nos dias 27 e 28 (segunda e ter\u00e7a), o cadastramento dos ambulantes que comercializar\u00e3o produtos no carnaval 2014. Os interessados devem comparecer ao Servi\u00e7o de Atendimento Municipal \u2013 SAM, localizado \u00e0 Rua XV de Julho, n\u00ba 32, Centro, das 14h \u00e0s 18h, munidos dos documentos de identidade, CPF e comprovante de resid\u00eancia. Ap\u00f3s efetuar o cadastro e pagar a taxa o ambulante deve procurar o Setor de Postura, na Secretaria de Meio Ambiente e Ordem P\u00fablica, para receber o adesivo de credenciamento nos dias 29, 30, 31 de janeiro e 03 de fevereiro. Mais informa\u00e7\u00f5es pelo telefone (074) 3612-3574. O \u201cCarnaval de Juazeiro&hellip;","og_url":"https:\/\/blogdofarnesio.com.br\/?p=70615","og_site_name":"Blog do Farn\u00e9sio","article_publisher":"https:\/\/www.facebook.com\/BlogQuerSaberPolitica\/","article_published_time":"2014-01-23T12:40:50+00:00","og_image":[{"url":"https:\/\/images-blogger-opensocial.googleusercontent.com\/gadgets\/proxy?url=http%3A%2F%2F2.bp.blogspot.com%2F-dn2p5Eb-Azg%2FUt7EM-SE3CI%2FAAAAAAABKsk%2FcXHJH4YFePo%2Fs1600%2FMarca-aprovada-Carnaval-PMJ13_curvasx.jpg&amp;container=blogger&amp;gadget=a&amp;rewriteMime=image%2F*","type":"","width":"","height":""}],"author":"teste","twitter_card":"summary_large_image","twitter_misc":{"Escrito por":"teste","Est. tempo de leitura":"1 minuto"},"schema":{"@context":"https:\/\/schema.org","@graph":[{"@type":"Article","@id":"https:\/\/blogdofarnesio.com.br\/?p=70615#article","isPartOf":{"@id":"https:\/\/blogdofarnesio.com.br\/?p=70615"},"author":{"name":"teste","@id":"https:\/\/blogdofarnesio.com.br\/#\/schema\/person\/dd1bf5eba40b687199ba45ca6b97dff9"},"headline":"COME\u00c7OU (23) O CADASTRAMENTO DE AMBULANTES PARA O CARNAVAL DOS 100 ANOS DE JUAZEIRO","datePublished":"2014-01-23T12:40:50+00:00","mainEntityOfPage":{"@id":"https:\/\/blogdofarnesio.com.br\/?p=70615"},"wordCount":149,"commentCount":0,"publisher":{"@id":"https:\/\/blogdofarnesio.com.br\/#organization"},"image":{"@id":"https:\/\/blogdofarnesio.com.br\/?p=70615#primaryimage"},"thumbnailUrl":"https:\/\/images-blogger-opensocial.googleusercontent.com\/gadgets\/proxy?url=http%3A%2F%2F2.bp.blogspot.com%2F-dn2p5Eb-Azg%2FUt7EM-SE3CI%2FAAAAAAABKsk%2FcXHJH4YFePo%2Fs1600%2FMarca-aprovada-Carnaval-PMJ13_curvasx.jpg&amp;container=blogger&amp;gadget=a&amp;rewriteMime=image%2F*","articleSection":["Cultura"],"inLanguage":"pt-BR","potentialAction":[{"@type":"CommentAction","name":"Comment","target":["https:\/\/blogdofarnesio.com.br\/?p=70615#respond"]}]},{"@type":"WebPage","@id":"https:\/\/blogdofarnesio.com.br\/?p=70615","url":"https:\/\/blogdofarnesio.com.br\/?p=70615","name":"COME\u00c7OU (23) O CADASTRAMENTO DE AMBULANTES PARA O CARNAVAL DOS 100 ANOS DE JUAZEIRO - Blog do Farn\u00e9sio","isPartOf":{"@id":"https:\/\/blogdofarnesio.com.br\/#website"},"primaryImageOfPage":{"@id":"https:\/\/blogdofarnesio.com.br\/?p=70615#primaryimage"},"image":{"@id":"https:\/\/blogdofarnesio.com.br\/?p=70615#primaryimage"},"thumbnailUrl":"https:\/\/images-blogger-opensocial.googleusercontent.com\/gadgets\/proxy?url=http%3A%2F%2F2.bp.blogspot.com%2F-dn2p5Eb-Azg%2FUt7EM-SE3CI%2FAAAAAAABKsk%2FcXHJH4YFePo%2Fs1600%2FMarca-aprovada-Carnaval-PMJ13_curvasx.jpg&amp;container=blogger&amp;gadget=a&amp;rewriteMime=image%2F*","datePublished":"2014-01-23T12:40:50+00:00","breadcrumb":{"@id":"https:\/\/blogdofarnesio.com.br\/?p=70615#breadcrumb"},"inLanguage":"pt-BR","potentialAction":[{"@type":"ReadAction","target":["https:\/\/blogdofarnesio.com.br\/?p=70615"]}]},{"@type":"ImageObject","inLanguage":"pt-BR","@id":"https:\/\/blogdofarnesio.com.br\/?p=70615#primaryimage","url":"https:\/\/images-blogger-opensocial.googleusercontent.com\/gadgets\/proxy?url=http%3A%2F%2F2.bp.blogspot.com%2F-dn2p5Eb-Azg%2FUt7EM-SE3CI%2FAAAAAAABKsk%2FcXHJH4YFePo%2Fs1600%2FMarca-aprovada-Carnaval-PMJ13_curvasx.jpg&amp;container=blogger&amp;gadget=a&amp;rewriteMime=image%2F*","contentUrl":"https:\/\/images-blogger-opensocial.googleusercontent.com\/gadgets\/proxy?url=http%3A%2F%2F2.bp.blogspot.com%2F-dn2p5Eb-Azg%2FUt7EM-SE3CI%2FAAAAAAABKsk%2FcXHJH4YFePo%2Fs1600%2FMarca-aprovada-Carnaval-PMJ13_curvasx.jpg&amp;container=blogger&amp;gadget=a&amp;rewriteMime=image%2F*"},{"@type":"BreadcrumbList","@id":"https:\/\/blogdofarnesio.com.br\/?p=70615#breadcrumb","itemListElement":[{"@type":"ListItem","position":1,"name":"In\u00edcio","item":"https:\/\/blogdofarnesio.com.br\/"},{"@type":"ListItem","position":2,"name":"COME\u00c7OU (23) O CADASTRAMENTO DE AMBULANTES PARA O CARNAVAL DOS 100 ANOS DE JUAZEIRO"}]},{"@type":"WebSite","@id":"https:\/\/blogdofarnesio.com.br\/#website","url":"https:\/\/blogdofarnesio.com.br\/","name":"Blog do Farn\u00e9sio","description":"Quer Saber Pol\u00edtica?","publisher":{"@id":"https:\/\/blogdofarnesio.com.br\/#organization"},"potentialAction":[{"@type":"SearchAction","target":{"@type":"EntryPoint","urlTemplate":"https:\/\/blogdofarnesio.com.br\/?s={search_term_string}"},"query-input":{"@type":"PropertyValueSpecification","valueRequired":true,"valueName":"search_term_string"}}],"inLanguage":"pt-BR"},{"@type":"Organization","@id":"https:\/\/blogdofarnesio.com.br\/#organization","name":"Blog do Farn\u00e9sio","url":"https:\/\/blogdofarnesio.com.br\/","logo":{"@type":"ImageObject","inLanguage":"pt-BR","@id":"https:\/\/blogdofarnesio.com.br\/#\/schema\/logo\/image\/","url":"https:\/\/blogdofarnesio.com.br\/wp-content\/uploads\/2026\/03\/cropped-logo_new-1.png","contentUrl":"https:\/\/blogdofarnesio.com.br\/wp-content\/uploads\/2026\/03\/cropped-logo_new-1.png","width":881,"height":685,"caption":"Blog do Farn\u00e9sio"},"image":{"@id":"https:\/\/blogdofarnesio.com.br\/#\/schema\/logo\/image\/"},"sameAs":["https:\/\/www.facebook.com\/BlogQuerSaberPolitica\/"]},{"@type":"Person","@id":"https:\/\/blogdofarnesio.com.br\/#\/schema\/person\/dd1bf5eba40b687199ba45ca6b97dff9","name":"teste","image":{"@type":"ImageObject","inLanguage":"pt-BR","@id":"https:\/\/secure.gravatar.com\/avatar\/2172498d4914b51e1d89a0f97957b035ac4938723a5cac208135d389b6972a6d?s=96&d=mm&r=g","url":"https:\/\/secure.gravatar.com\/avatar\/2172498d4914b51e1d89a0f97957b035ac4938723a5cac208135d389b6972a6d?s=96&d=mm&r=g","contentUrl":"https:\/\/secure.gravatar.com\/avatar\/2172498d4914b51e1d89a0f97957b035ac4938723a5cac208135d389b6972a6d?s=96&d=mm&r=g","caption":"teste"},"url":"https:\/\/blogdofarnesio.com.br\/?author=3"}]}},"_links":{"self":[{"href":"https:\/\/blogdofarnesio.com.br\/index.php?rest_route=\/wp\/v2\/posts\/70615","targetHints":{"allow":["GET"]}}],"collection":[{"href":"https:\/\/blogdofarnesio.com.br\/index.php?rest_route=\/wp\/v2\/posts"}],"about":[{"href":"https:\/\/blogdofarnesio.com.br\/index.php?rest_route=\/wp\/v2\/types\/post"}],"author":[{"embeddable":true,"href":"https:\/\/blogdofarnesio.com.br\/index.php?rest_route=\/wp\/v2\/users\/3"}],"replies":[{"embeddable":true,"href":"https:\/\/blogdofarnesio.com.br\/index.php?rest_route=%2Fwp%2Fv2%2Fcomments&post=70615"}],"version-history":[{"count":0,"href":"https:\/\/blogdofarnesio.com.br\/index.php?rest_route=\/wp\/v2\/posts\/70615\/revisions"}],"wp:attachment":[{"href":"https:\/\/blogdofarnesio.com.br\/index.php?rest_route=%2Fwp%2Fv2%2Fmedia&parent=70615"}],"wp:term":[{"taxonomy":"category","embeddable":true,"href":"https:\/\/blogdofarnesio.com.br\/index.php?rest_route=%2Fwp%2Fv2%2Fcategories&post=70615"},{"taxonomy":"post_tag","embeddable":true,"href":"https:\/\/blogdofarnesio.com.br\/index.php?rest_route=%2Fwp%2Fv2%2Ftags&post=70615"}],"curies":[{"name":"wp","href":"https:\/\/api.w.org\/{rel}","templated":true}]}}