{"id":70516,"date":"2014-01-21T14:00:00","date_gmt":"2014-01-21T17:00:00","guid":{"rendered":"http:\/\/www.quersaberpolitica.com.br\/?p=70516"},"modified":"2014-01-21T13:55:08","modified_gmt":"2014-01-21T16:55:08","slug":"univasf-prorroga-ate-hoje-prazo-para-preenchimento-do-questionario-socioeconomico-para-o-sisu","status":"publish","type":"post","link":"https:\/\/blogdofarnesio.com.br\/?p=70516","title":{"rendered":"UNIVASF INFORMA QUE \u00c9 O \u00daLTIMO DIA PARA PREENCHIMENTO DO QUESTION\u00c1RIO SOCIOECON\u00d4MICO PARA O SISU"},"content":{"rendered":"<p style=\"text-align: justify\"><a href=\"http:\/\/www.quersaberpolitica.com.br\/2016\/wp-content\/uploads\/2014\/01\/Bblogqspsisu-1.jpg\"><img loading=\"lazy\" decoding=\"async\" class=\"alignleft size-full wp-image-69145\" alt=\"Bblogqspsisu (1)\" src=\"http:\/\/www.quersaberpolitica.com.br\/2016\/wp-content\/uploads\/2014\/01\/Bblogqspsisu-1.jpg\" width=\"230\" height=\"161\" \/><\/a>A Secretaria de Registro e Controle Acad\u00eamico (SRCA) da Universidade Federal do Vale do S\u00e3o Francisco (Univasf) prorrogou, at\u00e9 as 16h de hoje (21), o prazo para preenchimento do question\u00e1rio socioecon\u00f4mico.<\/p>\n<p style=\"text-align: justify\">Devem preencher o question\u00e1rio todos os convocados na 1\u00aa chamada do Sistema de Sele\u00e7\u00e3o Unificada (Sisu) que concorrem \u00e0s vagas reservadas para renda per capita de at\u00e9 1,5 sal\u00e1rio m\u00ednimo (Grupos L1 e L2).<\/p>\n<p>A comprova\u00e7\u00e3o de renda \u00e9 obrigat\u00f3ria e deve ser efetuada on-line, atrav\u00e9s do Sistema de Avalia\u00e7\u00e3o Socioecon\u00f4mica (Sase). Nesse sistema, o candidato deve preencher um question\u00e1rio e postar os documentos comprobat\u00f3rios.<\/p>\n<p>De acordo com a SRCA, al\u00e9m de preencher a avalia\u00e7\u00e3o socioecon\u00f4mica at\u00e9 as 16h, os candidatos devem comparecer at\u00e9 as 17h, tamb\u00e9m de hoje, para efetuar a matr\u00edcula presencial. Mais informa\u00e7\u00f5es sobre o processo seletivo podem ser consultadas no Edital de Matr\u00edcula, dispon\u00edvel no site da SRCA ou podem ser obtidas pelo telefone: (87) 2101-6764 e pelo e-mail:\u00a0<a href=\"mailto:srca@univasf.edu.br\">srca@univasf.edu.br<\/a>.<\/p>\n<p>Locais de matr\u00edcula &#8211; A matr\u00edcula dos convocados para os cursos ofertados nos campi de Petrolina (PE) \u2013 Campus Petrolina Sede e Campus Ci\u00eancias Agr\u00e1rias \u2013 e no Campus Juazeiro (BA) acontece em tr\u00eas locais no Campus Petrolina Sede, situado na Av. Jos\u00e9 de S\u00e1 Mani\u00e7oba, S\/N, Centro, distribu\u00eddos por curso, como segue abaixo.<\/p>\n<p>Os aprovados para os cursos de Ci\u00eancias Biol\u00f3gicas, Ci\u00eancias Farmac\u00eauticas, Educa\u00e7\u00e3o F\u00edsica &#8211; Bacharelado e Licenciatura, Medicina, Medicina Veterin\u00e1ria, Psicologia e Zootecnia dever\u00e3o comparecer ao audit\u00f3rio da Biblioteca do Campus Petrolina Sede. Na sala 9 do primeiro andar do Bloco de Salas de Aula, ser\u00e3o feitas as matr\u00edculas dos classificados para os cursos de Administra\u00e7\u00e3o, Artes Visuais, Ci\u00eancias Sociais &#8211; Bacharelado e Licenciatura, e Enfermagem. Ser\u00e3o efetuadas na sala do N\u00facleo Tem\u00e1tico 3, tamb\u00e9m no andar t\u00e9rreo do Bloco de Salas de Aula, as matr\u00edculas dos aprovados aos cursos de Engenharia Agr\u00edcola e Ambiental, Engenharia Agron\u00f4mica, Engenharia Civil, Engenharia de Computa\u00e7\u00e3o, Engenharia El\u00e9trica, Engenharia Mec\u00e2nica e Engenharia de Produ\u00e7\u00e3o.<\/p>\n<p>Os optantes pelo curso de Ci\u00eancias da Natureza, ofertado em Senhor do Bonfim (BA), devem se dirigir ao Campus Senhor do Bonfim, situado na R. Tomaz Guimar\u00e3es, S\/N, bairro Santos Dumont. J\u00e1 os candidatos aos cursos de Arqueologia e Preserva\u00e7\u00e3o Patrimonial e Ci\u00eancias da Natureza, ofertados em S\u00e3o Raimundo Nonato (PI), devem comparecer ao Campus Serra da Capivara, localizado na R. Jo\u00e3o Ferreira dos Santos, S\/N, bairro Campestre.<\/p>\n<p>Karine Nascimento<\/p>\n","protected":false},"excerpt":{"rendered":"<p>A Secretaria de Registro e Controle Acad\u00eamico (SRCA) da Universidade Federal do Vale do S\u00e3o Francisco (Univasf) prorrogou, at\u00e9 as 16h de hoje (21), o prazo para preenchimento do question\u00e1rio socioecon\u00f4mico. Devem preencher o question\u00e1rio todos os convocados na 1\u00aa chamada do Sistema de Sele\u00e7\u00e3o Unificada (Sisu) que concorrem \u00e0s vagas reservadas para renda per capita de at\u00e9 1,5 sal\u00e1rio m\u00ednimo (Grupos L1 e L2). A comprova\u00e7\u00e3o de renda \u00e9 obrigat\u00f3ria e deve ser efetuada on-line, atrav\u00e9s do Sistema de Avalia\u00e7\u00e3o Socioecon\u00f4mica (Sase). Nesse sistema, o candidato deve preencher um question\u00e1rio e postar os documentos comprobat\u00f3rios. De acordo com a SRCA, al\u00e9m de preencher a avalia\u00e7\u00e3o socioecon\u00f4mica at\u00e9 as 16h, os candidatos devem comparecer at\u00e9 as 17h, tamb\u00e9m de hoje,&hellip; <\/p>\n","protected":false},"author":3,"featured_media":0,"comment_status":"open","ping_status":"open","sticky":false,"template":"","format":"standard","meta":{"_acf_changed":false,"footnotes":""},"categories":[6],"tags":[],"class_list":["post-70516","post","type-post","status-publish","format-standard","hentry","category-educacao"],"acf":[],"yoast_head":"<!-- This site is optimized with the Yoast SEO plugin v27.4 - https:\/\/yoast.com\/product\/yoast-seo-wordpress\/ -->\n<title>UNIVASF INFORMA QUE \u00c9 O \u00daLTIMO DIA PARA PREENCHIMENTO DO QUESTION\u00c1RIO SOCIOECON\u00d4MICO PARA O SISU - Blog do Farn\u00e9sio<\/title>\n<meta name=\"robots\" content=\"index, follow, max-snippet:-1, max-image-preview:large, max-video-preview:-1\" \/>\n<link rel=\"canonical\" href=\"https:\/\/blogdofarnesio.com.br\/?p=70516\" \/>\n<meta property=\"og:locale\" content=\"pt_BR\" \/>\n<meta property=\"og:type\" content=\"article\" \/>\n<meta property=\"og:title\" content=\"UNIVASF INFORMA QUE \u00c9 O \u00daLTIMO DIA PARA PREENCHIMENTO DO QUESTION\u00c1RIO SOCIOECON\u00d4MICO PARA O SISU - Blog do Farn\u00e9sio\" \/>\n<meta property=\"og:description\" content=\"A Secretaria de Registro e Controle Acad\u00eamico (SRCA) da Universidade Federal do Vale do S\u00e3o Francisco (Univasf) prorrogou, at\u00e9 as 16h de hoje (21), o prazo para preenchimento do question\u00e1rio socioecon\u00f4mico. Devem preencher o question\u00e1rio todos os convocados na 1\u00aa chamada do Sistema de Sele\u00e7\u00e3o Unificada (Sisu) que concorrem \u00e0s vagas reservadas para renda per capita de at\u00e9 1,5 sal\u00e1rio m\u00ednimo (Grupos L1 e L2). A comprova\u00e7\u00e3o de renda \u00e9 obrigat\u00f3ria e deve ser efetuada on-line, atrav\u00e9s do Sistema de Avalia\u00e7\u00e3o Socioecon\u00f4mica (Sase). Nesse sistema, o candidato deve preencher um question\u00e1rio e postar os documentos comprobat\u00f3rios. De acordo com a SRCA, al\u00e9m de preencher a avalia\u00e7\u00e3o socioecon\u00f4mica at\u00e9 as 16h, os candidatos devem comparecer at\u00e9 as 17h, tamb\u00e9m de hoje,&hellip;\" \/>\n<meta property=\"og:url\" content=\"https:\/\/blogdofarnesio.com.br\/?p=70516\" \/>\n<meta property=\"og:site_name\" content=\"Blog do Farn\u00e9sio\" \/>\n<meta property=\"article:publisher\" content=\"https:\/\/www.facebook.com\/BlogQuerSaberPolitica\/\" \/>\n<meta property=\"article:published_time\" content=\"2014-01-21T17:00:00+00:00\" \/>\n<meta property=\"og:image\" content=\"http:\/\/www.quersaberpolitica.com.br\/2016\/wp-content\/uploads\/2014\/01\/Bblogqspsisu-1.jpg\" \/>\n<meta name=\"author\" content=\"teste\" \/>\n<meta name=\"twitter:card\" content=\"summary_large_image\" \/>\n<meta name=\"twitter:label1\" content=\"Escrito por\" \/>\n\t<meta name=\"twitter:data1\" content=\"teste\" \/>\n\t<meta name=\"twitter:label2\" content=\"Est. tempo de leitura\" \/>\n\t<meta name=\"twitter:data2\" content=\"2 minutos\" \/>\n<script type=\"application\/ld+json\" class=\"yoast-schema-graph\">{\"@context\":\"https:\\\/\\\/schema.org\",\"@graph\":[{\"@type\":\"Article\",\"@id\":\"https:\\\/\\\/blogdofarnesio.com.br\\\/?p=70516#article\",\"isPartOf\":{\"@id\":\"https:\\\/\\\/blogdofarnesio.com.br\\\/?p=70516\"},\"author\":{\"name\":\"teste\",\"@id\":\"https:\\\/\\\/blogdofarnesio.com.br\\\/#\\\/schema\\\/person\\\/dd1bf5eba40b687199ba45ca6b97dff9\"},\"headline\":\"UNIVASF INFORMA QUE \u00c9 O \u00daLTIMO DIA PARA PREENCHIMENTO DO QUESTION\u00c1RIO SOCIOECON\u00d4MICO PARA O SISU\",\"datePublished\":\"2014-01-21T17:00:00+00:00\",\"mainEntityOfPage\":{\"@id\":\"https:\\\/\\\/blogdofarnesio.com.br\\\/?p=70516\"},\"wordCount\":462,\"commentCount\":0,\"publisher\":{\"@id\":\"https:\\\/\\\/blogdofarnesio.com.br\\\/#organization\"},\"image\":{\"@id\":\"https:\\\/\\\/blogdofarnesio.com.br\\\/?p=70516#primaryimage\"},\"thumbnailUrl\":\"http:\\\/\\\/www.quersaberpolitica.com.br\\\/2016\\\/wp-content\\\/uploads\\\/2014\\\/01\\\/Bblogqspsisu-1.jpg\",\"articleSection\":[\"Educa\u00e7\u00e3o\"],\"inLanguage\":\"pt-BR\",\"potentialAction\":[{\"@type\":\"CommentAction\",\"name\":\"Comment\",\"target\":[\"https:\\\/\\\/blogdofarnesio.com.br\\\/?p=70516#respond\"]}]},{\"@type\":\"WebPage\",\"@id\":\"https:\\\/\\\/blogdofarnesio.com.br\\\/?p=70516\",\"url\":\"https:\\\/\\\/blogdofarnesio.com.br\\\/?p=70516\",\"name\":\"UNIVASF INFORMA QUE \u00c9 O \u00daLTIMO DIA PARA PREENCHIMENTO DO QUESTION\u00c1RIO SOCIOECON\u00d4MICO PARA O SISU - Blog do Farn\u00e9sio\",\"isPartOf\":{\"@id\":\"https:\\\/\\\/blogdofarnesio.com.br\\\/#website\"},\"primaryImageOfPage\":{\"@id\":\"https:\\\/\\\/blogdofarnesio.com.br\\\/?p=70516#primaryimage\"},\"image\":{\"@id\":\"https:\\\/\\\/blogdofarnesio.com.br\\\/?p=70516#primaryimage\"},\"thumbnailUrl\":\"http:\\\/\\\/www.quersaberpolitica.com.br\\\/2016\\\/wp-content\\\/uploads\\\/2014\\\/01\\\/Bblogqspsisu-1.jpg\",\"datePublished\":\"2014-01-21T17:00:00+00:00\",\"breadcrumb\":{\"@id\":\"https:\\\/\\\/blogdofarnesio.com.br\\\/?p=70516#breadcrumb\"},\"inLanguage\":\"pt-BR\",\"potentialAction\":[{\"@type\":\"ReadAction\",\"target\":[\"https:\\\/\\\/blogdofarnesio.com.br\\\/?p=70516\"]}]},{\"@type\":\"ImageObject\",\"inLanguage\":\"pt-BR\",\"@id\":\"https:\\\/\\\/blogdofarnesio.com.br\\\/?p=70516#primaryimage\",\"url\":\"http:\\\/\\\/www.quersaberpolitica.com.br\\\/2016\\\/wp-content\\\/uploads\\\/2014\\\/01\\\/Bblogqspsisu-1.jpg\",\"contentUrl\":\"http:\\\/\\\/www.quersaberpolitica.com.br\\\/2016\\\/wp-content\\\/uploads\\\/2014\\\/01\\\/Bblogqspsisu-1.jpg\"},{\"@type\":\"BreadcrumbList\",\"@id\":\"https:\\\/\\\/blogdofarnesio.com.br\\\/?p=70516#breadcrumb\",\"itemListElement\":[{\"@type\":\"ListItem\",\"position\":1,\"name\":\"In\u00edcio\",\"item\":\"https:\\\/\\\/blogdofarnesio.com.br\\\/\"},{\"@type\":\"ListItem\",\"position\":2,\"name\":\"UNIVASF INFORMA QUE \u00c9 O \u00daLTIMO DIA PARA PREENCHIMENTO DO QUESTION\u00c1RIO SOCIOECON\u00d4MICO PARA O SISU\"}]},{\"@type\":\"WebSite\",\"@id\":\"https:\\\/\\\/blogdofarnesio.com.br\\\/#website\",\"url\":\"https:\\\/\\\/blogdofarnesio.com.br\\\/\",\"name\":\"Blog do Farn\u00e9sio\",\"description\":\"Quer Saber Pol\u00edtica?\",\"publisher\":{\"@id\":\"https:\\\/\\\/blogdofarnesio.com.br\\\/#organization\"},\"potentialAction\":[{\"@type\":\"SearchAction\",\"target\":{\"@type\":\"EntryPoint\",\"urlTemplate\":\"https:\\\/\\\/blogdofarnesio.com.br\\\/?s={search_term_string}\"},\"query-input\":{\"@type\":\"PropertyValueSpecification\",\"valueRequired\":true,\"valueName\":\"search_term_string\"}}],\"inLanguage\":\"pt-BR\"},{\"@type\":\"Organization\",\"@id\":\"https:\\\/\\\/blogdofarnesio.com.br\\\/#organization\",\"name\":\"Blog do Farn\u00e9sio\",\"url\":\"https:\\\/\\\/blogdofarnesio.com.br\\\/\",\"logo\":{\"@type\":\"ImageObject\",\"inLanguage\":\"pt-BR\",\"@id\":\"https:\\\/\\\/blogdofarnesio.com.br\\\/#\\\/schema\\\/logo\\\/image\\\/\",\"url\":\"https:\\\/\\\/blogdofarnesio.com.br\\\/wp-content\\\/uploads\\\/2026\\\/03\\\/cropped-logo_new-1.png\",\"contentUrl\":\"https:\\\/\\\/blogdofarnesio.com.br\\\/wp-content\\\/uploads\\\/2026\\\/03\\\/cropped-logo_new-1.png\",\"width\":881,\"height\":685,\"caption\":\"Blog do Farn\u00e9sio\"},\"image\":{\"@id\":\"https:\\\/\\\/blogdofarnesio.com.br\\\/#\\\/schema\\\/logo\\\/image\\\/\"},\"sameAs\":[\"https:\\\/\\\/www.facebook.com\\\/BlogQuerSaberPolitica\\\/\"]},{\"@type\":\"Person\",\"@id\":\"https:\\\/\\\/blogdofarnesio.com.br\\\/#\\\/schema\\\/person\\\/dd1bf5eba40b687199ba45ca6b97dff9\",\"name\":\"teste\",\"image\":{\"@type\":\"ImageObject\",\"inLanguage\":\"pt-BR\",\"@id\":\"https:\\\/\\\/secure.gravatar.com\\\/avatar\\\/2172498d4914b51e1d89a0f97957b035ac4938723a5cac208135d389b6972a6d?s=96&d=mm&r=g\",\"url\":\"https:\\\/\\\/secure.gravatar.com\\\/avatar\\\/2172498d4914b51e1d89a0f97957b035ac4938723a5cac208135d389b6972a6d?s=96&d=mm&r=g\",\"contentUrl\":\"https:\\\/\\\/secure.gravatar.com\\\/avatar\\\/2172498d4914b51e1d89a0f97957b035ac4938723a5cac208135d389b6972a6d?s=96&d=mm&r=g\",\"caption\":\"teste\"},\"url\":\"https:\\\/\\\/blogdofarnesio.com.br\\\/?author=3\"}]}<\/script>\n<!-- \/ Yoast SEO plugin. -->","yoast_head_json":{"title":"UNIVASF INFORMA QUE \u00c9 O \u00daLTIMO DIA PARA PREENCHIMENTO DO QUESTION\u00c1RIO SOCIOECON\u00d4MICO PARA O SISU - Blog do Farn\u00e9sio","robots":{"index":"index","follow":"follow","max-snippet":"max-snippet:-1","max-image-preview":"max-image-preview:large","max-video-preview":"max-video-preview:-1"},"canonical":"https:\/\/blogdofarnesio.com.br\/?p=70516","og_locale":"pt_BR","og_type":"article","og_title":"UNIVASF INFORMA QUE \u00c9 O \u00daLTIMO DIA PARA PREENCHIMENTO DO QUESTION\u00c1RIO SOCIOECON\u00d4MICO PARA O SISU - Blog do Farn\u00e9sio","og_description":"A Secretaria de Registro e Controle Acad\u00eamico (SRCA) da Universidade Federal do Vale do S\u00e3o Francisco (Univasf) prorrogou, at\u00e9 as 16h de hoje (21), o prazo para preenchimento do question\u00e1rio socioecon\u00f4mico. Devem preencher o question\u00e1rio todos os convocados na 1\u00aa chamada do Sistema de Sele\u00e7\u00e3o Unificada (Sisu) que concorrem \u00e0s vagas reservadas para renda per capita de at\u00e9 1,5 sal\u00e1rio m\u00ednimo (Grupos L1 e L2). A comprova\u00e7\u00e3o de renda \u00e9 obrigat\u00f3ria e deve ser efetuada on-line, atrav\u00e9s do Sistema de Avalia\u00e7\u00e3o Socioecon\u00f4mica (Sase). Nesse sistema, o candidato deve preencher um question\u00e1rio e postar os documentos comprobat\u00f3rios. De acordo com a SRCA, al\u00e9m de preencher a avalia\u00e7\u00e3o socioecon\u00f4mica at\u00e9 as 16h, os candidatos devem comparecer at\u00e9 as 17h, tamb\u00e9m de hoje,&hellip;","og_url":"https:\/\/blogdofarnesio.com.br\/?p=70516","og_site_name":"Blog do Farn\u00e9sio","article_publisher":"https:\/\/www.facebook.com\/BlogQuerSaberPolitica\/","article_published_time":"2014-01-21T17:00:00+00:00","og_image":[{"url":"http:\/\/www.quersaberpolitica.com.br\/2016\/wp-content\/uploads\/2014\/01\/Bblogqspsisu-1.jpg","type":"","width":"","height":""}],"author":"teste","twitter_card":"summary_large_image","twitter_misc":{"Escrito por":"teste","Est. tempo de leitura":"2 minutos"},"schema":{"@context":"https:\/\/schema.org","@graph":[{"@type":"Article","@id":"https:\/\/blogdofarnesio.com.br\/?p=70516#article","isPartOf":{"@id":"https:\/\/blogdofarnesio.com.br\/?p=70516"},"author":{"name":"teste","@id":"https:\/\/blogdofarnesio.com.br\/#\/schema\/person\/dd1bf5eba40b687199ba45ca6b97dff9"},"headline":"UNIVASF INFORMA QUE \u00c9 O \u00daLTIMO DIA PARA PREENCHIMENTO DO QUESTION\u00c1RIO SOCIOECON\u00d4MICO PARA O SISU","datePublished":"2014-01-21T17:00:00+00:00","mainEntityOfPage":{"@id":"https:\/\/blogdofarnesio.com.br\/?p=70516"},"wordCount":462,"commentCount":0,"publisher":{"@id":"https:\/\/blogdofarnesio.com.br\/#organization"},"image":{"@id":"https:\/\/blogdofarnesio.com.br\/?p=70516#primaryimage"},"thumbnailUrl":"http:\/\/www.quersaberpolitica.com.br\/2016\/wp-content\/uploads\/2014\/01\/Bblogqspsisu-1.jpg","articleSection":["Educa\u00e7\u00e3o"],"inLanguage":"pt-BR","potentialAction":[{"@type":"CommentAction","name":"Comment","target":["https:\/\/blogdofarnesio.com.br\/?p=70516#respond"]}]},{"@type":"WebPage","@id":"https:\/\/blogdofarnesio.com.br\/?p=70516","url":"https:\/\/blogdofarnesio.com.br\/?p=70516","name":"UNIVASF INFORMA QUE \u00c9 O \u00daLTIMO DIA PARA PREENCHIMENTO DO QUESTION\u00c1RIO SOCIOECON\u00d4MICO PARA O SISU - Blog do Farn\u00e9sio","isPartOf":{"@id":"https:\/\/blogdofarnesio.com.br\/#website"},"primaryImageOfPage":{"@id":"https:\/\/blogdofarnesio.com.br\/?p=70516#primaryimage"},"image":{"@id":"https:\/\/blogdofarnesio.com.br\/?p=70516#primaryimage"},"thumbnailUrl":"http:\/\/www.quersaberpolitica.com.br\/2016\/wp-content\/uploads\/2014\/01\/Bblogqspsisu-1.jpg","datePublished":"2014-01-21T17:00:00+00:00","breadcrumb":{"@id":"https:\/\/blogdofarnesio.com.br\/?p=70516#breadcrumb"},"inLanguage":"pt-BR","potentialAction":[{"@type":"ReadAction","target":["https:\/\/blogdofarnesio.com.br\/?p=70516"]}]},{"@type":"ImageObject","inLanguage":"pt-BR","@id":"https:\/\/blogdofarnesio.com.br\/?p=70516#primaryimage","url":"http:\/\/www.quersaberpolitica.com.br\/2016\/wp-content\/uploads\/2014\/01\/Bblogqspsisu-1.jpg","contentUrl":"http:\/\/www.quersaberpolitica.com.br\/2016\/wp-content\/uploads\/2014\/01\/Bblogqspsisu-1.jpg"},{"@type":"BreadcrumbList","@id":"https:\/\/blogdofarnesio.com.br\/?p=70516#breadcrumb","itemListElement":[{"@type":"ListItem","position":1,"name":"In\u00edcio","item":"https:\/\/blogdofarnesio.com.br\/"},{"@type":"ListItem","position":2,"name":"UNIVASF INFORMA QUE \u00c9 O \u00daLTIMO DIA PARA PREENCHIMENTO DO QUESTION\u00c1RIO SOCIOECON\u00d4MICO PARA O SISU"}]},{"@type":"WebSite","@id":"https:\/\/blogdofarnesio.com.br\/#website","url":"https:\/\/blogdofarnesio.com.br\/","name":"Blog do Farn\u00e9sio","description":"Quer Saber Pol\u00edtica?","publisher":{"@id":"https:\/\/blogdofarnesio.com.br\/#organization"},"potentialAction":[{"@type":"SearchAction","target":{"@type":"EntryPoint","urlTemplate":"https:\/\/blogdofarnesio.com.br\/?s={search_term_string}"},"query-input":{"@type":"PropertyValueSpecification","valueRequired":true,"valueName":"search_term_string"}}],"inLanguage":"pt-BR"},{"@type":"Organization","@id":"https:\/\/blogdofarnesio.com.br\/#organization","name":"Blog do Farn\u00e9sio","url":"https:\/\/blogdofarnesio.com.br\/","logo":{"@type":"ImageObject","inLanguage":"pt-BR","@id":"https:\/\/blogdofarnesio.com.br\/#\/schema\/logo\/image\/","url":"https:\/\/blogdofarnesio.com.br\/wp-content\/uploads\/2026\/03\/cropped-logo_new-1.png","contentUrl":"https:\/\/blogdofarnesio.com.br\/wp-content\/uploads\/2026\/03\/cropped-logo_new-1.png","width":881,"height":685,"caption":"Blog do Farn\u00e9sio"},"image":{"@id":"https:\/\/blogdofarnesio.com.br\/#\/schema\/logo\/image\/"},"sameAs":["https:\/\/www.facebook.com\/BlogQuerSaberPolitica\/"]},{"@type":"Person","@id":"https:\/\/blogdofarnesio.com.br\/#\/schema\/person\/dd1bf5eba40b687199ba45ca6b97dff9","name":"teste","image":{"@type":"ImageObject","inLanguage":"pt-BR","@id":"https:\/\/secure.gravatar.com\/avatar\/2172498d4914b51e1d89a0f97957b035ac4938723a5cac208135d389b6972a6d?s=96&d=mm&r=g","url":"https:\/\/secure.gravatar.com\/avatar\/2172498d4914b51e1d89a0f97957b035ac4938723a5cac208135d389b6972a6d?s=96&d=mm&r=g","contentUrl":"https:\/\/secure.gravatar.com\/avatar\/2172498d4914b51e1d89a0f97957b035ac4938723a5cac208135d389b6972a6d?s=96&d=mm&r=g","caption":"teste"},"url":"https:\/\/blogdofarnesio.com.br\/?author=3"}]}},"_links":{"self":[{"href":"https:\/\/blogdofarnesio.com.br\/index.php?rest_route=\/wp\/v2\/posts\/70516","targetHints":{"allow":["GET"]}}],"collection":[{"href":"https:\/\/blogdofarnesio.com.br\/index.php?rest_route=\/wp\/v2\/posts"}],"about":[{"href":"https:\/\/blogdofarnesio.com.br\/index.php?rest_route=\/wp\/v2\/types\/post"}],"author":[{"embeddable":true,"href":"https:\/\/blogdofarnesio.com.br\/index.php?rest_route=\/wp\/v2\/users\/3"}],"replies":[{"embeddable":true,"href":"https:\/\/blogdofarnesio.com.br\/index.php?rest_route=%2Fwp%2Fv2%2Fcomments&post=70516"}],"version-history":[{"count":0,"href":"https:\/\/blogdofarnesio.com.br\/index.php?rest_route=\/wp\/v2\/posts\/70516\/revisions"}],"wp:attachment":[{"href":"https:\/\/blogdofarnesio.com.br\/index.php?rest_route=%2Fwp%2Fv2%2Fmedia&parent=70516"}],"wp:term":[{"taxonomy":"category","embeddable":true,"href":"https:\/\/blogdofarnesio.com.br\/index.php?rest_route=%2Fwp%2Fv2%2Fcategories&post=70516"},{"taxonomy":"post_tag","embeddable":true,"href":"https:\/\/blogdofarnesio.com.br\/index.php?rest_route=%2Fwp%2Fv2%2Ftags&post=70516"}],"curies":[{"name":"wp","href":"https:\/\/api.w.org\/{rel}","templated":true}]}}