{"id":70511,"date":"2014-01-21T15:42:25","date_gmt":"2014-01-21T18:42:25","guid":{"rendered":"http:\/\/www.quersaberpolitica.com.br\/?p=70511"},"modified":"2014-01-21T13:26:50","modified_gmt":"2014-01-21T16:26:50","slug":"sacerdote-mao-leve-do-vaticano-vai-ficar-preso-por-fraude","status":"publish","type":"post","link":"https:\/\/blogdofarnesio.com.br\/?p=70511","title":{"rendered":"SACERDOTE M\u00c3O-LEVE DO VATICANO VAI FICAR PRESO POR FRAUDE"},"content":{"rendered":"<p style=\"text-align: justify\"><a href=\"http:\/\/www.diariodopoder.com.br\/wp-content\/uploads\/2014\/01\/9bb295693bcb420a82221ca84675651c.jpg\"><img loading=\"lazy\" decoding=\"async\" class=\"alignleft\" alt=\"IOR: AVANTI CON CHIUSURA CONTI &quot;LAICI&quot;, PROCESSO IN CORSO\" src=\"http:\/\/www.diariodopoder.com.br\/wp-content\/uploads\/2014\/01\/9bb295693bcb420a82221ca84675651c-300x199.jpg\" width=\"300\" height=\"199\" \/><\/a>Um sacerdote do Vaticano vai ter que se submeter \u00e0 pris\u00e3o domiciliar sob a acusa\u00e7\u00e3o de fraude nas contas da entidade religiosa. \u00a0A Guarda de Finan\u00e7as da It\u00e1lia anunciou nesta ter\u00e7a-feira (21) possuir nova ordem de pris\u00e3o contra o ex-contador na Administra\u00e7\u00e3o do Patrim\u00f4nio da S\u00e9 Apost\u00f3lica (Apsa) Nunzio Scarano.<\/p>\n<p style=\"text-align: justify\">A ordem de pris\u00e3o faz parte de uma investiga\u00e7\u00e3o de lavagem de dinheiro e doa\u00e7\u00f5es falsas que envolveriam milh\u00f5es de euros em contas do Banco do Vaticano, tamb\u00e9m chamado de Instituto para as Obras de Religi\u00e3o (IOR). Ao todo, 52 pessoas foram citadas no caso, que est\u00e1 a cargo da Procuradoria de Salerno.<\/p>\n<p style=\"text-align: justify\">Um pedido de rogat\u00f3ria para o Vaticano tamb\u00e9m est\u00e1 em tr\u00e2mite no Minist\u00e9rio da Justi\u00e7a da It\u00e1lia. Al\u00e9m de Scarao, os sacerdotes Luigi Noli e Bruno Frauenfelder tamb\u00e9m receberam mandados de pris\u00e3o.<\/p>\n","protected":false},"excerpt":{"rendered":"<p>Um sacerdote do Vaticano vai ter que se submeter \u00e0 pris\u00e3o domiciliar sob a acusa\u00e7\u00e3o de fraude nas contas da entidade religiosa. \u00a0A Guarda de Finan\u00e7as da It\u00e1lia anunciou nesta ter\u00e7a-feira (21) possuir nova ordem de pris\u00e3o contra o ex-contador na Administra\u00e7\u00e3o do Patrim\u00f4nio da S\u00e9 Apost\u00f3lica (Apsa) Nunzio Scarano. A ordem de pris\u00e3o faz parte de uma investiga\u00e7\u00e3o de lavagem de dinheiro e doa\u00e7\u00f5es falsas que envolveriam milh\u00f5es de euros em contas do Banco do Vaticano, tamb\u00e9m chamado de Instituto para as Obras de Religi\u00e3o (IOR). Ao todo, 52 pessoas foram citadas no caso, que est\u00e1 a cargo da Procuradoria de Salerno. Um pedido de rogat\u00f3ria para o Vaticano tamb\u00e9m est\u00e1 em tr\u00e2mite no Minist\u00e9rio da Justi\u00e7a da It\u00e1lia.&hellip; <\/p>\n","protected":false},"author":3,"featured_media":0,"comment_status":"open","ping_status":"open","sticky":false,"template":"","format":"standard","meta":{"_acf_changed":false,"footnotes":""},"categories":[23,7],"tags":[],"class_list":["post-70511","post","type-post","status-publish","format-standard","hentry","category-justica","category-religiao"],"acf":[],"yoast_head":"<!-- This site is optimized with the Yoast SEO plugin v27.4 - https:\/\/yoast.com\/product\/yoast-seo-wordpress\/ -->\n<title>SACERDOTE M\u00c3O-LEVE DO VATICANO VAI FICAR PRESO POR FRAUDE - Blog do Farn\u00e9sio<\/title>\n<meta name=\"robots\" content=\"index, follow, max-snippet:-1, max-image-preview:large, max-video-preview:-1\" \/>\n<link rel=\"canonical\" href=\"https:\/\/blogdofarnesio.com.br\/?p=70511\" \/>\n<meta property=\"og:locale\" content=\"pt_BR\" \/>\n<meta property=\"og:type\" content=\"article\" \/>\n<meta property=\"og:title\" content=\"SACERDOTE M\u00c3O-LEVE DO VATICANO VAI FICAR PRESO POR FRAUDE - Blog do Farn\u00e9sio\" \/>\n<meta property=\"og:description\" content=\"Um sacerdote do Vaticano vai ter que se submeter \u00e0 pris\u00e3o domiciliar sob a acusa\u00e7\u00e3o de fraude nas contas da entidade religiosa. \u00a0A Guarda de Finan\u00e7as da It\u00e1lia anunciou nesta ter\u00e7a-feira (21) possuir nova ordem de pris\u00e3o contra o ex-contador na Administra\u00e7\u00e3o do Patrim\u00f4nio da S\u00e9 Apost\u00f3lica (Apsa) Nunzio Scarano. A ordem de pris\u00e3o faz parte de uma investiga\u00e7\u00e3o de lavagem de dinheiro e doa\u00e7\u00f5es falsas que envolveriam milh\u00f5es de euros em contas do Banco do Vaticano, tamb\u00e9m chamado de Instituto para as Obras de Religi\u00e3o (IOR). Ao todo, 52 pessoas foram citadas no caso, que est\u00e1 a cargo da Procuradoria de Salerno. Um pedido de rogat\u00f3ria para o Vaticano tamb\u00e9m est\u00e1 em tr\u00e2mite no Minist\u00e9rio da Justi\u00e7a da It\u00e1lia.&hellip;\" \/>\n<meta property=\"og:url\" content=\"https:\/\/blogdofarnesio.com.br\/?p=70511\" \/>\n<meta property=\"og:site_name\" content=\"Blog do Farn\u00e9sio\" \/>\n<meta property=\"article:publisher\" content=\"https:\/\/www.facebook.com\/BlogQuerSaberPolitica\/\" \/>\n<meta property=\"article:published_time\" content=\"2014-01-21T18:42:25+00:00\" \/>\n<meta property=\"og:image\" content=\"http:\/\/www.diariodopoder.com.br\/wp-content\/uploads\/2014\/01\/9bb295693bcb420a82221ca84675651c-300x199.jpg\" \/>\n<meta name=\"author\" content=\"teste\" \/>\n<meta name=\"twitter:card\" content=\"summary_large_image\" \/>\n<meta name=\"twitter:label1\" content=\"Escrito por\" \/>\n\t<meta name=\"twitter:data1\" content=\"teste\" \/>\n\t<meta name=\"twitter:label2\" content=\"Est. tempo de leitura\" \/>\n\t<meta name=\"twitter:data2\" content=\"1 minuto\" \/>\n<script type=\"application\/ld+json\" class=\"yoast-schema-graph\">{\"@context\":\"https:\\\/\\\/schema.org\",\"@graph\":[{\"@type\":\"Article\",\"@id\":\"https:\\\/\\\/blogdofarnesio.com.br\\\/?p=70511#article\",\"isPartOf\":{\"@id\":\"https:\\\/\\\/blogdofarnesio.com.br\\\/?p=70511\"},\"author\":{\"name\":\"teste\",\"@id\":\"https:\\\/\\\/blogdofarnesio.com.br\\\/#\\\/schema\\\/person\\\/dd1bf5eba40b687199ba45ca6b97dff9\"},\"headline\":\"SACERDOTE M\u00c3O-LEVE DO VATICANO VAI FICAR PRESO POR FRAUDE\",\"datePublished\":\"2014-01-21T18:42:25+00:00\",\"mainEntityOfPage\":{\"@id\":\"https:\\\/\\\/blogdofarnesio.com.br\\\/?p=70511\"},\"wordCount\":166,\"commentCount\":0,\"publisher\":{\"@id\":\"https:\\\/\\\/blogdofarnesio.com.br\\\/#organization\"},\"image\":{\"@id\":\"https:\\\/\\\/blogdofarnesio.com.br\\\/?p=70511#primaryimage\"},\"thumbnailUrl\":\"http:\\\/\\\/www.diariodopoder.com.br\\\/wp-content\\\/uploads\\\/2014\\\/01\\\/9bb295693bcb420a82221ca84675651c-300x199.jpg\",\"articleSection\":[\"Justi\u00e7a\",\"Religi\u00e3o\"],\"inLanguage\":\"pt-BR\",\"potentialAction\":[{\"@type\":\"CommentAction\",\"name\":\"Comment\",\"target\":[\"https:\\\/\\\/blogdofarnesio.com.br\\\/?p=70511#respond\"]}]},{\"@type\":\"WebPage\",\"@id\":\"https:\\\/\\\/blogdofarnesio.com.br\\\/?p=70511\",\"url\":\"https:\\\/\\\/blogdofarnesio.com.br\\\/?p=70511\",\"name\":\"SACERDOTE M\u00c3O-LEVE DO VATICANO VAI FICAR PRESO POR FRAUDE - Blog do Farn\u00e9sio\",\"isPartOf\":{\"@id\":\"https:\\\/\\\/blogdofarnesio.com.br\\\/#website\"},\"primaryImageOfPage\":{\"@id\":\"https:\\\/\\\/blogdofarnesio.com.br\\\/?p=70511#primaryimage\"},\"image\":{\"@id\":\"https:\\\/\\\/blogdofarnesio.com.br\\\/?p=70511#primaryimage\"},\"thumbnailUrl\":\"http:\\\/\\\/www.diariodopoder.com.br\\\/wp-content\\\/uploads\\\/2014\\\/01\\\/9bb295693bcb420a82221ca84675651c-300x199.jpg\",\"datePublished\":\"2014-01-21T18:42:25+00:00\",\"breadcrumb\":{\"@id\":\"https:\\\/\\\/blogdofarnesio.com.br\\\/?p=70511#breadcrumb\"},\"inLanguage\":\"pt-BR\",\"potentialAction\":[{\"@type\":\"ReadAction\",\"target\":[\"https:\\\/\\\/blogdofarnesio.com.br\\\/?p=70511\"]}]},{\"@type\":\"ImageObject\",\"inLanguage\":\"pt-BR\",\"@id\":\"https:\\\/\\\/blogdofarnesio.com.br\\\/?p=70511#primaryimage\",\"url\":\"http:\\\/\\\/www.diariodopoder.com.br\\\/wp-content\\\/uploads\\\/2014\\\/01\\\/9bb295693bcb420a82221ca84675651c-300x199.jpg\",\"contentUrl\":\"http:\\\/\\\/www.diariodopoder.com.br\\\/wp-content\\\/uploads\\\/2014\\\/01\\\/9bb295693bcb420a82221ca84675651c-300x199.jpg\"},{\"@type\":\"BreadcrumbList\",\"@id\":\"https:\\\/\\\/blogdofarnesio.com.br\\\/?p=70511#breadcrumb\",\"itemListElement\":[{\"@type\":\"ListItem\",\"position\":1,\"name\":\"In\u00edcio\",\"item\":\"https:\\\/\\\/blogdofarnesio.com.br\\\/\"},{\"@type\":\"ListItem\",\"position\":2,\"name\":\"SACERDOTE M\u00c3O-LEVE DO VATICANO VAI FICAR PRESO POR FRAUDE\"}]},{\"@type\":\"WebSite\",\"@id\":\"https:\\\/\\\/blogdofarnesio.com.br\\\/#website\",\"url\":\"https:\\\/\\\/blogdofarnesio.com.br\\\/\",\"name\":\"Blog do Farn\u00e9sio\",\"description\":\"Quer Saber Pol\u00edtica?\",\"publisher\":{\"@id\":\"https:\\\/\\\/blogdofarnesio.com.br\\\/#organization\"},\"potentialAction\":[{\"@type\":\"SearchAction\",\"target\":{\"@type\":\"EntryPoint\",\"urlTemplate\":\"https:\\\/\\\/blogdofarnesio.com.br\\\/?s={search_term_string}\"},\"query-input\":{\"@type\":\"PropertyValueSpecification\",\"valueRequired\":true,\"valueName\":\"search_term_string\"}}],\"inLanguage\":\"pt-BR\"},{\"@type\":\"Organization\",\"@id\":\"https:\\\/\\\/blogdofarnesio.com.br\\\/#organization\",\"name\":\"Blog do Farn\u00e9sio\",\"url\":\"https:\\\/\\\/blogdofarnesio.com.br\\\/\",\"logo\":{\"@type\":\"ImageObject\",\"inLanguage\":\"pt-BR\",\"@id\":\"https:\\\/\\\/blogdofarnesio.com.br\\\/#\\\/schema\\\/logo\\\/image\\\/\",\"url\":\"https:\\\/\\\/blogdofarnesio.com.br\\\/wp-content\\\/uploads\\\/2026\\\/03\\\/cropped-logo_new-1.png\",\"contentUrl\":\"https:\\\/\\\/blogdofarnesio.com.br\\\/wp-content\\\/uploads\\\/2026\\\/03\\\/cropped-logo_new-1.png\",\"width\":881,\"height\":685,\"caption\":\"Blog do Farn\u00e9sio\"},\"image\":{\"@id\":\"https:\\\/\\\/blogdofarnesio.com.br\\\/#\\\/schema\\\/logo\\\/image\\\/\"},\"sameAs\":[\"https:\\\/\\\/www.facebook.com\\\/BlogQuerSaberPolitica\\\/\"]},{\"@type\":\"Person\",\"@id\":\"https:\\\/\\\/blogdofarnesio.com.br\\\/#\\\/schema\\\/person\\\/dd1bf5eba40b687199ba45ca6b97dff9\",\"name\":\"teste\",\"image\":{\"@type\":\"ImageObject\",\"inLanguage\":\"pt-BR\",\"@id\":\"https:\\\/\\\/secure.gravatar.com\\\/avatar\\\/2172498d4914b51e1d89a0f97957b035ac4938723a5cac208135d389b6972a6d?s=96&d=mm&r=g\",\"url\":\"https:\\\/\\\/secure.gravatar.com\\\/avatar\\\/2172498d4914b51e1d89a0f97957b035ac4938723a5cac208135d389b6972a6d?s=96&d=mm&r=g\",\"contentUrl\":\"https:\\\/\\\/secure.gravatar.com\\\/avatar\\\/2172498d4914b51e1d89a0f97957b035ac4938723a5cac208135d389b6972a6d?s=96&d=mm&r=g\",\"caption\":\"teste\"},\"url\":\"https:\\\/\\\/blogdofarnesio.com.br\\\/?author=3\"}]}<\/script>\n<!-- \/ Yoast SEO plugin. -->","yoast_head_json":{"title":"SACERDOTE M\u00c3O-LEVE DO VATICANO VAI FICAR PRESO POR FRAUDE - Blog do Farn\u00e9sio","robots":{"index":"index","follow":"follow","max-snippet":"max-snippet:-1","max-image-preview":"max-image-preview:large","max-video-preview":"max-video-preview:-1"},"canonical":"https:\/\/blogdofarnesio.com.br\/?p=70511","og_locale":"pt_BR","og_type":"article","og_title":"SACERDOTE M\u00c3O-LEVE DO VATICANO VAI FICAR PRESO POR FRAUDE - Blog do Farn\u00e9sio","og_description":"Um sacerdote do Vaticano vai ter que se submeter \u00e0 pris\u00e3o domiciliar sob a acusa\u00e7\u00e3o de fraude nas contas da entidade religiosa. \u00a0A Guarda de Finan\u00e7as da It\u00e1lia anunciou nesta ter\u00e7a-feira (21) possuir nova ordem de pris\u00e3o contra o ex-contador na Administra\u00e7\u00e3o do Patrim\u00f4nio da S\u00e9 Apost\u00f3lica (Apsa) Nunzio Scarano. A ordem de pris\u00e3o faz parte de uma investiga\u00e7\u00e3o de lavagem de dinheiro e doa\u00e7\u00f5es falsas que envolveriam milh\u00f5es de euros em contas do Banco do Vaticano, tamb\u00e9m chamado de Instituto para as Obras de Religi\u00e3o (IOR). Ao todo, 52 pessoas foram citadas no caso, que est\u00e1 a cargo da Procuradoria de Salerno. Um pedido de rogat\u00f3ria para o Vaticano tamb\u00e9m est\u00e1 em tr\u00e2mite no Minist\u00e9rio da Justi\u00e7a da It\u00e1lia.&hellip;","og_url":"https:\/\/blogdofarnesio.com.br\/?p=70511","og_site_name":"Blog do Farn\u00e9sio","article_publisher":"https:\/\/www.facebook.com\/BlogQuerSaberPolitica\/","article_published_time":"2014-01-21T18:42:25+00:00","og_image":[{"url":"http:\/\/www.diariodopoder.com.br\/wp-content\/uploads\/2014\/01\/9bb295693bcb420a82221ca84675651c-300x199.jpg","type":"","width":"","height":""}],"author":"teste","twitter_card":"summary_large_image","twitter_misc":{"Escrito por":"teste","Est. tempo de leitura":"1 minuto"},"schema":{"@context":"https:\/\/schema.org","@graph":[{"@type":"Article","@id":"https:\/\/blogdofarnesio.com.br\/?p=70511#article","isPartOf":{"@id":"https:\/\/blogdofarnesio.com.br\/?p=70511"},"author":{"name":"teste","@id":"https:\/\/blogdofarnesio.com.br\/#\/schema\/person\/dd1bf5eba40b687199ba45ca6b97dff9"},"headline":"SACERDOTE M\u00c3O-LEVE DO VATICANO VAI FICAR PRESO POR FRAUDE","datePublished":"2014-01-21T18:42:25+00:00","mainEntityOfPage":{"@id":"https:\/\/blogdofarnesio.com.br\/?p=70511"},"wordCount":166,"commentCount":0,"publisher":{"@id":"https:\/\/blogdofarnesio.com.br\/#organization"},"image":{"@id":"https:\/\/blogdofarnesio.com.br\/?p=70511#primaryimage"},"thumbnailUrl":"http:\/\/www.diariodopoder.com.br\/wp-content\/uploads\/2014\/01\/9bb295693bcb420a82221ca84675651c-300x199.jpg","articleSection":["Justi\u00e7a","Religi\u00e3o"],"inLanguage":"pt-BR","potentialAction":[{"@type":"CommentAction","name":"Comment","target":["https:\/\/blogdofarnesio.com.br\/?p=70511#respond"]}]},{"@type":"WebPage","@id":"https:\/\/blogdofarnesio.com.br\/?p=70511","url":"https:\/\/blogdofarnesio.com.br\/?p=70511","name":"SACERDOTE M\u00c3O-LEVE DO VATICANO VAI FICAR PRESO POR FRAUDE - Blog do Farn\u00e9sio","isPartOf":{"@id":"https:\/\/blogdofarnesio.com.br\/#website"},"primaryImageOfPage":{"@id":"https:\/\/blogdofarnesio.com.br\/?p=70511#primaryimage"},"image":{"@id":"https:\/\/blogdofarnesio.com.br\/?p=70511#primaryimage"},"thumbnailUrl":"http:\/\/www.diariodopoder.com.br\/wp-content\/uploads\/2014\/01\/9bb295693bcb420a82221ca84675651c-300x199.jpg","datePublished":"2014-01-21T18:42:25+00:00","breadcrumb":{"@id":"https:\/\/blogdofarnesio.com.br\/?p=70511#breadcrumb"},"inLanguage":"pt-BR","potentialAction":[{"@type":"ReadAction","target":["https:\/\/blogdofarnesio.com.br\/?p=70511"]}]},{"@type":"ImageObject","inLanguage":"pt-BR","@id":"https:\/\/blogdofarnesio.com.br\/?p=70511#primaryimage","url":"http:\/\/www.diariodopoder.com.br\/wp-content\/uploads\/2014\/01\/9bb295693bcb420a82221ca84675651c-300x199.jpg","contentUrl":"http:\/\/www.diariodopoder.com.br\/wp-content\/uploads\/2014\/01\/9bb295693bcb420a82221ca84675651c-300x199.jpg"},{"@type":"BreadcrumbList","@id":"https:\/\/blogdofarnesio.com.br\/?p=70511#breadcrumb","itemListElement":[{"@type":"ListItem","position":1,"name":"In\u00edcio","item":"https:\/\/blogdofarnesio.com.br\/"},{"@type":"ListItem","position":2,"name":"SACERDOTE M\u00c3O-LEVE DO VATICANO VAI FICAR PRESO POR FRAUDE"}]},{"@type":"WebSite","@id":"https:\/\/blogdofarnesio.com.br\/#website","url":"https:\/\/blogdofarnesio.com.br\/","name":"Blog do Farn\u00e9sio","description":"Quer Saber Pol\u00edtica?","publisher":{"@id":"https:\/\/blogdofarnesio.com.br\/#organization"},"potentialAction":[{"@type":"SearchAction","target":{"@type":"EntryPoint","urlTemplate":"https:\/\/blogdofarnesio.com.br\/?s={search_term_string}"},"query-input":{"@type":"PropertyValueSpecification","valueRequired":true,"valueName":"search_term_string"}}],"inLanguage":"pt-BR"},{"@type":"Organization","@id":"https:\/\/blogdofarnesio.com.br\/#organization","name":"Blog do Farn\u00e9sio","url":"https:\/\/blogdofarnesio.com.br\/","logo":{"@type":"ImageObject","inLanguage":"pt-BR","@id":"https:\/\/blogdofarnesio.com.br\/#\/schema\/logo\/image\/","url":"https:\/\/blogdofarnesio.com.br\/wp-content\/uploads\/2026\/03\/cropped-logo_new-1.png","contentUrl":"https:\/\/blogdofarnesio.com.br\/wp-content\/uploads\/2026\/03\/cropped-logo_new-1.png","width":881,"height":685,"caption":"Blog do Farn\u00e9sio"},"image":{"@id":"https:\/\/blogdofarnesio.com.br\/#\/schema\/logo\/image\/"},"sameAs":["https:\/\/www.facebook.com\/BlogQuerSaberPolitica\/"]},{"@type":"Person","@id":"https:\/\/blogdofarnesio.com.br\/#\/schema\/person\/dd1bf5eba40b687199ba45ca6b97dff9","name":"teste","image":{"@type":"ImageObject","inLanguage":"pt-BR","@id":"https:\/\/secure.gravatar.com\/avatar\/2172498d4914b51e1d89a0f97957b035ac4938723a5cac208135d389b6972a6d?s=96&d=mm&r=g","url":"https:\/\/secure.gravatar.com\/avatar\/2172498d4914b51e1d89a0f97957b035ac4938723a5cac208135d389b6972a6d?s=96&d=mm&r=g","contentUrl":"https:\/\/secure.gravatar.com\/avatar\/2172498d4914b51e1d89a0f97957b035ac4938723a5cac208135d389b6972a6d?s=96&d=mm&r=g","caption":"teste"},"url":"https:\/\/blogdofarnesio.com.br\/?author=3"}]}},"_links":{"self":[{"href":"https:\/\/blogdofarnesio.com.br\/index.php?rest_route=\/wp\/v2\/posts\/70511","targetHints":{"allow":["GET"]}}],"collection":[{"href":"https:\/\/blogdofarnesio.com.br\/index.php?rest_route=\/wp\/v2\/posts"}],"about":[{"href":"https:\/\/blogdofarnesio.com.br\/index.php?rest_route=\/wp\/v2\/types\/post"}],"author":[{"embeddable":true,"href":"https:\/\/blogdofarnesio.com.br\/index.php?rest_route=\/wp\/v2\/users\/3"}],"replies":[{"embeddable":true,"href":"https:\/\/blogdofarnesio.com.br\/index.php?rest_route=%2Fwp%2Fv2%2Fcomments&post=70511"}],"version-history":[{"count":0,"href":"https:\/\/blogdofarnesio.com.br\/index.php?rest_route=\/wp\/v2\/posts\/70511\/revisions"}],"wp:attachment":[{"href":"https:\/\/blogdofarnesio.com.br\/index.php?rest_route=%2Fwp%2Fv2%2Fmedia&parent=70511"}],"wp:term":[{"taxonomy":"category","embeddable":true,"href":"https:\/\/blogdofarnesio.com.br\/index.php?rest_route=%2Fwp%2Fv2%2Fcategories&post=70511"},{"taxonomy":"post_tag","embeddable":true,"href":"https:\/\/blogdofarnesio.com.br\/index.php?rest_route=%2Fwp%2Fv2%2Ftags&post=70511"}],"curies":[{"name":"wp","href":"https:\/\/api.w.org\/{rel}","templated":true}]}}