{"id":70491,"date":"2014-01-21T12:00:49","date_gmt":"2014-01-21T15:00:49","guid":{"rendered":"http:\/\/www.quersaberpolitica.com.br\/?p=70491"},"modified":"2014-01-21T11:25:50","modified_gmt":"2014-01-21T14:25:50","slug":"servico-social-do-hrj-promove-encontro-de-paciente-com-sua-familia-apos-uma-decada","status":"publish","type":"post","link":"https:\/\/blogdofarnesio.com.br\/?p=70491","title":{"rendered":"SERVI\u00c7O SOCIAL DO HRJ PROMOVE ENCONTRO DE PACIENTE COM SUA FAM\u00cdLIA AP\u00d3S UMA D\u00c9CADA"},"content":{"rendered":"<p style=\"text-align: justify\"><a href=\"http:\/\/www.quersaberpolitica.com.br\/2016\/wp-content\/uploads\/2014\/01\/blogqspHRJ.jpg\"><img loading=\"lazy\" decoding=\"async\" class=\"alignleft size-medium wp-image-70492\" alt=\"blogqspHRJ\" src=\"http:\/\/www.quersaberpolitica.com.br\/2016\/wp-content\/uploads\/2014\/01\/blogqspHRJ-300x198.jpg\" width=\"300\" height=\"198\" srcset=\"https:\/\/blogdofarnesio.com.br\/wp-content\/uploads\/2014\/01\/blogqspHRJ-300x198.jpg 300w, https:\/\/blogdofarnesio.com.br\/wp-content\/uploads\/2014\/01\/blogqspHRJ.jpg 448w\" sizes=\"auto, (max-width: 300px) 100vw, 300px\" \/><\/a>Mesmo de alta m\u00e9dica, o paciente Ludovico Tim\u00f3teo de Souza permanecia internado h\u00e1 mais de 3 meses no Hospital Regional de Juazeiro (Gest\u00e3o IMIP).<\/p>\n<p style=\"text-align: justify\">Sem documentos, familiares e com pouqu\u00edssimas lembran\u00e7as sobre sua origem, o paciente aguardava a presen\u00e7a de algu\u00e9m que se comprometesse em auxili\u00e1-lo nos cuidados que ele necessitava.<\/p>\n<p style=\"text-align: justify\">Durante sua perman\u00eancia na unidade, Ludovico contava apenas com a dedica\u00e7\u00e3o da equipe de assist\u00eancia \u00e0 sa\u00fade e a atua\u00e7\u00e3o do Servi\u00e7o Social, que com in\u00fameras tentativas de busca, promoveu o reencontro de Ludovico com sua fam\u00edlia 10 anos ap\u00f3s seu desaparecimento.<\/p>\n<p style=\"text-align: justify\">A fam\u00edlia de Ludovico reside no munic\u00edpio de Paulo Afonso-Ba e em menos de 24 horas ap\u00f3s a divulga\u00e7\u00e3o de sua foto em um site de noticias local, a irm\u00e3 do paciente j\u00e1 estava no HRJ para busc\u00e1-lo. \u201cMesmo com o quadro de desorienta\u00e7\u00e3o e o longo tempo sem contato com a fam\u00edlia, o paciente reconheceu a irm\u00e3 assim que ela entrou na enfermaria. Foi um momento emocionante\u201d, contou a Assistente Social Jusciara C\u00e1ssia Ferreira.<!--more--><\/p>\n<p style=\"text-align: justify\">Segundo a irm\u00e3, a fam\u00edlia de Ludovico j\u00e1 n\u00e3o tinha mais esperan\u00e7as de reencontr\u00e1-lo. \u201cForam anos de busca e investiga\u00e7\u00f5es, como nunca tivemos nenhum tipo de not\u00edcia, n\u00f3s j\u00e1 t\u00ednhamos desistido de encontr\u00e1-lo. Na verdade ach\u00e1vamos que ele j\u00e1 havia morrido\u201d, contou. Ludovico recebeu alta administrativa e j\u00e1 foi levado para a sua cidade natal, onde tem \u00e0 sua espera seus pais e 25 irm\u00e3os.<\/p>\n<p style=\"text-align: justify\">Ludovico usava o nome de Luciano, vivia como morador de rua em Juazeiro e ainda n\u00e3o havia sido encaminhado para uma casa de apoio porque est\u00e1 sem andar. \u201cNo caso de moradores de ruas ou pacientes desorientados, como no caso de Ludovico, s\u00e3o realizadas entrevistas minuciosas com intuito de levantar todas as informa\u00e7\u00f5es poss\u00edveis destes pacientes para que eles tenham um destino seguro ap\u00f3s a alta m\u00e9dica. Aos poucos, em seus relatos foi surgindo o nome da cidade de Paulo Afonso, o que nos deu mais um direcionamento para continuarmos a busca. A colabora\u00e7\u00e3o da imprensa tamb\u00e9m foi imprescind\u00edvel na solu\u00e7\u00e3o do caso, j\u00e1 que podemos contar sempre com as divulga\u00e7\u00f5es de fotos e informa\u00e7\u00f5es\u201d, ressalta a coordenadora do Servi\u00e7o Social do HRJ, K\u00e1tia Carreiro.<\/p>\n<p style=\"text-align: justify\">K\u00e1tia explica ainda que o trabalho da equipe de Assistentes Sociais do HRJ tem como objetivo criar condi\u00e7\u00f5es para que o usu\u00e1rio desenvolva sua capacidade cr\u00edtica enquanto sujeito de direitos. \u201cAtrav\u00e9s de investiga\u00e7\u00e3o e parcerias com as redes s\u00f3cioassistenciais, trabalhamos resgatando a reconstitui\u00e7\u00e3o dos v\u00ednculos familiares, contribuindo para retomada da rela\u00e7\u00e3o social do cidad\u00e3o, a qual muitas vezes apresenta-se fragilizada ou inexistente\u201d, esclarece K\u00e1tia.<\/p>\n<p><strong>ASCOM<\/strong><\/p>\n","protected":false},"excerpt":{"rendered":"<p>Mesmo de alta m\u00e9dica, o paciente Ludovico Tim\u00f3teo de Souza permanecia internado h\u00e1 mais de 3 meses no Hospital Regional de Juazeiro (Gest\u00e3o IMIP). Sem documentos, familiares e com pouqu\u00edssimas lembran\u00e7as sobre sua origem, o paciente aguardava a presen\u00e7a de algu\u00e9m que se comprometesse em auxili\u00e1-lo nos cuidados que ele necessitava. Durante sua perman\u00eancia na unidade, Ludovico contava apenas com a dedica\u00e7\u00e3o da equipe de assist\u00eancia \u00e0 sa\u00fade e a atua\u00e7\u00e3o do Servi\u00e7o Social, que com in\u00fameras tentativas de busca, promoveu o reencontro de Ludovico com sua fam\u00edlia 10 anos ap\u00f3s seu desaparecimento. A fam\u00edlia de Ludovico reside no munic\u00edpio de Paulo Afonso-Ba e em menos de 24 horas ap\u00f3s a divulga\u00e7\u00e3o de sua foto em um site de noticias&hellip; <\/p>\n","protected":false},"author":3,"featured_media":0,"comment_status":"open","ping_status":"open","sticky":false,"template":"","format":"standard","meta":{"_acf_changed":false,"footnotes":""},"categories":[22],"tags":[],"class_list":["post-70491","post","type-post","status-publish","format-standard","hentry","category-acao-social"],"acf":[],"yoast_head":"<!-- This site is optimized with the Yoast SEO plugin v27.4 - https:\/\/yoast.com\/product\/yoast-seo-wordpress\/ -->\n<title>SERVI\u00c7O SOCIAL DO HRJ PROMOVE ENCONTRO DE PACIENTE COM SUA FAM\u00cdLIA AP\u00d3S UMA D\u00c9CADA - Blog do Farn\u00e9sio<\/title>\n<meta name=\"robots\" content=\"index, follow, max-snippet:-1, max-image-preview:large, max-video-preview:-1\" \/>\n<link rel=\"canonical\" href=\"https:\/\/blogdofarnesio.com.br\/?p=70491\" \/>\n<meta property=\"og:locale\" content=\"pt_BR\" \/>\n<meta property=\"og:type\" content=\"article\" \/>\n<meta property=\"og:title\" content=\"SERVI\u00c7O SOCIAL DO HRJ PROMOVE ENCONTRO DE PACIENTE COM SUA FAM\u00cdLIA AP\u00d3S UMA D\u00c9CADA - Blog do Farn\u00e9sio\" \/>\n<meta property=\"og:description\" content=\"Mesmo de alta m\u00e9dica, o paciente Ludovico Tim\u00f3teo de Souza permanecia internado h\u00e1 mais de 3 meses no Hospital Regional de Juazeiro (Gest\u00e3o IMIP). Sem documentos, familiares e com pouqu\u00edssimas lembran\u00e7as sobre sua origem, o paciente aguardava a presen\u00e7a de algu\u00e9m que se comprometesse em auxili\u00e1-lo nos cuidados que ele necessitava. Durante sua perman\u00eancia na unidade, Ludovico contava apenas com a dedica\u00e7\u00e3o da equipe de assist\u00eancia \u00e0 sa\u00fade e a atua\u00e7\u00e3o do Servi\u00e7o Social, que com in\u00fameras tentativas de busca, promoveu o reencontro de Ludovico com sua fam\u00edlia 10 anos ap\u00f3s seu desaparecimento. A fam\u00edlia de Ludovico reside no munic\u00edpio de Paulo Afonso-Ba e em menos de 24 horas ap\u00f3s a divulga\u00e7\u00e3o de sua foto em um site de noticias&hellip;\" \/>\n<meta property=\"og:url\" content=\"https:\/\/blogdofarnesio.com.br\/?p=70491\" \/>\n<meta property=\"og:site_name\" content=\"Blog do Farn\u00e9sio\" \/>\n<meta property=\"article:publisher\" content=\"https:\/\/www.facebook.com\/BlogQuerSaberPolitica\/\" \/>\n<meta property=\"article:published_time\" content=\"2014-01-21T15:00:49+00:00\" \/>\n<meta property=\"og:image\" content=\"http:\/\/www.quersaberpolitica.com.br\/2016\/wp-content\/uploads\/2014\/01\/blogqspHRJ-300x198.jpg\" \/>\n<meta name=\"author\" content=\"teste\" \/>\n<meta name=\"twitter:card\" content=\"summary_large_image\" \/>\n<meta name=\"twitter:label1\" content=\"Escrito por\" \/>\n\t<meta name=\"twitter:data1\" content=\"teste\" \/>\n\t<meta name=\"twitter:label2\" content=\"Est. tempo de leitura\" \/>\n\t<meta name=\"twitter:data2\" content=\"2 minutos\" \/>\n<script type=\"application\/ld+json\" class=\"yoast-schema-graph\">{\"@context\":\"https:\\\/\\\/schema.org\",\"@graph\":[{\"@type\":\"Article\",\"@id\":\"https:\\\/\\\/blogdofarnesio.com.br\\\/?p=70491#article\",\"isPartOf\":{\"@id\":\"https:\\\/\\\/blogdofarnesio.com.br\\\/?p=70491\"},\"author\":{\"name\":\"teste\",\"@id\":\"https:\\\/\\\/blogdofarnesio.com.br\\\/#\\\/schema\\\/person\\\/dd1bf5eba40b687199ba45ca6b97dff9\"},\"headline\":\"SERVI\u00c7O SOCIAL DO HRJ PROMOVE ENCONTRO DE PACIENTE COM SUA FAM\u00cdLIA AP\u00d3S UMA D\u00c9CADA\",\"datePublished\":\"2014-01-21T15:00:49+00:00\",\"mainEntityOfPage\":{\"@id\":\"https:\\\/\\\/blogdofarnesio.com.br\\\/?p=70491\"},\"wordCount\":497,\"commentCount\":0,\"publisher\":{\"@id\":\"https:\\\/\\\/blogdofarnesio.com.br\\\/#organization\"},\"image\":{\"@id\":\"https:\\\/\\\/blogdofarnesio.com.br\\\/?p=70491#primaryimage\"},\"thumbnailUrl\":\"http:\\\/\\\/www.quersaberpolitica.com.br\\\/2016\\\/wp-content\\\/uploads\\\/2014\\\/01\\\/blogqspHRJ-300x198.jpg\",\"articleSection\":[\"A\u00e7\u00e3o Social\"],\"inLanguage\":\"pt-BR\",\"potentialAction\":[{\"@type\":\"CommentAction\",\"name\":\"Comment\",\"target\":[\"https:\\\/\\\/blogdofarnesio.com.br\\\/?p=70491#respond\"]}]},{\"@type\":\"WebPage\",\"@id\":\"https:\\\/\\\/blogdofarnesio.com.br\\\/?p=70491\",\"url\":\"https:\\\/\\\/blogdofarnesio.com.br\\\/?p=70491\",\"name\":\"SERVI\u00c7O SOCIAL DO HRJ PROMOVE ENCONTRO DE PACIENTE COM SUA FAM\u00cdLIA AP\u00d3S UMA D\u00c9CADA - Blog do Farn\u00e9sio\",\"isPartOf\":{\"@id\":\"https:\\\/\\\/blogdofarnesio.com.br\\\/#website\"},\"primaryImageOfPage\":{\"@id\":\"https:\\\/\\\/blogdofarnesio.com.br\\\/?p=70491#primaryimage\"},\"image\":{\"@id\":\"https:\\\/\\\/blogdofarnesio.com.br\\\/?p=70491#primaryimage\"},\"thumbnailUrl\":\"http:\\\/\\\/www.quersaberpolitica.com.br\\\/2016\\\/wp-content\\\/uploads\\\/2014\\\/01\\\/blogqspHRJ-300x198.jpg\",\"datePublished\":\"2014-01-21T15:00:49+00:00\",\"breadcrumb\":{\"@id\":\"https:\\\/\\\/blogdofarnesio.com.br\\\/?p=70491#breadcrumb\"},\"inLanguage\":\"pt-BR\",\"potentialAction\":[{\"@type\":\"ReadAction\",\"target\":[\"https:\\\/\\\/blogdofarnesio.com.br\\\/?p=70491\"]}]},{\"@type\":\"ImageObject\",\"inLanguage\":\"pt-BR\",\"@id\":\"https:\\\/\\\/blogdofarnesio.com.br\\\/?p=70491#primaryimage\",\"url\":\"http:\\\/\\\/www.quersaberpolitica.com.br\\\/2016\\\/wp-content\\\/uploads\\\/2014\\\/01\\\/blogqspHRJ-300x198.jpg\",\"contentUrl\":\"http:\\\/\\\/www.quersaberpolitica.com.br\\\/2016\\\/wp-content\\\/uploads\\\/2014\\\/01\\\/blogqspHRJ-300x198.jpg\"},{\"@type\":\"BreadcrumbList\",\"@id\":\"https:\\\/\\\/blogdofarnesio.com.br\\\/?p=70491#breadcrumb\",\"itemListElement\":[{\"@type\":\"ListItem\",\"position\":1,\"name\":\"In\u00edcio\",\"item\":\"https:\\\/\\\/blogdofarnesio.com.br\\\/\"},{\"@type\":\"ListItem\",\"position\":2,\"name\":\"SERVI\u00c7O SOCIAL DO HRJ PROMOVE ENCONTRO DE PACIENTE COM SUA FAM\u00cdLIA AP\u00d3S UMA D\u00c9CADA\"}]},{\"@type\":\"WebSite\",\"@id\":\"https:\\\/\\\/blogdofarnesio.com.br\\\/#website\",\"url\":\"https:\\\/\\\/blogdofarnesio.com.br\\\/\",\"name\":\"Blog do Farn\u00e9sio\",\"description\":\"Quer Saber Pol\u00edtica?\",\"publisher\":{\"@id\":\"https:\\\/\\\/blogdofarnesio.com.br\\\/#organization\"},\"potentialAction\":[{\"@type\":\"SearchAction\",\"target\":{\"@type\":\"EntryPoint\",\"urlTemplate\":\"https:\\\/\\\/blogdofarnesio.com.br\\\/?s={search_term_string}\"},\"query-input\":{\"@type\":\"PropertyValueSpecification\",\"valueRequired\":true,\"valueName\":\"search_term_string\"}}],\"inLanguage\":\"pt-BR\"},{\"@type\":\"Organization\",\"@id\":\"https:\\\/\\\/blogdofarnesio.com.br\\\/#organization\",\"name\":\"Blog do Farn\u00e9sio\",\"url\":\"https:\\\/\\\/blogdofarnesio.com.br\\\/\",\"logo\":{\"@type\":\"ImageObject\",\"inLanguage\":\"pt-BR\",\"@id\":\"https:\\\/\\\/blogdofarnesio.com.br\\\/#\\\/schema\\\/logo\\\/image\\\/\",\"url\":\"https:\\\/\\\/blogdofarnesio.com.br\\\/wp-content\\\/uploads\\\/2026\\\/03\\\/cropped-logo_new-1.png\",\"contentUrl\":\"https:\\\/\\\/blogdofarnesio.com.br\\\/wp-content\\\/uploads\\\/2026\\\/03\\\/cropped-logo_new-1.png\",\"width\":881,\"height\":685,\"caption\":\"Blog do Farn\u00e9sio\"},\"image\":{\"@id\":\"https:\\\/\\\/blogdofarnesio.com.br\\\/#\\\/schema\\\/logo\\\/image\\\/\"},\"sameAs\":[\"https:\\\/\\\/www.facebook.com\\\/BlogQuerSaberPolitica\\\/\"]},{\"@type\":\"Person\",\"@id\":\"https:\\\/\\\/blogdofarnesio.com.br\\\/#\\\/schema\\\/person\\\/dd1bf5eba40b687199ba45ca6b97dff9\",\"name\":\"teste\",\"image\":{\"@type\":\"ImageObject\",\"inLanguage\":\"pt-BR\",\"@id\":\"https:\\\/\\\/secure.gravatar.com\\\/avatar\\\/2172498d4914b51e1d89a0f97957b035ac4938723a5cac208135d389b6972a6d?s=96&d=mm&r=g\",\"url\":\"https:\\\/\\\/secure.gravatar.com\\\/avatar\\\/2172498d4914b51e1d89a0f97957b035ac4938723a5cac208135d389b6972a6d?s=96&d=mm&r=g\",\"contentUrl\":\"https:\\\/\\\/secure.gravatar.com\\\/avatar\\\/2172498d4914b51e1d89a0f97957b035ac4938723a5cac208135d389b6972a6d?s=96&d=mm&r=g\",\"caption\":\"teste\"},\"url\":\"https:\\\/\\\/blogdofarnesio.com.br\\\/?author=3\"}]}<\/script>\n<!-- \/ Yoast SEO plugin. -->","yoast_head_json":{"title":"SERVI\u00c7O SOCIAL DO HRJ PROMOVE ENCONTRO DE PACIENTE COM SUA FAM\u00cdLIA AP\u00d3S UMA D\u00c9CADA - Blog do Farn\u00e9sio","robots":{"index":"index","follow":"follow","max-snippet":"max-snippet:-1","max-image-preview":"max-image-preview:large","max-video-preview":"max-video-preview:-1"},"canonical":"https:\/\/blogdofarnesio.com.br\/?p=70491","og_locale":"pt_BR","og_type":"article","og_title":"SERVI\u00c7O SOCIAL DO HRJ PROMOVE ENCONTRO DE PACIENTE COM SUA FAM\u00cdLIA AP\u00d3S UMA D\u00c9CADA - Blog do Farn\u00e9sio","og_description":"Mesmo de alta m\u00e9dica, o paciente Ludovico Tim\u00f3teo de Souza permanecia internado h\u00e1 mais de 3 meses no Hospital Regional de Juazeiro (Gest\u00e3o IMIP). Sem documentos, familiares e com pouqu\u00edssimas lembran\u00e7as sobre sua origem, o paciente aguardava a presen\u00e7a de algu\u00e9m que se comprometesse em auxili\u00e1-lo nos cuidados que ele necessitava. Durante sua perman\u00eancia na unidade, Ludovico contava apenas com a dedica\u00e7\u00e3o da equipe de assist\u00eancia \u00e0 sa\u00fade e a atua\u00e7\u00e3o do Servi\u00e7o Social, que com in\u00fameras tentativas de busca, promoveu o reencontro de Ludovico com sua fam\u00edlia 10 anos ap\u00f3s seu desaparecimento. A fam\u00edlia de Ludovico reside no munic\u00edpio de Paulo Afonso-Ba e em menos de 24 horas ap\u00f3s a divulga\u00e7\u00e3o de sua foto em um site de noticias&hellip;","og_url":"https:\/\/blogdofarnesio.com.br\/?p=70491","og_site_name":"Blog do Farn\u00e9sio","article_publisher":"https:\/\/www.facebook.com\/BlogQuerSaberPolitica\/","article_published_time":"2014-01-21T15:00:49+00:00","og_image":[{"url":"http:\/\/www.quersaberpolitica.com.br\/2016\/wp-content\/uploads\/2014\/01\/blogqspHRJ-300x198.jpg","type":"","width":"","height":""}],"author":"teste","twitter_card":"summary_large_image","twitter_misc":{"Escrito por":"teste","Est. tempo de leitura":"2 minutos"},"schema":{"@context":"https:\/\/schema.org","@graph":[{"@type":"Article","@id":"https:\/\/blogdofarnesio.com.br\/?p=70491#article","isPartOf":{"@id":"https:\/\/blogdofarnesio.com.br\/?p=70491"},"author":{"name":"teste","@id":"https:\/\/blogdofarnesio.com.br\/#\/schema\/person\/dd1bf5eba40b687199ba45ca6b97dff9"},"headline":"SERVI\u00c7O SOCIAL DO HRJ PROMOVE ENCONTRO DE PACIENTE COM SUA FAM\u00cdLIA AP\u00d3S UMA D\u00c9CADA","datePublished":"2014-01-21T15:00:49+00:00","mainEntityOfPage":{"@id":"https:\/\/blogdofarnesio.com.br\/?p=70491"},"wordCount":497,"commentCount":0,"publisher":{"@id":"https:\/\/blogdofarnesio.com.br\/#organization"},"image":{"@id":"https:\/\/blogdofarnesio.com.br\/?p=70491#primaryimage"},"thumbnailUrl":"http:\/\/www.quersaberpolitica.com.br\/2016\/wp-content\/uploads\/2014\/01\/blogqspHRJ-300x198.jpg","articleSection":["A\u00e7\u00e3o Social"],"inLanguage":"pt-BR","potentialAction":[{"@type":"CommentAction","name":"Comment","target":["https:\/\/blogdofarnesio.com.br\/?p=70491#respond"]}]},{"@type":"WebPage","@id":"https:\/\/blogdofarnesio.com.br\/?p=70491","url":"https:\/\/blogdofarnesio.com.br\/?p=70491","name":"SERVI\u00c7O SOCIAL DO HRJ PROMOVE ENCONTRO DE PACIENTE COM SUA FAM\u00cdLIA AP\u00d3S UMA D\u00c9CADA - Blog do Farn\u00e9sio","isPartOf":{"@id":"https:\/\/blogdofarnesio.com.br\/#website"},"primaryImageOfPage":{"@id":"https:\/\/blogdofarnesio.com.br\/?p=70491#primaryimage"},"image":{"@id":"https:\/\/blogdofarnesio.com.br\/?p=70491#primaryimage"},"thumbnailUrl":"http:\/\/www.quersaberpolitica.com.br\/2016\/wp-content\/uploads\/2014\/01\/blogqspHRJ-300x198.jpg","datePublished":"2014-01-21T15:00:49+00:00","breadcrumb":{"@id":"https:\/\/blogdofarnesio.com.br\/?p=70491#breadcrumb"},"inLanguage":"pt-BR","potentialAction":[{"@type":"ReadAction","target":["https:\/\/blogdofarnesio.com.br\/?p=70491"]}]},{"@type":"ImageObject","inLanguage":"pt-BR","@id":"https:\/\/blogdofarnesio.com.br\/?p=70491#primaryimage","url":"http:\/\/www.quersaberpolitica.com.br\/2016\/wp-content\/uploads\/2014\/01\/blogqspHRJ-300x198.jpg","contentUrl":"http:\/\/www.quersaberpolitica.com.br\/2016\/wp-content\/uploads\/2014\/01\/blogqspHRJ-300x198.jpg"},{"@type":"BreadcrumbList","@id":"https:\/\/blogdofarnesio.com.br\/?p=70491#breadcrumb","itemListElement":[{"@type":"ListItem","position":1,"name":"In\u00edcio","item":"https:\/\/blogdofarnesio.com.br\/"},{"@type":"ListItem","position":2,"name":"SERVI\u00c7O SOCIAL DO HRJ PROMOVE ENCONTRO DE PACIENTE COM SUA FAM\u00cdLIA AP\u00d3S UMA D\u00c9CADA"}]},{"@type":"WebSite","@id":"https:\/\/blogdofarnesio.com.br\/#website","url":"https:\/\/blogdofarnesio.com.br\/","name":"Blog do Farn\u00e9sio","description":"Quer Saber Pol\u00edtica?","publisher":{"@id":"https:\/\/blogdofarnesio.com.br\/#organization"},"potentialAction":[{"@type":"SearchAction","target":{"@type":"EntryPoint","urlTemplate":"https:\/\/blogdofarnesio.com.br\/?s={search_term_string}"},"query-input":{"@type":"PropertyValueSpecification","valueRequired":true,"valueName":"search_term_string"}}],"inLanguage":"pt-BR"},{"@type":"Organization","@id":"https:\/\/blogdofarnesio.com.br\/#organization","name":"Blog do Farn\u00e9sio","url":"https:\/\/blogdofarnesio.com.br\/","logo":{"@type":"ImageObject","inLanguage":"pt-BR","@id":"https:\/\/blogdofarnesio.com.br\/#\/schema\/logo\/image\/","url":"https:\/\/blogdofarnesio.com.br\/wp-content\/uploads\/2026\/03\/cropped-logo_new-1.png","contentUrl":"https:\/\/blogdofarnesio.com.br\/wp-content\/uploads\/2026\/03\/cropped-logo_new-1.png","width":881,"height":685,"caption":"Blog do Farn\u00e9sio"},"image":{"@id":"https:\/\/blogdofarnesio.com.br\/#\/schema\/logo\/image\/"},"sameAs":["https:\/\/www.facebook.com\/BlogQuerSaberPolitica\/"]},{"@type":"Person","@id":"https:\/\/blogdofarnesio.com.br\/#\/schema\/person\/dd1bf5eba40b687199ba45ca6b97dff9","name":"teste","image":{"@type":"ImageObject","inLanguage":"pt-BR","@id":"https:\/\/secure.gravatar.com\/avatar\/2172498d4914b51e1d89a0f97957b035ac4938723a5cac208135d389b6972a6d?s=96&d=mm&r=g","url":"https:\/\/secure.gravatar.com\/avatar\/2172498d4914b51e1d89a0f97957b035ac4938723a5cac208135d389b6972a6d?s=96&d=mm&r=g","contentUrl":"https:\/\/secure.gravatar.com\/avatar\/2172498d4914b51e1d89a0f97957b035ac4938723a5cac208135d389b6972a6d?s=96&d=mm&r=g","caption":"teste"},"url":"https:\/\/blogdofarnesio.com.br\/?author=3"}]}},"_links":{"self":[{"href":"https:\/\/blogdofarnesio.com.br\/index.php?rest_route=\/wp\/v2\/posts\/70491","targetHints":{"allow":["GET"]}}],"collection":[{"href":"https:\/\/blogdofarnesio.com.br\/index.php?rest_route=\/wp\/v2\/posts"}],"about":[{"href":"https:\/\/blogdofarnesio.com.br\/index.php?rest_route=\/wp\/v2\/types\/post"}],"author":[{"embeddable":true,"href":"https:\/\/blogdofarnesio.com.br\/index.php?rest_route=\/wp\/v2\/users\/3"}],"replies":[{"embeddable":true,"href":"https:\/\/blogdofarnesio.com.br\/index.php?rest_route=%2Fwp%2Fv2%2Fcomments&post=70491"}],"version-history":[{"count":0,"href":"https:\/\/blogdofarnesio.com.br\/index.php?rest_route=\/wp\/v2\/posts\/70491\/revisions"}],"wp:attachment":[{"href":"https:\/\/blogdofarnesio.com.br\/index.php?rest_route=%2Fwp%2Fv2%2Fmedia&parent=70491"}],"wp:term":[{"taxonomy":"category","embeddable":true,"href":"https:\/\/blogdofarnesio.com.br\/index.php?rest_route=%2Fwp%2Fv2%2Fcategories&post=70491"},{"taxonomy":"post_tag","embeddable":true,"href":"https:\/\/blogdofarnesio.com.br\/index.php?rest_route=%2Fwp%2Fv2%2Ftags&post=70491"}],"curies":[{"name":"wp","href":"https:\/\/api.w.org\/{rel}","templated":true}]}}