{"id":70485,"date":"2014-01-21T11:34:04","date_gmt":"2014-01-21T14:34:04","guid":{"rendered":"http:\/\/www.quersaberpolitica.com.br\/?p=70485"},"modified":"2014-01-21T10:08:25","modified_gmt":"2014-01-21T13:08:25","slug":"bira-bastos-e-pre-candidato-a-deputado-estadual","status":"publish","type":"post","link":"https:\/\/blogdofarnesio.com.br\/?p=70485","title":{"rendered":"BIRA BASTOS \u00c9 PR\u00c9-CANDIDATO A DEPUTADO ESTADUAL"},"content":{"rendered":"<p style=\"text-align: justify\"><a href=\"http:\/\/www.quersaberpolitica.com.br\/2016\/wp-content\/uploads\/2014\/01\/BlogqspBira.jpg\"><img loading=\"lazy\" decoding=\"async\" class=\"alignleft size-medium wp-image-70486\" alt=\"BlogqspBira\" src=\"http:\/\/www.quersaberpolitica.com.br\/2016\/wp-content\/uploads\/2014\/01\/BlogqspBira-300x169.jpg\" width=\"300\" height=\"169\" srcset=\"https:\/\/blogdofarnesio.com.br\/wp-content\/uploads\/2014\/01\/BlogqspBira-300x169.jpg 300w, https:\/\/blogdofarnesio.com.br\/wp-content\/uploads\/2014\/01\/BlogqspBira.jpg 448w\" sizes=\"auto, (max-width: 300px) 100vw, 300px\" \/><\/a>Seguindo os passos do irm\u00e3o, Bira Bastos que \u00e9 irm\u00e3o do vereador Sargento Bastos, pretende deixar o universo militar, para adentrar a pol\u00edtica.<\/p>\n<p style=\"text-align: justify\">Na manh\u00e3 desta ter\u00e7a-feira (21), em participa\u00e7\u00e3o ao programa Bastidores da not\u00edcia, veiculado na r\u00e1dio TropicalSat, afirmou ser pr\u00e9-candidato a Deputado Estadual.<\/p>\n<p style=\"text-align: justify\">Bira frisou que, a decis\u00e3o da carreira militar e colocar o seu nome \u00e0 disposi\u00e7\u00e3o para concorrer a elei\u00e7\u00e3o deste ano \u00e9 um sonho. \u201cTodo ser humano \u00e9 sonhador por natureza e a minha Pr\u00e9 candidatura ela foi colocada, na verdade \u00e9 um sonho que desejamos tornar realidade\u201d, comentou.<\/p>\n<p style=\"text-align: justify\">Ele ressaltou ainda que far\u00e1 dobradinha com o deputado capit\u00e3o Tadeu que sa\u00edra na disputada por uma vaga na federal. O sargento destacou que ainda n\u00e3o se filiou a nenhum partido, mas j\u00e1 come\u00e7ou a trabalhar para tentar \u00eaxito na elei\u00e7\u00e3o. \u201cJ\u00e1 visitamos 41 munic\u00edpios e agora tem que correr mesmo\u201d, disse.<!--more--><\/p>\n<p style=\"text-align: justify\">Finalizando, Ele declarou que a sua pr\u00e9-candidatura ser\u00e1 lan\u00e7ada oficialmente no in\u00edcio do pr\u00f3ximo m\u00eas, para com isso, buscar, junto com seu grupo, tra\u00e7ar a estrat\u00e9gia de campanha. \u201cQuero dizer ao povo de juazeiro que estamos brigando, estamos de fato em uma guerra, sou pr\u00e9-candidato, alguns membros de governo dizem que n\u00e3o, que vamos conversar depois, mas eu quero deixar claro que eu n\u00e3o devo a minha cabe\u00e7a a esse desgoverno\u201d, concluiu.<\/p>\n<p style=\"text-align: justify\">Em participa\u00e7\u00e3o por telefone, o deputado capit\u00e3o Tadeu, disse que o nome de Bira \u00e9 um grande nome, importante para que a regi\u00e3o seja lembrada, j\u00e1 que, segundo Ele, \u00e9 um regi\u00e3o esquecida pelos governos. \u201cEu tenho a dobradinha com Bira, como apoiei o vereador Bastos, Eles conversaram comigo mostrando a import\u00e2ncia de juazeiro ter uma candidatura forte como deputado estadual e eu n\u00e3o poderia deixar de atender esse apelo da comunidade, dos policiais, a assembleia legislativa precisa sim, ter mais representantes dessa regi\u00e3o, essa regi\u00e3o precisa ser lembrada\u201d, ressaltou.<\/p>\n<p><strong>Por Cl\u00eailma Souza<\/strong><\/p>\n<p>&nbsp;<\/p>\n","protected":false},"excerpt":{"rendered":"<p>Seguindo os passos do irm\u00e3o, Bira Bastos que \u00e9 irm\u00e3o do vereador Sargento Bastos, pretende deixar o universo militar, para adentrar a pol\u00edtica. Na manh\u00e3 desta ter\u00e7a-feira (21), em participa\u00e7\u00e3o ao programa Bastidores da not\u00edcia, veiculado na r\u00e1dio TropicalSat, afirmou ser pr\u00e9-candidato a Deputado Estadual. Bira frisou que, a decis\u00e3o da carreira militar e colocar o seu nome \u00e0 disposi\u00e7\u00e3o para concorrer a elei\u00e7\u00e3o deste ano \u00e9 um sonho. \u201cTodo ser humano \u00e9 sonhador por natureza e a minha Pr\u00e9 candidatura ela foi colocada, na verdade \u00e9 um sonho que desejamos tornar realidade\u201d, comentou. Ele ressaltou ainda que far\u00e1 dobradinha com o deputado capit\u00e3o Tadeu que sa\u00edra na disputada por uma vaga na federal. O sargento destacou que ainda n\u00e3o&hellip; <\/p>\n","protected":false},"author":3,"featured_media":0,"comment_status":"open","ping_status":"open","sticky":false,"template":"","format":"standard","meta":{"_acf_changed":false,"footnotes":""},"categories":[1],"tags":[],"class_list":["post-70485","post","type-post","status-publish","format-standard","hentry","category-politica"],"acf":[],"yoast_head":"<!-- This site is optimized with the Yoast SEO plugin v27.4 - https:\/\/yoast.com\/product\/yoast-seo-wordpress\/ -->\n<title>BIRA BASTOS \u00c9 PR\u00c9-CANDIDATO A DEPUTADO ESTADUAL  - Blog do Farn\u00e9sio<\/title>\n<meta name=\"robots\" content=\"index, follow, max-snippet:-1, max-image-preview:large, max-video-preview:-1\" \/>\n<link rel=\"canonical\" href=\"https:\/\/blogdofarnesio.com.br\/?p=70485\" \/>\n<meta property=\"og:locale\" content=\"pt_BR\" \/>\n<meta property=\"og:type\" content=\"article\" \/>\n<meta property=\"og:title\" content=\"BIRA BASTOS \u00c9 PR\u00c9-CANDIDATO A DEPUTADO ESTADUAL  - Blog do Farn\u00e9sio\" \/>\n<meta property=\"og:description\" content=\"Seguindo os passos do irm\u00e3o, Bira Bastos que \u00e9 irm\u00e3o do vereador Sargento Bastos, pretende deixar o universo militar, para adentrar a pol\u00edtica. Na manh\u00e3 desta ter\u00e7a-feira (21), em participa\u00e7\u00e3o ao programa Bastidores da not\u00edcia, veiculado na r\u00e1dio TropicalSat, afirmou ser pr\u00e9-candidato a Deputado Estadual. Bira frisou que, a decis\u00e3o da carreira militar e colocar o seu nome \u00e0 disposi\u00e7\u00e3o para concorrer a elei\u00e7\u00e3o deste ano \u00e9 um sonho. \u201cTodo ser humano \u00e9 sonhador por natureza e a minha Pr\u00e9 candidatura ela foi colocada, na verdade \u00e9 um sonho que desejamos tornar realidade\u201d, comentou. Ele ressaltou ainda que far\u00e1 dobradinha com o deputado capit\u00e3o Tadeu que sa\u00edra na disputada por uma vaga na federal. O sargento destacou que ainda n\u00e3o&hellip;\" \/>\n<meta property=\"og:url\" content=\"https:\/\/blogdofarnesio.com.br\/?p=70485\" \/>\n<meta property=\"og:site_name\" content=\"Blog do Farn\u00e9sio\" \/>\n<meta property=\"article:publisher\" content=\"https:\/\/www.facebook.com\/BlogQuerSaberPolitica\/\" \/>\n<meta property=\"article:published_time\" content=\"2014-01-21T14:34:04+00:00\" \/>\n<meta property=\"og:image\" content=\"http:\/\/www.quersaberpolitica.com.br\/2016\/wp-content\/uploads\/2014\/01\/BlogqspBira-300x169.jpg\" \/>\n<meta name=\"author\" content=\"teste\" \/>\n<meta name=\"twitter:card\" content=\"summary_large_image\" \/>\n<meta name=\"twitter:label1\" content=\"Escrito por\" \/>\n\t<meta name=\"twitter:data1\" content=\"teste\" \/>\n\t<meta name=\"twitter:label2\" content=\"Est. tempo de leitura\" \/>\n\t<meta name=\"twitter:data2\" content=\"2 minutos\" \/>\n<script type=\"application\/ld+json\" class=\"yoast-schema-graph\">{\"@context\":\"https:\\\/\\\/schema.org\",\"@graph\":[{\"@type\":\"Article\",\"@id\":\"https:\\\/\\\/blogdofarnesio.com.br\\\/?p=70485#article\",\"isPartOf\":{\"@id\":\"https:\\\/\\\/blogdofarnesio.com.br\\\/?p=70485\"},\"author\":{\"name\":\"teste\",\"@id\":\"https:\\\/\\\/blogdofarnesio.com.br\\\/#\\\/schema\\\/person\\\/dd1bf5eba40b687199ba45ca6b97dff9\"},\"headline\":\"BIRA BASTOS \u00c9 PR\u00c9-CANDIDATO A DEPUTADO ESTADUAL\",\"datePublished\":\"2014-01-21T14:34:04+00:00\",\"mainEntityOfPage\":{\"@id\":\"https:\\\/\\\/blogdofarnesio.com.br\\\/?p=70485\"},\"wordCount\":347,\"commentCount\":3,\"publisher\":{\"@id\":\"https:\\\/\\\/blogdofarnesio.com.br\\\/#organization\"},\"image\":{\"@id\":\"https:\\\/\\\/blogdofarnesio.com.br\\\/?p=70485#primaryimage\"},\"thumbnailUrl\":\"http:\\\/\\\/www.quersaberpolitica.com.br\\\/2016\\\/wp-content\\\/uploads\\\/2014\\\/01\\\/BlogqspBira-300x169.jpg\",\"articleSection\":[\"Pol\u00edtica\"],\"inLanguage\":\"pt-BR\",\"potentialAction\":[{\"@type\":\"CommentAction\",\"name\":\"Comment\",\"target\":[\"https:\\\/\\\/blogdofarnesio.com.br\\\/?p=70485#respond\"]}]},{\"@type\":\"WebPage\",\"@id\":\"https:\\\/\\\/blogdofarnesio.com.br\\\/?p=70485\",\"url\":\"https:\\\/\\\/blogdofarnesio.com.br\\\/?p=70485\",\"name\":\"BIRA BASTOS \u00c9 PR\u00c9-CANDIDATO A DEPUTADO ESTADUAL - Blog do Farn\u00e9sio\",\"isPartOf\":{\"@id\":\"https:\\\/\\\/blogdofarnesio.com.br\\\/#website\"},\"primaryImageOfPage\":{\"@id\":\"https:\\\/\\\/blogdofarnesio.com.br\\\/?p=70485#primaryimage\"},\"image\":{\"@id\":\"https:\\\/\\\/blogdofarnesio.com.br\\\/?p=70485#primaryimage\"},\"thumbnailUrl\":\"http:\\\/\\\/www.quersaberpolitica.com.br\\\/2016\\\/wp-content\\\/uploads\\\/2014\\\/01\\\/BlogqspBira-300x169.jpg\",\"datePublished\":\"2014-01-21T14:34:04+00:00\",\"breadcrumb\":{\"@id\":\"https:\\\/\\\/blogdofarnesio.com.br\\\/?p=70485#breadcrumb\"},\"inLanguage\":\"pt-BR\",\"potentialAction\":[{\"@type\":\"ReadAction\",\"target\":[\"https:\\\/\\\/blogdofarnesio.com.br\\\/?p=70485\"]}]},{\"@type\":\"ImageObject\",\"inLanguage\":\"pt-BR\",\"@id\":\"https:\\\/\\\/blogdofarnesio.com.br\\\/?p=70485#primaryimage\",\"url\":\"http:\\\/\\\/www.quersaberpolitica.com.br\\\/2016\\\/wp-content\\\/uploads\\\/2014\\\/01\\\/BlogqspBira-300x169.jpg\",\"contentUrl\":\"http:\\\/\\\/www.quersaberpolitica.com.br\\\/2016\\\/wp-content\\\/uploads\\\/2014\\\/01\\\/BlogqspBira-300x169.jpg\"},{\"@type\":\"BreadcrumbList\",\"@id\":\"https:\\\/\\\/blogdofarnesio.com.br\\\/?p=70485#breadcrumb\",\"itemListElement\":[{\"@type\":\"ListItem\",\"position\":1,\"name\":\"In\u00edcio\",\"item\":\"https:\\\/\\\/blogdofarnesio.com.br\\\/\"},{\"@type\":\"ListItem\",\"position\":2,\"name\":\"BIRA BASTOS \u00c9 PR\u00c9-CANDIDATO A DEPUTADO ESTADUAL\"}]},{\"@type\":\"WebSite\",\"@id\":\"https:\\\/\\\/blogdofarnesio.com.br\\\/#website\",\"url\":\"https:\\\/\\\/blogdofarnesio.com.br\\\/\",\"name\":\"Blog do Farn\u00e9sio\",\"description\":\"Quer Saber Pol\u00edtica?\",\"publisher\":{\"@id\":\"https:\\\/\\\/blogdofarnesio.com.br\\\/#organization\"},\"potentialAction\":[{\"@type\":\"SearchAction\",\"target\":{\"@type\":\"EntryPoint\",\"urlTemplate\":\"https:\\\/\\\/blogdofarnesio.com.br\\\/?s={search_term_string}\"},\"query-input\":{\"@type\":\"PropertyValueSpecification\",\"valueRequired\":true,\"valueName\":\"search_term_string\"}}],\"inLanguage\":\"pt-BR\"},{\"@type\":\"Organization\",\"@id\":\"https:\\\/\\\/blogdofarnesio.com.br\\\/#organization\",\"name\":\"Blog do Farn\u00e9sio\",\"url\":\"https:\\\/\\\/blogdofarnesio.com.br\\\/\",\"logo\":{\"@type\":\"ImageObject\",\"inLanguage\":\"pt-BR\",\"@id\":\"https:\\\/\\\/blogdofarnesio.com.br\\\/#\\\/schema\\\/logo\\\/image\\\/\",\"url\":\"https:\\\/\\\/blogdofarnesio.com.br\\\/wp-content\\\/uploads\\\/2026\\\/03\\\/cropped-logo_new-1.png\",\"contentUrl\":\"https:\\\/\\\/blogdofarnesio.com.br\\\/wp-content\\\/uploads\\\/2026\\\/03\\\/cropped-logo_new-1.png\",\"width\":881,\"height\":685,\"caption\":\"Blog do Farn\u00e9sio\"},\"image\":{\"@id\":\"https:\\\/\\\/blogdofarnesio.com.br\\\/#\\\/schema\\\/logo\\\/image\\\/\"},\"sameAs\":[\"https:\\\/\\\/www.facebook.com\\\/BlogQuerSaberPolitica\\\/\"]},{\"@type\":\"Person\",\"@id\":\"https:\\\/\\\/blogdofarnesio.com.br\\\/#\\\/schema\\\/person\\\/dd1bf5eba40b687199ba45ca6b97dff9\",\"name\":\"teste\",\"image\":{\"@type\":\"ImageObject\",\"inLanguage\":\"pt-BR\",\"@id\":\"https:\\\/\\\/secure.gravatar.com\\\/avatar\\\/2172498d4914b51e1d89a0f97957b035ac4938723a5cac208135d389b6972a6d?s=96&d=mm&r=g\",\"url\":\"https:\\\/\\\/secure.gravatar.com\\\/avatar\\\/2172498d4914b51e1d89a0f97957b035ac4938723a5cac208135d389b6972a6d?s=96&d=mm&r=g\",\"contentUrl\":\"https:\\\/\\\/secure.gravatar.com\\\/avatar\\\/2172498d4914b51e1d89a0f97957b035ac4938723a5cac208135d389b6972a6d?s=96&d=mm&r=g\",\"caption\":\"teste\"},\"url\":\"https:\\\/\\\/blogdofarnesio.com.br\\\/?author=3\"}]}<\/script>\n<!-- \/ Yoast SEO plugin. -->","yoast_head_json":{"title":"BIRA BASTOS \u00c9 PR\u00c9-CANDIDATO A DEPUTADO ESTADUAL  - Blog do Farn\u00e9sio","robots":{"index":"index","follow":"follow","max-snippet":"max-snippet:-1","max-image-preview":"max-image-preview:large","max-video-preview":"max-video-preview:-1"},"canonical":"https:\/\/blogdofarnesio.com.br\/?p=70485","og_locale":"pt_BR","og_type":"article","og_title":"BIRA BASTOS \u00c9 PR\u00c9-CANDIDATO A DEPUTADO ESTADUAL  - Blog do Farn\u00e9sio","og_description":"Seguindo os passos do irm\u00e3o, Bira Bastos que \u00e9 irm\u00e3o do vereador Sargento Bastos, pretende deixar o universo militar, para adentrar a pol\u00edtica. Na manh\u00e3 desta ter\u00e7a-feira (21), em participa\u00e7\u00e3o ao programa Bastidores da not\u00edcia, veiculado na r\u00e1dio TropicalSat, afirmou ser pr\u00e9-candidato a Deputado Estadual. Bira frisou que, a decis\u00e3o da carreira militar e colocar o seu nome \u00e0 disposi\u00e7\u00e3o para concorrer a elei\u00e7\u00e3o deste ano \u00e9 um sonho. \u201cTodo ser humano \u00e9 sonhador por natureza e a minha Pr\u00e9 candidatura ela foi colocada, na verdade \u00e9 um sonho que desejamos tornar realidade\u201d, comentou. Ele ressaltou ainda que far\u00e1 dobradinha com o deputado capit\u00e3o Tadeu que sa\u00edra na disputada por uma vaga na federal. O sargento destacou que ainda n\u00e3o&hellip;","og_url":"https:\/\/blogdofarnesio.com.br\/?p=70485","og_site_name":"Blog do Farn\u00e9sio","article_publisher":"https:\/\/www.facebook.com\/BlogQuerSaberPolitica\/","article_published_time":"2014-01-21T14:34:04+00:00","og_image":[{"url":"http:\/\/www.quersaberpolitica.com.br\/2016\/wp-content\/uploads\/2014\/01\/BlogqspBira-300x169.jpg","type":"","width":"","height":""}],"author":"teste","twitter_card":"summary_large_image","twitter_misc":{"Escrito por":"teste","Est. tempo de leitura":"2 minutos"},"schema":{"@context":"https:\/\/schema.org","@graph":[{"@type":"Article","@id":"https:\/\/blogdofarnesio.com.br\/?p=70485#article","isPartOf":{"@id":"https:\/\/blogdofarnesio.com.br\/?p=70485"},"author":{"name":"teste","@id":"https:\/\/blogdofarnesio.com.br\/#\/schema\/person\/dd1bf5eba40b687199ba45ca6b97dff9"},"headline":"BIRA BASTOS \u00c9 PR\u00c9-CANDIDATO A DEPUTADO ESTADUAL","datePublished":"2014-01-21T14:34:04+00:00","mainEntityOfPage":{"@id":"https:\/\/blogdofarnesio.com.br\/?p=70485"},"wordCount":347,"commentCount":3,"publisher":{"@id":"https:\/\/blogdofarnesio.com.br\/#organization"},"image":{"@id":"https:\/\/blogdofarnesio.com.br\/?p=70485#primaryimage"},"thumbnailUrl":"http:\/\/www.quersaberpolitica.com.br\/2016\/wp-content\/uploads\/2014\/01\/BlogqspBira-300x169.jpg","articleSection":["Pol\u00edtica"],"inLanguage":"pt-BR","potentialAction":[{"@type":"CommentAction","name":"Comment","target":["https:\/\/blogdofarnesio.com.br\/?p=70485#respond"]}]},{"@type":"WebPage","@id":"https:\/\/blogdofarnesio.com.br\/?p=70485","url":"https:\/\/blogdofarnesio.com.br\/?p=70485","name":"BIRA BASTOS \u00c9 PR\u00c9-CANDIDATO A DEPUTADO ESTADUAL - Blog do Farn\u00e9sio","isPartOf":{"@id":"https:\/\/blogdofarnesio.com.br\/#website"},"primaryImageOfPage":{"@id":"https:\/\/blogdofarnesio.com.br\/?p=70485#primaryimage"},"image":{"@id":"https:\/\/blogdofarnesio.com.br\/?p=70485#primaryimage"},"thumbnailUrl":"http:\/\/www.quersaberpolitica.com.br\/2016\/wp-content\/uploads\/2014\/01\/BlogqspBira-300x169.jpg","datePublished":"2014-01-21T14:34:04+00:00","breadcrumb":{"@id":"https:\/\/blogdofarnesio.com.br\/?p=70485#breadcrumb"},"inLanguage":"pt-BR","potentialAction":[{"@type":"ReadAction","target":["https:\/\/blogdofarnesio.com.br\/?p=70485"]}]},{"@type":"ImageObject","inLanguage":"pt-BR","@id":"https:\/\/blogdofarnesio.com.br\/?p=70485#primaryimage","url":"http:\/\/www.quersaberpolitica.com.br\/2016\/wp-content\/uploads\/2014\/01\/BlogqspBira-300x169.jpg","contentUrl":"http:\/\/www.quersaberpolitica.com.br\/2016\/wp-content\/uploads\/2014\/01\/BlogqspBira-300x169.jpg"},{"@type":"BreadcrumbList","@id":"https:\/\/blogdofarnesio.com.br\/?p=70485#breadcrumb","itemListElement":[{"@type":"ListItem","position":1,"name":"In\u00edcio","item":"https:\/\/blogdofarnesio.com.br\/"},{"@type":"ListItem","position":2,"name":"BIRA BASTOS \u00c9 PR\u00c9-CANDIDATO A DEPUTADO ESTADUAL"}]},{"@type":"WebSite","@id":"https:\/\/blogdofarnesio.com.br\/#website","url":"https:\/\/blogdofarnesio.com.br\/","name":"Blog do Farn\u00e9sio","description":"Quer Saber Pol\u00edtica?","publisher":{"@id":"https:\/\/blogdofarnesio.com.br\/#organization"},"potentialAction":[{"@type":"SearchAction","target":{"@type":"EntryPoint","urlTemplate":"https:\/\/blogdofarnesio.com.br\/?s={search_term_string}"},"query-input":{"@type":"PropertyValueSpecification","valueRequired":true,"valueName":"search_term_string"}}],"inLanguage":"pt-BR"},{"@type":"Organization","@id":"https:\/\/blogdofarnesio.com.br\/#organization","name":"Blog do Farn\u00e9sio","url":"https:\/\/blogdofarnesio.com.br\/","logo":{"@type":"ImageObject","inLanguage":"pt-BR","@id":"https:\/\/blogdofarnesio.com.br\/#\/schema\/logo\/image\/","url":"https:\/\/blogdofarnesio.com.br\/wp-content\/uploads\/2026\/03\/cropped-logo_new-1.png","contentUrl":"https:\/\/blogdofarnesio.com.br\/wp-content\/uploads\/2026\/03\/cropped-logo_new-1.png","width":881,"height":685,"caption":"Blog do Farn\u00e9sio"},"image":{"@id":"https:\/\/blogdofarnesio.com.br\/#\/schema\/logo\/image\/"},"sameAs":["https:\/\/www.facebook.com\/BlogQuerSaberPolitica\/"]},{"@type":"Person","@id":"https:\/\/blogdofarnesio.com.br\/#\/schema\/person\/dd1bf5eba40b687199ba45ca6b97dff9","name":"teste","image":{"@type":"ImageObject","inLanguage":"pt-BR","@id":"https:\/\/secure.gravatar.com\/avatar\/2172498d4914b51e1d89a0f97957b035ac4938723a5cac208135d389b6972a6d?s=96&d=mm&r=g","url":"https:\/\/secure.gravatar.com\/avatar\/2172498d4914b51e1d89a0f97957b035ac4938723a5cac208135d389b6972a6d?s=96&d=mm&r=g","contentUrl":"https:\/\/secure.gravatar.com\/avatar\/2172498d4914b51e1d89a0f97957b035ac4938723a5cac208135d389b6972a6d?s=96&d=mm&r=g","caption":"teste"},"url":"https:\/\/blogdofarnesio.com.br\/?author=3"}]}},"_links":{"self":[{"href":"https:\/\/blogdofarnesio.com.br\/index.php?rest_route=\/wp\/v2\/posts\/70485","targetHints":{"allow":["GET"]}}],"collection":[{"href":"https:\/\/blogdofarnesio.com.br\/index.php?rest_route=\/wp\/v2\/posts"}],"about":[{"href":"https:\/\/blogdofarnesio.com.br\/index.php?rest_route=\/wp\/v2\/types\/post"}],"author":[{"embeddable":true,"href":"https:\/\/blogdofarnesio.com.br\/index.php?rest_route=\/wp\/v2\/users\/3"}],"replies":[{"embeddable":true,"href":"https:\/\/blogdofarnesio.com.br\/index.php?rest_route=%2Fwp%2Fv2%2Fcomments&post=70485"}],"version-history":[{"count":0,"href":"https:\/\/blogdofarnesio.com.br\/index.php?rest_route=\/wp\/v2\/posts\/70485\/revisions"}],"wp:attachment":[{"href":"https:\/\/blogdofarnesio.com.br\/index.php?rest_route=%2Fwp%2Fv2%2Fmedia&parent=70485"}],"wp:term":[{"taxonomy":"category","embeddable":true,"href":"https:\/\/blogdofarnesio.com.br\/index.php?rest_route=%2Fwp%2Fv2%2Fcategories&post=70485"},{"taxonomy":"post_tag","embeddable":true,"href":"https:\/\/blogdofarnesio.com.br\/index.php?rest_route=%2Fwp%2Fv2%2Ftags&post=70485"}],"curies":[{"name":"wp","href":"https:\/\/api.w.org\/{rel}","templated":true}]}}