{"id":70450,"date":"2014-01-21T11:02:58","date_gmt":"2014-01-21T14:02:58","guid":{"rendered":"http:\/\/www.quersaberpolitica.com.br\/?p=70450"},"modified":"2014-01-21T09:01:15","modified_gmt":"2014-01-21T12:01:15","slug":"cem-anos-de-folia-em-juazeiro-coordenacao-se-reune-com-orgaos-de-seguranca","status":"publish","type":"post","link":"https:\/\/blogdofarnesio.com.br\/?p=70450","title":{"rendered":"CEM ANOS DE FOLIA EM JUAZEIRO: COORDENA\u00c7\u00c3O SE RE\u00daNE COM \u00d3RG\u00c3OS DE SEGURAN\u00c7A"},"content":{"rendered":"<p style=\"text-align: justify\"><a href=\"http:\/\/www.quersaberpolitica.com.br\/2016\/wp-content\/uploads\/2014\/01\/20140117_162951.jpg\"><img loading=\"lazy\" decoding=\"async\" class=\"alignleft size-medium wp-image-70451\" alt=\"BLOGQSPSEGURAN\u00c7A\" src=\"http:\/\/www.quersaberpolitica.com.br\/2016\/wp-content\/uploads\/2014\/01\/20140117_162951-300x225.jpg\" width=\"300\" height=\"225\" srcset=\"https:\/\/blogdofarnesio.com.br\/wp-content\/uploads\/2014\/01\/20140117_162951-300x225.jpg 300w, https:\/\/blogdofarnesio.com.br\/wp-content\/uploads\/2014\/01\/20140117_162951.jpg 400w\" sizes=\"auto, (max-width: 300px) 100vw, 300px\" \/><\/a>A coordena\u00e7\u00e3o do \u201cCarnaval de Juazeiro 100 Anos\u201d se reuniu com representantes da Policia Militar, do Corpo de Bombeiros, da Policia Civil, da Capitania dos Portos, da Policia Federal, da Guarda Municipal, da Policia Rodovi\u00e1ria Federal, da CSTT e do setor de Postura da Prefeitura de Juazeiro, com o objetivo de discutir a seguran\u00e7a da folia momesca que come\u00e7ar\u00e1 no dia 7 de fevereiro.<\/p>\n<p style=\"text-align: justify\">Uma das primeiras decis\u00f5es da reuni\u00e3o estabeleceu, com o aval da Associa\u00e7\u00e3o Travessia das Barquinhas, que as embarca\u00e7\u00f5es que transportam passageiros entre Juazeiro e Petrolina atracar\u00e3o na Orla 2 entre os dias 09 e 12 (domingo a quarta) quando estar\u00e3o acontecendo os shows no Palco Multicultural 1, \u201cCircuito Daniel Alves\u201d.<\/p>\n<p style=\"text-align: justify\">Ainda nesta semana haver\u00e1 outro encontro onde todos os \u00f3rg\u00e3os envolvidos apresentar\u00e3o as respectivas estrat\u00e9gias visando garantir o bem-estar e a seguran\u00e7a dos foli\u00f5es.<\/p>\n<p><strong>Por Luiz H\u00e9lio\/PMJ<\/strong><\/p>\n<p>&nbsp;<\/p>\n","protected":false},"excerpt":{"rendered":"<p>A coordena\u00e7\u00e3o do \u201cCarnaval de Juazeiro 100 Anos\u201d se reuniu com representantes da Policia Militar, do Corpo de Bombeiros, da Policia Civil, da Capitania dos Portos, da Policia Federal, da Guarda Municipal, da Policia Rodovi\u00e1ria Federal, da CSTT e do setor de Postura da Prefeitura de Juazeiro, com o objetivo de discutir a seguran\u00e7a da folia momesca que come\u00e7ar\u00e1 no dia 7 de fevereiro. Uma das primeiras decis\u00f5es da reuni\u00e3o estabeleceu, com o aval da Associa\u00e7\u00e3o Travessia das Barquinhas, que as embarca\u00e7\u00f5es que transportam passageiros entre Juazeiro e Petrolina atracar\u00e3o na Orla 2 entre os dias 09 e 12 (domingo a quarta) quando estar\u00e3o acontecendo os shows no Palco Multicultural 1, \u201cCircuito Daniel Alves\u201d. Ainda nesta semana haver\u00e1 outro encontro&hellip; <\/p>\n","protected":false},"author":3,"featured_media":0,"comment_status":"open","ping_status":"open","sticky":false,"template":"","format":"standard","meta":{"_acf_changed":false,"footnotes":""},"categories":[5],"tags":[],"class_list":["post-70450","post","type-post","status-publish","format-standard","hentry","category-seguranca"],"acf":[],"yoast_head":"<!-- This site is optimized with the Yoast SEO plugin v27.4 - https:\/\/yoast.com\/product\/yoast-seo-wordpress\/ -->\n<title>CEM ANOS DE FOLIA EM JUAZEIRO: COORDENA\u00c7\u00c3O SE RE\u00daNE COM \u00d3RG\u00c3OS DE SEGURAN\u00c7A - Blog do Farn\u00e9sio<\/title>\n<meta name=\"robots\" content=\"index, follow, max-snippet:-1, max-image-preview:large, max-video-preview:-1\" \/>\n<link rel=\"canonical\" href=\"https:\/\/blogdofarnesio.com.br\/?p=70450\" \/>\n<meta property=\"og:locale\" content=\"pt_BR\" \/>\n<meta property=\"og:type\" content=\"article\" \/>\n<meta property=\"og:title\" content=\"CEM ANOS DE FOLIA EM JUAZEIRO: COORDENA\u00c7\u00c3O SE RE\u00daNE COM \u00d3RG\u00c3OS DE SEGURAN\u00c7A - Blog do Farn\u00e9sio\" \/>\n<meta property=\"og:description\" content=\"A coordena\u00e7\u00e3o do \u201cCarnaval de Juazeiro 100 Anos\u201d se reuniu com representantes da Policia Militar, do Corpo de Bombeiros, da Policia Civil, da Capitania dos Portos, da Policia Federal, da Guarda Municipal, da Policia Rodovi\u00e1ria Federal, da CSTT e do setor de Postura da Prefeitura de Juazeiro, com o objetivo de discutir a seguran\u00e7a da folia momesca que come\u00e7ar\u00e1 no dia 7 de fevereiro. Uma das primeiras decis\u00f5es da reuni\u00e3o estabeleceu, com o aval da Associa\u00e7\u00e3o Travessia das Barquinhas, que as embarca\u00e7\u00f5es que transportam passageiros entre Juazeiro e Petrolina atracar\u00e3o na Orla 2 entre os dias 09 e 12 (domingo a quarta) quando estar\u00e3o acontecendo os shows no Palco Multicultural 1, \u201cCircuito Daniel Alves\u201d. Ainda nesta semana haver\u00e1 outro encontro&hellip;\" \/>\n<meta property=\"og:url\" content=\"https:\/\/blogdofarnesio.com.br\/?p=70450\" \/>\n<meta property=\"og:site_name\" content=\"Blog do Farn\u00e9sio\" \/>\n<meta property=\"article:publisher\" content=\"https:\/\/www.facebook.com\/BlogQuerSaberPolitica\/\" \/>\n<meta property=\"article:published_time\" content=\"2014-01-21T14:02:58+00:00\" \/>\n<meta property=\"og:image\" content=\"http:\/\/www.quersaberpolitica.com.br\/2016\/wp-content\/uploads\/2014\/01\/20140117_162951-300x225.jpg\" \/>\n<meta name=\"author\" content=\"teste\" \/>\n<meta name=\"twitter:card\" content=\"summary_large_image\" \/>\n<meta name=\"twitter:label1\" content=\"Escrito por\" \/>\n\t<meta name=\"twitter:data1\" content=\"teste\" \/>\n\t<meta name=\"twitter:label2\" content=\"Est. tempo de leitura\" \/>\n\t<meta name=\"twitter:data2\" content=\"1 minuto\" \/>\n<script type=\"application\/ld+json\" class=\"yoast-schema-graph\">{\"@context\":\"https:\\\/\\\/schema.org\",\"@graph\":[{\"@type\":\"Article\",\"@id\":\"https:\\\/\\\/blogdofarnesio.com.br\\\/?p=70450#article\",\"isPartOf\":{\"@id\":\"https:\\\/\\\/blogdofarnesio.com.br\\\/?p=70450\"},\"author\":{\"name\":\"teste\",\"@id\":\"https:\\\/\\\/blogdofarnesio.com.br\\\/#\\\/schema\\\/person\\\/dd1bf5eba40b687199ba45ca6b97dff9\"},\"headline\":\"CEM ANOS DE FOLIA EM JUAZEIRO: COORDENA\u00c7\u00c3O SE RE\u00daNE COM \u00d3RG\u00c3OS DE SEGURAN\u00c7A\",\"datePublished\":\"2014-01-21T14:02:58+00:00\",\"mainEntityOfPage\":{\"@id\":\"https:\\\/\\\/blogdofarnesio.com.br\\\/?p=70450\"},\"wordCount\":170,\"commentCount\":0,\"publisher\":{\"@id\":\"https:\\\/\\\/blogdofarnesio.com.br\\\/#organization\"},\"image\":{\"@id\":\"https:\\\/\\\/blogdofarnesio.com.br\\\/?p=70450#primaryimage\"},\"thumbnailUrl\":\"http:\\\/\\\/www.quersaberpolitica.com.br\\\/2016\\\/wp-content\\\/uploads\\\/2014\\\/01\\\/20140117_162951-300x225.jpg\",\"articleSection\":[\"Seguran\u00e7a\"],\"inLanguage\":\"pt-BR\",\"potentialAction\":[{\"@type\":\"CommentAction\",\"name\":\"Comment\",\"target\":[\"https:\\\/\\\/blogdofarnesio.com.br\\\/?p=70450#respond\"]}]},{\"@type\":\"WebPage\",\"@id\":\"https:\\\/\\\/blogdofarnesio.com.br\\\/?p=70450\",\"url\":\"https:\\\/\\\/blogdofarnesio.com.br\\\/?p=70450\",\"name\":\"CEM ANOS DE FOLIA EM JUAZEIRO: COORDENA\u00c7\u00c3O SE RE\u00daNE COM \u00d3RG\u00c3OS DE SEGURAN\u00c7A - Blog do Farn\u00e9sio\",\"isPartOf\":{\"@id\":\"https:\\\/\\\/blogdofarnesio.com.br\\\/#website\"},\"primaryImageOfPage\":{\"@id\":\"https:\\\/\\\/blogdofarnesio.com.br\\\/?p=70450#primaryimage\"},\"image\":{\"@id\":\"https:\\\/\\\/blogdofarnesio.com.br\\\/?p=70450#primaryimage\"},\"thumbnailUrl\":\"http:\\\/\\\/www.quersaberpolitica.com.br\\\/2016\\\/wp-content\\\/uploads\\\/2014\\\/01\\\/20140117_162951-300x225.jpg\",\"datePublished\":\"2014-01-21T14:02:58+00:00\",\"breadcrumb\":{\"@id\":\"https:\\\/\\\/blogdofarnesio.com.br\\\/?p=70450#breadcrumb\"},\"inLanguage\":\"pt-BR\",\"potentialAction\":[{\"@type\":\"ReadAction\",\"target\":[\"https:\\\/\\\/blogdofarnesio.com.br\\\/?p=70450\"]}]},{\"@type\":\"ImageObject\",\"inLanguage\":\"pt-BR\",\"@id\":\"https:\\\/\\\/blogdofarnesio.com.br\\\/?p=70450#primaryimage\",\"url\":\"http:\\\/\\\/www.quersaberpolitica.com.br\\\/2016\\\/wp-content\\\/uploads\\\/2014\\\/01\\\/20140117_162951-300x225.jpg\",\"contentUrl\":\"http:\\\/\\\/www.quersaberpolitica.com.br\\\/2016\\\/wp-content\\\/uploads\\\/2014\\\/01\\\/20140117_162951-300x225.jpg\"},{\"@type\":\"BreadcrumbList\",\"@id\":\"https:\\\/\\\/blogdofarnesio.com.br\\\/?p=70450#breadcrumb\",\"itemListElement\":[{\"@type\":\"ListItem\",\"position\":1,\"name\":\"In\u00edcio\",\"item\":\"https:\\\/\\\/blogdofarnesio.com.br\\\/\"},{\"@type\":\"ListItem\",\"position\":2,\"name\":\"CEM ANOS DE FOLIA EM JUAZEIRO: COORDENA\u00c7\u00c3O SE RE\u00daNE COM \u00d3RG\u00c3OS DE SEGURAN\u00c7A\"}]},{\"@type\":\"WebSite\",\"@id\":\"https:\\\/\\\/blogdofarnesio.com.br\\\/#website\",\"url\":\"https:\\\/\\\/blogdofarnesio.com.br\\\/\",\"name\":\"Blog do Farn\u00e9sio\",\"description\":\"Quer Saber Pol\u00edtica?\",\"publisher\":{\"@id\":\"https:\\\/\\\/blogdofarnesio.com.br\\\/#organization\"},\"potentialAction\":[{\"@type\":\"SearchAction\",\"target\":{\"@type\":\"EntryPoint\",\"urlTemplate\":\"https:\\\/\\\/blogdofarnesio.com.br\\\/?s={search_term_string}\"},\"query-input\":{\"@type\":\"PropertyValueSpecification\",\"valueRequired\":true,\"valueName\":\"search_term_string\"}}],\"inLanguage\":\"pt-BR\"},{\"@type\":\"Organization\",\"@id\":\"https:\\\/\\\/blogdofarnesio.com.br\\\/#organization\",\"name\":\"Blog do Farn\u00e9sio\",\"url\":\"https:\\\/\\\/blogdofarnesio.com.br\\\/\",\"logo\":{\"@type\":\"ImageObject\",\"inLanguage\":\"pt-BR\",\"@id\":\"https:\\\/\\\/blogdofarnesio.com.br\\\/#\\\/schema\\\/logo\\\/image\\\/\",\"url\":\"https:\\\/\\\/blogdofarnesio.com.br\\\/wp-content\\\/uploads\\\/2026\\\/03\\\/cropped-logo_new-1.png\",\"contentUrl\":\"https:\\\/\\\/blogdofarnesio.com.br\\\/wp-content\\\/uploads\\\/2026\\\/03\\\/cropped-logo_new-1.png\",\"width\":881,\"height\":685,\"caption\":\"Blog do Farn\u00e9sio\"},\"image\":{\"@id\":\"https:\\\/\\\/blogdofarnesio.com.br\\\/#\\\/schema\\\/logo\\\/image\\\/\"},\"sameAs\":[\"https:\\\/\\\/www.facebook.com\\\/BlogQuerSaberPolitica\\\/\"]},{\"@type\":\"Person\",\"@id\":\"https:\\\/\\\/blogdofarnesio.com.br\\\/#\\\/schema\\\/person\\\/dd1bf5eba40b687199ba45ca6b97dff9\",\"name\":\"teste\",\"image\":{\"@type\":\"ImageObject\",\"inLanguage\":\"pt-BR\",\"@id\":\"https:\\\/\\\/secure.gravatar.com\\\/avatar\\\/2172498d4914b51e1d89a0f97957b035ac4938723a5cac208135d389b6972a6d?s=96&d=mm&r=g\",\"url\":\"https:\\\/\\\/secure.gravatar.com\\\/avatar\\\/2172498d4914b51e1d89a0f97957b035ac4938723a5cac208135d389b6972a6d?s=96&d=mm&r=g\",\"contentUrl\":\"https:\\\/\\\/secure.gravatar.com\\\/avatar\\\/2172498d4914b51e1d89a0f97957b035ac4938723a5cac208135d389b6972a6d?s=96&d=mm&r=g\",\"caption\":\"teste\"},\"url\":\"https:\\\/\\\/blogdofarnesio.com.br\\\/?author=3\"}]}<\/script>\n<!-- \/ Yoast SEO plugin. -->","yoast_head_json":{"title":"CEM ANOS DE FOLIA EM JUAZEIRO: COORDENA\u00c7\u00c3O SE RE\u00daNE COM \u00d3RG\u00c3OS DE SEGURAN\u00c7A - Blog do Farn\u00e9sio","robots":{"index":"index","follow":"follow","max-snippet":"max-snippet:-1","max-image-preview":"max-image-preview:large","max-video-preview":"max-video-preview:-1"},"canonical":"https:\/\/blogdofarnesio.com.br\/?p=70450","og_locale":"pt_BR","og_type":"article","og_title":"CEM ANOS DE FOLIA EM JUAZEIRO: COORDENA\u00c7\u00c3O SE RE\u00daNE COM \u00d3RG\u00c3OS DE SEGURAN\u00c7A - Blog do Farn\u00e9sio","og_description":"A coordena\u00e7\u00e3o do \u201cCarnaval de Juazeiro 100 Anos\u201d se reuniu com representantes da Policia Militar, do Corpo de Bombeiros, da Policia Civil, da Capitania dos Portos, da Policia Federal, da Guarda Municipal, da Policia Rodovi\u00e1ria Federal, da CSTT e do setor de Postura da Prefeitura de Juazeiro, com o objetivo de discutir a seguran\u00e7a da folia momesca que come\u00e7ar\u00e1 no dia 7 de fevereiro. Uma das primeiras decis\u00f5es da reuni\u00e3o estabeleceu, com o aval da Associa\u00e7\u00e3o Travessia das Barquinhas, que as embarca\u00e7\u00f5es que transportam passageiros entre Juazeiro e Petrolina atracar\u00e3o na Orla 2 entre os dias 09 e 12 (domingo a quarta) quando estar\u00e3o acontecendo os shows no Palco Multicultural 1, \u201cCircuito Daniel Alves\u201d. Ainda nesta semana haver\u00e1 outro encontro&hellip;","og_url":"https:\/\/blogdofarnesio.com.br\/?p=70450","og_site_name":"Blog do Farn\u00e9sio","article_publisher":"https:\/\/www.facebook.com\/BlogQuerSaberPolitica\/","article_published_time":"2014-01-21T14:02:58+00:00","og_image":[{"url":"http:\/\/www.quersaberpolitica.com.br\/2016\/wp-content\/uploads\/2014\/01\/20140117_162951-300x225.jpg","type":"","width":"","height":""}],"author":"teste","twitter_card":"summary_large_image","twitter_misc":{"Escrito por":"teste","Est. tempo de leitura":"1 minuto"},"schema":{"@context":"https:\/\/schema.org","@graph":[{"@type":"Article","@id":"https:\/\/blogdofarnesio.com.br\/?p=70450#article","isPartOf":{"@id":"https:\/\/blogdofarnesio.com.br\/?p=70450"},"author":{"name":"teste","@id":"https:\/\/blogdofarnesio.com.br\/#\/schema\/person\/dd1bf5eba40b687199ba45ca6b97dff9"},"headline":"CEM ANOS DE FOLIA EM JUAZEIRO: COORDENA\u00c7\u00c3O SE RE\u00daNE COM \u00d3RG\u00c3OS DE SEGURAN\u00c7A","datePublished":"2014-01-21T14:02:58+00:00","mainEntityOfPage":{"@id":"https:\/\/blogdofarnesio.com.br\/?p=70450"},"wordCount":170,"commentCount":0,"publisher":{"@id":"https:\/\/blogdofarnesio.com.br\/#organization"},"image":{"@id":"https:\/\/blogdofarnesio.com.br\/?p=70450#primaryimage"},"thumbnailUrl":"http:\/\/www.quersaberpolitica.com.br\/2016\/wp-content\/uploads\/2014\/01\/20140117_162951-300x225.jpg","articleSection":["Seguran\u00e7a"],"inLanguage":"pt-BR","potentialAction":[{"@type":"CommentAction","name":"Comment","target":["https:\/\/blogdofarnesio.com.br\/?p=70450#respond"]}]},{"@type":"WebPage","@id":"https:\/\/blogdofarnesio.com.br\/?p=70450","url":"https:\/\/blogdofarnesio.com.br\/?p=70450","name":"CEM ANOS DE FOLIA EM JUAZEIRO: COORDENA\u00c7\u00c3O SE RE\u00daNE COM \u00d3RG\u00c3OS DE SEGURAN\u00c7A - Blog do Farn\u00e9sio","isPartOf":{"@id":"https:\/\/blogdofarnesio.com.br\/#website"},"primaryImageOfPage":{"@id":"https:\/\/blogdofarnesio.com.br\/?p=70450#primaryimage"},"image":{"@id":"https:\/\/blogdofarnesio.com.br\/?p=70450#primaryimage"},"thumbnailUrl":"http:\/\/www.quersaberpolitica.com.br\/2016\/wp-content\/uploads\/2014\/01\/20140117_162951-300x225.jpg","datePublished":"2014-01-21T14:02:58+00:00","breadcrumb":{"@id":"https:\/\/blogdofarnesio.com.br\/?p=70450#breadcrumb"},"inLanguage":"pt-BR","potentialAction":[{"@type":"ReadAction","target":["https:\/\/blogdofarnesio.com.br\/?p=70450"]}]},{"@type":"ImageObject","inLanguage":"pt-BR","@id":"https:\/\/blogdofarnesio.com.br\/?p=70450#primaryimage","url":"http:\/\/www.quersaberpolitica.com.br\/2016\/wp-content\/uploads\/2014\/01\/20140117_162951-300x225.jpg","contentUrl":"http:\/\/www.quersaberpolitica.com.br\/2016\/wp-content\/uploads\/2014\/01\/20140117_162951-300x225.jpg"},{"@type":"BreadcrumbList","@id":"https:\/\/blogdofarnesio.com.br\/?p=70450#breadcrumb","itemListElement":[{"@type":"ListItem","position":1,"name":"In\u00edcio","item":"https:\/\/blogdofarnesio.com.br\/"},{"@type":"ListItem","position":2,"name":"CEM ANOS DE FOLIA EM JUAZEIRO: COORDENA\u00c7\u00c3O SE RE\u00daNE COM \u00d3RG\u00c3OS DE SEGURAN\u00c7A"}]},{"@type":"WebSite","@id":"https:\/\/blogdofarnesio.com.br\/#website","url":"https:\/\/blogdofarnesio.com.br\/","name":"Blog do Farn\u00e9sio","description":"Quer Saber Pol\u00edtica?","publisher":{"@id":"https:\/\/blogdofarnesio.com.br\/#organization"},"potentialAction":[{"@type":"SearchAction","target":{"@type":"EntryPoint","urlTemplate":"https:\/\/blogdofarnesio.com.br\/?s={search_term_string}"},"query-input":{"@type":"PropertyValueSpecification","valueRequired":true,"valueName":"search_term_string"}}],"inLanguage":"pt-BR"},{"@type":"Organization","@id":"https:\/\/blogdofarnesio.com.br\/#organization","name":"Blog do Farn\u00e9sio","url":"https:\/\/blogdofarnesio.com.br\/","logo":{"@type":"ImageObject","inLanguage":"pt-BR","@id":"https:\/\/blogdofarnesio.com.br\/#\/schema\/logo\/image\/","url":"https:\/\/blogdofarnesio.com.br\/wp-content\/uploads\/2026\/03\/cropped-logo_new-1.png","contentUrl":"https:\/\/blogdofarnesio.com.br\/wp-content\/uploads\/2026\/03\/cropped-logo_new-1.png","width":881,"height":685,"caption":"Blog do Farn\u00e9sio"},"image":{"@id":"https:\/\/blogdofarnesio.com.br\/#\/schema\/logo\/image\/"},"sameAs":["https:\/\/www.facebook.com\/BlogQuerSaberPolitica\/"]},{"@type":"Person","@id":"https:\/\/blogdofarnesio.com.br\/#\/schema\/person\/dd1bf5eba40b687199ba45ca6b97dff9","name":"teste","image":{"@type":"ImageObject","inLanguage":"pt-BR","@id":"https:\/\/secure.gravatar.com\/avatar\/2172498d4914b51e1d89a0f97957b035ac4938723a5cac208135d389b6972a6d?s=96&d=mm&r=g","url":"https:\/\/secure.gravatar.com\/avatar\/2172498d4914b51e1d89a0f97957b035ac4938723a5cac208135d389b6972a6d?s=96&d=mm&r=g","contentUrl":"https:\/\/secure.gravatar.com\/avatar\/2172498d4914b51e1d89a0f97957b035ac4938723a5cac208135d389b6972a6d?s=96&d=mm&r=g","caption":"teste"},"url":"https:\/\/blogdofarnesio.com.br\/?author=3"}]}},"_links":{"self":[{"href":"https:\/\/blogdofarnesio.com.br\/index.php?rest_route=\/wp\/v2\/posts\/70450","targetHints":{"allow":["GET"]}}],"collection":[{"href":"https:\/\/blogdofarnesio.com.br\/index.php?rest_route=\/wp\/v2\/posts"}],"about":[{"href":"https:\/\/blogdofarnesio.com.br\/index.php?rest_route=\/wp\/v2\/types\/post"}],"author":[{"embeddable":true,"href":"https:\/\/blogdofarnesio.com.br\/index.php?rest_route=\/wp\/v2\/users\/3"}],"replies":[{"embeddable":true,"href":"https:\/\/blogdofarnesio.com.br\/index.php?rest_route=%2Fwp%2Fv2%2Fcomments&post=70450"}],"version-history":[{"count":0,"href":"https:\/\/blogdofarnesio.com.br\/index.php?rest_route=\/wp\/v2\/posts\/70450\/revisions"}],"wp:attachment":[{"href":"https:\/\/blogdofarnesio.com.br\/index.php?rest_route=%2Fwp%2Fv2%2Fmedia&parent=70450"}],"wp:term":[{"taxonomy":"category","embeddable":true,"href":"https:\/\/blogdofarnesio.com.br\/index.php?rest_route=%2Fwp%2Fv2%2Fcategories&post=70450"},{"taxonomy":"post_tag","embeddable":true,"href":"https:\/\/blogdofarnesio.com.br\/index.php?rest_route=%2Fwp%2Fv2%2Ftags&post=70450"}],"curies":[{"name":"wp","href":"https:\/\/api.w.org\/{rel}","templated":true}]}}