{"id":70425,"date":"2014-01-21T10:00:46","date_gmt":"2014-01-21T13:00:46","guid":{"rendered":"http:\/\/www.quersaberpolitica.com.br\/?p=70425"},"modified":"2014-01-21T08:56:52","modified_gmt":"2014-01-21T11:56:52","slug":"prefeito-isaac-diz-que-quer-chegar-ao-numero-de-10-mil-unidade-do-minha-casa-minha-vida","status":"publish","type":"post","link":"https:\/\/blogdofarnesio.com.br\/?p=70425","title":{"rendered":"PREFEITO ISAAC DIZ QUE QUER CHEGAR AO N\u00daMERO DE 10 MIL UNIDADES DO \u2018MINHA CASA, MINHA VIDA\u2019"},"content":{"rendered":"<p style=\"text-align: justify\"><a href=\"http:\/\/www.quersaberpolitica.com.br\/2016\/wp-content\/uploads\/2014\/01\/SAM_2208.jpg\"><img loading=\"lazy\" decoding=\"async\" class=\"aligncenter  wp-image-70426\" alt=\"blogqspisaac\" src=\"http:\/\/www.quersaberpolitica.com.br\/2016\/wp-content\/uploads\/2014\/01\/SAM_2208.jpg\" width=\"450\" height=\"267\" srcset=\"https:\/\/blogdofarnesio.com.br\/wp-content\/uploads\/2014\/01\/SAM_2208.jpg 500w, https:\/\/blogdofarnesio.com.br\/wp-content\/uploads\/2014\/01\/SAM_2208-300x178.jpg 300w\" sizes=\"auto, (max-width: 450px) 100vw, 450px\" \/><\/a>Acompanhado de seus vereadores de base, o deputado federal Daniel Almeida, representantes de empresas e gerente regional da caixa econ\u00f4mica, al\u00e9m de outras representa\u00e7\u00f5es pol\u00edticas, o prefeito Isaac Carvalho assinou os contratos para a constru\u00e7\u00e3o de 2.200 unidades do \u2018Minha Casa, Minha vida\u2019. O evento aconteceu na tarde desta segunda-feira (20), no Pa\u00e7o Municipal.<\/p>\n<p style=\"text-align: justify\">O deputado Daniel Almeida, lembrou do primeiro contrato que o munic\u00edpio assinou para as primeiras unidades do programa, em que foi juazeiro quem assinou o primeiro maior contrato no Estado.<\/p>\n<p style=\"text-align: justify\">\u201cN\u00f3s estamos aqui afirmando um \u00eaxito extraordin\u00e1rio que \u00e9 esse programa, juazeiro seguramente se situa no melhor patamar desse projeto, \u00e9 o exemplo da converg\u00eancia dessas a\u00e7\u00f5es: programa do governo federal, a\u00e7\u00f5es do governo estadual, agilidade da caixa e das empresas\u201d, ressaltou.<\/p>\n<p style=\"text-align: justify\">Continuando, o deputado ressaltou que com o n\u00famero de 8.700 unidades j\u00e1 constru\u00eddas, pode ser considerado uma cidade sendo constru\u00edda dentro de outra cidade. \u201cEu vim para celebrar esse momento, anunciar essa certeza que nos pr\u00f3ximos dias mais obras ser\u00e3o iniciadas e nos pr\u00f3ximos anos estaremos aqui entregando mais unidade\u201d, disse.<\/p>\n<p style=\"text-align: justify\">O gerente da caixa e cidad\u00e3o juazeirense, ressaltou a sua satisfa\u00e7\u00e3o de est\u00e1 trazendo as unidades para o munic\u00edpio, e ressaltou que a pretens\u00e3o do projeto \u00e9 diminuir o d\u00e9ficit habitacional do Brasil. \u201c A gente espera que o d\u00e9ficit habitacional de juazeiro, se n\u00e3o zerar que diminua consideravelmente\u201d, frisou.<\/p>\n<p style=\"text-align: justify\">J\u00e1 o prefeito Isaac Carvalho falou sobre as diversas obras que est\u00e3o sendo realizadas no munic\u00edpio, e afirmou que, daqui para o termino do seu mantado, Ele quer chegar ao n\u00famero de 10 mil unidades habitacionais, Ele aproveitou para pedir ajuda ao Deputado. \u201cJ\u00e1 \u00e9 um n\u00famero recorde na hist\u00f3ria de Juazeiro, esse \u00e9 um grande desafio\u201d, destacou.<\/p>\n<p style=\"text-align: justify\">Comentando os investimento de Juazeiro, o prefeito afirmou que o problema de Juazeiro \u00e9 a pavimenta\u00e7\u00e3o, por\u00e9m ressaltou que est\u00e1 correndo atr\u00e1s para diminuir o d\u00e9ficit. \u201cJuazeiro tem quase 70% da \u00e1rea urbana sem pavimenta\u00e7\u00e3o, mas com os dois problemas vamos d\u00e1 um grande avan\u00e7o, por\u00e9m ainda vai continuar com um d\u00e9ficit\u201d, disse.<\/p>\n<p><strong>Por Cl\u00eailma Souza<\/strong><\/p>\n","protected":false},"excerpt":{"rendered":"<p>Acompanhado de seus vereadores de base, o deputado federal Daniel Almeida, representantes de empresas e gerente regional da caixa econ\u00f4mica, al\u00e9m de outras representa\u00e7\u00f5es pol\u00edticas, o prefeito Isaac Carvalho assinou os contratos para a constru\u00e7\u00e3o de 2.200 unidades do \u2018Minha Casa, Minha vida\u2019. O evento aconteceu na tarde desta segunda-feira (20), no Pa\u00e7o Municipal. O deputado Daniel Almeida, lembrou do primeiro contrato que o munic\u00edpio assinou para as primeiras unidades do programa, em que foi juazeiro quem assinou o primeiro maior contrato no Estado. \u201cN\u00f3s estamos aqui afirmando um \u00eaxito extraordin\u00e1rio que \u00e9 esse programa, juazeiro seguramente se situa no melhor patamar desse projeto, \u00e9 o exemplo da converg\u00eancia dessas a\u00e7\u00f5es: programa do governo federal, a\u00e7\u00f5es do governo estadual, agilidade&hellip; <\/p>\n","protected":false},"author":3,"featured_media":0,"comment_status":"open","ping_status":"open","sticky":false,"template":"","format":"standard","meta":{"_acf_changed":false,"footnotes":""},"categories":[],"tags":[],"class_list":["post-70425","post","type-post","status-publish","format-standard","hentry"],"acf":[],"yoast_head":"<!-- This site is optimized with the Yoast SEO plugin v27.4 - https:\/\/yoast.com\/product\/yoast-seo-wordpress\/ -->\n<title>PREFEITO ISAAC DIZ QUE QUER CHEGAR AO N\u00daMERO DE 10 MIL UNIDADES DO \u2018MINHA CASA, MINHA VIDA\u2019 - Blog do Farn\u00e9sio<\/title>\n<meta name=\"robots\" content=\"index, follow, max-snippet:-1, max-image-preview:large, max-video-preview:-1\" \/>\n<link rel=\"canonical\" href=\"https:\/\/blogdofarnesio.com.br\/?p=70425\" \/>\n<meta property=\"og:locale\" content=\"pt_BR\" \/>\n<meta property=\"og:type\" content=\"article\" \/>\n<meta property=\"og:title\" content=\"PREFEITO ISAAC DIZ QUE QUER CHEGAR AO N\u00daMERO DE 10 MIL UNIDADES DO \u2018MINHA CASA, MINHA VIDA\u2019 - Blog do Farn\u00e9sio\" \/>\n<meta property=\"og:description\" content=\"Acompanhado de seus vereadores de base, o deputado federal Daniel Almeida, representantes de empresas e gerente regional da caixa econ\u00f4mica, al\u00e9m de outras representa\u00e7\u00f5es pol\u00edticas, o prefeito Isaac Carvalho assinou os contratos para a constru\u00e7\u00e3o de 2.200 unidades do \u2018Minha Casa, Minha vida\u2019. O evento aconteceu na tarde desta segunda-feira (20), no Pa\u00e7o Municipal. O deputado Daniel Almeida, lembrou do primeiro contrato que o munic\u00edpio assinou para as primeiras unidades do programa, em que foi juazeiro quem assinou o primeiro maior contrato no Estado. \u201cN\u00f3s estamos aqui afirmando um \u00eaxito extraordin\u00e1rio que \u00e9 esse programa, juazeiro seguramente se situa no melhor patamar desse projeto, \u00e9 o exemplo da converg\u00eancia dessas a\u00e7\u00f5es: programa do governo federal, a\u00e7\u00f5es do governo estadual, agilidade&hellip;\" \/>\n<meta property=\"og:url\" content=\"https:\/\/blogdofarnesio.com.br\/?p=70425\" \/>\n<meta property=\"og:site_name\" content=\"Blog do Farn\u00e9sio\" \/>\n<meta property=\"article:publisher\" content=\"https:\/\/www.facebook.com\/BlogQuerSaberPolitica\/\" \/>\n<meta property=\"article:published_time\" content=\"2014-01-21T13:00:46+00:00\" \/>\n<meta property=\"og:image\" content=\"http:\/\/www.quersaberpolitica.com.br\/2016\/wp-content\/uploads\/2014\/01\/SAM_2208.jpg\" \/>\n<meta name=\"author\" content=\"teste\" \/>\n<meta name=\"twitter:card\" content=\"summary_large_image\" \/>\n<meta name=\"twitter:label1\" content=\"Escrito por\" \/>\n\t<meta name=\"twitter:data1\" content=\"teste\" \/>\n\t<meta name=\"twitter:label2\" content=\"Est. tempo de leitura\" \/>\n\t<meta name=\"twitter:data2\" content=\"2 minutos\" \/>\n<script type=\"application\/ld+json\" class=\"yoast-schema-graph\">{\"@context\":\"https:\\\/\\\/schema.org\",\"@graph\":[{\"@type\":\"Article\",\"@id\":\"https:\\\/\\\/blogdofarnesio.com.br\\\/?p=70425#article\",\"isPartOf\":{\"@id\":\"https:\\\/\\\/blogdofarnesio.com.br\\\/?p=70425\"},\"author\":{\"name\":\"teste\",\"@id\":\"https:\\\/\\\/blogdofarnesio.com.br\\\/#\\\/schema\\\/person\\\/dd1bf5eba40b687199ba45ca6b97dff9\"},\"headline\":\"PREFEITO ISAAC DIZ QUE QUER CHEGAR AO N\u00daMERO DE 10 MIL UNIDADES DO \u2018MINHA CASA, MINHA VIDA\u2019\",\"datePublished\":\"2014-01-21T13:00:46+00:00\",\"mainEntityOfPage\":{\"@id\":\"https:\\\/\\\/blogdofarnesio.com.br\\\/?p=70425\"},\"wordCount\":385,\"commentCount\":0,\"publisher\":{\"@id\":\"https:\\\/\\\/blogdofarnesio.com.br\\\/#organization\"},\"image\":{\"@id\":\"https:\\\/\\\/blogdofarnesio.com.br\\\/?p=70425#primaryimage\"},\"thumbnailUrl\":\"http:\\\/\\\/www.quersaberpolitica.com.br\\\/2016\\\/wp-content\\\/uploads\\\/2014\\\/01\\\/SAM_2208.jpg\",\"inLanguage\":\"pt-BR\",\"potentialAction\":[{\"@type\":\"CommentAction\",\"name\":\"Comment\",\"target\":[\"https:\\\/\\\/blogdofarnesio.com.br\\\/?p=70425#respond\"]}]},{\"@type\":\"WebPage\",\"@id\":\"https:\\\/\\\/blogdofarnesio.com.br\\\/?p=70425\",\"url\":\"https:\\\/\\\/blogdofarnesio.com.br\\\/?p=70425\",\"name\":\"PREFEITO ISAAC DIZ QUE QUER CHEGAR AO N\u00daMERO DE 10 MIL UNIDADES DO \u2018MINHA CASA, MINHA VIDA\u2019 - Blog do Farn\u00e9sio\",\"isPartOf\":{\"@id\":\"https:\\\/\\\/blogdofarnesio.com.br\\\/#website\"},\"primaryImageOfPage\":{\"@id\":\"https:\\\/\\\/blogdofarnesio.com.br\\\/?p=70425#primaryimage\"},\"image\":{\"@id\":\"https:\\\/\\\/blogdofarnesio.com.br\\\/?p=70425#primaryimage\"},\"thumbnailUrl\":\"http:\\\/\\\/www.quersaberpolitica.com.br\\\/2016\\\/wp-content\\\/uploads\\\/2014\\\/01\\\/SAM_2208.jpg\",\"datePublished\":\"2014-01-21T13:00:46+00:00\",\"breadcrumb\":{\"@id\":\"https:\\\/\\\/blogdofarnesio.com.br\\\/?p=70425#breadcrumb\"},\"inLanguage\":\"pt-BR\",\"potentialAction\":[{\"@type\":\"ReadAction\",\"target\":[\"https:\\\/\\\/blogdofarnesio.com.br\\\/?p=70425\"]}]},{\"@type\":\"ImageObject\",\"inLanguage\":\"pt-BR\",\"@id\":\"https:\\\/\\\/blogdofarnesio.com.br\\\/?p=70425#primaryimage\",\"url\":\"http:\\\/\\\/www.quersaberpolitica.com.br\\\/2016\\\/wp-content\\\/uploads\\\/2014\\\/01\\\/SAM_2208.jpg\",\"contentUrl\":\"http:\\\/\\\/www.quersaberpolitica.com.br\\\/2016\\\/wp-content\\\/uploads\\\/2014\\\/01\\\/SAM_2208.jpg\"},{\"@type\":\"BreadcrumbList\",\"@id\":\"https:\\\/\\\/blogdofarnesio.com.br\\\/?p=70425#breadcrumb\",\"itemListElement\":[{\"@type\":\"ListItem\",\"position\":1,\"name\":\"In\u00edcio\",\"item\":\"https:\\\/\\\/blogdofarnesio.com.br\\\/\"},{\"@type\":\"ListItem\",\"position\":2,\"name\":\"PREFEITO ISAAC DIZ QUE QUER CHEGAR AO N\u00daMERO DE 10 MIL UNIDADES DO \u2018MINHA CASA, MINHA VIDA\u2019\"}]},{\"@type\":\"WebSite\",\"@id\":\"https:\\\/\\\/blogdofarnesio.com.br\\\/#website\",\"url\":\"https:\\\/\\\/blogdofarnesio.com.br\\\/\",\"name\":\"Blog do Farn\u00e9sio\",\"description\":\"Quer Saber Pol\u00edtica?\",\"publisher\":{\"@id\":\"https:\\\/\\\/blogdofarnesio.com.br\\\/#organization\"},\"potentialAction\":[{\"@type\":\"SearchAction\",\"target\":{\"@type\":\"EntryPoint\",\"urlTemplate\":\"https:\\\/\\\/blogdofarnesio.com.br\\\/?s={search_term_string}\"},\"query-input\":{\"@type\":\"PropertyValueSpecification\",\"valueRequired\":true,\"valueName\":\"search_term_string\"}}],\"inLanguage\":\"pt-BR\"},{\"@type\":\"Organization\",\"@id\":\"https:\\\/\\\/blogdofarnesio.com.br\\\/#organization\",\"name\":\"Blog do Farn\u00e9sio\",\"url\":\"https:\\\/\\\/blogdofarnesio.com.br\\\/\",\"logo\":{\"@type\":\"ImageObject\",\"inLanguage\":\"pt-BR\",\"@id\":\"https:\\\/\\\/blogdofarnesio.com.br\\\/#\\\/schema\\\/logo\\\/image\\\/\",\"url\":\"https:\\\/\\\/blogdofarnesio.com.br\\\/wp-content\\\/uploads\\\/2026\\\/03\\\/cropped-logo_new-1.png\",\"contentUrl\":\"https:\\\/\\\/blogdofarnesio.com.br\\\/wp-content\\\/uploads\\\/2026\\\/03\\\/cropped-logo_new-1.png\",\"width\":881,\"height\":685,\"caption\":\"Blog do Farn\u00e9sio\"},\"image\":{\"@id\":\"https:\\\/\\\/blogdofarnesio.com.br\\\/#\\\/schema\\\/logo\\\/image\\\/\"},\"sameAs\":[\"https:\\\/\\\/www.facebook.com\\\/BlogQuerSaberPolitica\\\/\"]},{\"@type\":\"Person\",\"@id\":\"https:\\\/\\\/blogdofarnesio.com.br\\\/#\\\/schema\\\/person\\\/dd1bf5eba40b687199ba45ca6b97dff9\",\"name\":\"teste\",\"image\":{\"@type\":\"ImageObject\",\"inLanguage\":\"pt-BR\",\"@id\":\"https:\\\/\\\/secure.gravatar.com\\\/avatar\\\/2172498d4914b51e1d89a0f97957b035ac4938723a5cac208135d389b6972a6d?s=96&d=mm&r=g\",\"url\":\"https:\\\/\\\/secure.gravatar.com\\\/avatar\\\/2172498d4914b51e1d89a0f97957b035ac4938723a5cac208135d389b6972a6d?s=96&d=mm&r=g\",\"contentUrl\":\"https:\\\/\\\/secure.gravatar.com\\\/avatar\\\/2172498d4914b51e1d89a0f97957b035ac4938723a5cac208135d389b6972a6d?s=96&d=mm&r=g\",\"caption\":\"teste\"},\"url\":\"https:\\\/\\\/blogdofarnesio.com.br\\\/?author=3\"}]}<\/script>\n<!-- \/ Yoast SEO plugin. -->","yoast_head_json":{"title":"PREFEITO ISAAC DIZ QUE QUER CHEGAR AO N\u00daMERO DE 10 MIL UNIDADES DO \u2018MINHA CASA, MINHA VIDA\u2019 - Blog do Farn\u00e9sio","robots":{"index":"index","follow":"follow","max-snippet":"max-snippet:-1","max-image-preview":"max-image-preview:large","max-video-preview":"max-video-preview:-1"},"canonical":"https:\/\/blogdofarnesio.com.br\/?p=70425","og_locale":"pt_BR","og_type":"article","og_title":"PREFEITO ISAAC DIZ QUE QUER CHEGAR AO N\u00daMERO DE 10 MIL UNIDADES DO \u2018MINHA CASA, MINHA VIDA\u2019 - Blog do Farn\u00e9sio","og_description":"Acompanhado de seus vereadores de base, o deputado federal Daniel Almeida, representantes de empresas e gerente regional da caixa econ\u00f4mica, al\u00e9m de outras representa\u00e7\u00f5es pol\u00edticas, o prefeito Isaac Carvalho assinou os contratos para a constru\u00e7\u00e3o de 2.200 unidades do \u2018Minha Casa, Minha vida\u2019. O evento aconteceu na tarde desta segunda-feira (20), no Pa\u00e7o Municipal. O deputado Daniel Almeida, lembrou do primeiro contrato que o munic\u00edpio assinou para as primeiras unidades do programa, em que foi juazeiro quem assinou o primeiro maior contrato no Estado. \u201cN\u00f3s estamos aqui afirmando um \u00eaxito extraordin\u00e1rio que \u00e9 esse programa, juazeiro seguramente se situa no melhor patamar desse projeto, \u00e9 o exemplo da converg\u00eancia dessas a\u00e7\u00f5es: programa do governo federal, a\u00e7\u00f5es do governo estadual, agilidade&hellip;","og_url":"https:\/\/blogdofarnesio.com.br\/?p=70425","og_site_name":"Blog do Farn\u00e9sio","article_publisher":"https:\/\/www.facebook.com\/BlogQuerSaberPolitica\/","article_published_time":"2014-01-21T13:00:46+00:00","og_image":[{"url":"http:\/\/www.quersaberpolitica.com.br\/2016\/wp-content\/uploads\/2014\/01\/SAM_2208.jpg","type":"","width":"","height":""}],"author":"teste","twitter_card":"summary_large_image","twitter_misc":{"Escrito por":"teste","Est. tempo de leitura":"2 minutos"},"schema":{"@context":"https:\/\/schema.org","@graph":[{"@type":"Article","@id":"https:\/\/blogdofarnesio.com.br\/?p=70425#article","isPartOf":{"@id":"https:\/\/blogdofarnesio.com.br\/?p=70425"},"author":{"name":"teste","@id":"https:\/\/blogdofarnesio.com.br\/#\/schema\/person\/dd1bf5eba40b687199ba45ca6b97dff9"},"headline":"PREFEITO ISAAC DIZ QUE QUER CHEGAR AO N\u00daMERO DE 10 MIL UNIDADES DO \u2018MINHA CASA, MINHA VIDA\u2019","datePublished":"2014-01-21T13:00:46+00:00","mainEntityOfPage":{"@id":"https:\/\/blogdofarnesio.com.br\/?p=70425"},"wordCount":385,"commentCount":0,"publisher":{"@id":"https:\/\/blogdofarnesio.com.br\/#organization"},"image":{"@id":"https:\/\/blogdofarnesio.com.br\/?p=70425#primaryimage"},"thumbnailUrl":"http:\/\/www.quersaberpolitica.com.br\/2016\/wp-content\/uploads\/2014\/01\/SAM_2208.jpg","inLanguage":"pt-BR","potentialAction":[{"@type":"CommentAction","name":"Comment","target":["https:\/\/blogdofarnesio.com.br\/?p=70425#respond"]}]},{"@type":"WebPage","@id":"https:\/\/blogdofarnesio.com.br\/?p=70425","url":"https:\/\/blogdofarnesio.com.br\/?p=70425","name":"PREFEITO ISAAC DIZ QUE QUER CHEGAR AO N\u00daMERO DE 10 MIL UNIDADES DO \u2018MINHA CASA, MINHA VIDA\u2019 - Blog do Farn\u00e9sio","isPartOf":{"@id":"https:\/\/blogdofarnesio.com.br\/#website"},"primaryImageOfPage":{"@id":"https:\/\/blogdofarnesio.com.br\/?p=70425#primaryimage"},"image":{"@id":"https:\/\/blogdofarnesio.com.br\/?p=70425#primaryimage"},"thumbnailUrl":"http:\/\/www.quersaberpolitica.com.br\/2016\/wp-content\/uploads\/2014\/01\/SAM_2208.jpg","datePublished":"2014-01-21T13:00:46+00:00","breadcrumb":{"@id":"https:\/\/blogdofarnesio.com.br\/?p=70425#breadcrumb"},"inLanguage":"pt-BR","potentialAction":[{"@type":"ReadAction","target":["https:\/\/blogdofarnesio.com.br\/?p=70425"]}]},{"@type":"ImageObject","inLanguage":"pt-BR","@id":"https:\/\/blogdofarnesio.com.br\/?p=70425#primaryimage","url":"http:\/\/www.quersaberpolitica.com.br\/2016\/wp-content\/uploads\/2014\/01\/SAM_2208.jpg","contentUrl":"http:\/\/www.quersaberpolitica.com.br\/2016\/wp-content\/uploads\/2014\/01\/SAM_2208.jpg"},{"@type":"BreadcrumbList","@id":"https:\/\/blogdofarnesio.com.br\/?p=70425#breadcrumb","itemListElement":[{"@type":"ListItem","position":1,"name":"In\u00edcio","item":"https:\/\/blogdofarnesio.com.br\/"},{"@type":"ListItem","position":2,"name":"PREFEITO ISAAC DIZ QUE QUER CHEGAR AO N\u00daMERO DE 10 MIL UNIDADES DO \u2018MINHA CASA, MINHA VIDA\u2019"}]},{"@type":"WebSite","@id":"https:\/\/blogdofarnesio.com.br\/#website","url":"https:\/\/blogdofarnesio.com.br\/","name":"Blog do Farn\u00e9sio","description":"Quer Saber Pol\u00edtica?","publisher":{"@id":"https:\/\/blogdofarnesio.com.br\/#organization"},"potentialAction":[{"@type":"SearchAction","target":{"@type":"EntryPoint","urlTemplate":"https:\/\/blogdofarnesio.com.br\/?s={search_term_string}"},"query-input":{"@type":"PropertyValueSpecification","valueRequired":true,"valueName":"search_term_string"}}],"inLanguage":"pt-BR"},{"@type":"Organization","@id":"https:\/\/blogdofarnesio.com.br\/#organization","name":"Blog do Farn\u00e9sio","url":"https:\/\/blogdofarnesio.com.br\/","logo":{"@type":"ImageObject","inLanguage":"pt-BR","@id":"https:\/\/blogdofarnesio.com.br\/#\/schema\/logo\/image\/","url":"https:\/\/blogdofarnesio.com.br\/wp-content\/uploads\/2026\/03\/cropped-logo_new-1.png","contentUrl":"https:\/\/blogdofarnesio.com.br\/wp-content\/uploads\/2026\/03\/cropped-logo_new-1.png","width":881,"height":685,"caption":"Blog do Farn\u00e9sio"},"image":{"@id":"https:\/\/blogdofarnesio.com.br\/#\/schema\/logo\/image\/"},"sameAs":["https:\/\/www.facebook.com\/BlogQuerSaberPolitica\/"]},{"@type":"Person","@id":"https:\/\/blogdofarnesio.com.br\/#\/schema\/person\/dd1bf5eba40b687199ba45ca6b97dff9","name":"teste","image":{"@type":"ImageObject","inLanguage":"pt-BR","@id":"https:\/\/secure.gravatar.com\/avatar\/2172498d4914b51e1d89a0f97957b035ac4938723a5cac208135d389b6972a6d?s=96&d=mm&r=g","url":"https:\/\/secure.gravatar.com\/avatar\/2172498d4914b51e1d89a0f97957b035ac4938723a5cac208135d389b6972a6d?s=96&d=mm&r=g","contentUrl":"https:\/\/secure.gravatar.com\/avatar\/2172498d4914b51e1d89a0f97957b035ac4938723a5cac208135d389b6972a6d?s=96&d=mm&r=g","caption":"teste"},"url":"https:\/\/blogdofarnesio.com.br\/?author=3"}]}},"_links":{"self":[{"href":"https:\/\/blogdofarnesio.com.br\/index.php?rest_route=\/wp\/v2\/posts\/70425","targetHints":{"allow":["GET"]}}],"collection":[{"href":"https:\/\/blogdofarnesio.com.br\/index.php?rest_route=\/wp\/v2\/posts"}],"about":[{"href":"https:\/\/blogdofarnesio.com.br\/index.php?rest_route=\/wp\/v2\/types\/post"}],"author":[{"embeddable":true,"href":"https:\/\/blogdofarnesio.com.br\/index.php?rest_route=\/wp\/v2\/users\/3"}],"replies":[{"embeddable":true,"href":"https:\/\/blogdofarnesio.com.br\/index.php?rest_route=%2Fwp%2Fv2%2Fcomments&post=70425"}],"version-history":[{"count":0,"href":"https:\/\/blogdofarnesio.com.br\/index.php?rest_route=\/wp\/v2\/posts\/70425\/revisions"}],"wp:attachment":[{"href":"https:\/\/blogdofarnesio.com.br\/index.php?rest_route=%2Fwp%2Fv2%2Fmedia&parent=70425"}],"wp:term":[{"taxonomy":"category","embeddable":true,"href":"https:\/\/blogdofarnesio.com.br\/index.php?rest_route=%2Fwp%2Fv2%2Fcategories&post=70425"},{"taxonomy":"post_tag","embeddable":true,"href":"https:\/\/blogdofarnesio.com.br\/index.php?rest_route=%2Fwp%2Fv2%2Ftags&post=70425"}],"curies":[{"name":"wp","href":"https:\/\/api.w.org\/{rel}","templated":true}]}}