{"id":70343,"date":"2014-01-20T11:03:31","date_gmt":"2014-01-20T14:03:31","guid":{"rendered":"http:\/\/www.quersaberpolitica.com.br\/?p=70343"},"modified":"2014-01-20T10:41:23","modified_gmt":"2014-01-20T13:41:23","slug":"deputado-daniel-almeida-fala-sobre-as-costuras-politicas-para-a-eleicao-2014-sem-foto","status":"publish","type":"post","link":"https:\/\/blogdofarnesio.com.br\/?p=70343","title":{"rendered":"DEPUTADO DANIEL ALMEIDA FALA SOBRE AS COSTURAS POLITICAS PARA A ELEI\u00c7\u00c3O 2014"},"content":{"rendered":"<figure id=\"attachment_70363\" aria-describedby=\"caption-attachment-70363\" style=\"width: 512px\" class=\"wp-caption aligncenter\"><a href=\"http:\/\/www.quersaberpolitica.com.br\/2016\/wp-content\/uploads\/2014\/01\/blogqspzoisaacdaniel-Foto-Farn\u00e9sio-Silva.jpg\"><img loading=\"lazy\" decoding=\"async\" class=\" wp-image-70363 \" alt=\"Ver Zo, Pref Isaac, Dep Fed Daniel Almeida  Foto Farn\u00e9sio Silva\" src=\"http:\/\/www.quersaberpolitica.com.br\/2016\/wp-content\/uploads\/2014\/01\/blogqspzoisaacdaniel-Foto-Farn\u00e9sio-Silva.jpg\" width=\"512\" height=\"248\" srcset=\"https:\/\/blogdofarnesio.com.br\/wp-content\/uploads\/2014\/01\/blogqspzoisaacdaniel-Foto-Farn\u00e9sio-Silva.jpg 640w, https:\/\/blogdofarnesio.com.br\/wp-content\/uploads\/2014\/01\/blogqspzoisaacdaniel-Foto-Farn\u00e9sio-Silva-300x145.jpg 300w, https:\/\/blogdofarnesio.com.br\/wp-content\/uploads\/2014\/01\/blogqspzoisaacdaniel-Foto-Farn\u00e9sio-Silva-500x242.jpg 500w\" sizes=\"auto, (max-width: 512px) 100vw, 512px\" \/><\/a><figcaption id=\"caption-attachment-70363\" class=\"wp-caption-text\">Ver Cris\u00f3stomo (Z\u00f3), \u00a0 \u00a0Pref Isaac Carvalho, \u00a0 \u00a0 \u00a0 \u00a0 \u00a0 \u00a0 \u00a0 \u00a0 Dep Fed Daniel Almeida \u00a0 \u00a0 \u00a0 \u00a0 \u00a0 \u00a0 \u00a0 \u00a0 \u00a0 \u00a0 \u00a0 \u00a0 \u00a0 \u00a0 \u00a0 \u00a0 \u00a0 \u00a0 \u00a0 \u00a0 \u00a0 \u00a0 \u00a0 \u00a0 \u00a0 \u00a0 \u00a0 \u00a0 \u00a0 Foto Farn\u00e9sio Silva<\/figcaption><\/figure>\n<p style=\"text-align: justify\">Na manh\u00e3 desta segunda-feira (20), o deputado federal e presidente do PCdoB na Bahia, Daniel Almeida, em entrevista ao programa Bastidores Na not\u00edcia, na r\u00e1dio TropicalSat, falou sobre a situa\u00e7\u00e3o pol\u00edtica do munic\u00edpio e dos caminhos que ser\u00e3o tra\u00e7ados pelo PCdoB para as elei\u00e7\u00f5es deste ano.<\/p>\n<p style=\"text-align: justify\">Daniel reafirmou o que j\u00e1 era esperado, o apoio a candidatura do vereador Z\u00f3 dentro de um projeto regional, e continuidade do projeto nacional e estadual. \u201cEstamos integrado na busca da continuidade de um projeto pol\u00edtico que tem sido vitorioso, tem produzido frutos. Aqui na Bahia participamos de um projeto liderado pelo governador Wagner, porque entendemos que ele est\u00e1 trazendo bons frutos para a Bahia\u201d, ressaltou.<\/p>\n<p style=\"text-align: justify\">O deputado disse ainda que, o partido quer eleger um n\u00famero de tr\u00eas deputados baianos, entre esses tr\u00eas, Ele deixou claro que o nome do Pr\u00e9-candidato a deputado, Z\u00f3 \u00e9 \u2018sem d\u00favida, um nome importante\u2019. \u201cO conjunto de for\u00e7as que se aglutina em torno dos projetos pol\u00edticos e da lideran\u00e7a do prefeito Isaac, d\u00e1 ampla possibilidades de termos essa candidatura vitoriosa, o Z\u00f3 \u00e9 um l\u00edder pol\u00edtico importante\u201d, disse.<!--more--><\/p>\n<p style=\"text-align: justify\">Outro ponto abordado foi a alian\u00e7a com o Partido dos trabalhadores (PT), e a possibilidade de integrar a chapa majorit\u00e1ria, Daniel deixou claro que desde o ano de 1989 o PCdoB vem apoiando e participando junto ao PT e que, por diversas vezes j\u00e1 fizeram parte da chapa majorit\u00e1ria, desta vez, o nome sugerido foi da deputada Alice Portugal.<\/p>\n<p style=\"text-align: justify\"><strong>Capta\u00e7\u00e3o de recursos para Juazeiro<\/strong><\/p>\n<p style=\"text-align: justify\">Ao ser questionado sobre o papel do partido no que diz respeito a capta\u00e7\u00e3o de recursos para o munic\u00edpio de Juazeiro, Daniel foi enf\u00e1tico ao dizer que em cinco anos com a representa\u00e7\u00e3o do prefeito Isaac Juazeiro tem crescido muito. \u201cMuito j\u00e1 se andou, na \u00e1rea da sa\u00fade, da educa\u00e7\u00e3o, em todas as \u00e1reas, mas \u00e9 preciso continuar andando muito mais, nesse segundo mandato, muita coisa est\u00e1 sinalizada, os desafios que temos s\u00e3o grandes, mas estamos enfrentando cada um deles\u201d, afirmou.<\/p>\n<p style=\"text-align: justify\"><strong>BA- 210<\/strong><\/p>\n<p style=\"text-align: justify\">Daniel afirmou que o governador j\u00e1 assumiu o compromisso de fazer essa obra Segundo Ele o compromisso \u00e9 de fazer ela chegar a xique-xique. \u201cPara Sento-s\u00e9 a obra j\u00e1 come\u00e7ou. O processo \u00e9 lento, as vezes \u00e9 muita mais demorado do eu podemos imaginar\u201d, explicou.<\/p>\n<p style=\"text-align: justify\"><strong>\u00a0Da reda\u00e7\u00e3o<\/strong><\/p>\n","protected":false},"excerpt":{"rendered":"<p>Na manh\u00e3 desta segunda-feira (20), o deputado federal e presidente do PCdoB na Bahia, Daniel Almeida, em entrevista ao programa Bastidores Na not\u00edcia, na r\u00e1dio TropicalSat, falou sobre a situa\u00e7\u00e3o pol\u00edtica do munic\u00edpio e dos caminhos que ser\u00e3o tra\u00e7ados pelo PCdoB para as elei\u00e7\u00f5es deste ano. Daniel reafirmou o que j\u00e1 era esperado, o apoio a candidatura do vereador Z\u00f3 dentro de um projeto regional, e continuidade do projeto nacional e estadual. \u201cEstamos integrado na busca da continuidade de um projeto pol\u00edtico que tem sido vitorioso, tem produzido frutos. Aqui na Bahia participamos de um projeto liderado pelo governador Wagner, porque entendemos que ele est\u00e1 trazendo bons frutos para a Bahia\u201d, ressaltou. O deputado disse ainda que, o partido quer&hellip; <\/p>\n","protected":false},"author":3,"featured_media":0,"comment_status":"open","ping_status":"open","sticky":false,"template":"","format":"standard","meta":{"_acf_changed":false,"footnotes":""},"categories":[1],"tags":[],"class_list":["post-70343","post","type-post","status-publish","format-standard","hentry","category-politica"],"acf":[],"yoast_head":"<!-- This site is optimized with the Yoast SEO plugin v27.4 - https:\/\/yoast.com\/product\/yoast-seo-wordpress\/ -->\n<title>DEPUTADO DANIEL ALMEIDA FALA SOBRE AS COSTURAS POLITICAS PARA A ELEI\u00c7\u00c3O 2014 - Blog do Farn\u00e9sio<\/title>\n<meta name=\"robots\" content=\"index, follow, max-snippet:-1, max-image-preview:large, max-video-preview:-1\" \/>\n<link rel=\"canonical\" href=\"https:\/\/blogdofarnesio.com.br\/?p=70343\" \/>\n<meta property=\"og:locale\" content=\"pt_BR\" \/>\n<meta property=\"og:type\" content=\"article\" \/>\n<meta property=\"og:title\" content=\"DEPUTADO DANIEL ALMEIDA FALA SOBRE AS COSTURAS POLITICAS PARA A ELEI\u00c7\u00c3O 2014 - Blog do Farn\u00e9sio\" \/>\n<meta property=\"og:description\" content=\"Na manh\u00e3 desta segunda-feira (20), o deputado federal e presidente do PCdoB na Bahia, Daniel Almeida, em entrevista ao programa Bastidores Na not\u00edcia, na r\u00e1dio TropicalSat, falou sobre a situa\u00e7\u00e3o pol\u00edtica do munic\u00edpio e dos caminhos que ser\u00e3o tra\u00e7ados pelo PCdoB para as elei\u00e7\u00f5es deste ano. Daniel reafirmou o que j\u00e1 era esperado, o apoio a candidatura do vereador Z\u00f3 dentro de um projeto regional, e continuidade do projeto nacional e estadual. \u201cEstamos integrado na busca da continuidade de um projeto pol\u00edtico que tem sido vitorioso, tem produzido frutos. Aqui na Bahia participamos de um projeto liderado pelo governador Wagner, porque entendemos que ele est\u00e1 trazendo bons frutos para a Bahia\u201d, ressaltou. O deputado disse ainda que, o partido quer&hellip;\" \/>\n<meta property=\"og:url\" content=\"https:\/\/blogdofarnesio.com.br\/?p=70343\" \/>\n<meta property=\"og:site_name\" content=\"Blog do Farn\u00e9sio\" \/>\n<meta property=\"article:publisher\" content=\"https:\/\/www.facebook.com\/BlogQuerSaberPolitica\/\" \/>\n<meta property=\"article:published_time\" content=\"2014-01-20T14:03:31+00:00\" \/>\n<meta name=\"author\" content=\"teste\" \/>\n<meta name=\"twitter:card\" content=\"summary_large_image\" \/>\n<meta name=\"twitter:label1\" content=\"Escrito por\" \/>\n\t<meta name=\"twitter:data1\" content=\"teste\" \/>\n\t<meta name=\"twitter:label2\" content=\"Est. tempo de leitura\" \/>\n\t<meta name=\"twitter:data2\" content=\"2 minutos\" \/>\n<script type=\"application\/ld+json\" class=\"yoast-schema-graph\">{\"@context\":\"https:\\\/\\\/schema.org\",\"@graph\":[{\"@type\":\"Article\",\"@id\":\"https:\\\/\\\/blogdofarnesio.com.br\\\/?p=70343#article\",\"isPartOf\":{\"@id\":\"https:\\\/\\\/blogdofarnesio.com.br\\\/?p=70343\"},\"author\":{\"name\":\"teste\",\"@id\":\"https:\\\/\\\/blogdofarnesio.com.br\\\/#\\\/schema\\\/person\\\/dd1bf5eba40b687199ba45ca6b97dff9\"},\"headline\":\"DEPUTADO DANIEL ALMEIDA FALA SOBRE AS COSTURAS POLITICAS PARA A ELEI\u00c7\u00c3O 2014\",\"datePublished\":\"2014-01-20T14:03:31+00:00\",\"mainEntityOfPage\":{\"@id\":\"https:\\\/\\\/blogdofarnesio.com.br\\\/?p=70343\"},\"wordCount\":432,\"commentCount\":0,\"publisher\":{\"@id\":\"https:\\\/\\\/blogdofarnesio.com.br\\\/#organization\"},\"articleSection\":[\"Pol\u00edtica\"],\"inLanguage\":\"pt-BR\",\"potentialAction\":[{\"@type\":\"CommentAction\",\"name\":\"Comment\",\"target\":[\"https:\\\/\\\/blogdofarnesio.com.br\\\/?p=70343#respond\"]}]},{\"@type\":\"WebPage\",\"@id\":\"https:\\\/\\\/blogdofarnesio.com.br\\\/?p=70343\",\"url\":\"https:\\\/\\\/blogdofarnesio.com.br\\\/?p=70343\",\"name\":\"DEPUTADO DANIEL ALMEIDA FALA SOBRE AS COSTURAS POLITICAS PARA A ELEI\u00c7\u00c3O 2014 - Blog do Farn\u00e9sio\",\"isPartOf\":{\"@id\":\"https:\\\/\\\/blogdofarnesio.com.br\\\/#website\"},\"datePublished\":\"2014-01-20T14:03:31+00:00\",\"breadcrumb\":{\"@id\":\"https:\\\/\\\/blogdofarnesio.com.br\\\/?p=70343#breadcrumb\"},\"inLanguage\":\"pt-BR\",\"potentialAction\":[{\"@type\":\"ReadAction\",\"target\":[\"https:\\\/\\\/blogdofarnesio.com.br\\\/?p=70343\"]}]},{\"@type\":\"BreadcrumbList\",\"@id\":\"https:\\\/\\\/blogdofarnesio.com.br\\\/?p=70343#breadcrumb\",\"itemListElement\":[{\"@type\":\"ListItem\",\"position\":1,\"name\":\"In\u00edcio\",\"item\":\"https:\\\/\\\/blogdofarnesio.com.br\\\/\"},{\"@type\":\"ListItem\",\"position\":2,\"name\":\"DEPUTADO DANIEL ALMEIDA FALA SOBRE AS COSTURAS POLITICAS PARA A ELEI\u00c7\u00c3O 2014\"}]},{\"@type\":\"WebSite\",\"@id\":\"https:\\\/\\\/blogdofarnesio.com.br\\\/#website\",\"url\":\"https:\\\/\\\/blogdofarnesio.com.br\\\/\",\"name\":\"Blog do Farn\u00e9sio\",\"description\":\"Quer Saber Pol\u00edtica?\",\"publisher\":{\"@id\":\"https:\\\/\\\/blogdofarnesio.com.br\\\/#organization\"},\"potentialAction\":[{\"@type\":\"SearchAction\",\"target\":{\"@type\":\"EntryPoint\",\"urlTemplate\":\"https:\\\/\\\/blogdofarnesio.com.br\\\/?s={search_term_string}\"},\"query-input\":{\"@type\":\"PropertyValueSpecification\",\"valueRequired\":true,\"valueName\":\"search_term_string\"}}],\"inLanguage\":\"pt-BR\"},{\"@type\":\"Organization\",\"@id\":\"https:\\\/\\\/blogdofarnesio.com.br\\\/#organization\",\"name\":\"Blog do Farn\u00e9sio\",\"url\":\"https:\\\/\\\/blogdofarnesio.com.br\\\/\",\"logo\":{\"@type\":\"ImageObject\",\"inLanguage\":\"pt-BR\",\"@id\":\"https:\\\/\\\/blogdofarnesio.com.br\\\/#\\\/schema\\\/logo\\\/image\\\/\",\"url\":\"https:\\\/\\\/blogdofarnesio.com.br\\\/wp-content\\\/uploads\\\/2026\\\/03\\\/cropped-logo_new-1.png\",\"contentUrl\":\"https:\\\/\\\/blogdofarnesio.com.br\\\/wp-content\\\/uploads\\\/2026\\\/03\\\/cropped-logo_new-1.png\",\"width\":881,\"height\":685,\"caption\":\"Blog do Farn\u00e9sio\"},\"image\":{\"@id\":\"https:\\\/\\\/blogdofarnesio.com.br\\\/#\\\/schema\\\/logo\\\/image\\\/\"},\"sameAs\":[\"https:\\\/\\\/www.facebook.com\\\/BlogQuerSaberPolitica\\\/\"]},{\"@type\":\"Person\",\"@id\":\"https:\\\/\\\/blogdofarnesio.com.br\\\/#\\\/schema\\\/person\\\/dd1bf5eba40b687199ba45ca6b97dff9\",\"name\":\"teste\",\"image\":{\"@type\":\"ImageObject\",\"inLanguage\":\"pt-BR\",\"@id\":\"https:\\\/\\\/secure.gravatar.com\\\/avatar\\\/2172498d4914b51e1d89a0f97957b035ac4938723a5cac208135d389b6972a6d?s=96&d=mm&r=g\",\"url\":\"https:\\\/\\\/secure.gravatar.com\\\/avatar\\\/2172498d4914b51e1d89a0f97957b035ac4938723a5cac208135d389b6972a6d?s=96&d=mm&r=g\",\"contentUrl\":\"https:\\\/\\\/secure.gravatar.com\\\/avatar\\\/2172498d4914b51e1d89a0f97957b035ac4938723a5cac208135d389b6972a6d?s=96&d=mm&r=g\",\"caption\":\"teste\"},\"url\":\"https:\\\/\\\/blogdofarnesio.com.br\\\/?author=3\"}]}<\/script>\n<!-- \/ Yoast SEO plugin. -->","yoast_head_json":{"title":"DEPUTADO DANIEL ALMEIDA FALA SOBRE AS COSTURAS POLITICAS PARA A ELEI\u00c7\u00c3O 2014 - Blog do Farn\u00e9sio","robots":{"index":"index","follow":"follow","max-snippet":"max-snippet:-1","max-image-preview":"max-image-preview:large","max-video-preview":"max-video-preview:-1"},"canonical":"https:\/\/blogdofarnesio.com.br\/?p=70343","og_locale":"pt_BR","og_type":"article","og_title":"DEPUTADO DANIEL ALMEIDA FALA SOBRE AS COSTURAS POLITICAS PARA A ELEI\u00c7\u00c3O 2014 - Blog do Farn\u00e9sio","og_description":"Na manh\u00e3 desta segunda-feira (20), o deputado federal e presidente do PCdoB na Bahia, Daniel Almeida, em entrevista ao programa Bastidores Na not\u00edcia, na r\u00e1dio TropicalSat, falou sobre a situa\u00e7\u00e3o pol\u00edtica do munic\u00edpio e dos caminhos que ser\u00e3o tra\u00e7ados pelo PCdoB para as elei\u00e7\u00f5es deste ano. Daniel reafirmou o que j\u00e1 era esperado, o apoio a candidatura do vereador Z\u00f3 dentro de um projeto regional, e continuidade do projeto nacional e estadual. \u201cEstamos integrado na busca da continuidade de um projeto pol\u00edtico que tem sido vitorioso, tem produzido frutos. Aqui na Bahia participamos de um projeto liderado pelo governador Wagner, porque entendemos que ele est\u00e1 trazendo bons frutos para a Bahia\u201d, ressaltou. O deputado disse ainda que, o partido quer&hellip;","og_url":"https:\/\/blogdofarnesio.com.br\/?p=70343","og_site_name":"Blog do Farn\u00e9sio","article_publisher":"https:\/\/www.facebook.com\/BlogQuerSaberPolitica\/","article_published_time":"2014-01-20T14:03:31+00:00","author":"teste","twitter_card":"summary_large_image","twitter_misc":{"Escrito por":"teste","Est. tempo de leitura":"2 minutos"},"schema":{"@context":"https:\/\/schema.org","@graph":[{"@type":"Article","@id":"https:\/\/blogdofarnesio.com.br\/?p=70343#article","isPartOf":{"@id":"https:\/\/blogdofarnesio.com.br\/?p=70343"},"author":{"name":"teste","@id":"https:\/\/blogdofarnesio.com.br\/#\/schema\/person\/dd1bf5eba40b687199ba45ca6b97dff9"},"headline":"DEPUTADO DANIEL ALMEIDA FALA SOBRE AS COSTURAS POLITICAS PARA A ELEI\u00c7\u00c3O 2014","datePublished":"2014-01-20T14:03:31+00:00","mainEntityOfPage":{"@id":"https:\/\/blogdofarnesio.com.br\/?p=70343"},"wordCount":432,"commentCount":0,"publisher":{"@id":"https:\/\/blogdofarnesio.com.br\/#organization"},"articleSection":["Pol\u00edtica"],"inLanguage":"pt-BR","potentialAction":[{"@type":"CommentAction","name":"Comment","target":["https:\/\/blogdofarnesio.com.br\/?p=70343#respond"]}]},{"@type":"WebPage","@id":"https:\/\/blogdofarnesio.com.br\/?p=70343","url":"https:\/\/blogdofarnesio.com.br\/?p=70343","name":"DEPUTADO DANIEL ALMEIDA FALA SOBRE AS COSTURAS POLITICAS PARA A ELEI\u00c7\u00c3O 2014 - Blog do Farn\u00e9sio","isPartOf":{"@id":"https:\/\/blogdofarnesio.com.br\/#website"},"datePublished":"2014-01-20T14:03:31+00:00","breadcrumb":{"@id":"https:\/\/blogdofarnesio.com.br\/?p=70343#breadcrumb"},"inLanguage":"pt-BR","potentialAction":[{"@type":"ReadAction","target":["https:\/\/blogdofarnesio.com.br\/?p=70343"]}]},{"@type":"BreadcrumbList","@id":"https:\/\/blogdofarnesio.com.br\/?p=70343#breadcrumb","itemListElement":[{"@type":"ListItem","position":1,"name":"In\u00edcio","item":"https:\/\/blogdofarnesio.com.br\/"},{"@type":"ListItem","position":2,"name":"DEPUTADO DANIEL ALMEIDA FALA SOBRE AS COSTURAS POLITICAS PARA A ELEI\u00c7\u00c3O 2014"}]},{"@type":"WebSite","@id":"https:\/\/blogdofarnesio.com.br\/#website","url":"https:\/\/blogdofarnesio.com.br\/","name":"Blog do Farn\u00e9sio","description":"Quer Saber Pol\u00edtica?","publisher":{"@id":"https:\/\/blogdofarnesio.com.br\/#organization"},"potentialAction":[{"@type":"SearchAction","target":{"@type":"EntryPoint","urlTemplate":"https:\/\/blogdofarnesio.com.br\/?s={search_term_string}"},"query-input":{"@type":"PropertyValueSpecification","valueRequired":true,"valueName":"search_term_string"}}],"inLanguage":"pt-BR"},{"@type":"Organization","@id":"https:\/\/blogdofarnesio.com.br\/#organization","name":"Blog do Farn\u00e9sio","url":"https:\/\/blogdofarnesio.com.br\/","logo":{"@type":"ImageObject","inLanguage":"pt-BR","@id":"https:\/\/blogdofarnesio.com.br\/#\/schema\/logo\/image\/","url":"https:\/\/blogdofarnesio.com.br\/wp-content\/uploads\/2026\/03\/cropped-logo_new-1.png","contentUrl":"https:\/\/blogdofarnesio.com.br\/wp-content\/uploads\/2026\/03\/cropped-logo_new-1.png","width":881,"height":685,"caption":"Blog do Farn\u00e9sio"},"image":{"@id":"https:\/\/blogdofarnesio.com.br\/#\/schema\/logo\/image\/"},"sameAs":["https:\/\/www.facebook.com\/BlogQuerSaberPolitica\/"]},{"@type":"Person","@id":"https:\/\/blogdofarnesio.com.br\/#\/schema\/person\/dd1bf5eba40b687199ba45ca6b97dff9","name":"teste","image":{"@type":"ImageObject","inLanguage":"pt-BR","@id":"https:\/\/secure.gravatar.com\/avatar\/2172498d4914b51e1d89a0f97957b035ac4938723a5cac208135d389b6972a6d?s=96&d=mm&r=g","url":"https:\/\/secure.gravatar.com\/avatar\/2172498d4914b51e1d89a0f97957b035ac4938723a5cac208135d389b6972a6d?s=96&d=mm&r=g","contentUrl":"https:\/\/secure.gravatar.com\/avatar\/2172498d4914b51e1d89a0f97957b035ac4938723a5cac208135d389b6972a6d?s=96&d=mm&r=g","caption":"teste"},"url":"https:\/\/blogdofarnesio.com.br\/?author=3"}]}},"_links":{"self":[{"href":"https:\/\/blogdofarnesio.com.br\/index.php?rest_route=\/wp\/v2\/posts\/70343","targetHints":{"allow":["GET"]}}],"collection":[{"href":"https:\/\/blogdofarnesio.com.br\/index.php?rest_route=\/wp\/v2\/posts"}],"about":[{"href":"https:\/\/blogdofarnesio.com.br\/index.php?rest_route=\/wp\/v2\/types\/post"}],"author":[{"embeddable":true,"href":"https:\/\/blogdofarnesio.com.br\/index.php?rest_route=\/wp\/v2\/users\/3"}],"replies":[{"embeddable":true,"href":"https:\/\/blogdofarnesio.com.br\/index.php?rest_route=%2Fwp%2Fv2%2Fcomments&post=70343"}],"version-history":[{"count":0,"href":"https:\/\/blogdofarnesio.com.br\/index.php?rest_route=\/wp\/v2\/posts\/70343\/revisions"}],"wp:attachment":[{"href":"https:\/\/blogdofarnesio.com.br\/index.php?rest_route=%2Fwp%2Fv2%2Fmedia&parent=70343"}],"wp:term":[{"taxonomy":"category","embeddable":true,"href":"https:\/\/blogdofarnesio.com.br\/index.php?rest_route=%2Fwp%2Fv2%2Fcategories&post=70343"},{"taxonomy":"post_tag","embeddable":true,"href":"https:\/\/blogdofarnesio.com.br\/index.php?rest_route=%2Fwp%2Fv2%2Ftags&post=70343"}],"curies":[{"name":"wp","href":"https:\/\/api.w.org\/{rel}","templated":true}]}}