{"id":70322,"date":"2014-01-21T08:06:03","date_gmt":"2014-01-21T11:06:03","guid":{"rendered":"http:\/\/www.quersaberpolitica.com.br\/?p=70322"},"modified":"2014-01-20T19:07:43","modified_gmt":"2014-01-20T22:07:43","slug":"direto-de-jacobina-9","status":"publish","type":"post","link":"https:\/\/blogdofarnesio.com.br\/?p=70322","title":{"rendered":"DIRETO DE JACOBINA"},"content":{"rendered":"<p><strong>LEITOR DENUNCIA REPRESS\u00c3O SOFRIDA PELA EMPRESA \u00a0JMC &#8211; YAMANA GOLD<\/strong><span style=\"text-align: justify\">&#8220;<\/span><\/p>\n<p><img loading=\"lazy\" decoding=\"async\" class=\"alignleft size-full wp-image-40475\" alt=\"blogqspdenuncia\" src=\"http:\/\/www.quersaberpolitica.com.br\/2016\/wp-content\/uploads\/2013\/05\/blogqspdenuncia.jpg\" width=\"276\" height=\"183\" \/><\/p>\n<p style=\"text-align: justify\"><span style=\"text-align: justify\">Sou Amauri Marcos Costa de Morais, conhecido em Jacobina &#8211; BA como Leitura. Venho atrav\u00e9s deste e em diante tanta deturpa\u00e7\u00e3o, causada por persegui\u00e7\u00e3o de gestores da Jacobina Minera\u00e7\u00e3o e Com\u00e9rcio &#8211; JMC &#8211; YAMANA GOLD bloqueando os meus diretos a busca a um Novo Trabalho, e filhos meus sendo cortado de faculdades por quest\u00e3o financeiras&#8230; Tudo pelo fato de minha pessoa ter denunciado a empresa em 2011 e a mesma ter sido autuada e multada&#8230;<\/span><\/p>\n<p style=\"text-align: justify\">Na verdade, n\u00e3o sei nem como come\u00e7ar o que realmente quero passar pra a Vossa Excel\u00eancia, pois me sinto muito triste e sem acendimento pra nada! Perante as in\u00fameras e constantes injusti\u00e7as a serem cometidas frequentemente e, todos os anos! Por\u00e9m, acredito-me que se eu fosse um filho de uma autoridade, este fato j\u00e1 teria sido investigado e o culpado punido por criar um Tr\u00e1fico de Influencias, impedindo meu regresso ao Mercado de Trabalho&#8230; E tem mais ainda! Ter que ouvir recentemente, em uma R\u00e1dio FM local palavra bem clara do mais Novo Gerente Geral.<\/p>\n<p style=\"text-align: justify\">\u00a0\u201cQue eu esque\u00e7a o arco da minera\u00e7\u00e3o, pois meus colegas de trabalhos n\u00e3o se afinam comigo!\u201d Isto \u00e9, invertendo os fatos, pois o motivo da minha demiss\u00e3o foi o fato de proteger uma Nascente de um Rio, ou melhor, defender o Meio Ambiente! E o pr\u00f3prio Sistema da Yamana de Gest\u00e3o \u2013 O SYG! Registrado no dia a dia nas ocorr\u00eancias como se define a pr\u00f3pria Pol\u00edtica de Gest\u00e3o e que diante estas circunst\u00e2ncias venho a me perguntar:<!--more--><\/p>\n<p style=\"text-align: justify\">_ At\u00e9 quando eu pagarei o pe\u00e7o por ter feito a coisa certa?&#8230;<\/p>\n<p style=\"text-align: justify\">_ Por onde anda meus direitos constitucionais?&#8230;<\/p>\n<p style=\"text-align: justify\">_ Ser\u00e1 que n\u00e3o passarei apenas de ser os ovos das \u201comeletes\u201d da vida?&#8230;<\/p>\n<p style=\"text-align: justify\">&#8230;Como se diz o velho ditado popular! Que n\u00e3o se faz uma boa omelete sem quebrar os ovos?&#8230;<\/p>\n<p style=\"text-align: justify\">Por\u00e9m! Hoje, 18 de janeiro de 2014 como se ver, faz 02 anos, 03 meses e 06 dias que o Sistema me persegue proibindo e estimulando como um todo, que outras empresas venham me contratar, entretanto, j\u00e1 de Atestado de Sa\u00fade Ocupacional &#8211; ASO em m\u00e3o e, apto para o trabalho em outras empresas sou proibido pela JMC &#8211; YAMANA GOLD, de trabalhar aqui em minha cidade e ou, em qualquer lugar do Brasil no ramo de minera\u00e7\u00e3o onde a mesma tem seus comandos! E influ\u00eancias; a empresa respons\u00e1vel pela retalia\u00e7\u00e3o contra a minha pessoa \u00e9 a: Jacobina Minera\u00e7\u00e3o e Com\u00e9rcio &#8211; YAMANA GOLD, localizada no Povoado do Itapicuru na cidade de Jacobina &#8211; BA. Seu CNPJ \u00e9: 42463174000130. Fones: (74) 3621 8012 \u2013 3621 8054, a mesma utiliza dos Meios de Comunica\u00e7\u00f5es assim como: Telefonemas, Imprensa e Reuni\u00f5es com gestores de outras empresas pra impedir o meu reingresso! E deixa bem claro que eu n\u00e3o sou bem aceito e estimulando as demais empresas a fazerem o mesmo! Em resumo &#8220;a cidade de Jacobina &#8211; BA&#8221; fecham dezenas de portas de emprego pra mim! Estou sendo, praticamente, destitu\u00eddo da cidade!<\/p>\n<p style=\"text-align: justify\">Eu s\u00f3 preciso de um trabalho! E quando encontro a JMC &#8211; Yamana Gold com sua influ\u00eancia n\u00e3o me deixa trabalhar!!!<\/p>\n<p style=\"text-align: justify\">&#8230;Por favor! Me mande uma equipe da \u00e1rea solicitada vim averiguar este fato de perto, eu n\u00e3o aguento mais tanto sofrimento e injusti\u00e7a!<\/p>\n<p style=\"text-align: justify\">&#8230; Ou\u00e7a-me! Fa\u00e7a algo em prol da minha situa\u00e7\u00e3o, no entanto, j\u00e1 me encontro em fase de suspiro final, me sentido um \u201cZ\u00e9 ningu\u00e9m\u201d diante tais circunst\u00e2ncias neste estado brasileiro causada por esta reclamada, pelo a qual, pro\u00edbe empresas prestadoras de servi\u00e7os ao grupo em todo estado brasileiro de me contratar!<\/p>\n<p style=\"text-align: justify\">Entretanto, aqui fica meu apre\u00e7o e conclui-se o meu pedido de solidariedade humana!&#8221;<\/p>\n","protected":false},"excerpt":{"rendered":"<p>LEITOR DENUNCIA REPRESS\u00c3O SOFRIDA PELA EMPRESA \u00a0JMC &#8211; YAMANA GOLD&#8220; Sou Amauri Marcos Costa de Morais, conhecido em Jacobina &#8211; BA como Leitura. Venho atrav\u00e9s deste e em diante tanta deturpa\u00e7\u00e3o, causada por persegui\u00e7\u00e3o de gestores da Jacobina Minera\u00e7\u00e3o e Com\u00e9rcio &#8211; JMC &#8211; YAMANA GOLD bloqueando os meus diretos a busca a um Novo Trabalho, e filhos meus sendo cortado de faculdades por quest\u00e3o financeiras&#8230; Tudo pelo fato de minha pessoa ter denunciado a empresa em 2011 e a mesma ter sido autuada e multada&#8230; Na verdade, n\u00e3o sei nem como come\u00e7ar o que realmente quero passar pra a Vossa Excel\u00eancia, pois me sinto muito triste e sem acendimento pra nada! Perante as in\u00fameras e constantes injusti\u00e7as a serem&hellip; <\/p>\n","protected":false},"author":3,"featured_media":0,"comment_status":"open","ping_status":"open","sticky":false,"template":"","format":"standard","meta":{"_acf_changed":false,"footnotes":""},"categories":[30,23],"tags":[],"class_list":["post-70322","post","type-post","status-publish","format-standard","hentry","category-artigo","category-justica"],"acf":[],"yoast_head":"<!-- This site is optimized with the Yoast SEO plugin v27.4 - https:\/\/yoast.com\/product\/yoast-seo-wordpress\/ -->\n<title>DIRETO DE JACOBINA  - Blog do Farn\u00e9sio<\/title>\n<meta name=\"robots\" content=\"index, follow, max-snippet:-1, max-image-preview:large, max-video-preview:-1\" \/>\n<link rel=\"canonical\" href=\"https:\/\/blogdofarnesio.com.br\/?p=70322\" \/>\n<meta property=\"og:locale\" content=\"pt_BR\" \/>\n<meta property=\"og:type\" content=\"article\" \/>\n<meta property=\"og:title\" content=\"DIRETO DE JACOBINA  - Blog do Farn\u00e9sio\" \/>\n<meta property=\"og:description\" content=\"LEITOR DENUNCIA REPRESS\u00c3O SOFRIDA PELA EMPRESA \u00a0JMC &#8211; YAMANA GOLD&#8220; Sou Amauri Marcos Costa de Morais, conhecido em Jacobina &#8211; BA como Leitura. Venho atrav\u00e9s deste e em diante tanta deturpa\u00e7\u00e3o, causada por persegui\u00e7\u00e3o de gestores da Jacobina Minera\u00e7\u00e3o e Com\u00e9rcio &#8211; JMC &#8211; YAMANA GOLD bloqueando os meus diretos a busca a um Novo Trabalho, e filhos meus sendo cortado de faculdades por quest\u00e3o financeiras&#8230; Tudo pelo fato de minha pessoa ter denunciado a empresa em 2011 e a mesma ter sido autuada e multada&#8230; Na verdade, n\u00e3o sei nem como come\u00e7ar o que realmente quero passar pra a Vossa Excel\u00eancia, pois me sinto muito triste e sem acendimento pra nada! Perante as in\u00fameras e constantes injusti\u00e7as a serem&hellip;\" \/>\n<meta property=\"og:url\" content=\"https:\/\/blogdofarnesio.com.br\/?p=70322\" \/>\n<meta property=\"og:site_name\" content=\"Blog do Farn\u00e9sio\" \/>\n<meta property=\"article:publisher\" content=\"https:\/\/www.facebook.com\/BlogQuerSaberPolitica\/\" \/>\n<meta property=\"article:published_time\" content=\"2014-01-21T11:06:03+00:00\" \/>\n<meta property=\"og:image\" content=\"http:\/\/www.quersaberpolitica.com.br\/2016\/wp-content\/uploads\/2013\/05\/blogqspdenuncia.jpg\" \/>\n<meta name=\"author\" content=\"teste\" \/>\n<meta name=\"twitter:card\" content=\"summary_large_image\" \/>\n<meta name=\"twitter:label1\" content=\"Escrito por\" \/>\n\t<meta name=\"twitter:data1\" content=\"teste\" \/>\n\t<meta name=\"twitter:label2\" content=\"Est. tempo de leitura\" \/>\n\t<meta name=\"twitter:data2\" content=\"3 minutos\" \/>\n<script type=\"application\/ld+json\" class=\"yoast-schema-graph\">{\"@context\":\"https:\\\/\\\/schema.org\",\"@graph\":[{\"@type\":\"Article\",\"@id\":\"https:\\\/\\\/blogdofarnesio.com.br\\\/?p=70322#article\",\"isPartOf\":{\"@id\":\"https:\\\/\\\/blogdofarnesio.com.br\\\/?p=70322\"},\"author\":{\"name\":\"teste\",\"@id\":\"https:\\\/\\\/blogdofarnesio.com.br\\\/#\\\/schema\\\/person\\\/dd1bf5eba40b687199ba45ca6b97dff9\"},\"headline\":\"DIRETO DE JACOBINA\",\"datePublished\":\"2014-01-21T11:06:03+00:00\",\"mainEntityOfPage\":{\"@id\":\"https:\\\/\\\/blogdofarnesio.com.br\\\/?p=70322\"},\"wordCount\":645,\"commentCount\":0,\"publisher\":{\"@id\":\"https:\\\/\\\/blogdofarnesio.com.br\\\/#organization\"},\"image\":{\"@id\":\"https:\\\/\\\/blogdofarnesio.com.br\\\/?p=70322#primaryimage\"},\"thumbnailUrl\":\"http:\\\/\\\/www.quersaberpolitica.com.br\\\/2016\\\/wp-content\\\/uploads\\\/2013\\\/05\\\/blogqspdenuncia.jpg\",\"articleSection\":[\"Artigo\",\"Justi\u00e7a\"],\"inLanguage\":\"pt-BR\",\"potentialAction\":[{\"@type\":\"CommentAction\",\"name\":\"Comment\",\"target\":[\"https:\\\/\\\/blogdofarnesio.com.br\\\/?p=70322#respond\"]}]},{\"@type\":\"WebPage\",\"@id\":\"https:\\\/\\\/blogdofarnesio.com.br\\\/?p=70322\",\"url\":\"https:\\\/\\\/blogdofarnesio.com.br\\\/?p=70322\",\"name\":\"DIRETO DE JACOBINA - Blog do Farn\u00e9sio\",\"isPartOf\":{\"@id\":\"https:\\\/\\\/blogdofarnesio.com.br\\\/#website\"},\"primaryImageOfPage\":{\"@id\":\"https:\\\/\\\/blogdofarnesio.com.br\\\/?p=70322#primaryimage\"},\"image\":{\"@id\":\"https:\\\/\\\/blogdofarnesio.com.br\\\/?p=70322#primaryimage\"},\"thumbnailUrl\":\"http:\\\/\\\/www.quersaberpolitica.com.br\\\/2016\\\/wp-content\\\/uploads\\\/2013\\\/05\\\/blogqspdenuncia.jpg\",\"datePublished\":\"2014-01-21T11:06:03+00:00\",\"breadcrumb\":{\"@id\":\"https:\\\/\\\/blogdofarnesio.com.br\\\/?p=70322#breadcrumb\"},\"inLanguage\":\"pt-BR\",\"potentialAction\":[{\"@type\":\"ReadAction\",\"target\":[\"https:\\\/\\\/blogdofarnesio.com.br\\\/?p=70322\"]}]},{\"@type\":\"ImageObject\",\"inLanguage\":\"pt-BR\",\"@id\":\"https:\\\/\\\/blogdofarnesio.com.br\\\/?p=70322#primaryimage\",\"url\":\"http:\\\/\\\/www.quersaberpolitica.com.br\\\/2016\\\/wp-content\\\/uploads\\\/2013\\\/05\\\/blogqspdenuncia.jpg\",\"contentUrl\":\"http:\\\/\\\/www.quersaberpolitica.com.br\\\/2016\\\/wp-content\\\/uploads\\\/2013\\\/05\\\/blogqspdenuncia.jpg\"},{\"@type\":\"BreadcrumbList\",\"@id\":\"https:\\\/\\\/blogdofarnesio.com.br\\\/?p=70322#breadcrumb\",\"itemListElement\":[{\"@type\":\"ListItem\",\"position\":1,\"name\":\"In\u00edcio\",\"item\":\"https:\\\/\\\/blogdofarnesio.com.br\\\/\"},{\"@type\":\"ListItem\",\"position\":2,\"name\":\"DIRETO DE JACOBINA\"}]},{\"@type\":\"WebSite\",\"@id\":\"https:\\\/\\\/blogdofarnesio.com.br\\\/#website\",\"url\":\"https:\\\/\\\/blogdofarnesio.com.br\\\/\",\"name\":\"Blog do Farn\u00e9sio\",\"description\":\"Quer Saber Pol\u00edtica?\",\"publisher\":{\"@id\":\"https:\\\/\\\/blogdofarnesio.com.br\\\/#organization\"},\"potentialAction\":[{\"@type\":\"SearchAction\",\"target\":{\"@type\":\"EntryPoint\",\"urlTemplate\":\"https:\\\/\\\/blogdofarnesio.com.br\\\/?s={search_term_string}\"},\"query-input\":{\"@type\":\"PropertyValueSpecification\",\"valueRequired\":true,\"valueName\":\"search_term_string\"}}],\"inLanguage\":\"pt-BR\"},{\"@type\":\"Organization\",\"@id\":\"https:\\\/\\\/blogdofarnesio.com.br\\\/#organization\",\"name\":\"Blog do Farn\u00e9sio\",\"url\":\"https:\\\/\\\/blogdofarnesio.com.br\\\/\",\"logo\":{\"@type\":\"ImageObject\",\"inLanguage\":\"pt-BR\",\"@id\":\"https:\\\/\\\/blogdofarnesio.com.br\\\/#\\\/schema\\\/logo\\\/image\\\/\",\"url\":\"https:\\\/\\\/blogdofarnesio.com.br\\\/wp-content\\\/uploads\\\/2026\\\/03\\\/cropped-logo_new-1.png\",\"contentUrl\":\"https:\\\/\\\/blogdofarnesio.com.br\\\/wp-content\\\/uploads\\\/2026\\\/03\\\/cropped-logo_new-1.png\",\"width\":881,\"height\":685,\"caption\":\"Blog do Farn\u00e9sio\"},\"image\":{\"@id\":\"https:\\\/\\\/blogdofarnesio.com.br\\\/#\\\/schema\\\/logo\\\/image\\\/\"},\"sameAs\":[\"https:\\\/\\\/www.facebook.com\\\/BlogQuerSaberPolitica\\\/\"]},{\"@type\":\"Person\",\"@id\":\"https:\\\/\\\/blogdofarnesio.com.br\\\/#\\\/schema\\\/person\\\/dd1bf5eba40b687199ba45ca6b97dff9\",\"name\":\"teste\",\"image\":{\"@type\":\"ImageObject\",\"inLanguage\":\"pt-BR\",\"@id\":\"https:\\\/\\\/secure.gravatar.com\\\/avatar\\\/2172498d4914b51e1d89a0f97957b035ac4938723a5cac208135d389b6972a6d?s=96&d=mm&r=g\",\"url\":\"https:\\\/\\\/secure.gravatar.com\\\/avatar\\\/2172498d4914b51e1d89a0f97957b035ac4938723a5cac208135d389b6972a6d?s=96&d=mm&r=g\",\"contentUrl\":\"https:\\\/\\\/secure.gravatar.com\\\/avatar\\\/2172498d4914b51e1d89a0f97957b035ac4938723a5cac208135d389b6972a6d?s=96&d=mm&r=g\",\"caption\":\"teste\"},\"url\":\"https:\\\/\\\/blogdofarnesio.com.br\\\/?author=3\"}]}<\/script>\n<!-- \/ Yoast SEO plugin. -->","yoast_head_json":{"title":"DIRETO DE JACOBINA  - Blog do Farn\u00e9sio","robots":{"index":"index","follow":"follow","max-snippet":"max-snippet:-1","max-image-preview":"max-image-preview:large","max-video-preview":"max-video-preview:-1"},"canonical":"https:\/\/blogdofarnesio.com.br\/?p=70322","og_locale":"pt_BR","og_type":"article","og_title":"DIRETO DE JACOBINA  - Blog do Farn\u00e9sio","og_description":"LEITOR DENUNCIA REPRESS\u00c3O SOFRIDA PELA EMPRESA \u00a0JMC &#8211; YAMANA GOLD&#8220; Sou Amauri Marcos Costa de Morais, conhecido em Jacobina &#8211; BA como Leitura. Venho atrav\u00e9s deste e em diante tanta deturpa\u00e7\u00e3o, causada por persegui\u00e7\u00e3o de gestores da Jacobina Minera\u00e7\u00e3o e Com\u00e9rcio &#8211; JMC &#8211; YAMANA GOLD bloqueando os meus diretos a busca a um Novo Trabalho, e filhos meus sendo cortado de faculdades por quest\u00e3o financeiras&#8230; Tudo pelo fato de minha pessoa ter denunciado a empresa em 2011 e a mesma ter sido autuada e multada&#8230; Na verdade, n\u00e3o sei nem como come\u00e7ar o que realmente quero passar pra a Vossa Excel\u00eancia, pois me sinto muito triste e sem acendimento pra nada! Perante as in\u00fameras e constantes injusti\u00e7as a serem&hellip;","og_url":"https:\/\/blogdofarnesio.com.br\/?p=70322","og_site_name":"Blog do Farn\u00e9sio","article_publisher":"https:\/\/www.facebook.com\/BlogQuerSaberPolitica\/","article_published_time":"2014-01-21T11:06:03+00:00","og_image":[{"url":"http:\/\/www.quersaberpolitica.com.br\/2016\/wp-content\/uploads\/2013\/05\/blogqspdenuncia.jpg","type":"","width":"","height":""}],"author":"teste","twitter_card":"summary_large_image","twitter_misc":{"Escrito por":"teste","Est. tempo de leitura":"3 minutos"},"schema":{"@context":"https:\/\/schema.org","@graph":[{"@type":"Article","@id":"https:\/\/blogdofarnesio.com.br\/?p=70322#article","isPartOf":{"@id":"https:\/\/blogdofarnesio.com.br\/?p=70322"},"author":{"name":"teste","@id":"https:\/\/blogdofarnesio.com.br\/#\/schema\/person\/dd1bf5eba40b687199ba45ca6b97dff9"},"headline":"DIRETO DE JACOBINA","datePublished":"2014-01-21T11:06:03+00:00","mainEntityOfPage":{"@id":"https:\/\/blogdofarnesio.com.br\/?p=70322"},"wordCount":645,"commentCount":0,"publisher":{"@id":"https:\/\/blogdofarnesio.com.br\/#organization"},"image":{"@id":"https:\/\/blogdofarnesio.com.br\/?p=70322#primaryimage"},"thumbnailUrl":"http:\/\/www.quersaberpolitica.com.br\/2016\/wp-content\/uploads\/2013\/05\/blogqspdenuncia.jpg","articleSection":["Artigo","Justi\u00e7a"],"inLanguage":"pt-BR","potentialAction":[{"@type":"CommentAction","name":"Comment","target":["https:\/\/blogdofarnesio.com.br\/?p=70322#respond"]}]},{"@type":"WebPage","@id":"https:\/\/blogdofarnesio.com.br\/?p=70322","url":"https:\/\/blogdofarnesio.com.br\/?p=70322","name":"DIRETO DE JACOBINA - Blog do Farn\u00e9sio","isPartOf":{"@id":"https:\/\/blogdofarnesio.com.br\/#website"},"primaryImageOfPage":{"@id":"https:\/\/blogdofarnesio.com.br\/?p=70322#primaryimage"},"image":{"@id":"https:\/\/blogdofarnesio.com.br\/?p=70322#primaryimage"},"thumbnailUrl":"http:\/\/www.quersaberpolitica.com.br\/2016\/wp-content\/uploads\/2013\/05\/blogqspdenuncia.jpg","datePublished":"2014-01-21T11:06:03+00:00","breadcrumb":{"@id":"https:\/\/blogdofarnesio.com.br\/?p=70322#breadcrumb"},"inLanguage":"pt-BR","potentialAction":[{"@type":"ReadAction","target":["https:\/\/blogdofarnesio.com.br\/?p=70322"]}]},{"@type":"ImageObject","inLanguage":"pt-BR","@id":"https:\/\/blogdofarnesio.com.br\/?p=70322#primaryimage","url":"http:\/\/www.quersaberpolitica.com.br\/2016\/wp-content\/uploads\/2013\/05\/blogqspdenuncia.jpg","contentUrl":"http:\/\/www.quersaberpolitica.com.br\/2016\/wp-content\/uploads\/2013\/05\/blogqspdenuncia.jpg"},{"@type":"BreadcrumbList","@id":"https:\/\/blogdofarnesio.com.br\/?p=70322#breadcrumb","itemListElement":[{"@type":"ListItem","position":1,"name":"In\u00edcio","item":"https:\/\/blogdofarnesio.com.br\/"},{"@type":"ListItem","position":2,"name":"DIRETO DE JACOBINA"}]},{"@type":"WebSite","@id":"https:\/\/blogdofarnesio.com.br\/#website","url":"https:\/\/blogdofarnesio.com.br\/","name":"Blog do Farn\u00e9sio","description":"Quer Saber Pol\u00edtica?","publisher":{"@id":"https:\/\/blogdofarnesio.com.br\/#organization"},"potentialAction":[{"@type":"SearchAction","target":{"@type":"EntryPoint","urlTemplate":"https:\/\/blogdofarnesio.com.br\/?s={search_term_string}"},"query-input":{"@type":"PropertyValueSpecification","valueRequired":true,"valueName":"search_term_string"}}],"inLanguage":"pt-BR"},{"@type":"Organization","@id":"https:\/\/blogdofarnesio.com.br\/#organization","name":"Blog do Farn\u00e9sio","url":"https:\/\/blogdofarnesio.com.br\/","logo":{"@type":"ImageObject","inLanguage":"pt-BR","@id":"https:\/\/blogdofarnesio.com.br\/#\/schema\/logo\/image\/","url":"https:\/\/blogdofarnesio.com.br\/wp-content\/uploads\/2026\/03\/cropped-logo_new-1.png","contentUrl":"https:\/\/blogdofarnesio.com.br\/wp-content\/uploads\/2026\/03\/cropped-logo_new-1.png","width":881,"height":685,"caption":"Blog do Farn\u00e9sio"},"image":{"@id":"https:\/\/blogdofarnesio.com.br\/#\/schema\/logo\/image\/"},"sameAs":["https:\/\/www.facebook.com\/BlogQuerSaberPolitica\/"]},{"@type":"Person","@id":"https:\/\/blogdofarnesio.com.br\/#\/schema\/person\/dd1bf5eba40b687199ba45ca6b97dff9","name":"teste","image":{"@type":"ImageObject","inLanguage":"pt-BR","@id":"https:\/\/secure.gravatar.com\/avatar\/2172498d4914b51e1d89a0f97957b035ac4938723a5cac208135d389b6972a6d?s=96&d=mm&r=g","url":"https:\/\/secure.gravatar.com\/avatar\/2172498d4914b51e1d89a0f97957b035ac4938723a5cac208135d389b6972a6d?s=96&d=mm&r=g","contentUrl":"https:\/\/secure.gravatar.com\/avatar\/2172498d4914b51e1d89a0f97957b035ac4938723a5cac208135d389b6972a6d?s=96&d=mm&r=g","caption":"teste"},"url":"https:\/\/blogdofarnesio.com.br\/?author=3"}]}},"_links":{"self":[{"href":"https:\/\/blogdofarnesio.com.br\/index.php?rest_route=\/wp\/v2\/posts\/70322","targetHints":{"allow":["GET"]}}],"collection":[{"href":"https:\/\/blogdofarnesio.com.br\/index.php?rest_route=\/wp\/v2\/posts"}],"about":[{"href":"https:\/\/blogdofarnesio.com.br\/index.php?rest_route=\/wp\/v2\/types\/post"}],"author":[{"embeddable":true,"href":"https:\/\/blogdofarnesio.com.br\/index.php?rest_route=\/wp\/v2\/users\/3"}],"replies":[{"embeddable":true,"href":"https:\/\/blogdofarnesio.com.br\/index.php?rest_route=%2Fwp%2Fv2%2Fcomments&post=70322"}],"version-history":[{"count":0,"href":"https:\/\/blogdofarnesio.com.br\/index.php?rest_route=\/wp\/v2\/posts\/70322\/revisions"}],"wp:attachment":[{"href":"https:\/\/blogdofarnesio.com.br\/index.php?rest_route=%2Fwp%2Fv2%2Fmedia&parent=70322"}],"wp:term":[{"taxonomy":"category","embeddable":true,"href":"https:\/\/blogdofarnesio.com.br\/index.php?rest_route=%2Fwp%2Fv2%2Fcategories&post=70322"},{"taxonomy":"post_tag","embeddable":true,"href":"https:\/\/blogdofarnesio.com.br\/index.php?rest_route=%2Fwp%2Fv2%2Ftags&post=70322"}],"curies":[{"name":"wp","href":"https:\/\/api.w.org\/{rel}","templated":true}]}}