{"id":70306,"date":"2014-01-20T06:15:20","date_gmt":"2014-01-20T09:15:20","guid":{"rendered":"http:\/\/www.quersaberpolitica.com.br\/?p=70306"},"modified":"2014-01-19T19:38:56","modified_gmt":"2014-01-19T22:38:56","slug":"oab-divulgou-resultado-do-exame-da-ordem-confira-aqui","status":"publish","type":"post","link":"https:\/\/blogdofarnesio.com.br\/?p=70306","title":{"rendered":"OAB DIVULGOU RESULTADO DO EXAME DA ORDEM. CONFIRA AQUI"},"content":{"rendered":"<p style=\"text-align: justify\"><a href=\"http:\/\/www.quersaberpolitica.com.br\/2016\/wp-content\/uploads\/2013\/04\/blogqspoabgabarito-exame-ordem-2011-1.jpg\"><img loading=\"lazy\" decoding=\"async\" class=\"size-full wp-image-36217 alignleft\" alt=\"blogqspoabgabarito-exame-ordem-2011-1\" src=\"http:\/\/www.quersaberpolitica.com.br\/2016\/wp-content\/uploads\/2013\/04\/blogqspoabgabarito-exame-ordem-2011-1.jpg\" width=\"263\" height=\"283\" \/><\/a>O resultado final da primeira fase do XII Exame de Ordem Unificado da Ordem dos Advogados do Brasil (OAB) foi\u00a0<a href=\"http:\/\/www.oab.org.br\/arquivos\/resultado-definitivo-1-fase-geral-2-857914512.pdf\" target=\"_blank\"><strong>divulgado nesta \u00faltima sexta-feira<\/strong><\/a>\u00a0(17).<\/p>\n<p style=\"text-align: justify\">A lista de candidatos aprovados na prova objetiva j\u00e1 leva em conta as altera\u00e7\u00f5es decorrentes de recursos interpostos ap\u00f3s a libera\u00e7\u00e3o do resultado preliminar.<\/p>\n<p style=\"text-align: justify\">A segunda fase, que envolve a prova pr\u00e1tico-profissional, ser\u00e1 aplicada no dia 9 de fevereiro, a partir das 13h (hor\u00e1rio de Bras\u00edlia), em todo o pa\u00eds.<\/p>\n<p style=\"text-align: justify\">A prova \u00e9 composta de uma pe\u00e7a profissional e quatro perguntas discursivas, sob a forma de situa\u00e7\u00f5es-problema. Caso o candidato n\u00e3o seja aprovado nesta segunda fase, ele poder\u00e1 aproveitar a aprova\u00e7\u00e3o na primeira etapa e fazer apenas a prova pr\u00e1tico-profissional no pr\u00f3ximo Exame de Ordem.<\/p>\n<p style=\"text-align: justify\">O Exame de Ordem pode ser prestado por bachar\u00e9is de Direito ou alunos que cursam o \u00faltimo ano da gradua\u00e7\u00e3o, e \u00e9 condi\u00e7\u00e3o necess\u00e1ria para que o profissional possa advogar.<\/p>\n","protected":false},"excerpt":{"rendered":"<p>O resultado final da primeira fase do XII Exame de Ordem Unificado da Ordem dos Advogados do Brasil (OAB) foi\u00a0divulgado nesta \u00faltima sexta-feira\u00a0(17). A lista de candidatos aprovados na prova objetiva j\u00e1 leva em conta as altera\u00e7\u00f5es decorrentes de recursos interpostos ap\u00f3s a libera\u00e7\u00e3o do resultado preliminar. A segunda fase, que envolve a prova pr\u00e1tico-profissional, ser\u00e1 aplicada no dia 9 de fevereiro, a partir das 13h (hor\u00e1rio de Bras\u00edlia), em todo o pa\u00eds. A prova \u00e9 composta de uma pe\u00e7a profissional e quatro perguntas discursivas, sob a forma de situa\u00e7\u00f5es-problema. Caso o candidato n\u00e3o seja aprovado nesta segunda fase, ele poder\u00e1 aproveitar a aprova\u00e7\u00e3o na primeira etapa e fazer apenas a prova pr\u00e1tico-profissional no pr\u00f3ximo Exame de Ordem. O Exame&hellip; <\/p>\n","protected":false},"author":3,"featured_media":0,"comment_status":"open","ping_status":"open","sticky":false,"template":"","format":"standard","meta":{"_acf_changed":false,"footnotes":""},"categories":[23],"tags":[],"class_list":["post-70306","post","type-post","status-publish","format-standard","hentry","category-justica"],"acf":[],"yoast_head":"<!-- This site is optimized with the Yoast SEO plugin v27.4 - https:\/\/yoast.com\/product\/yoast-seo-wordpress\/ -->\n<title>OAB DIVULGOU RESULTADO DO EXAME DA ORDEM. CONFIRA AQUI - Blog do Farn\u00e9sio<\/title>\n<meta name=\"robots\" content=\"index, follow, max-snippet:-1, max-image-preview:large, max-video-preview:-1\" \/>\n<link rel=\"canonical\" href=\"https:\/\/blogdofarnesio.com.br\/?p=70306\" \/>\n<meta property=\"og:locale\" content=\"pt_BR\" \/>\n<meta property=\"og:type\" content=\"article\" \/>\n<meta property=\"og:title\" content=\"OAB DIVULGOU RESULTADO DO EXAME DA ORDEM. CONFIRA AQUI - Blog do Farn\u00e9sio\" \/>\n<meta property=\"og:description\" content=\"O resultado final da primeira fase do XII Exame de Ordem Unificado da Ordem dos Advogados do Brasil (OAB) foi\u00a0divulgado nesta \u00faltima sexta-feira\u00a0(17). A lista de candidatos aprovados na prova objetiva j\u00e1 leva em conta as altera\u00e7\u00f5es decorrentes de recursos interpostos ap\u00f3s a libera\u00e7\u00e3o do resultado preliminar. A segunda fase, que envolve a prova pr\u00e1tico-profissional, ser\u00e1 aplicada no dia 9 de fevereiro, a partir das 13h (hor\u00e1rio de Bras\u00edlia), em todo o pa\u00eds. A prova \u00e9 composta de uma pe\u00e7a profissional e quatro perguntas discursivas, sob a forma de situa\u00e7\u00f5es-problema. Caso o candidato n\u00e3o seja aprovado nesta segunda fase, ele poder\u00e1 aproveitar a aprova\u00e7\u00e3o na primeira etapa e fazer apenas a prova pr\u00e1tico-profissional no pr\u00f3ximo Exame de Ordem. O Exame&hellip;\" \/>\n<meta property=\"og:url\" content=\"https:\/\/blogdofarnesio.com.br\/?p=70306\" \/>\n<meta property=\"og:site_name\" content=\"Blog do Farn\u00e9sio\" \/>\n<meta property=\"article:publisher\" content=\"https:\/\/www.facebook.com\/BlogQuerSaberPolitica\/\" \/>\n<meta property=\"article:published_time\" content=\"2014-01-20T09:15:20+00:00\" \/>\n<meta property=\"og:image\" content=\"http:\/\/www.quersaberpolitica.com.br\/2016\/wp-content\/uploads\/2013\/04\/blogqspoabgabarito-exame-ordem-2011-1.jpg\" \/>\n<meta name=\"author\" content=\"teste\" \/>\n<meta name=\"twitter:card\" content=\"summary_large_image\" \/>\n<meta name=\"twitter:label1\" content=\"Escrito por\" \/>\n\t<meta name=\"twitter:data1\" content=\"teste\" \/>\n\t<meta name=\"twitter:label2\" content=\"Est. tempo de leitura\" \/>\n\t<meta name=\"twitter:data2\" content=\"1 minuto\" \/>\n<script type=\"application\/ld+json\" class=\"yoast-schema-graph\">{\"@context\":\"https:\\\/\\\/schema.org\",\"@graph\":[{\"@type\":\"Article\",\"@id\":\"https:\\\/\\\/blogdofarnesio.com.br\\\/?p=70306#article\",\"isPartOf\":{\"@id\":\"https:\\\/\\\/blogdofarnesio.com.br\\\/?p=70306\"},\"author\":{\"name\":\"teste\",\"@id\":\"https:\\\/\\\/blogdofarnesio.com.br\\\/#\\\/schema\\\/person\\\/dd1bf5eba40b687199ba45ca6b97dff9\"},\"headline\":\"OAB DIVULGOU RESULTADO DO EXAME DA ORDEM. CONFIRA AQUI\",\"datePublished\":\"2014-01-20T09:15:20+00:00\",\"mainEntityOfPage\":{\"@id\":\"https:\\\/\\\/blogdofarnesio.com.br\\\/?p=70306\"},\"wordCount\":172,\"commentCount\":0,\"publisher\":{\"@id\":\"https:\\\/\\\/blogdofarnesio.com.br\\\/#organization\"},\"image\":{\"@id\":\"https:\\\/\\\/blogdofarnesio.com.br\\\/?p=70306#primaryimage\"},\"thumbnailUrl\":\"http:\\\/\\\/www.quersaberpolitica.com.br\\\/2016\\\/wp-content\\\/uploads\\\/2013\\\/04\\\/blogqspoabgabarito-exame-ordem-2011-1.jpg\",\"articleSection\":[\"Justi\u00e7a\"],\"inLanguage\":\"pt-BR\",\"potentialAction\":[{\"@type\":\"CommentAction\",\"name\":\"Comment\",\"target\":[\"https:\\\/\\\/blogdofarnesio.com.br\\\/?p=70306#respond\"]}]},{\"@type\":\"WebPage\",\"@id\":\"https:\\\/\\\/blogdofarnesio.com.br\\\/?p=70306\",\"url\":\"https:\\\/\\\/blogdofarnesio.com.br\\\/?p=70306\",\"name\":\"OAB DIVULGOU RESULTADO DO EXAME DA ORDEM. CONFIRA AQUI - Blog do Farn\u00e9sio\",\"isPartOf\":{\"@id\":\"https:\\\/\\\/blogdofarnesio.com.br\\\/#website\"},\"primaryImageOfPage\":{\"@id\":\"https:\\\/\\\/blogdofarnesio.com.br\\\/?p=70306#primaryimage\"},\"image\":{\"@id\":\"https:\\\/\\\/blogdofarnesio.com.br\\\/?p=70306#primaryimage\"},\"thumbnailUrl\":\"http:\\\/\\\/www.quersaberpolitica.com.br\\\/2016\\\/wp-content\\\/uploads\\\/2013\\\/04\\\/blogqspoabgabarito-exame-ordem-2011-1.jpg\",\"datePublished\":\"2014-01-20T09:15:20+00:00\",\"breadcrumb\":{\"@id\":\"https:\\\/\\\/blogdofarnesio.com.br\\\/?p=70306#breadcrumb\"},\"inLanguage\":\"pt-BR\",\"potentialAction\":[{\"@type\":\"ReadAction\",\"target\":[\"https:\\\/\\\/blogdofarnesio.com.br\\\/?p=70306\"]}]},{\"@type\":\"ImageObject\",\"inLanguage\":\"pt-BR\",\"@id\":\"https:\\\/\\\/blogdofarnesio.com.br\\\/?p=70306#primaryimage\",\"url\":\"http:\\\/\\\/www.quersaberpolitica.com.br\\\/2016\\\/wp-content\\\/uploads\\\/2013\\\/04\\\/blogqspoabgabarito-exame-ordem-2011-1.jpg\",\"contentUrl\":\"http:\\\/\\\/www.quersaberpolitica.com.br\\\/2016\\\/wp-content\\\/uploads\\\/2013\\\/04\\\/blogqspoabgabarito-exame-ordem-2011-1.jpg\"},{\"@type\":\"BreadcrumbList\",\"@id\":\"https:\\\/\\\/blogdofarnesio.com.br\\\/?p=70306#breadcrumb\",\"itemListElement\":[{\"@type\":\"ListItem\",\"position\":1,\"name\":\"In\u00edcio\",\"item\":\"https:\\\/\\\/blogdofarnesio.com.br\\\/\"},{\"@type\":\"ListItem\",\"position\":2,\"name\":\"OAB DIVULGOU RESULTADO DO EXAME DA ORDEM. CONFIRA AQUI\"}]},{\"@type\":\"WebSite\",\"@id\":\"https:\\\/\\\/blogdofarnesio.com.br\\\/#website\",\"url\":\"https:\\\/\\\/blogdofarnesio.com.br\\\/\",\"name\":\"Blog do Farn\u00e9sio\",\"description\":\"Quer Saber Pol\u00edtica?\",\"publisher\":{\"@id\":\"https:\\\/\\\/blogdofarnesio.com.br\\\/#organization\"},\"potentialAction\":[{\"@type\":\"SearchAction\",\"target\":{\"@type\":\"EntryPoint\",\"urlTemplate\":\"https:\\\/\\\/blogdofarnesio.com.br\\\/?s={search_term_string}\"},\"query-input\":{\"@type\":\"PropertyValueSpecification\",\"valueRequired\":true,\"valueName\":\"search_term_string\"}}],\"inLanguage\":\"pt-BR\"},{\"@type\":\"Organization\",\"@id\":\"https:\\\/\\\/blogdofarnesio.com.br\\\/#organization\",\"name\":\"Blog do Farn\u00e9sio\",\"url\":\"https:\\\/\\\/blogdofarnesio.com.br\\\/\",\"logo\":{\"@type\":\"ImageObject\",\"inLanguage\":\"pt-BR\",\"@id\":\"https:\\\/\\\/blogdofarnesio.com.br\\\/#\\\/schema\\\/logo\\\/image\\\/\",\"url\":\"https:\\\/\\\/blogdofarnesio.com.br\\\/wp-content\\\/uploads\\\/2026\\\/03\\\/cropped-logo_new-1.png\",\"contentUrl\":\"https:\\\/\\\/blogdofarnesio.com.br\\\/wp-content\\\/uploads\\\/2026\\\/03\\\/cropped-logo_new-1.png\",\"width\":881,\"height\":685,\"caption\":\"Blog do Farn\u00e9sio\"},\"image\":{\"@id\":\"https:\\\/\\\/blogdofarnesio.com.br\\\/#\\\/schema\\\/logo\\\/image\\\/\"},\"sameAs\":[\"https:\\\/\\\/www.facebook.com\\\/BlogQuerSaberPolitica\\\/\"]},{\"@type\":\"Person\",\"@id\":\"https:\\\/\\\/blogdofarnesio.com.br\\\/#\\\/schema\\\/person\\\/dd1bf5eba40b687199ba45ca6b97dff9\",\"name\":\"teste\",\"image\":{\"@type\":\"ImageObject\",\"inLanguage\":\"pt-BR\",\"@id\":\"https:\\\/\\\/secure.gravatar.com\\\/avatar\\\/2172498d4914b51e1d89a0f97957b035ac4938723a5cac208135d389b6972a6d?s=96&d=mm&r=g\",\"url\":\"https:\\\/\\\/secure.gravatar.com\\\/avatar\\\/2172498d4914b51e1d89a0f97957b035ac4938723a5cac208135d389b6972a6d?s=96&d=mm&r=g\",\"contentUrl\":\"https:\\\/\\\/secure.gravatar.com\\\/avatar\\\/2172498d4914b51e1d89a0f97957b035ac4938723a5cac208135d389b6972a6d?s=96&d=mm&r=g\",\"caption\":\"teste\"},\"url\":\"https:\\\/\\\/blogdofarnesio.com.br\\\/?author=3\"}]}<\/script>\n<!-- \/ Yoast SEO plugin. -->","yoast_head_json":{"title":"OAB DIVULGOU RESULTADO DO EXAME DA ORDEM. CONFIRA AQUI - Blog do Farn\u00e9sio","robots":{"index":"index","follow":"follow","max-snippet":"max-snippet:-1","max-image-preview":"max-image-preview:large","max-video-preview":"max-video-preview:-1"},"canonical":"https:\/\/blogdofarnesio.com.br\/?p=70306","og_locale":"pt_BR","og_type":"article","og_title":"OAB DIVULGOU RESULTADO DO EXAME DA ORDEM. CONFIRA AQUI - Blog do Farn\u00e9sio","og_description":"O resultado final da primeira fase do XII Exame de Ordem Unificado da Ordem dos Advogados do Brasil (OAB) foi\u00a0divulgado nesta \u00faltima sexta-feira\u00a0(17). A lista de candidatos aprovados na prova objetiva j\u00e1 leva em conta as altera\u00e7\u00f5es decorrentes de recursos interpostos ap\u00f3s a libera\u00e7\u00e3o do resultado preliminar. A segunda fase, que envolve a prova pr\u00e1tico-profissional, ser\u00e1 aplicada no dia 9 de fevereiro, a partir das 13h (hor\u00e1rio de Bras\u00edlia), em todo o pa\u00eds. A prova \u00e9 composta de uma pe\u00e7a profissional e quatro perguntas discursivas, sob a forma de situa\u00e7\u00f5es-problema. Caso o candidato n\u00e3o seja aprovado nesta segunda fase, ele poder\u00e1 aproveitar a aprova\u00e7\u00e3o na primeira etapa e fazer apenas a prova pr\u00e1tico-profissional no pr\u00f3ximo Exame de Ordem. O Exame&hellip;","og_url":"https:\/\/blogdofarnesio.com.br\/?p=70306","og_site_name":"Blog do Farn\u00e9sio","article_publisher":"https:\/\/www.facebook.com\/BlogQuerSaberPolitica\/","article_published_time":"2014-01-20T09:15:20+00:00","og_image":[{"url":"http:\/\/www.quersaberpolitica.com.br\/2016\/wp-content\/uploads\/2013\/04\/blogqspoabgabarito-exame-ordem-2011-1.jpg","type":"","width":"","height":""}],"author":"teste","twitter_card":"summary_large_image","twitter_misc":{"Escrito por":"teste","Est. tempo de leitura":"1 minuto"},"schema":{"@context":"https:\/\/schema.org","@graph":[{"@type":"Article","@id":"https:\/\/blogdofarnesio.com.br\/?p=70306#article","isPartOf":{"@id":"https:\/\/blogdofarnesio.com.br\/?p=70306"},"author":{"name":"teste","@id":"https:\/\/blogdofarnesio.com.br\/#\/schema\/person\/dd1bf5eba40b687199ba45ca6b97dff9"},"headline":"OAB DIVULGOU RESULTADO DO EXAME DA ORDEM. CONFIRA AQUI","datePublished":"2014-01-20T09:15:20+00:00","mainEntityOfPage":{"@id":"https:\/\/blogdofarnesio.com.br\/?p=70306"},"wordCount":172,"commentCount":0,"publisher":{"@id":"https:\/\/blogdofarnesio.com.br\/#organization"},"image":{"@id":"https:\/\/blogdofarnesio.com.br\/?p=70306#primaryimage"},"thumbnailUrl":"http:\/\/www.quersaberpolitica.com.br\/2016\/wp-content\/uploads\/2013\/04\/blogqspoabgabarito-exame-ordem-2011-1.jpg","articleSection":["Justi\u00e7a"],"inLanguage":"pt-BR","potentialAction":[{"@type":"CommentAction","name":"Comment","target":["https:\/\/blogdofarnesio.com.br\/?p=70306#respond"]}]},{"@type":"WebPage","@id":"https:\/\/blogdofarnesio.com.br\/?p=70306","url":"https:\/\/blogdofarnesio.com.br\/?p=70306","name":"OAB DIVULGOU RESULTADO DO EXAME DA ORDEM. CONFIRA AQUI - Blog do Farn\u00e9sio","isPartOf":{"@id":"https:\/\/blogdofarnesio.com.br\/#website"},"primaryImageOfPage":{"@id":"https:\/\/blogdofarnesio.com.br\/?p=70306#primaryimage"},"image":{"@id":"https:\/\/blogdofarnesio.com.br\/?p=70306#primaryimage"},"thumbnailUrl":"http:\/\/www.quersaberpolitica.com.br\/2016\/wp-content\/uploads\/2013\/04\/blogqspoabgabarito-exame-ordem-2011-1.jpg","datePublished":"2014-01-20T09:15:20+00:00","breadcrumb":{"@id":"https:\/\/blogdofarnesio.com.br\/?p=70306#breadcrumb"},"inLanguage":"pt-BR","potentialAction":[{"@type":"ReadAction","target":["https:\/\/blogdofarnesio.com.br\/?p=70306"]}]},{"@type":"ImageObject","inLanguage":"pt-BR","@id":"https:\/\/blogdofarnesio.com.br\/?p=70306#primaryimage","url":"http:\/\/www.quersaberpolitica.com.br\/2016\/wp-content\/uploads\/2013\/04\/blogqspoabgabarito-exame-ordem-2011-1.jpg","contentUrl":"http:\/\/www.quersaberpolitica.com.br\/2016\/wp-content\/uploads\/2013\/04\/blogqspoabgabarito-exame-ordem-2011-1.jpg"},{"@type":"BreadcrumbList","@id":"https:\/\/blogdofarnesio.com.br\/?p=70306#breadcrumb","itemListElement":[{"@type":"ListItem","position":1,"name":"In\u00edcio","item":"https:\/\/blogdofarnesio.com.br\/"},{"@type":"ListItem","position":2,"name":"OAB DIVULGOU RESULTADO DO EXAME DA ORDEM. CONFIRA AQUI"}]},{"@type":"WebSite","@id":"https:\/\/blogdofarnesio.com.br\/#website","url":"https:\/\/blogdofarnesio.com.br\/","name":"Blog do Farn\u00e9sio","description":"Quer Saber Pol\u00edtica?","publisher":{"@id":"https:\/\/blogdofarnesio.com.br\/#organization"},"potentialAction":[{"@type":"SearchAction","target":{"@type":"EntryPoint","urlTemplate":"https:\/\/blogdofarnesio.com.br\/?s={search_term_string}"},"query-input":{"@type":"PropertyValueSpecification","valueRequired":true,"valueName":"search_term_string"}}],"inLanguage":"pt-BR"},{"@type":"Organization","@id":"https:\/\/blogdofarnesio.com.br\/#organization","name":"Blog do Farn\u00e9sio","url":"https:\/\/blogdofarnesio.com.br\/","logo":{"@type":"ImageObject","inLanguage":"pt-BR","@id":"https:\/\/blogdofarnesio.com.br\/#\/schema\/logo\/image\/","url":"https:\/\/blogdofarnesio.com.br\/wp-content\/uploads\/2026\/03\/cropped-logo_new-1.png","contentUrl":"https:\/\/blogdofarnesio.com.br\/wp-content\/uploads\/2026\/03\/cropped-logo_new-1.png","width":881,"height":685,"caption":"Blog do Farn\u00e9sio"},"image":{"@id":"https:\/\/blogdofarnesio.com.br\/#\/schema\/logo\/image\/"},"sameAs":["https:\/\/www.facebook.com\/BlogQuerSaberPolitica\/"]},{"@type":"Person","@id":"https:\/\/blogdofarnesio.com.br\/#\/schema\/person\/dd1bf5eba40b687199ba45ca6b97dff9","name":"teste","image":{"@type":"ImageObject","inLanguage":"pt-BR","@id":"https:\/\/secure.gravatar.com\/avatar\/2172498d4914b51e1d89a0f97957b035ac4938723a5cac208135d389b6972a6d?s=96&d=mm&r=g","url":"https:\/\/secure.gravatar.com\/avatar\/2172498d4914b51e1d89a0f97957b035ac4938723a5cac208135d389b6972a6d?s=96&d=mm&r=g","contentUrl":"https:\/\/secure.gravatar.com\/avatar\/2172498d4914b51e1d89a0f97957b035ac4938723a5cac208135d389b6972a6d?s=96&d=mm&r=g","caption":"teste"},"url":"https:\/\/blogdofarnesio.com.br\/?author=3"}]}},"_links":{"self":[{"href":"https:\/\/blogdofarnesio.com.br\/index.php?rest_route=\/wp\/v2\/posts\/70306","targetHints":{"allow":["GET"]}}],"collection":[{"href":"https:\/\/blogdofarnesio.com.br\/index.php?rest_route=\/wp\/v2\/posts"}],"about":[{"href":"https:\/\/blogdofarnesio.com.br\/index.php?rest_route=\/wp\/v2\/types\/post"}],"author":[{"embeddable":true,"href":"https:\/\/blogdofarnesio.com.br\/index.php?rest_route=\/wp\/v2\/users\/3"}],"replies":[{"embeddable":true,"href":"https:\/\/blogdofarnesio.com.br\/index.php?rest_route=%2Fwp%2Fv2%2Fcomments&post=70306"}],"version-history":[{"count":0,"href":"https:\/\/blogdofarnesio.com.br\/index.php?rest_route=\/wp\/v2\/posts\/70306\/revisions"}],"wp:attachment":[{"href":"https:\/\/blogdofarnesio.com.br\/index.php?rest_route=%2Fwp%2Fv2%2Fmedia&parent=70306"}],"wp:term":[{"taxonomy":"category","embeddable":true,"href":"https:\/\/blogdofarnesio.com.br\/index.php?rest_route=%2Fwp%2Fv2%2Fcategories&post=70306"},{"taxonomy":"post_tag","embeddable":true,"href":"https:\/\/blogdofarnesio.com.br\/index.php?rest_route=%2Fwp%2Fv2%2Ftags&post=70306"}],"curies":[{"name":"wp","href":"https:\/\/api.w.org\/{rel}","templated":true}]}}