{"id":70264,"date":"2014-01-20T08:33:39","date_gmt":"2014-01-20T11:33:39","guid":{"rendered":"http:\/\/www.quersaberpolitica.com.br\/?p=70264"},"modified":"2014-01-20T11:20:29","modified_gmt":"2014-01-20T14:20:29","slug":"direto-de-curaca-88","status":"publish","type":"post","link":"https:\/\/blogdofarnesio.com.br\/?p=70264","title":{"rendered":"DIRETO DE CURA\u00c7\u00c1"},"content":{"rendered":"<h3><strong>POVOADO DE S\u00c3O BENTO FESTEJA SEU PADROEIRO NESTA SEGUNDA- FEIRA<\/strong><\/h3>\n<div id=\"post-body-6461310797102658642\">\n<div style=\"text-align: justify\">\n<p><a href=\"http:\/\/www.quersaberpolitica.com.br\/2016\/wp-content\/uploads\/2014\/01\/blogqsps\u00e3osebasti\u00e3o.jpg\"><img loading=\"lazy\" decoding=\"async\" class=\"alignleft size-full wp-image-70267\" alt=\"blogqsps\u00e3osebasti\u00e3o\" src=\"http:\/\/www.quersaberpolitica.com.br\/2016\/wp-content\/uploads\/2014\/01\/blogqsps\u00e3osebasti\u00e3o.jpg\" width=\"225\" height=\"225\" srcset=\"https:\/\/blogdofarnesio.com.br\/wp-content\/uploads\/2014\/01\/blogqsps\u00e3osebasti\u00e3o.jpg 225w, https:\/\/blogdofarnesio.com.br\/wp-content\/uploads\/2014\/01\/blogqsps\u00e3osebasti\u00e3o-150x150.jpg 150w\" sizes=\"auto, (max-width: 225px) 100vw, 225px\" \/><\/a>O povoado de S\u00e3o Bento, em Cura\u00e7\u00e1\/BA, promove a festa em homenagem ao padroeiro local, S\u00e3o Sebasti\u00e3o, neste dia 20 de janeiro. Haver\u00e1 programa\u00e7\u00e3o religiosa, esportiva e festiva.<\/p>\n<\/div>\n<div style=\"text-align: justify\"><\/div>\n<div style=\"text-align: justify\">Ontem 19, pela manh\u00e3, aconteceu a abertura do Campeonato de Futebol Society no campo do Povoado com disputa entre as principais equipes de futebol da regi\u00e3o de S\u00e3o Bento, com apoio do Departamento Municipal de Esportes.<\/div>\n<div><\/div>\n<div style=\"text-align: justify\">Evidenciando o tema, \u201cCom S\u00e3o Sebasti\u00e3o proclamamos as bem-aventuran\u00e7as em nosso ch\u00e3o\u201d, os comunit\u00e1rios cat\u00f3licos planejaram para hoje dia 20, a seguinte programa\u00e7\u00e3o:<!--more--><\/div>\n<div style=\"text-align: justify\">12h \u2013 Of\u00edcio da Imaculada Concei\u00e7\u00e3o; 15h \u2013 prepara\u00e7\u00e3o dos pais, padrinhos e batizados com o padre Jo\u00e3o Mendes; 18h \u2013 sinos da \u2018Ave-Maria\u2019; 19h \u2013 Missa do Padroeiro, com coral Santa Cec\u00edlia e \u2018Prociss\u00e3o Luminosa\u2019 em \u00a0homenagem ao Santo, com a \u2018Ben\u00e7\u00e3o do Sant\u00edssimo\u2019.<\/div>\n<div style=\"text-align: justify\"><\/div>\n<div style=\"text-align: justify\">Os religiosos Jos\u00e9 Afonso, Maria da Penha, Jailson Torquarto, Roseny Barreto, Rita Barreto e Lita Brand\u00e3o anteciparam que j\u00e1 ouve a novena: levanta\u00e7\u00e3o da bandeira e noite da Sede do Povoado (11\/1), associa\u00e7\u00f5es (12\/1), Fam\u00edlias e idosos (13\/1), crian\u00e7as e jovens (14\/1), Projeto Mata Branca, IRPAA Ararinha Azul na natureza (15\/1), professores e estudantes (16\/1), criadores e vaqueiros (17\/1), comerciantes (18\/1) e filhos ausentes e artistas (19\/1).<\/div>\n<div><\/div>\n<div style=\"text-align: justify\">J\u00e1 esta noite de segunda, dia \u00a020, ap\u00f3s a cerim\u00f4nia religiosa que termina com a arranca\u00e7\u00e3o da bandeira do Santo e dos tradicionais leil\u00f5es, haver\u00e1 festa dan\u00e7ante, promovida pela Prefeitura Municipal de Cura\u00e7\u00e1, com o sanfoneiro \u2018Fl\u00e1vio Bai\u00e3o, \u00e0s 22h, e o encerramento da Festa do povoado de S\u00e3o Bento ser\u00e1 feito pelo cantor Cassiano Ricardo, conforme revelou o Administrador Distrital de S\u00e3o Bento, Janilson Brand\u00e3o.<\/div>\n<div><\/div>\n<div>S\u00e3o Bento fica a 37 km de Cura\u00e7\u00e1 pela estrada Cura\u00e7\u00e1 a Patamut\u00e9. Os festejos a S\u00e3o Sebasti\u00e3o s\u00e3o realizados desde 1916, conforme dados do Livro \u2018Caminhos de Cura\u00e7\u00e1\u2019, do escritor Esmeraldo L. Gon\u00e7alves.<\/div>\n<div><strong>Ascom\/Cura\u00e7\u00e1<\/strong><\/div>\n<\/div>\n","protected":false},"excerpt":{"rendered":"<p>POVOADO DE S\u00c3O BENTO FESTEJA SEU PADROEIRO NESTA SEGUNDA- FEIRA O povoado de S\u00e3o Bento, em Cura\u00e7\u00e1\/BA, promove a festa em homenagem ao padroeiro local, S\u00e3o Sebasti\u00e3o, neste dia 20 de janeiro. Haver\u00e1 programa\u00e7\u00e3o religiosa, esportiva e festiva. Ontem 19, pela manh\u00e3, aconteceu a abertura do Campeonato de Futebol Society no campo do Povoado com disputa entre as principais equipes de futebol da regi\u00e3o de S\u00e3o Bento, com apoio do Departamento Municipal de Esportes. Evidenciando o tema, \u201cCom S\u00e3o Sebasti\u00e3o proclamamos as bem-aventuran\u00e7as em nosso ch\u00e3o\u201d, os comunit\u00e1rios cat\u00f3licos planejaram para hoje dia 20, a seguinte programa\u00e7\u00e3o:<\/p>\n","protected":false},"author":3,"featured_media":0,"comment_status":"open","ping_status":"open","sticky":false,"template":"","format":"standard","meta":{"_acf_changed":false,"footnotes":""},"categories":[27],"tags":[],"class_list":["post-70264","post","type-post","status-publish","format-standard","hentry","category-cidades"],"acf":[],"yoast_head":"<!-- This site is optimized with the Yoast SEO plugin v27.4 - https:\/\/yoast.com\/product\/yoast-seo-wordpress\/ -->\n<title>DIRETO DE CURA\u00c7\u00c1 - Blog do Farn\u00e9sio<\/title>\n<meta name=\"robots\" content=\"index, follow, max-snippet:-1, max-image-preview:large, max-video-preview:-1\" \/>\n<link rel=\"canonical\" href=\"https:\/\/blogdofarnesio.com.br\/?p=70264\" \/>\n<meta property=\"og:locale\" content=\"pt_BR\" \/>\n<meta property=\"og:type\" content=\"article\" \/>\n<meta property=\"og:title\" content=\"DIRETO DE CURA\u00c7\u00c1 - Blog do Farn\u00e9sio\" \/>\n<meta property=\"og:description\" content=\"POVOADO DE S\u00c3O BENTO FESTEJA SEU PADROEIRO NESTA SEGUNDA- FEIRA O povoado de S\u00e3o Bento, em Cura\u00e7\u00e1\/BA, promove a festa em homenagem ao padroeiro local, S\u00e3o Sebasti\u00e3o, neste dia 20 de janeiro. Haver\u00e1 programa\u00e7\u00e3o religiosa, esportiva e festiva. Ontem 19, pela manh\u00e3, aconteceu a abertura do Campeonato de Futebol Society no campo do Povoado com disputa entre as principais equipes de futebol da regi\u00e3o de S\u00e3o Bento, com apoio do Departamento Municipal de Esportes. Evidenciando o tema, \u201cCom S\u00e3o Sebasti\u00e3o proclamamos as bem-aventuran\u00e7as em nosso ch\u00e3o\u201d, os comunit\u00e1rios cat\u00f3licos planejaram para hoje dia 20, a seguinte programa\u00e7\u00e3o:\" \/>\n<meta property=\"og:url\" content=\"https:\/\/blogdofarnesio.com.br\/?p=70264\" \/>\n<meta property=\"og:site_name\" content=\"Blog do Farn\u00e9sio\" \/>\n<meta property=\"article:publisher\" content=\"https:\/\/www.facebook.com\/BlogQuerSaberPolitica\/\" \/>\n<meta property=\"article:published_time\" content=\"2014-01-20T11:33:39+00:00\" \/>\n<meta property=\"article:modified_time\" content=\"2014-01-20T14:20:29+00:00\" \/>\n<meta name=\"author\" content=\"teste\" \/>\n<meta name=\"twitter:card\" content=\"summary_large_image\" \/>\n<meta name=\"twitter:label1\" content=\"Escrito por\" \/>\n\t<meta name=\"twitter:data1\" content=\"teste\" \/>\n\t<meta name=\"twitter:label2\" content=\"Est. tempo de leitura\" \/>\n\t<meta name=\"twitter:data2\" content=\"2 minutos\" \/>\n<script type=\"application\/ld+json\" class=\"yoast-schema-graph\">{\"@context\":\"https:\\\/\\\/schema.org\",\"@graph\":[{\"@type\":\"Article\",\"@id\":\"https:\\\/\\\/blogdofarnesio.com.br\\\/?p=70264#article\",\"isPartOf\":{\"@id\":\"https:\\\/\\\/blogdofarnesio.com.br\\\/?p=70264\"},\"author\":{\"name\":\"teste\",\"@id\":\"https:\\\/\\\/blogdofarnesio.com.br\\\/#\\\/schema\\\/person\\\/dd1bf5eba40b687199ba45ca6b97dff9\"},\"headline\":\"DIRETO DE CURA\u00c7\u00c1\",\"datePublished\":\"2014-01-20T11:33:39+00:00\",\"dateModified\":\"2014-01-20T14:20:29+00:00\",\"mainEntityOfPage\":{\"@id\":\"https:\\\/\\\/blogdofarnesio.com.br\\\/?p=70264\"},\"wordCount\":338,\"commentCount\":2,\"publisher\":{\"@id\":\"https:\\\/\\\/blogdofarnesio.com.br\\\/#organization\"},\"articleSection\":[\"Cidades\"],\"inLanguage\":\"pt-BR\",\"potentialAction\":[{\"@type\":\"CommentAction\",\"name\":\"Comment\",\"target\":[\"https:\\\/\\\/blogdofarnesio.com.br\\\/?p=70264#respond\"]}]},{\"@type\":\"WebPage\",\"@id\":\"https:\\\/\\\/blogdofarnesio.com.br\\\/?p=70264\",\"url\":\"https:\\\/\\\/blogdofarnesio.com.br\\\/?p=70264\",\"name\":\"DIRETO DE CURA\u00c7\u00c1 - Blog do Farn\u00e9sio\",\"isPartOf\":{\"@id\":\"https:\\\/\\\/blogdofarnesio.com.br\\\/#website\"},\"datePublished\":\"2014-01-20T11:33:39+00:00\",\"dateModified\":\"2014-01-20T14:20:29+00:00\",\"breadcrumb\":{\"@id\":\"https:\\\/\\\/blogdofarnesio.com.br\\\/?p=70264#breadcrumb\"},\"inLanguage\":\"pt-BR\",\"potentialAction\":[{\"@type\":\"ReadAction\",\"target\":[\"https:\\\/\\\/blogdofarnesio.com.br\\\/?p=70264\"]}]},{\"@type\":\"BreadcrumbList\",\"@id\":\"https:\\\/\\\/blogdofarnesio.com.br\\\/?p=70264#breadcrumb\",\"itemListElement\":[{\"@type\":\"ListItem\",\"position\":1,\"name\":\"In\u00edcio\",\"item\":\"https:\\\/\\\/blogdofarnesio.com.br\\\/\"},{\"@type\":\"ListItem\",\"position\":2,\"name\":\"DIRETO DE CURA\u00c7\u00c1\"}]},{\"@type\":\"WebSite\",\"@id\":\"https:\\\/\\\/blogdofarnesio.com.br\\\/#website\",\"url\":\"https:\\\/\\\/blogdofarnesio.com.br\\\/\",\"name\":\"Blog do Farn\u00e9sio\",\"description\":\"Quer Saber Pol\u00edtica?\",\"publisher\":{\"@id\":\"https:\\\/\\\/blogdofarnesio.com.br\\\/#organization\"},\"potentialAction\":[{\"@type\":\"SearchAction\",\"target\":{\"@type\":\"EntryPoint\",\"urlTemplate\":\"https:\\\/\\\/blogdofarnesio.com.br\\\/?s={search_term_string}\"},\"query-input\":{\"@type\":\"PropertyValueSpecification\",\"valueRequired\":true,\"valueName\":\"search_term_string\"}}],\"inLanguage\":\"pt-BR\"},{\"@type\":\"Organization\",\"@id\":\"https:\\\/\\\/blogdofarnesio.com.br\\\/#organization\",\"name\":\"Blog do Farn\u00e9sio\",\"url\":\"https:\\\/\\\/blogdofarnesio.com.br\\\/\",\"logo\":{\"@type\":\"ImageObject\",\"inLanguage\":\"pt-BR\",\"@id\":\"https:\\\/\\\/blogdofarnesio.com.br\\\/#\\\/schema\\\/logo\\\/image\\\/\",\"url\":\"https:\\\/\\\/blogdofarnesio.com.br\\\/wp-content\\\/uploads\\\/2026\\\/03\\\/cropped-logo_new-1.png\",\"contentUrl\":\"https:\\\/\\\/blogdofarnesio.com.br\\\/wp-content\\\/uploads\\\/2026\\\/03\\\/cropped-logo_new-1.png\",\"width\":881,\"height\":685,\"caption\":\"Blog do Farn\u00e9sio\"},\"image\":{\"@id\":\"https:\\\/\\\/blogdofarnesio.com.br\\\/#\\\/schema\\\/logo\\\/image\\\/\"},\"sameAs\":[\"https:\\\/\\\/www.facebook.com\\\/BlogQuerSaberPolitica\\\/\"]},{\"@type\":\"Person\",\"@id\":\"https:\\\/\\\/blogdofarnesio.com.br\\\/#\\\/schema\\\/person\\\/dd1bf5eba40b687199ba45ca6b97dff9\",\"name\":\"teste\",\"image\":{\"@type\":\"ImageObject\",\"inLanguage\":\"pt-BR\",\"@id\":\"https:\\\/\\\/secure.gravatar.com\\\/avatar\\\/2172498d4914b51e1d89a0f97957b035ac4938723a5cac208135d389b6972a6d?s=96&d=mm&r=g\",\"url\":\"https:\\\/\\\/secure.gravatar.com\\\/avatar\\\/2172498d4914b51e1d89a0f97957b035ac4938723a5cac208135d389b6972a6d?s=96&d=mm&r=g\",\"contentUrl\":\"https:\\\/\\\/secure.gravatar.com\\\/avatar\\\/2172498d4914b51e1d89a0f97957b035ac4938723a5cac208135d389b6972a6d?s=96&d=mm&r=g\",\"caption\":\"teste\"},\"url\":\"https:\\\/\\\/blogdofarnesio.com.br\\\/?author=3\"}]}<\/script>\n<!-- \/ Yoast SEO plugin. -->","yoast_head_json":{"title":"DIRETO DE CURA\u00c7\u00c1 - Blog do Farn\u00e9sio","robots":{"index":"index","follow":"follow","max-snippet":"max-snippet:-1","max-image-preview":"max-image-preview:large","max-video-preview":"max-video-preview:-1"},"canonical":"https:\/\/blogdofarnesio.com.br\/?p=70264","og_locale":"pt_BR","og_type":"article","og_title":"DIRETO DE CURA\u00c7\u00c1 - Blog do Farn\u00e9sio","og_description":"POVOADO DE S\u00c3O BENTO FESTEJA SEU PADROEIRO NESTA SEGUNDA- FEIRA O povoado de S\u00e3o Bento, em Cura\u00e7\u00e1\/BA, promove a festa em homenagem ao padroeiro local, S\u00e3o Sebasti\u00e3o, neste dia 20 de janeiro. Haver\u00e1 programa\u00e7\u00e3o religiosa, esportiva e festiva. Ontem 19, pela manh\u00e3, aconteceu a abertura do Campeonato de Futebol Society no campo do Povoado com disputa entre as principais equipes de futebol da regi\u00e3o de S\u00e3o Bento, com apoio do Departamento Municipal de Esportes. Evidenciando o tema, \u201cCom S\u00e3o Sebasti\u00e3o proclamamos as bem-aventuran\u00e7as em nosso ch\u00e3o\u201d, os comunit\u00e1rios cat\u00f3licos planejaram para hoje dia 20, a seguinte programa\u00e7\u00e3o:","og_url":"https:\/\/blogdofarnesio.com.br\/?p=70264","og_site_name":"Blog do Farn\u00e9sio","article_publisher":"https:\/\/www.facebook.com\/BlogQuerSaberPolitica\/","article_published_time":"2014-01-20T11:33:39+00:00","article_modified_time":"2014-01-20T14:20:29+00:00","author":"teste","twitter_card":"summary_large_image","twitter_misc":{"Escrito por":"teste","Est. tempo de leitura":"2 minutos"},"schema":{"@context":"https:\/\/schema.org","@graph":[{"@type":"Article","@id":"https:\/\/blogdofarnesio.com.br\/?p=70264#article","isPartOf":{"@id":"https:\/\/blogdofarnesio.com.br\/?p=70264"},"author":{"name":"teste","@id":"https:\/\/blogdofarnesio.com.br\/#\/schema\/person\/dd1bf5eba40b687199ba45ca6b97dff9"},"headline":"DIRETO DE CURA\u00c7\u00c1","datePublished":"2014-01-20T11:33:39+00:00","dateModified":"2014-01-20T14:20:29+00:00","mainEntityOfPage":{"@id":"https:\/\/blogdofarnesio.com.br\/?p=70264"},"wordCount":338,"commentCount":2,"publisher":{"@id":"https:\/\/blogdofarnesio.com.br\/#organization"},"articleSection":["Cidades"],"inLanguage":"pt-BR","potentialAction":[{"@type":"CommentAction","name":"Comment","target":["https:\/\/blogdofarnesio.com.br\/?p=70264#respond"]}]},{"@type":"WebPage","@id":"https:\/\/blogdofarnesio.com.br\/?p=70264","url":"https:\/\/blogdofarnesio.com.br\/?p=70264","name":"DIRETO DE CURA\u00c7\u00c1 - Blog do Farn\u00e9sio","isPartOf":{"@id":"https:\/\/blogdofarnesio.com.br\/#website"},"datePublished":"2014-01-20T11:33:39+00:00","dateModified":"2014-01-20T14:20:29+00:00","breadcrumb":{"@id":"https:\/\/blogdofarnesio.com.br\/?p=70264#breadcrumb"},"inLanguage":"pt-BR","potentialAction":[{"@type":"ReadAction","target":["https:\/\/blogdofarnesio.com.br\/?p=70264"]}]},{"@type":"BreadcrumbList","@id":"https:\/\/blogdofarnesio.com.br\/?p=70264#breadcrumb","itemListElement":[{"@type":"ListItem","position":1,"name":"In\u00edcio","item":"https:\/\/blogdofarnesio.com.br\/"},{"@type":"ListItem","position":2,"name":"DIRETO DE CURA\u00c7\u00c1"}]},{"@type":"WebSite","@id":"https:\/\/blogdofarnesio.com.br\/#website","url":"https:\/\/blogdofarnesio.com.br\/","name":"Blog do Farn\u00e9sio","description":"Quer Saber Pol\u00edtica?","publisher":{"@id":"https:\/\/blogdofarnesio.com.br\/#organization"},"potentialAction":[{"@type":"SearchAction","target":{"@type":"EntryPoint","urlTemplate":"https:\/\/blogdofarnesio.com.br\/?s={search_term_string}"},"query-input":{"@type":"PropertyValueSpecification","valueRequired":true,"valueName":"search_term_string"}}],"inLanguage":"pt-BR"},{"@type":"Organization","@id":"https:\/\/blogdofarnesio.com.br\/#organization","name":"Blog do Farn\u00e9sio","url":"https:\/\/blogdofarnesio.com.br\/","logo":{"@type":"ImageObject","inLanguage":"pt-BR","@id":"https:\/\/blogdofarnesio.com.br\/#\/schema\/logo\/image\/","url":"https:\/\/blogdofarnesio.com.br\/wp-content\/uploads\/2026\/03\/cropped-logo_new-1.png","contentUrl":"https:\/\/blogdofarnesio.com.br\/wp-content\/uploads\/2026\/03\/cropped-logo_new-1.png","width":881,"height":685,"caption":"Blog do Farn\u00e9sio"},"image":{"@id":"https:\/\/blogdofarnesio.com.br\/#\/schema\/logo\/image\/"},"sameAs":["https:\/\/www.facebook.com\/BlogQuerSaberPolitica\/"]},{"@type":"Person","@id":"https:\/\/blogdofarnesio.com.br\/#\/schema\/person\/dd1bf5eba40b687199ba45ca6b97dff9","name":"teste","image":{"@type":"ImageObject","inLanguage":"pt-BR","@id":"https:\/\/secure.gravatar.com\/avatar\/2172498d4914b51e1d89a0f97957b035ac4938723a5cac208135d389b6972a6d?s=96&d=mm&r=g","url":"https:\/\/secure.gravatar.com\/avatar\/2172498d4914b51e1d89a0f97957b035ac4938723a5cac208135d389b6972a6d?s=96&d=mm&r=g","contentUrl":"https:\/\/secure.gravatar.com\/avatar\/2172498d4914b51e1d89a0f97957b035ac4938723a5cac208135d389b6972a6d?s=96&d=mm&r=g","caption":"teste"},"url":"https:\/\/blogdofarnesio.com.br\/?author=3"}]}},"_links":{"self":[{"href":"https:\/\/blogdofarnesio.com.br\/index.php?rest_route=\/wp\/v2\/posts\/70264","targetHints":{"allow":["GET"]}}],"collection":[{"href":"https:\/\/blogdofarnesio.com.br\/index.php?rest_route=\/wp\/v2\/posts"}],"about":[{"href":"https:\/\/blogdofarnesio.com.br\/index.php?rest_route=\/wp\/v2\/types\/post"}],"author":[{"embeddable":true,"href":"https:\/\/blogdofarnesio.com.br\/index.php?rest_route=\/wp\/v2\/users\/3"}],"replies":[{"embeddable":true,"href":"https:\/\/blogdofarnesio.com.br\/index.php?rest_route=%2Fwp%2Fv2%2Fcomments&post=70264"}],"version-history":[{"count":0,"href":"https:\/\/blogdofarnesio.com.br\/index.php?rest_route=\/wp\/v2\/posts\/70264\/revisions"}],"wp:attachment":[{"href":"https:\/\/blogdofarnesio.com.br\/index.php?rest_route=%2Fwp%2Fv2%2Fmedia&parent=70264"}],"wp:term":[{"taxonomy":"category","embeddable":true,"href":"https:\/\/blogdofarnesio.com.br\/index.php?rest_route=%2Fwp%2Fv2%2Fcategories&post=70264"},{"taxonomy":"post_tag","embeddable":true,"href":"https:\/\/blogdofarnesio.com.br\/index.php?rest_route=%2Fwp%2Fv2%2Ftags&post=70264"}],"curies":[{"name":"wp","href":"https:\/\/api.w.org\/{rel}","templated":true}]}}