{"id":70229,"date":"2014-01-19T11:00:05","date_gmt":"2014-01-19T14:00:05","guid":{"rendered":"http:\/\/www.quersaberpolitica.com.br\/?p=70229"},"modified":"2014-01-19T08:51:12","modified_gmt":"2014-01-19T11:51:12","slug":"pernambuco-ja-trabalha-com-53-nucleos-de-estudos-de-genero-e-enfrentamento-da-violencia-contra-a-mulher","status":"publish","type":"post","link":"https:\/\/blogdofarnesio.com.br\/?p=70229","title":{"rendered":"PERNAMBUCO J\u00c1 TRABALHA COM 53 N\u00daCLEOS DE ESTUDOS DE G\u00caNERO E  ENFRENTAMENTO DA VIOL\u00caNCIA CONTRA A MULHER"},"content":{"rendered":"<p style=\"text-align: justify\"><a href=\"http:\/\/www.quersaberpolitica.com.br\/2016\/wp-content\/uploads\/2014\/01\/N\u00facleos-de-G\u00eanero.jpg\"><img loading=\"lazy\" decoding=\"async\" class=\"alignleft size-medium wp-image-70233\" alt=\"blogqspmulheresses \" src=\"http:\/\/www.quersaberpolitica.com.br\/2016\/wp-content\/uploads\/2014\/01\/N\u00facleos-de-G\u00eanero-300x213.jpg\" width=\"300\" height=\"213\" srcset=\"https:\/\/blogdofarnesio.com.br\/wp-content\/uploads\/2014\/01\/N\u00facleos-de-G\u00eanero-300x213.jpg 300w, https:\/\/blogdofarnesio.com.br\/wp-content\/uploads\/2014\/01\/N\u00facleos-de-G\u00eanero.jpg 400w\" sizes=\"auto, (max-width: 300px) 100vw, 300px\" \/><\/a>Escolas de Refer\u00eancia no Ensino M\u00e9dio (Erens) e Institutos de Ensino Superior (IES) devem iniciar o ano letivo com 53 N\u00facleos de G\u00eaneros e Enfrentamento da Viol\u00eancia contra a Mulher em atividade do Sert\u00e3o \u00e0 Regi\u00e3o Metropolitana do Recife.<\/p>\n<p style=\"text-align: justify\">O programa, desenvolvido pelo Governo do Estado, atrav\u00e9s da Secretaria da Mulher com o apoio da Secretaria de Educa\u00e7\u00e3o, estima \u00e0 implanta\u00e7\u00e3o de mais vinte n\u00facleos de estudos at\u00e9 o final deste ano.<\/p>\n<p style=\"text-align: justify\">A principal proposta dos grupos de estudo, que re\u00fanem profissionais e estudantes, \u00e9 a promo\u00e7\u00e3o de a\u00e7\u00f5es educativas que posam gerar uma nova consci\u00eancia de valoriza\u00e7\u00e3o da mulher, promovendo mudan\u00e7as na rela\u00e7\u00e3o entre alunos e alunas dentro e fora do ambiente educacional. Os n\u00facleos est\u00e3o distribu\u00eddos atualmente em 30 munic\u00edpios.<!--more--><\/p>\n<p style=\"text-align: justify\">Para isso, os n\u00facleos contam com uma s\u00e9rie de atividades incluindo estudos e pesquisas, cursos de extens\u00e3o, debates, f\u00f3runs, palestra, campanhas de enfrentamento \u00e0 viol\u00eancia dom\u00e9stica e familiar, al\u00e9m de assegurar apoio e parcerias com projetos que tratem de temas relacionados \u00e0 desigualdade de g\u00eanero. Em muitos casos s\u00e3o organizadas feiras, exposi\u00e7\u00f5es e workshops dentro das pr\u00f3prias unidades escolares, envolvendo, n\u00e3o apenas os alunos, mas a comunidade na qual elas est\u00e3o inseridas<\/p>\n<p style=\"text-align: justify\">A SecMulher iniciou um ciclo de oficinas com representantes dos n\u00facleos de Estudos de G\u00eanero dos Erems e de Institui\u00e7\u00f5es de Ensino Superior \u2013 IES. A primeira delas ocorreu recentemente em Recife e reuniu mais de cem participantes. O evento buscou aprofundar o conhecimento sobre as tem\u00e1ticas de g\u00eanero e enfrentamento da viol\u00eancia contra a mulher e promover a troca de informa\u00e7\u00f5es entre os participantes levando-os a refletir sobre o processo hist\u00f3rico-cultural e as influ\u00eancias no desenvolvimento das rela\u00e7\u00f5es entre homens e mulheres.<\/p>\n<p style=\"text-align: justify\">Os resultados obtidos desde a implanta\u00e7\u00e3o dos primeiros n\u00facleos de g\u00eanero t\u00eam sido t\u00e3o positivos, segundo a secret\u00e1ria da Mulher, Cristina Buarque, que a ideia \u00e9 instituir um curso de p\u00f3s-gradua\u00e7\u00e3o em estudo de g\u00eanero no Estado. Al\u00e9m disso, s\u00e3o realizados periodicamente palestras, debates e a forma\u00e7\u00e3o de grupos de trabalho, enfocando temas como: G\u00eanero e Viol\u00eancia contra a Mulher, e G\u00eanero e Ra\u00e7a. A previs\u00e3o \u00e9 de sejam realizados outros ciclos de oficinas, sempre promovendo debates dentro da tem\u00e1tica: g\u00eanero e direitos humanos, pol\u00edticas p\u00fablicas de g\u00eanero, entre outras.<\/p>\n<p style=\"text-align: justify\">\n","protected":false},"excerpt":{"rendered":"<p>Escolas de Refer\u00eancia no Ensino M\u00e9dio (Erens) e Institutos de Ensino Superior (IES) devem iniciar o ano letivo com 53 N\u00facleos de G\u00eaneros e Enfrentamento da Viol\u00eancia contra a Mulher em atividade do Sert\u00e3o \u00e0 Regi\u00e3o Metropolitana do Recife. O programa, desenvolvido pelo Governo do Estado, atrav\u00e9s da Secretaria da Mulher com o apoio da Secretaria de Educa\u00e7\u00e3o, estima \u00e0 implanta\u00e7\u00e3o de mais vinte n\u00facleos de estudos at\u00e9 o final deste ano. A principal proposta dos grupos de estudo, que re\u00fanem profissionais e estudantes, \u00e9 a promo\u00e7\u00e3o de a\u00e7\u00f5es educativas que posam gerar uma nova consci\u00eancia de valoriza\u00e7\u00e3o da mulher, promovendo mudan\u00e7as na rela\u00e7\u00e3o entre alunos e alunas dentro e fora do ambiente educacional. Os n\u00facleos est\u00e3o distribu\u00eddos atualmente em&hellip; <\/p>\n","protected":false},"author":3,"featured_media":0,"comment_status":"open","ping_status":"open","sticky":false,"template":"","format":"standard","meta":{"_acf_changed":false,"footnotes":""},"categories":[5],"tags":[],"class_list":["post-70229","post","type-post","status-publish","format-standard","hentry","category-seguranca"],"acf":[],"yoast_head":"<!-- This site is optimized with the Yoast SEO plugin v27.4 - https:\/\/yoast.com\/product\/yoast-seo-wordpress\/ -->\n<title>PERNAMBUCO J\u00c1 TRABALHA COM 53 N\u00daCLEOS DE ESTUDOS DE G\u00caNERO E ENFRENTAMENTO DA VIOL\u00caNCIA CONTRA A MULHER - Blog do Farn\u00e9sio<\/title>\n<meta name=\"robots\" content=\"index, follow, max-snippet:-1, max-image-preview:large, max-video-preview:-1\" \/>\n<link rel=\"canonical\" href=\"https:\/\/blogdofarnesio.com.br\/?p=70229\" \/>\n<meta property=\"og:locale\" content=\"pt_BR\" \/>\n<meta property=\"og:type\" content=\"article\" \/>\n<meta property=\"og:title\" content=\"PERNAMBUCO J\u00c1 TRABALHA COM 53 N\u00daCLEOS DE ESTUDOS DE G\u00caNERO E ENFRENTAMENTO DA VIOL\u00caNCIA CONTRA A MULHER - Blog do Farn\u00e9sio\" \/>\n<meta property=\"og:description\" content=\"Escolas de Refer\u00eancia no Ensino M\u00e9dio (Erens) e Institutos de Ensino Superior (IES) devem iniciar o ano letivo com 53 N\u00facleos de G\u00eaneros e Enfrentamento da Viol\u00eancia contra a Mulher em atividade do Sert\u00e3o \u00e0 Regi\u00e3o Metropolitana do Recife. O programa, desenvolvido pelo Governo do Estado, atrav\u00e9s da Secretaria da Mulher com o apoio da Secretaria de Educa\u00e7\u00e3o, estima \u00e0 implanta\u00e7\u00e3o de mais vinte n\u00facleos de estudos at\u00e9 o final deste ano. A principal proposta dos grupos de estudo, que re\u00fanem profissionais e estudantes, \u00e9 a promo\u00e7\u00e3o de a\u00e7\u00f5es educativas que posam gerar uma nova consci\u00eancia de valoriza\u00e7\u00e3o da mulher, promovendo mudan\u00e7as na rela\u00e7\u00e3o entre alunos e alunas dentro e fora do ambiente educacional. Os n\u00facleos est\u00e3o distribu\u00eddos atualmente em&hellip;\" \/>\n<meta property=\"og:url\" content=\"https:\/\/blogdofarnesio.com.br\/?p=70229\" \/>\n<meta property=\"og:site_name\" content=\"Blog do Farn\u00e9sio\" \/>\n<meta property=\"article:publisher\" content=\"https:\/\/www.facebook.com\/BlogQuerSaberPolitica\/\" \/>\n<meta property=\"article:published_time\" content=\"2014-01-19T14:00:05+00:00\" \/>\n<meta name=\"author\" content=\"teste\" \/>\n<meta name=\"twitter:card\" content=\"summary_large_image\" \/>\n<meta name=\"twitter:label1\" content=\"Escrito por\" \/>\n\t<meta name=\"twitter:data1\" content=\"teste\" \/>\n\t<meta name=\"twitter:label2\" content=\"Est. tempo de leitura\" \/>\n\t<meta name=\"twitter:data2\" content=\"2 minutos\" \/>\n<script type=\"application\/ld+json\" class=\"yoast-schema-graph\">{\"@context\":\"https:\\\/\\\/schema.org\",\"@graph\":[{\"@type\":\"Article\",\"@id\":\"https:\\\/\\\/blogdofarnesio.com.br\\\/?p=70229#article\",\"isPartOf\":{\"@id\":\"https:\\\/\\\/blogdofarnesio.com.br\\\/?p=70229\"},\"author\":{\"name\":\"teste\",\"@id\":\"https:\\\/\\\/blogdofarnesio.com.br\\\/#\\\/schema\\\/person\\\/dd1bf5eba40b687199ba45ca6b97dff9\"},\"headline\":\"PERNAMBUCO J\u00c1 TRABALHA COM 53 N\u00daCLEOS DE ESTUDOS DE G\u00caNERO E ENFRENTAMENTO DA VIOL\u00caNCIA CONTRA A MULHER\",\"datePublished\":\"2014-01-19T14:00:05+00:00\",\"mainEntityOfPage\":{\"@id\":\"https:\\\/\\\/blogdofarnesio.com.br\\\/?p=70229\"},\"wordCount\":443,\"commentCount\":0,\"publisher\":{\"@id\":\"https:\\\/\\\/blogdofarnesio.com.br\\\/#organization\"},\"articleSection\":[\"Seguran\u00e7a\"],\"inLanguage\":\"pt-BR\",\"potentialAction\":[{\"@type\":\"CommentAction\",\"name\":\"Comment\",\"target\":[\"https:\\\/\\\/blogdofarnesio.com.br\\\/?p=70229#respond\"]}]},{\"@type\":\"WebPage\",\"@id\":\"https:\\\/\\\/blogdofarnesio.com.br\\\/?p=70229\",\"url\":\"https:\\\/\\\/blogdofarnesio.com.br\\\/?p=70229\",\"name\":\"PERNAMBUCO J\u00c1 TRABALHA COM 53 N\u00daCLEOS DE ESTUDOS DE G\u00caNERO E ENFRENTAMENTO DA VIOL\u00caNCIA CONTRA A MULHER - Blog do Farn\u00e9sio\",\"isPartOf\":{\"@id\":\"https:\\\/\\\/blogdofarnesio.com.br\\\/#website\"},\"datePublished\":\"2014-01-19T14:00:05+00:00\",\"breadcrumb\":{\"@id\":\"https:\\\/\\\/blogdofarnesio.com.br\\\/?p=70229#breadcrumb\"},\"inLanguage\":\"pt-BR\",\"potentialAction\":[{\"@type\":\"ReadAction\",\"target\":[\"https:\\\/\\\/blogdofarnesio.com.br\\\/?p=70229\"]}]},{\"@type\":\"BreadcrumbList\",\"@id\":\"https:\\\/\\\/blogdofarnesio.com.br\\\/?p=70229#breadcrumb\",\"itemListElement\":[{\"@type\":\"ListItem\",\"position\":1,\"name\":\"In\u00edcio\",\"item\":\"https:\\\/\\\/blogdofarnesio.com.br\\\/\"},{\"@type\":\"ListItem\",\"position\":2,\"name\":\"PERNAMBUCO J\u00c1 TRABALHA COM 53 N\u00daCLEOS DE ESTUDOS DE G\u00caNERO E ENFRENTAMENTO DA VIOL\u00caNCIA CONTRA A MULHER\"}]},{\"@type\":\"WebSite\",\"@id\":\"https:\\\/\\\/blogdofarnesio.com.br\\\/#website\",\"url\":\"https:\\\/\\\/blogdofarnesio.com.br\\\/\",\"name\":\"Blog do Farn\u00e9sio\",\"description\":\"Quer Saber Pol\u00edtica?\",\"publisher\":{\"@id\":\"https:\\\/\\\/blogdofarnesio.com.br\\\/#organization\"},\"potentialAction\":[{\"@type\":\"SearchAction\",\"target\":{\"@type\":\"EntryPoint\",\"urlTemplate\":\"https:\\\/\\\/blogdofarnesio.com.br\\\/?s={search_term_string}\"},\"query-input\":{\"@type\":\"PropertyValueSpecification\",\"valueRequired\":true,\"valueName\":\"search_term_string\"}}],\"inLanguage\":\"pt-BR\"},{\"@type\":\"Organization\",\"@id\":\"https:\\\/\\\/blogdofarnesio.com.br\\\/#organization\",\"name\":\"Blog do Farn\u00e9sio\",\"url\":\"https:\\\/\\\/blogdofarnesio.com.br\\\/\",\"logo\":{\"@type\":\"ImageObject\",\"inLanguage\":\"pt-BR\",\"@id\":\"https:\\\/\\\/blogdofarnesio.com.br\\\/#\\\/schema\\\/logo\\\/image\\\/\",\"url\":\"https:\\\/\\\/blogdofarnesio.com.br\\\/wp-content\\\/uploads\\\/2026\\\/03\\\/cropped-logo_new-1.png\",\"contentUrl\":\"https:\\\/\\\/blogdofarnesio.com.br\\\/wp-content\\\/uploads\\\/2026\\\/03\\\/cropped-logo_new-1.png\",\"width\":881,\"height\":685,\"caption\":\"Blog do Farn\u00e9sio\"},\"image\":{\"@id\":\"https:\\\/\\\/blogdofarnesio.com.br\\\/#\\\/schema\\\/logo\\\/image\\\/\"},\"sameAs\":[\"https:\\\/\\\/www.facebook.com\\\/BlogQuerSaberPolitica\\\/\"]},{\"@type\":\"Person\",\"@id\":\"https:\\\/\\\/blogdofarnesio.com.br\\\/#\\\/schema\\\/person\\\/dd1bf5eba40b687199ba45ca6b97dff9\",\"name\":\"teste\",\"image\":{\"@type\":\"ImageObject\",\"inLanguage\":\"pt-BR\",\"@id\":\"https:\\\/\\\/secure.gravatar.com\\\/avatar\\\/2172498d4914b51e1d89a0f97957b035ac4938723a5cac208135d389b6972a6d?s=96&d=mm&r=g\",\"url\":\"https:\\\/\\\/secure.gravatar.com\\\/avatar\\\/2172498d4914b51e1d89a0f97957b035ac4938723a5cac208135d389b6972a6d?s=96&d=mm&r=g\",\"contentUrl\":\"https:\\\/\\\/secure.gravatar.com\\\/avatar\\\/2172498d4914b51e1d89a0f97957b035ac4938723a5cac208135d389b6972a6d?s=96&d=mm&r=g\",\"caption\":\"teste\"},\"url\":\"https:\\\/\\\/blogdofarnesio.com.br\\\/?author=3\"}]}<\/script>\n<!-- \/ Yoast SEO plugin. -->","yoast_head_json":{"title":"PERNAMBUCO J\u00c1 TRABALHA COM 53 N\u00daCLEOS DE ESTUDOS DE G\u00caNERO E ENFRENTAMENTO DA VIOL\u00caNCIA CONTRA A MULHER - Blog do Farn\u00e9sio","robots":{"index":"index","follow":"follow","max-snippet":"max-snippet:-1","max-image-preview":"max-image-preview:large","max-video-preview":"max-video-preview:-1"},"canonical":"https:\/\/blogdofarnesio.com.br\/?p=70229","og_locale":"pt_BR","og_type":"article","og_title":"PERNAMBUCO J\u00c1 TRABALHA COM 53 N\u00daCLEOS DE ESTUDOS DE G\u00caNERO E ENFRENTAMENTO DA VIOL\u00caNCIA CONTRA A MULHER - Blog do Farn\u00e9sio","og_description":"Escolas de Refer\u00eancia no Ensino M\u00e9dio (Erens) e Institutos de Ensino Superior (IES) devem iniciar o ano letivo com 53 N\u00facleos de G\u00eaneros e Enfrentamento da Viol\u00eancia contra a Mulher em atividade do Sert\u00e3o \u00e0 Regi\u00e3o Metropolitana do Recife. O programa, desenvolvido pelo Governo do Estado, atrav\u00e9s da Secretaria da Mulher com o apoio da Secretaria de Educa\u00e7\u00e3o, estima \u00e0 implanta\u00e7\u00e3o de mais vinte n\u00facleos de estudos at\u00e9 o final deste ano. A principal proposta dos grupos de estudo, que re\u00fanem profissionais e estudantes, \u00e9 a promo\u00e7\u00e3o de a\u00e7\u00f5es educativas que posam gerar uma nova consci\u00eancia de valoriza\u00e7\u00e3o da mulher, promovendo mudan\u00e7as na rela\u00e7\u00e3o entre alunos e alunas dentro e fora do ambiente educacional. Os n\u00facleos est\u00e3o distribu\u00eddos atualmente em&hellip;","og_url":"https:\/\/blogdofarnesio.com.br\/?p=70229","og_site_name":"Blog do Farn\u00e9sio","article_publisher":"https:\/\/www.facebook.com\/BlogQuerSaberPolitica\/","article_published_time":"2014-01-19T14:00:05+00:00","author":"teste","twitter_card":"summary_large_image","twitter_misc":{"Escrito por":"teste","Est. tempo de leitura":"2 minutos"},"schema":{"@context":"https:\/\/schema.org","@graph":[{"@type":"Article","@id":"https:\/\/blogdofarnesio.com.br\/?p=70229#article","isPartOf":{"@id":"https:\/\/blogdofarnesio.com.br\/?p=70229"},"author":{"name":"teste","@id":"https:\/\/blogdofarnesio.com.br\/#\/schema\/person\/dd1bf5eba40b687199ba45ca6b97dff9"},"headline":"PERNAMBUCO J\u00c1 TRABALHA COM 53 N\u00daCLEOS DE ESTUDOS DE G\u00caNERO E ENFRENTAMENTO DA VIOL\u00caNCIA CONTRA A MULHER","datePublished":"2014-01-19T14:00:05+00:00","mainEntityOfPage":{"@id":"https:\/\/blogdofarnesio.com.br\/?p=70229"},"wordCount":443,"commentCount":0,"publisher":{"@id":"https:\/\/blogdofarnesio.com.br\/#organization"},"articleSection":["Seguran\u00e7a"],"inLanguage":"pt-BR","potentialAction":[{"@type":"CommentAction","name":"Comment","target":["https:\/\/blogdofarnesio.com.br\/?p=70229#respond"]}]},{"@type":"WebPage","@id":"https:\/\/blogdofarnesio.com.br\/?p=70229","url":"https:\/\/blogdofarnesio.com.br\/?p=70229","name":"PERNAMBUCO J\u00c1 TRABALHA COM 53 N\u00daCLEOS DE ESTUDOS DE G\u00caNERO E ENFRENTAMENTO DA VIOL\u00caNCIA CONTRA A MULHER - Blog do Farn\u00e9sio","isPartOf":{"@id":"https:\/\/blogdofarnesio.com.br\/#website"},"datePublished":"2014-01-19T14:00:05+00:00","breadcrumb":{"@id":"https:\/\/blogdofarnesio.com.br\/?p=70229#breadcrumb"},"inLanguage":"pt-BR","potentialAction":[{"@type":"ReadAction","target":["https:\/\/blogdofarnesio.com.br\/?p=70229"]}]},{"@type":"BreadcrumbList","@id":"https:\/\/blogdofarnesio.com.br\/?p=70229#breadcrumb","itemListElement":[{"@type":"ListItem","position":1,"name":"In\u00edcio","item":"https:\/\/blogdofarnesio.com.br\/"},{"@type":"ListItem","position":2,"name":"PERNAMBUCO J\u00c1 TRABALHA COM 53 N\u00daCLEOS DE ESTUDOS DE G\u00caNERO E ENFRENTAMENTO DA VIOL\u00caNCIA CONTRA A MULHER"}]},{"@type":"WebSite","@id":"https:\/\/blogdofarnesio.com.br\/#website","url":"https:\/\/blogdofarnesio.com.br\/","name":"Blog do Farn\u00e9sio","description":"Quer Saber Pol\u00edtica?","publisher":{"@id":"https:\/\/blogdofarnesio.com.br\/#organization"},"potentialAction":[{"@type":"SearchAction","target":{"@type":"EntryPoint","urlTemplate":"https:\/\/blogdofarnesio.com.br\/?s={search_term_string}"},"query-input":{"@type":"PropertyValueSpecification","valueRequired":true,"valueName":"search_term_string"}}],"inLanguage":"pt-BR"},{"@type":"Organization","@id":"https:\/\/blogdofarnesio.com.br\/#organization","name":"Blog do Farn\u00e9sio","url":"https:\/\/blogdofarnesio.com.br\/","logo":{"@type":"ImageObject","inLanguage":"pt-BR","@id":"https:\/\/blogdofarnesio.com.br\/#\/schema\/logo\/image\/","url":"https:\/\/blogdofarnesio.com.br\/wp-content\/uploads\/2026\/03\/cropped-logo_new-1.png","contentUrl":"https:\/\/blogdofarnesio.com.br\/wp-content\/uploads\/2026\/03\/cropped-logo_new-1.png","width":881,"height":685,"caption":"Blog do Farn\u00e9sio"},"image":{"@id":"https:\/\/blogdofarnesio.com.br\/#\/schema\/logo\/image\/"},"sameAs":["https:\/\/www.facebook.com\/BlogQuerSaberPolitica\/"]},{"@type":"Person","@id":"https:\/\/blogdofarnesio.com.br\/#\/schema\/person\/dd1bf5eba40b687199ba45ca6b97dff9","name":"teste","image":{"@type":"ImageObject","inLanguage":"pt-BR","@id":"https:\/\/secure.gravatar.com\/avatar\/2172498d4914b51e1d89a0f97957b035ac4938723a5cac208135d389b6972a6d?s=96&d=mm&r=g","url":"https:\/\/secure.gravatar.com\/avatar\/2172498d4914b51e1d89a0f97957b035ac4938723a5cac208135d389b6972a6d?s=96&d=mm&r=g","contentUrl":"https:\/\/secure.gravatar.com\/avatar\/2172498d4914b51e1d89a0f97957b035ac4938723a5cac208135d389b6972a6d?s=96&d=mm&r=g","caption":"teste"},"url":"https:\/\/blogdofarnesio.com.br\/?author=3"}]}},"_links":{"self":[{"href":"https:\/\/blogdofarnesio.com.br\/index.php?rest_route=\/wp\/v2\/posts\/70229","targetHints":{"allow":["GET"]}}],"collection":[{"href":"https:\/\/blogdofarnesio.com.br\/index.php?rest_route=\/wp\/v2\/posts"}],"about":[{"href":"https:\/\/blogdofarnesio.com.br\/index.php?rest_route=\/wp\/v2\/types\/post"}],"author":[{"embeddable":true,"href":"https:\/\/blogdofarnesio.com.br\/index.php?rest_route=\/wp\/v2\/users\/3"}],"replies":[{"embeddable":true,"href":"https:\/\/blogdofarnesio.com.br\/index.php?rest_route=%2Fwp%2Fv2%2Fcomments&post=70229"}],"version-history":[{"count":0,"href":"https:\/\/blogdofarnesio.com.br\/index.php?rest_route=\/wp\/v2\/posts\/70229\/revisions"}],"wp:attachment":[{"href":"https:\/\/blogdofarnesio.com.br\/index.php?rest_route=%2Fwp%2Fv2%2Fmedia&parent=70229"}],"wp:term":[{"taxonomy":"category","embeddable":true,"href":"https:\/\/blogdofarnesio.com.br\/index.php?rest_route=%2Fwp%2Fv2%2Fcategories&post=70229"},{"taxonomy":"post_tag","embeddable":true,"href":"https:\/\/blogdofarnesio.com.br\/index.php?rest_route=%2Fwp%2Fv2%2Ftags&post=70229"}],"curies":[{"name":"wp","href":"https:\/\/api.w.org\/{rel}","templated":true}]}}