{"id":70220,"date":"2014-01-19T19:19:08","date_gmt":"2014-01-19T22:19:08","guid":{"rendered":"http:\/\/www.quersaberpolitica.com.br\/?p=70220"},"modified":"2014-01-19T19:19:08","modified_gmt":"2014-01-19T22:19:08","slug":"indice-de-vacinacao-contra-a-aftosa-pode-chegar-a-95","status":"publish","type":"post","link":"https:\/\/blogdofarnesio.com.br\/?p=70220","title":{"rendered":"\u00cdNDICE DE VACINA\u00c7\u00c3O CONTRA A AFTOSA PODE CHEGAR A 95%"},"content":{"rendered":"<p style=\"text-align: justify\"><a href=\"http:\/\/www.quersaberpolitica.com.br\/2016\/wp-content\/uploads\/2013\/05\/BLOGQSP.AFTOSA.jpg\"><img loading=\"lazy\" decoding=\"async\" class=\"alignleft size-full wp-image-42164\" alt=\"BLOGQSP.AFTOSA\" src=\"http:\/\/www.quersaberpolitica.com.br\/2016\/wp-content\/uploads\/2013\/05\/BLOGQSP.AFTOSA.jpg\" width=\"269\" height=\"187\" \/><\/a>O resultado da campanha de vacina\u00e7\u00e3o contra a Febre Aftosa na Bahia ser\u00e1 divulgado at\u00e9 segunda-feira (20) e j\u00e1 ultrapassa os 93%. A Ag\u00eancia de Defesa Agropecu\u00e1ria da Bahia (Adab) est\u00e1 finalizando a apura\u00e7\u00e3o, restando apenas duas das quinze coordenadorias regionais e o \u00edndice pode chegar a 95% dos mais de 4 milh\u00f5es de bovinos e bubalinos com idade at\u00e9 24 meses a serem vacinados. \u201cO \u00edndice de vacina\u00e7\u00e3o contra a Febre Aftosa j\u00e1 \u00e9 maior do que o resultado da primeira etapa de 2013\u201d, diz o secret\u00e1rio estadual da Agricultura, Eduardo Salles.<\/p>\n<p style=\"text-align: justify\">Na primeira etapa da campanha, realizada em maio de 2013, 91,15% dos animais foram imunizados, registrando um aumento de mais de 4 pontos percentuais. \u201cIsso s\u00f3 foi poss\u00edvel devido aos pecuaristas terem compreendido o esfor\u00e7o do governo do estado em cumprir com o papel de zelar pelo patrim\u00f4nio pecu\u00e1rio na Bahia, agindo em prol de toda comunidade rural no Estado e garantindo condi\u00e7\u00f5es mais favor\u00e1veis para que o pequeno produtor mantenha seu rebanho livre da aftosa\u201d, ressalta Salles.<!--more--><\/p>\n<p style=\"text-align: justify\">Para a segunda etapa de vacina\u00e7\u00e3o ocorrida em novembro de 2013, a Adab conseguiu, junto ao Minist\u00e9rio da Agricultura, unificar todo o Estado em apenas uma estrat\u00e9gia vacinal. A Zona de Prote\u00e7\u00e3o passou a vacinar apenas o rebanho jovem de 0 a 24 meses, assim como todos os outros munic\u00edpios da Bahia. Esta unifica\u00e7\u00e3o da Bahia representa a redu\u00e7\u00e3o direta da ordem de R$ 13,5 milh\u00f5es nos custos da produ\u00e7\u00e3o da pecu\u00e1ria baiana e os criadores dos oito munic\u00edpios que comp\u00f5em a Zona de Prote\u00e7\u00e3o (Casa Nova, Remanso, Pil\u00e3o Arcado, Campo Alegre de Lourdes, Mansid\u00e3o, Formosa do Rio Preto, Santa Rita de C\u00e1ssia e Buritirama) tamb\u00e9m atenderam ao chamado da Adab.<\/p>\n<p style=\"text-align: justify\">\u201cPor meio de pol\u00edticas p\u00fablicas, a Bahia conseguiu amenizaram os efeitos da seca e a Adab decidiu prorrogar o per\u00edodo de vacina\u00e7\u00e3o em 15 dias\u201d, diz o secret\u00e1rio, agradecendo o esfor\u00e7o e empenhos das entidades ligadas ao setor, como a Faeb, Fetag, citando apenas algumas delas, e a compet\u00eancia das a\u00e7\u00f5es que a defesa sanit\u00e1ria na Bahia \u00e9 capaz de realizar.<\/p>\n<p style=\"text-align: justify\">Para a superintendente federal da Agricultura, Virg\u00ednia Hagge, \u00e9 muito recompensador saber que a pecu\u00e1ria baiana est\u00e1 retomando as atividades e \u201cpode sentir o crescimento retratado em n\u00fameros pelo Servi\u00e7o Oficial de Defesa, o que agrega ainda mais valor para a agropecu\u00e1ria\u201d, informa.<\/p>\n<p style=\"text-align: justify\">O presidente da Federa\u00e7\u00e3o da Agricultura do Estado da Bahia (Faeb), Jo\u00e3o Martins, acrescenta que \u201co setor vai continuar unindo esfor\u00e7os e apoiando as atividades de defesa para n\u00e3o comprometer a pecu\u00e1ria e, principalmente, o criador\u201d.<\/p>\n<p style=\"text-align: justify\">\u201cAcredito na recupera\u00e7\u00e3o da pecu\u00e1ria baiana abalada ap\u00f3s o longo per\u00edodo de forte seca e a Adab encontra-se sol\u00edcita para os casos de irregularidade na vacina\u00e7\u00e3o, para atualiza\u00e7\u00e3o cadastral\u201d, ressaltou o diretor de Defesa Sanit\u00e1ria Animal da Adab, Rui Leal. \u201cEssa \u00e9 uma demonstra\u00e7\u00e3o de comprometimento, sensibilidade e aten\u00e7\u00e3o dos criadores e dos governos federal e estadual para com a agropecu\u00e1ria baiana\u201d, completou.<\/p>\n<p style=\"text-align: justify\">O coordenador do Programa de Erradica\u00e7\u00e3o e Preven\u00e7\u00e3o contra a Febre Aftosa, Ant\u00f4nio Lemos Maia, completa, ao informar que \u201co resultado de hoje reflete na qualidade do agroneg\u00f3cio baiano de amanh\u00e3, por isso o criador precisa internalizar que \u00e9 correspons\u00e1vel na imuniza\u00e7\u00e3o do rebanho e em todas as atividades que promovem a sanidade animal no Estado\u201d.<\/p>\n<p style=\"text-align: justify\">Em maio deste ano, acontece novamente a primeira etapa da campanha de vacina\u00e7\u00e3o contra a Febre Aftosa e a sanidade animal espera o comparecimento dos criadores baianos para imunizar e declarar todos os bovinos e bubalinos, independente da faixa et\u00e1ria. \u201cNo ano de celebra\u00e7\u00e3o dos 15 anos de cria\u00e7\u00e3o da Adab, vamos trabalhar para alcan\u00e7ar \u00edndices ainda maiores e comprovar que estamos juntos por uma agropecu\u00e1ria mais forte.\u201d, finaliza o diretor-geral da Adab, Paulo Em\u00edlio Torres, na expectativa de que em 2014 a Adab retome os \u00edndices de cobertura vacinal superiores a 98%, prevenindo a pecu\u00e1ria baiana contra a reintrodu\u00e7\u00e3o da Febre Aftosa. \u201cEssa \u00e9 nossa meta, pois se trata de um pacto pelo desenvolvimento da agropecu\u00e1ria baiana\u201d.<\/p>\n<p><strong>Ascom Adab<\/strong><\/p>\n","protected":false},"excerpt":{"rendered":"<p>O resultado da campanha de vacina\u00e7\u00e3o contra a Febre Aftosa na Bahia ser\u00e1 divulgado at\u00e9 segunda-feira (20) e j\u00e1 ultrapassa os 93%. A Ag\u00eancia de Defesa Agropecu\u00e1ria da Bahia (Adab) est\u00e1 finalizando a apura\u00e7\u00e3o, restando apenas duas das quinze coordenadorias regionais e o \u00edndice pode chegar a 95% dos mais de 4 milh\u00f5es de bovinos e bubalinos com idade at\u00e9 24 meses a serem vacinados. \u201cO \u00edndice de vacina\u00e7\u00e3o contra a Febre Aftosa j\u00e1 \u00e9 maior do que o resultado da primeira etapa de 2013\u201d, diz o secret\u00e1rio estadual da Agricultura, Eduardo Salles. Na primeira etapa da campanha, realizada em maio de 2013, 91,15% dos animais foram imunizados, registrando um aumento de mais de 4 pontos percentuais. \u201cIsso s\u00f3 foi&hellip; <\/p>\n","protected":false},"author":3,"featured_media":0,"comment_status":"open","ping_status":"open","sticky":false,"template":"","format":"standard","meta":{"_acf_changed":false,"footnotes":""},"categories":[26],"tags":[],"class_list":["post-70220","post","type-post","status-publish","format-standard","hentry","category-agricultura"],"acf":[],"yoast_head":"<!-- This site is optimized with the Yoast SEO plugin v27.4 - https:\/\/yoast.com\/product\/yoast-seo-wordpress\/ -->\n<title>\u00cdNDICE DE VACINA\u00c7\u00c3O CONTRA A AFTOSA PODE CHEGAR A 95% - Blog do Farn\u00e9sio<\/title>\n<meta name=\"robots\" content=\"index, follow, max-snippet:-1, max-image-preview:large, max-video-preview:-1\" \/>\n<link rel=\"canonical\" href=\"https:\/\/blogdofarnesio.com.br\/?p=70220\" \/>\n<meta property=\"og:locale\" content=\"pt_BR\" \/>\n<meta property=\"og:type\" content=\"article\" \/>\n<meta property=\"og:title\" content=\"\u00cdNDICE DE VACINA\u00c7\u00c3O CONTRA A AFTOSA PODE CHEGAR A 95% - Blog do Farn\u00e9sio\" \/>\n<meta property=\"og:description\" content=\"O resultado da campanha de vacina\u00e7\u00e3o contra a Febre Aftosa na Bahia ser\u00e1 divulgado at\u00e9 segunda-feira (20) e j\u00e1 ultrapassa os 93%. A Ag\u00eancia de Defesa Agropecu\u00e1ria da Bahia (Adab) est\u00e1 finalizando a apura\u00e7\u00e3o, restando apenas duas das quinze coordenadorias regionais e o \u00edndice pode chegar a 95% dos mais de 4 milh\u00f5es de bovinos e bubalinos com idade at\u00e9 24 meses a serem vacinados. \u201cO \u00edndice de vacina\u00e7\u00e3o contra a Febre Aftosa j\u00e1 \u00e9 maior do que o resultado da primeira etapa de 2013\u201d, diz o secret\u00e1rio estadual da Agricultura, Eduardo Salles. Na primeira etapa da campanha, realizada em maio de 2013, 91,15% dos animais foram imunizados, registrando um aumento de mais de 4 pontos percentuais. \u201cIsso s\u00f3 foi&hellip;\" \/>\n<meta property=\"og:url\" content=\"https:\/\/blogdofarnesio.com.br\/?p=70220\" \/>\n<meta property=\"og:site_name\" content=\"Blog do Farn\u00e9sio\" \/>\n<meta property=\"article:publisher\" content=\"https:\/\/www.facebook.com\/BlogQuerSaberPolitica\/\" \/>\n<meta property=\"article:published_time\" content=\"2014-01-19T22:19:08+00:00\" \/>\n<meta property=\"og:image\" content=\"http:\/\/www.quersaberpolitica.com.br\/2016\/wp-content\/uploads\/2013\/05\/BLOGQSP.AFTOSA.jpg\" \/>\n<meta name=\"author\" content=\"teste\" \/>\n<meta name=\"twitter:card\" content=\"summary_large_image\" \/>\n<meta name=\"twitter:label1\" content=\"Escrito por\" \/>\n\t<meta name=\"twitter:data1\" content=\"teste\" \/>\n\t<meta name=\"twitter:label2\" content=\"Est. tempo de leitura\" \/>\n\t<meta name=\"twitter:data2\" content=\"4 minutos\" \/>\n<script type=\"application\/ld+json\" class=\"yoast-schema-graph\">{\"@context\":\"https:\\\/\\\/schema.org\",\"@graph\":[{\"@type\":\"Article\",\"@id\":\"https:\\\/\\\/blogdofarnesio.com.br\\\/?p=70220#article\",\"isPartOf\":{\"@id\":\"https:\\\/\\\/blogdofarnesio.com.br\\\/?p=70220\"},\"author\":{\"name\":\"teste\",\"@id\":\"https:\\\/\\\/blogdofarnesio.com.br\\\/#\\\/schema\\\/person\\\/dd1bf5eba40b687199ba45ca6b97dff9\"},\"headline\":\"\u00cdNDICE DE VACINA\u00c7\u00c3O CONTRA A AFTOSA PODE CHEGAR A 95%\",\"datePublished\":\"2014-01-19T22:19:08+00:00\",\"mainEntityOfPage\":{\"@id\":\"https:\\\/\\\/blogdofarnesio.com.br\\\/?p=70220\"},\"wordCount\":724,\"commentCount\":0,\"publisher\":{\"@id\":\"https:\\\/\\\/blogdofarnesio.com.br\\\/#organization\"},\"image\":{\"@id\":\"https:\\\/\\\/blogdofarnesio.com.br\\\/?p=70220#primaryimage\"},\"thumbnailUrl\":\"http:\\\/\\\/www.quersaberpolitica.com.br\\\/2016\\\/wp-content\\\/uploads\\\/2013\\\/05\\\/BLOGQSP.AFTOSA.jpg\",\"articleSection\":[\"Agricultura\"],\"inLanguage\":\"pt-BR\",\"potentialAction\":[{\"@type\":\"CommentAction\",\"name\":\"Comment\",\"target\":[\"https:\\\/\\\/blogdofarnesio.com.br\\\/?p=70220#respond\"]}]},{\"@type\":\"WebPage\",\"@id\":\"https:\\\/\\\/blogdofarnesio.com.br\\\/?p=70220\",\"url\":\"https:\\\/\\\/blogdofarnesio.com.br\\\/?p=70220\",\"name\":\"\u00cdNDICE DE VACINA\u00c7\u00c3O CONTRA A AFTOSA PODE CHEGAR A 95% - Blog do Farn\u00e9sio\",\"isPartOf\":{\"@id\":\"https:\\\/\\\/blogdofarnesio.com.br\\\/#website\"},\"primaryImageOfPage\":{\"@id\":\"https:\\\/\\\/blogdofarnesio.com.br\\\/?p=70220#primaryimage\"},\"image\":{\"@id\":\"https:\\\/\\\/blogdofarnesio.com.br\\\/?p=70220#primaryimage\"},\"thumbnailUrl\":\"http:\\\/\\\/www.quersaberpolitica.com.br\\\/2016\\\/wp-content\\\/uploads\\\/2013\\\/05\\\/BLOGQSP.AFTOSA.jpg\",\"datePublished\":\"2014-01-19T22:19:08+00:00\",\"breadcrumb\":{\"@id\":\"https:\\\/\\\/blogdofarnesio.com.br\\\/?p=70220#breadcrumb\"},\"inLanguage\":\"pt-BR\",\"potentialAction\":[{\"@type\":\"ReadAction\",\"target\":[\"https:\\\/\\\/blogdofarnesio.com.br\\\/?p=70220\"]}]},{\"@type\":\"ImageObject\",\"inLanguage\":\"pt-BR\",\"@id\":\"https:\\\/\\\/blogdofarnesio.com.br\\\/?p=70220#primaryimage\",\"url\":\"http:\\\/\\\/www.quersaberpolitica.com.br\\\/2016\\\/wp-content\\\/uploads\\\/2013\\\/05\\\/BLOGQSP.AFTOSA.jpg\",\"contentUrl\":\"http:\\\/\\\/www.quersaberpolitica.com.br\\\/2016\\\/wp-content\\\/uploads\\\/2013\\\/05\\\/BLOGQSP.AFTOSA.jpg\"},{\"@type\":\"BreadcrumbList\",\"@id\":\"https:\\\/\\\/blogdofarnesio.com.br\\\/?p=70220#breadcrumb\",\"itemListElement\":[{\"@type\":\"ListItem\",\"position\":1,\"name\":\"In\u00edcio\",\"item\":\"https:\\\/\\\/blogdofarnesio.com.br\\\/\"},{\"@type\":\"ListItem\",\"position\":2,\"name\":\"\u00cdNDICE DE VACINA\u00c7\u00c3O CONTRA A AFTOSA PODE CHEGAR A 95%\"}]},{\"@type\":\"WebSite\",\"@id\":\"https:\\\/\\\/blogdofarnesio.com.br\\\/#website\",\"url\":\"https:\\\/\\\/blogdofarnesio.com.br\\\/\",\"name\":\"Blog do Farn\u00e9sio\",\"description\":\"Quer Saber Pol\u00edtica?\",\"publisher\":{\"@id\":\"https:\\\/\\\/blogdofarnesio.com.br\\\/#organization\"},\"potentialAction\":[{\"@type\":\"SearchAction\",\"target\":{\"@type\":\"EntryPoint\",\"urlTemplate\":\"https:\\\/\\\/blogdofarnesio.com.br\\\/?s={search_term_string}\"},\"query-input\":{\"@type\":\"PropertyValueSpecification\",\"valueRequired\":true,\"valueName\":\"search_term_string\"}}],\"inLanguage\":\"pt-BR\"},{\"@type\":\"Organization\",\"@id\":\"https:\\\/\\\/blogdofarnesio.com.br\\\/#organization\",\"name\":\"Blog do Farn\u00e9sio\",\"url\":\"https:\\\/\\\/blogdofarnesio.com.br\\\/\",\"logo\":{\"@type\":\"ImageObject\",\"inLanguage\":\"pt-BR\",\"@id\":\"https:\\\/\\\/blogdofarnesio.com.br\\\/#\\\/schema\\\/logo\\\/image\\\/\",\"url\":\"https:\\\/\\\/blogdofarnesio.com.br\\\/wp-content\\\/uploads\\\/2026\\\/03\\\/cropped-logo_new-1.png\",\"contentUrl\":\"https:\\\/\\\/blogdofarnesio.com.br\\\/wp-content\\\/uploads\\\/2026\\\/03\\\/cropped-logo_new-1.png\",\"width\":881,\"height\":685,\"caption\":\"Blog do Farn\u00e9sio\"},\"image\":{\"@id\":\"https:\\\/\\\/blogdofarnesio.com.br\\\/#\\\/schema\\\/logo\\\/image\\\/\"},\"sameAs\":[\"https:\\\/\\\/www.facebook.com\\\/BlogQuerSaberPolitica\\\/\"]},{\"@type\":\"Person\",\"@id\":\"https:\\\/\\\/blogdofarnesio.com.br\\\/#\\\/schema\\\/person\\\/dd1bf5eba40b687199ba45ca6b97dff9\",\"name\":\"teste\",\"image\":{\"@type\":\"ImageObject\",\"inLanguage\":\"pt-BR\",\"@id\":\"https:\\\/\\\/secure.gravatar.com\\\/avatar\\\/2172498d4914b51e1d89a0f97957b035ac4938723a5cac208135d389b6972a6d?s=96&d=mm&r=g\",\"url\":\"https:\\\/\\\/secure.gravatar.com\\\/avatar\\\/2172498d4914b51e1d89a0f97957b035ac4938723a5cac208135d389b6972a6d?s=96&d=mm&r=g\",\"contentUrl\":\"https:\\\/\\\/secure.gravatar.com\\\/avatar\\\/2172498d4914b51e1d89a0f97957b035ac4938723a5cac208135d389b6972a6d?s=96&d=mm&r=g\",\"caption\":\"teste\"},\"url\":\"https:\\\/\\\/blogdofarnesio.com.br\\\/?author=3\"}]}<\/script>\n<!-- \/ Yoast SEO plugin. -->","yoast_head_json":{"title":"\u00cdNDICE DE VACINA\u00c7\u00c3O CONTRA A AFTOSA PODE CHEGAR A 95% - Blog do Farn\u00e9sio","robots":{"index":"index","follow":"follow","max-snippet":"max-snippet:-1","max-image-preview":"max-image-preview:large","max-video-preview":"max-video-preview:-1"},"canonical":"https:\/\/blogdofarnesio.com.br\/?p=70220","og_locale":"pt_BR","og_type":"article","og_title":"\u00cdNDICE DE VACINA\u00c7\u00c3O CONTRA A AFTOSA PODE CHEGAR A 95% - Blog do Farn\u00e9sio","og_description":"O resultado da campanha de vacina\u00e7\u00e3o contra a Febre Aftosa na Bahia ser\u00e1 divulgado at\u00e9 segunda-feira (20) e j\u00e1 ultrapassa os 93%. A Ag\u00eancia de Defesa Agropecu\u00e1ria da Bahia (Adab) est\u00e1 finalizando a apura\u00e7\u00e3o, restando apenas duas das quinze coordenadorias regionais e o \u00edndice pode chegar a 95% dos mais de 4 milh\u00f5es de bovinos e bubalinos com idade at\u00e9 24 meses a serem vacinados. \u201cO \u00edndice de vacina\u00e7\u00e3o contra a Febre Aftosa j\u00e1 \u00e9 maior do que o resultado da primeira etapa de 2013\u201d, diz o secret\u00e1rio estadual da Agricultura, Eduardo Salles. Na primeira etapa da campanha, realizada em maio de 2013, 91,15% dos animais foram imunizados, registrando um aumento de mais de 4 pontos percentuais. \u201cIsso s\u00f3 foi&hellip;","og_url":"https:\/\/blogdofarnesio.com.br\/?p=70220","og_site_name":"Blog do Farn\u00e9sio","article_publisher":"https:\/\/www.facebook.com\/BlogQuerSaberPolitica\/","article_published_time":"2014-01-19T22:19:08+00:00","og_image":[{"url":"http:\/\/www.quersaberpolitica.com.br\/2016\/wp-content\/uploads\/2013\/05\/BLOGQSP.AFTOSA.jpg","type":"","width":"","height":""}],"author":"teste","twitter_card":"summary_large_image","twitter_misc":{"Escrito por":"teste","Est. tempo de leitura":"4 minutos"},"schema":{"@context":"https:\/\/schema.org","@graph":[{"@type":"Article","@id":"https:\/\/blogdofarnesio.com.br\/?p=70220#article","isPartOf":{"@id":"https:\/\/blogdofarnesio.com.br\/?p=70220"},"author":{"name":"teste","@id":"https:\/\/blogdofarnesio.com.br\/#\/schema\/person\/dd1bf5eba40b687199ba45ca6b97dff9"},"headline":"\u00cdNDICE DE VACINA\u00c7\u00c3O CONTRA A AFTOSA PODE CHEGAR A 95%","datePublished":"2014-01-19T22:19:08+00:00","mainEntityOfPage":{"@id":"https:\/\/blogdofarnesio.com.br\/?p=70220"},"wordCount":724,"commentCount":0,"publisher":{"@id":"https:\/\/blogdofarnesio.com.br\/#organization"},"image":{"@id":"https:\/\/blogdofarnesio.com.br\/?p=70220#primaryimage"},"thumbnailUrl":"http:\/\/www.quersaberpolitica.com.br\/2016\/wp-content\/uploads\/2013\/05\/BLOGQSP.AFTOSA.jpg","articleSection":["Agricultura"],"inLanguage":"pt-BR","potentialAction":[{"@type":"CommentAction","name":"Comment","target":["https:\/\/blogdofarnesio.com.br\/?p=70220#respond"]}]},{"@type":"WebPage","@id":"https:\/\/blogdofarnesio.com.br\/?p=70220","url":"https:\/\/blogdofarnesio.com.br\/?p=70220","name":"\u00cdNDICE DE VACINA\u00c7\u00c3O CONTRA A AFTOSA PODE CHEGAR A 95% - Blog do Farn\u00e9sio","isPartOf":{"@id":"https:\/\/blogdofarnesio.com.br\/#website"},"primaryImageOfPage":{"@id":"https:\/\/blogdofarnesio.com.br\/?p=70220#primaryimage"},"image":{"@id":"https:\/\/blogdofarnesio.com.br\/?p=70220#primaryimage"},"thumbnailUrl":"http:\/\/www.quersaberpolitica.com.br\/2016\/wp-content\/uploads\/2013\/05\/BLOGQSP.AFTOSA.jpg","datePublished":"2014-01-19T22:19:08+00:00","breadcrumb":{"@id":"https:\/\/blogdofarnesio.com.br\/?p=70220#breadcrumb"},"inLanguage":"pt-BR","potentialAction":[{"@type":"ReadAction","target":["https:\/\/blogdofarnesio.com.br\/?p=70220"]}]},{"@type":"ImageObject","inLanguage":"pt-BR","@id":"https:\/\/blogdofarnesio.com.br\/?p=70220#primaryimage","url":"http:\/\/www.quersaberpolitica.com.br\/2016\/wp-content\/uploads\/2013\/05\/BLOGQSP.AFTOSA.jpg","contentUrl":"http:\/\/www.quersaberpolitica.com.br\/2016\/wp-content\/uploads\/2013\/05\/BLOGQSP.AFTOSA.jpg"},{"@type":"BreadcrumbList","@id":"https:\/\/blogdofarnesio.com.br\/?p=70220#breadcrumb","itemListElement":[{"@type":"ListItem","position":1,"name":"In\u00edcio","item":"https:\/\/blogdofarnesio.com.br\/"},{"@type":"ListItem","position":2,"name":"\u00cdNDICE DE VACINA\u00c7\u00c3O CONTRA A AFTOSA PODE CHEGAR A 95%"}]},{"@type":"WebSite","@id":"https:\/\/blogdofarnesio.com.br\/#website","url":"https:\/\/blogdofarnesio.com.br\/","name":"Blog do Farn\u00e9sio","description":"Quer Saber Pol\u00edtica?","publisher":{"@id":"https:\/\/blogdofarnesio.com.br\/#organization"},"potentialAction":[{"@type":"SearchAction","target":{"@type":"EntryPoint","urlTemplate":"https:\/\/blogdofarnesio.com.br\/?s={search_term_string}"},"query-input":{"@type":"PropertyValueSpecification","valueRequired":true,"valueName":"search_term_string"}}],"inLanguage":"pt-BR"},{"@type":"Organization","@id":"https:\/\/blogdofarnesio.com.br\/#organization","name":"Blog do Farn\u00e9sio","url":"https:\/\/blogdofarnesio.com.br\/","logo":{"@type":"ImageObject","inLanguage":"pt-BR","@id":"https:\/\/blogdofarnesio.com.br\/#\/schema\/logo\/image\/","url":"https:\/\/blogdofarnesio.com.br\/wp-content\/uploads\/2026\/03\/cropped-logo_new-1.png","contentUrl":"https:\/\/blogdofarnesio.com.br\/wp-content\/uploads\/2026\/03\/cropped-logo_new-1.png","width":881,"height":685,"caption":"Blog do Farn\u00e9sio"},"image":{"@id":"https:\/\/blogdofarnesio.com.br\/#\/schema\/logo\/image\/"},"sameAs":["https:\/\/www.facebook.com\/BlogQuerSaberPolitica\/"]},{"@type":"Person","@id":"https:\/\/blogdofarnesio.com.br\/#\/schema\/person\/dd1bf5eba40b687199ba45ca6b97dff9","name":"teste","image":{"@type":"ImageObject","inLanguage":"pt-BR","@id":"https:\/\/secure.gravatar.com\/avatar\/2172498d4914b51e1d89a0f97957b035ac4938723a5cac208135d389b6972a6d?s=96&d=mm&r=g","url":"https:\/\/secure.gravatar.com\/avatar\/2172498d4914b51e1d89a0f97957b035ac4938723a5cac208135d389b6972a6d?s=96&d=mm&r=g","contentUrl":"https:\/\/secure.gravatar.com\/avatar\/2172498d4914b51e1d89a0f97957b035ac4938723a5cac208135d389b6972a6d?s=96&d=mm&r=g","caption":"teste"},"url":"https:\/\/blogdofarnesio.com.br\/?author=3"}]}},"_links":{"self":[{"href":"https:\/\/blogdofarnesio.com.br\/index.php?rest_route=\/wp\/v2\/posts\/70220","targetHints":{"allow":["GET"]}}],"collection":[{"href":"https:\/\/blogdofarnesio.com.br\/index.php?rest_route=\/wp\/v2\/posts"}],"about":[{"href":"https:\/\/blogdofarnesio.com.br\/index.php?rest_route=\/wp\/v2\/types\/post"}],"author":[{"embeddable":true,"href":"https:\/\/blogdofarnesio.com.br\/index.php?rest_route=\/wp\/v2\/users\/3"}],"replies":[{"embeddable":true,"href":"https:\/\/blogdofarnesio.com.br\/index.php?rest_route=%2Fwp%2Fv2%2Fcomments&post=70220"}],"version-history":[{"count":0,"href":"https:\/\/blogdofarnesio.com.br\/index.php?rest_route=\/wp\/v2\/posts\/70220\/revisions"}],"wp:attachment":[{"href":"https:\/\/blogdofarnesio.com.br\/index.php?rest_route=%2Fwp%2Fv2%2Fmedia&parent=70220"}],"wp:term":[{"taxonomy":"category","embeddable":true,"href":"https:\/\/blogdofarnesio.com.br\/index.php?rest_route=%2Fwp%2Fv2%2Fcategories&post=70220"},{"taxonomy":"post_tag","embeddable":true,"href":"https:\/\/blogdofarnesio.com.br\/index.php?rest_route=%2Fwp%2Fv2%2Ftags&post=70220"}],"curies":[{"name":"wp","href":"https:\/\/api.w.org\/{rel}","templated":true}]}}