{"id":70207,"date":"2014-01-18T13:00:51","date_gmt":"2014-01-18T16:00:51","guid":{"rendered":"http:\/\/www.quersaberpolitica.com.br\/?p=70207"},"modified":"2014-01-18T09:58:20","modified_gmt":"2014-01-18T12:58:20","slug":"secretaria-da-saude-de-juazeiro-apoia-tv-sao-francisco-no-projeto-estacao-saude","status":"publish","type":"post","link":"https:\/\/blogdofarnesio.com.br\/?p=70207","title":{"rendered":"SECRETARIA DA SA\u00daDE DE JUAZEIRO APOIA TV S\u00c3O FRANCISCO NO PROJETO \u201cESTA\u00c7\u00c3O SA\u00daDE\u201d"},"content":{"rendered":"<p style=\"text-align: justify\"><a href=\"http:\/\/www.quersaberpolitica.com.br\/2016\/wp-content\/uploads\/2014\/01\/esta\u00e7\u00e3osa\u00fade-01-01.jpg\"><img loading=\"lazy\" decoding=\"async\" class=\"alignleft size-medium wp-image-69739\" alt=\"blogqspesta\u00e7\u00e3osa\u00fade\" src=\"http:\/\/www.quersaberpolitica.com.br\/2016\/wp-content\/uploads\/2014\/01\/esta\u00e7\u00e3osa\u00fade-01-01-300x111.jpg\" width=\"300\" height=\"111\" srcset=\"https:\/\/blogdofarnesio.com.br\/wp-content\/uploads\/2014\/01\/esta\u00e7\u00e3osa\u00fade-01-01-300x111.jpg 300w, https:\/\/blogdofarnesio.com.br\/wp-content\/uploads\/2014\/01\/esta\u00e7\u00e3osa\u00fade-01-01.jpg 400w\" sizes=\"auto, (max-width: 300px) 100vw, 300px\" \/><\/a>A Secretaria da Sa\u00fade de Juazeiro apoiar\u00e1 a TV S\u00e3o Francisco durante a realiza\u00e7\u00e3o do projeto \u201cEsta\u00e7\u00e3o Sa\u00fade\u201d, que ser\u00e1 aberto no munic\u00edpio com a 1\u00ba Caminhada pela Sa\u00fade, neste domingo, 19, a partir das 7h, saindo na sede da emissora. O evento contar\u00e1 com a anima\u00e7\u00e3o da Professora de Zumba Fitness, Thina Ramos.<\/p>\n<p style=\"text-align: justify\">Ser\u00e3o tr\u00eas dias de atividades f\u00edsicas e acompanhamento profissional promovidos no Centro e na Orla Nova. As pr\u00f3ximas atividades acontecer\u00e3o nos dias 26 de janeiro e 02 de fevereiro, tamb\u00e9m a partir das 7h.<\/p>\n<p style=\"text-align: justify\">O objetivo da a\u00e7\u00e3o \u00e9 promover sa\u00fade, prevenir doen\u00e7as e garantir mais qualidade de vida aos juazeirenses.<!--more--><\/p>\n<p style=\"text-align: justify\">Os educadores f\u00edsicos e profissionais da sa\u00fade oferecer\u00e3o \u00e0 comunidade orienta\u00e7\u00f5es de nutri\u00e7\u00e3o e enfatizar\u00e3o a import\u00e2ncia da realiza\u00e7\u00e3o cont\u00ednua de exerc\u00edcios f\u00edsicos. Tamb\u00e9m ser\u00e3o disponibilizados servi\u00e7os de: aferi\u00e7\u00e3o de press\u00e3o, vacina\u00e7\u00e3o, dentre outros.<\/p>\n<p style=\"text-align: justify\">PROGRAMA\u00c7\u00c3O:<\/p>\n<p style=\"text-align: justify\">Caminhada \u2013 19 de Janeiro de 2014<\/p>\n<p style=\"text-align: justify\">Concentra\u00e7\u00e3o: Rua Oscar Ribeiro, sa\u00edda pela Adolfo Viana em sentido \u00e0 rua Apr\u00edgio Duarte at\u00e9 a Orla Nova de Juazeiro.<\/p>\n<p style=\"text-align: justify\">Hor\u00e1rio: 7h \u00e0s 9h<\/p>\n<p style=\"text-align: justify\">Atividades F\u00edsicas e Orienta\u00e7\u00e3o Nutricional \u2013 26 de Janeiro e 2 de Fevereiro<\/p>\n<p style=\"text-align: justify\">Local: Orla Nova de Juazeiro<\/p>\n<p style=\"text-align: justify\">Hor\u00e1rio: A partir das 7h<\/p>\n<p style=\"text-align: justify\">Aulas: Zumba, Jump, Treinamento Funcional, Pump e Gin\u00e1stica Localizada.<\/p>\n<p style=\"text-align: justify\">Servi\u00e7os: Aferi\u00e7\u00e3o de press\u00e3o arterial, avalia\u00e7\u00e3o e acompanhamento nutricional,<\/p>\n<p style=\"text-align: justify\">Vacina\u00e7\u00e3o, dentre outros servi\u00e7os.<\/p>\n<p><strong><i>Por V\u00e2nia Castro \/ SESAU<\/i><\/strong><\/p>\n","protected":false},"excerpt":{"rendered":"<p>A Secretaria da Sa\u00fade de Juazeiro apoiar\u00e1 a TV S\u00e3o Francisco durante a realiza\u00e7\u00e3o do projeto \u201cEsta\u00e7\u00e3o Sa\u00fade\u201d, que ser\u00e1 aberto no munic\u00edpio com a 1\u00ba Caminhada pela Sa\u00fade, neste domingo, 19, a partir das 7h, saindo na sede da emissora. O evento contar\u00e1 com a anima\u00e7\u00e3o da Professora de Zumba Fitness, Thina Ramos. Ser\u00e3o tr\u00eas dias de atividades f\u00edsicas e acompanhamento profissional promovidos no Centro e na Orla Nova. As pr\u00f3ximas atividades acontecer\u00e3o nos dias 26 de janeiro e 02 de fevereiro, tamb\u00e9m a partir das 7h. O objetivo da a\u00e7\u00e3o \u00e9 promover sa\u00fade, prevenir doen\u00e7as e garantir mais qualidade de vida aos juazeirenses.<\/p>\n","protected":false},"author":3,"featured_media":0,"comment_status":"open","ping_status":"open","sticky":false,"template":"","format":"standard","meta":{"_acf_changed":false,"footnotes":""},"categories":[8],"tags":[],"class_list":["post-70207","post","type-post","status-publish","format-standard","hentry","category-esportes"],"acf":[],"yoast_head":"<!-- This site is optimized with the Yoast SEO plugin v27.4 - https:\/\/yoast.com\/product\/yoast-seo-wordpress\/ -->\n<title>SECRETARIA DA SA\u00daDE DE JUAZEIRO APOIA TV S\u00c3O FRANCISCO NO PROJETO \u201cESTA\u00c7\u00c3O SA\u00daDE\u201d  - Blog do Farn\u00e9sio<\/title>\n<meta name=\"robots\" content=\"index, follow, max-snippet:-1, max-image-preview:large, max-video-preview:-1\" \/>\n<link rel=\"canonical\" href=\"https:\/\/blogdofarnesio.com.br\/?p=70207\" \/>\n<meta property=\"og:locale\" content=\"pt_BR\" \/>\n<meta property=\"og:type\" content=\"article\" \/>\n<meta property=\"og:title\" content=\"SECRETARIA DA SA\u00daDE DE JUAZEIRO APOIA TV S\u00c3O FRANCISCO NO PROJETO \u201cESTA\u00c7\u00c3O SA\u00daDE\u201d  - Blog do Farn\u00e9sio\" \/>\n<meta property=\"og:description\" content=\"A Secretaria da Sa\u00fade de Juazeiro apoiar\u00e1 a TV S\u00e3o Francisco durante a realiza\u00e7\u00e3o do projeto \u201cEsta\u00e7\u00e3o Sa\u00fade\u201d, que ser\u00e1 aberto no munic\u00edpio com a 1\u00ba Caminhada pela Sa\u00fade, neste domingo, 19, a partir das 7h, saindo na sede da emissora. O evento contar\u00e1 com a anima\u00e7\u00e3o da Professora de Zumba Fitness, Thina Ramos. Ser\u00e3o tr\u00eas dias de atividades f\u00edsicas e acompanhamento profissional promovidos no Centro e na Orla Nova. As pr\u00f3ximas atividades acontecer\u00e3o nos dias 26 de janeiro e 02 de fevereiro, tamb\u00e9m a partir das 7h. O objetivo da a\u00e7\u00e3o \u00e9 promover sa\u00fade, prevenir doen\u00e7as e garantir mais qualidade de vida aos juazeirenses.\" \/>\n<meta property=\"og:url\" content=\"https:\/\/blogdofarnesio.com.br\/?p=70207\" \/>\n<meta property=\"og:site_name\" content=\"Blog do Farn\u00e9sio\" \/>\n<meta property=\"article:publisher\" content=\"https:\/\/www.facebook.com\/BlogQuerSaberPolitica\/\" \/>\n<meta property=\"article:published_time\" content=\"2014-01-18T16:00:51+00:00\" \/>\n<meta name=\"author\" content=\"teste\" \/>\n<meta name=\"twitter:card\" content=\"summary_large_image\" \/>\n<meta name=\"twitter:label1\" content=\"Escrito por\" \/>\n\t<meta name=\"twitter:data1\" content=\"teste\" \/>\n\t<meta name=\"twitter:label2\" content=\"Est. tempo de leitura\" \/>\n\t<meta name=\"twitter:data2\" content=\"1 minuto\" \/>\n<script type=\"application\/ld+json\" class=\"yoast-schema-graph\">{\"@context\":\"https:\\\/\\\/schema.org\",\"@graph\":[{\"@type\":\"Article\",\"@id\":\"https:\\\/\\\/blogdofarnesio.com.br\\\/?p=70207#article\",\"isPartOf\":{\"@id\":\"https:\\\/\\\/blogdofarnesio.com.br\\\/?p=70207\"},\"author\":{\"name\":\"teste\",\"@id\":\"https:\\\/\\\/blogdofarnesio.com.br\\\/#\\\/schema\\\/person\\\/dd1bf5eba40b687199ba45ca6b97dff9\"},\"headline\":\"SECRETARIA DA SA\u00daDE DE JUAZEIRO APOIA TV S\u00c3O FRANCISCO NO PROJETO \u201cESTA\u00c7\u00c3O SA\u00daDE\u201d\",\"datePublished\":\"2014-01-18T16:00:51+00:00\",\"mainEntityOfPage\":{\"@id\":\"https:\\\/\\\/blogdofarnesio.com.br\\\/?p=70207\"},\"wordCount\":274,\"commentCount\":0,\"publisher\":{\"@id\":\"https:\\\/\\\/blogdofarnesio.com.br\\\/#organization\"},\"articleSection\":[\"Esportes\"],\"inLanguage\":\"pt-BR\",\"potentialAction\":[{\"@type\":\"CommentAction\",\"name\":\"Comment\",\"target\":[\"https:\\\/\\\/blogdofarnesio.com.br\\\/?p=70207#respond\"]}]},{\"@type\":\"WebPage\",\"@id\":\"https:\\\/\\\/blogdofarnesio.com.br\\\/?p=70207\",\"url\":\"https:\\\/\\\/blogdofarnesio.com.br\\\/?p=70207\",\"name\":\"SECRETARIA DA SA\u00daDE DE JUAZEIRO APOIA TV S\u00c3O FRANCISCO NO PROJETO \u201cESTA\u00c7\u00c3O SA\u00daDE\u201d - Blog do Farn\u00e9sio\",\"isPartOf\":{\"@id\":\"https:\\\/\\\/blogdofarnesio.com.br\\\/#website\"},\"datePublished\":\"2014-01-18T16:00:51+00:00\",\"breadcrumb\":{\"@id\":\"https:\\\/\\\/blogdofarnesio.com.br\\\/?p=70207#breadcrumb\"},\"inLanguage\":\"pt-BR\",\"potentialAction\":[{\"@type\":\"ReadAction\",\"target\":[\"https:\\\/\\\/blogdofarnesio.com.br\\\/?p=70207\"]}]},{\"@type\":\"BreadcrumbList\",\"@id\":\"https:\\\/\\\/blogdofarnesio.com.br\\\/?p=70207#breadcrumb\",\"itemListElement\":[{\"@type\":\"ListItem\",\"position\":1,\"name\":\"In\u00edcio\",\"item\":\"https:\\\/\\\/blogdofarnesio.com.br\\\/\"},{\"@type\":\"ListItem\",\"position\":2,\"name\":\"SECRETARIA DA SA\u00daDE DE JUAZEIRO APOIA TV S\u00c3O FRANCISCO NO PROJETO \u201cESTA\u00c7\u00c3O SA\u00daDE\u201d\"}]},{\"@type\":\"WebSite\",\"@id\":\"https:\\\/\\\/blogdofarnesio.com.br\\\/#website\",\"url\":\"https:\\\/\\\/blogdofarnesio.com.br\\\/\",\"name\":\"Blog do Farn\u00e9sio\",\"description\":\"Quer Saber Pol\u00edtica?\",\"publisher\":{\"@id\":\"https:\\\/\\\/blogdofarnesio.com.br\\\/#organization\"},\"potentialAction\":[{\"@type\":\"SearchAction\",\"target\":{\"@type\":\"EntryPoint\",\"urlTemplate\":\"https:\\\/\\\/blogdofarnesio.com.br\\\/?s={search_term_string}\"},\"query-input\":{\"@type\":\"PropertyValueSpecification\",\"valueRequired\":true,\"valueName\":\"search_term_string\"}}],\"inLanguage\":\"pt-BR\"},{\"@type\":\"Organization\",\"@id\":\"https:\\\/\\\/blogdofarnesio.com.br\\\/#organization\",\"name\":\"Blog do Farn\u00e9sio\",\"url\":\"https:\\\/\\\/blogdofarnesio.com.br\\\/\",\"logo\":{\"@type\":\"ImageObject\",\"inLanguage\":\"pt-BR\",\"@id\":\"https:\\\/\\\/blogdofarnesio.com.br\\\/#\\\/schema\\\/logo\\\/image\\\/\",\"url\":\"https:\\\/\\\/blogdofarnesio.com.br\\\/wp-content\\\/uploads\\\/2026\\\/03\\\/cropped-logo_new-1.png\",\"contentUrl\":\"https:\\\/\\\/blogdofarnesio.com.br\\\/wp-content\\\/uploads\\\/2026\\\/03\\\/cropped-logo_new-1.png\",\"width\":881,\"height\":685,\"caption\":\"Blog do Farn\u00e9sio\"},\"image\":{\"@id\":\"https:\\\/\\\/blogdofarnesio.com.br\\\/#\\\/schema\\\/logo\\\/image\\\/\"},\"sameAs\":[\"https:\\\/\\\/www.facebook.com\\\/BlogQuerSaberPolitica\\\/\"]},{\"@type\":\"Person\",\"@id\":\"https:\\\/\\\/blogdofarnesio.com.br\\\/#\\\/schema\\\/person\\\/dd1bf5eba40b687199ba45ca6b97dff9\",\"name\":\"teste\",\"image\":{\"@type\":\"ImageObject\",\"inLanguage\":\"pt-BR\",\"@id\":\"https:\\\/\\\/secure.gravatar.com\\\/avatar\\\/2172498d4914b51e1d89a0f97957b035ac4938723a5cac208135d389b6972a6d?s=96&d=mm&r=g\",\"url\":\"https:\\\/\\\/secure.gravatar.com\\\/avatar\\\/2172498d4914b51e1d89a0f97957b035ac4938723a5cac208135d389b6972a6d?s=96&d=mm&r=g\",\"contentUrl\":\"https:\\\/\\\/secure.gravatar.com\\\/avatar\\\/2172498d4914b51e1d89a0f97957b035ac4938723a5cac208135d389b6972a6d?s=96&d=mm&r=g\",\"caption\":\"teste\"},\"url\":\"https:\\\/\\\/blogdofarnesio.com.br\\\/?author=3\"}]}<\/script>\n<!-- \/ Yoast SEO plugin. -->","yoast_head_json":{"title":"SECRETARIA DA SA\u00daDE DE JUAZEIRO APOIA TV S\u00c3O FRANCISCO NO PROJETO \u201cESTA\u00c7\u00c3O SA\u00daDE\u201d  - Blog do Farn\u00e9sio","robots":{"index":"index","follow":"follow","max-snippet":"max-snippet:-1","max-image-preview":"max-image-preview:large","max-video-preview":"max-video-preview:-1"},"canonical":"https:\/\/blogdofarnesio.com.br\/?p=70207","og_locale":"pt_BR","og_type":"article","og_title":"SECRETARIA DA SA\u00daDE DE JUAZEIRO APOIA TV S\u00c3O FRANCISCO NO PROJETO \u201cESTA\u00c7\u00c3O SA\u00daDE\u201d  - Blog do Farn\u00e9sio","og_description":"A Secretaria da Sa\u00fade de Juazeiro apoiar\u00e1 a TV S\u00e3o Francisco durante a realiza\u00e7\u00e3o do projeto \u201cEsta\u00e7\u00e3o Sa\u00fade\u201d, que ser\u00e1 aberto no munic\u00edpio com a 1\u00ba Caminhada pela Sa\u00fade, neste domingo, 19, a partir das 7h, saindo na sede da emissora. O evento contar\u00e1 com a anima\u00e7\u00e3o da Professora de Zumba Fitness, Thina Ramos. Ser\u00e3o tr\u00eas dias de atividades f\u00edsicas e acompanhamento profissional promovidos no Centro e na Orla Nova. As pr\u00f3ximas atividades acontecer\u00e3o nos dias 26 de janeiro e 02 de fevereiro, tamb\u00e9m a partir das 7h. O objetivo da a\u00e7\u00e3o \u00e9 promover sa\u00fade, prevenir doen\u00e7as e garantir mais qualidade de vida aos juazeirenses.","og_url":"https:\/\/blogdofarnesio.com.br\/?p=70207","og_site_name":"Blog do Farn\u00e9sio","article_publisher":"https:\/\/www.facebook.com\/BlogQuerSaberPolitica\/","article_published_time":"2014-01-18T16:00:51+00:00","author":"teste","twitter_card":"summary_large_image","twitter_misc":{"Escrito por":"teste","Est. tempo de leitura":"1 minuto"},"schema":{"@context":"https:\/\/schema.org","@graph":[{"@type":"Article","@id":"https:\/\/blogdofarnesio.com.br\/?p=70207#article","isPartOf":{"@id":"https:\/\/blogdofarnesio.com.br\/?p=70207"},"author":{"name":"teste","@id":"https:\/\/blogdofarnesio.com.br\/#\/schema\/person\/dd1bf5eba40b687199ba45ca6b97dff9"},"headline":"SECRETARIA DA SA\u00daDE DE JUAZEIRO APOIA TV S\u00c3O FRANCISCO NO PROJETO \u201cESTA\u00c7\u00c3O SA\u00daDE\u201d","datePublished":"2014-01-18T16:00:51+00:00","mainEntityOfPage":{"@id":"https:\/\/blogdofarnesio.com.br\/?p=70207"},"wordCount":274,"commentCount":0,"publisher":{"@id":"https:\/\/blogdofarnesio.com.br\/#organization"},"articleSection":["Esportes"],"inLanguage":"pt-BR","potentialAction":[{"@type":"CommentAction","name":"Comment","target":["https:\/\/blogdofarnesio.com.br\/?p=70207#respond"]}]},{"@type":"WebPage","@id":"https:\/\/blogdofarnesio.com.br\/?p=70207","url":"https:\/\/blogdofarnesio.com.br\/?p=70207","name":"SECRETARIA DA SA\u00daDE DE JUAZEIRO APOIA TV S\u00c3O FRANCISCO NO PROJETO \u201cESTA\u00c7\u00c3O SA\u00daDE\u201d - Blog do Farn\u00e9sio","isPartOf":{"@id":"https:\/\/blogdofarnesio.com.br\/#website"},"datePublished":"2014-01-18T16:00:51+00:00","breadcrumb":{"@id":"https:\/\/blogdofarnesio.com.br\/?p=70207#breadcrumb"},"inLanguage":"pt-BR","potentialAction":[{"@type":"ReadAction","target":["https:\/\/blogdofarnesio.com.br\/?p=70207"]}]},{"@type":"BreadcrumbList","@id":"https:\/\/blogdofarnesio.com.br\/?p=70207#breadcrumb","itemListElement":[{"@type":"ListItem","position":1,"name":"In\u00edcio","item":"https:\/\/blogdofarnesio.com.br\/"},{"@type":"ListItem","position":2,"name":"SECRETARIA DA SA\u00daDE DE JUAZEIRO APOIA TV S\u00c3O FRANCISCO NO PROJETO \u201cESTA\u00c7\u00c3O SA\u00daDE\u201d"}]},{"@type":"WebSite","@id":"https:\/\/blogdofarnesio.com.br\/#website","url":"https:\/\/blogdofarnesio.com.br\/","name":"Blog do Farn\u00e9sio","description":"Quer Saber Pol\u00edtica?","publisher":{"@id":"https:\/\/blogdofarnesio.com.br\/#organization"},"potentialAction":[{"@type":"SearchAction","target":{"@type":"EntryPoint","urlTemplate":"https:\/\/blogdofarnesio.com.br\/?s={search_term_string}"},"query-input":{"@type":"PropertyValueSpecification","valueRequired":true,"valueName":"search_term_string"}}],"inLanguage":"pt-BR"},{"@type":"Organization","@id":"https:\/\/blogdofarnesio.com.br\/#organization","name":"Blog do Farn\u00e9sio","url":"https:\/\/blogdofarnesio.com.br\/","logo":{"@type":"ImageObject","inLanguage":"pt-BR","@id":"https:\/\/blogdofarnesio.com.br\/#\/schema\/logo\/image\/","url":"https:\/\/blogdofarnesio.com.br\/wp-content\/uploads\/2026\/03\/cropped-logo_new-1.png","contentUrl":"https:\/\/blogdofarnesio.com.br\/wp-content\/uploads\/2026\/03\/cropped-logo_new-1.png","width":881,"height":685,"caption":"Blog do Farn\u00e9sio"},"image":{"@id":"https:\/\/blogdofarnesio.com.br\/#\/schema\/logo\/image\/"},"sameAs":["https:\/\/www.facebook.com\/BlogQuerSaberPolitica\/"]},{"@type":"Person","@id":"https:\/\/blogdofarnesio.com.br\/#\/schema\/person\/dd1bf5eba40b687199ba45ca6b97dff9","name":"teste","image":{"@type":"ImageObject","inLanguage":"pt-BR","@id":"https:\/\/secure.gravatar.com\/avatar\/2172498d4914b51e1d89a0f97957b035ac4938723a5cac208135d389b6972a6d?s=96&d=mm&r=g","url":"https:\/\/secure.gravatar.com\/avatar\/2172498d4914b51e1d89a0f97957b035ac4938723a5cac208135d389b6972a6d?s=96&d=mm&r=g","contentUrl":"https:\/\/secure.gravatar.com\/avatar\/2172498d4914b51e1d89a0f97957b035ac4938723a5cac208135d389b6972a6d?s=96&d=mm&r=g","caption":"teste"},"url":"https:\/\/blogdofarnesio.com.br\/?author=3"}]}},"_links":{"self":[{"href":"https:\/\/blogdofarnesio.com.br\/index.php?rest_route=\/wp\/v2\/posts\/70207","targetHints":{"allow":["GET"]}}],"collection":[{"href":"https:\/\/blogdofarnesio.com.br\/index.php?rest_route=\/wp\/v2\/posts"}],"about":[{"href":"https:\/\/blogdofarnesio.com.br\/index.php?rest_route=\/wp\/v2\/types\/post"}],"author":[{"embeddable":true,"href":"https:\/\/blogdofarnesio.com.br\/index.php?rest_route=\/wp\/v2\/users\/3"}],"replies":[{"embeddable":true,"href":"https:\/\/blogdofarnesio.com.br\/index.php?rest_route=%2Fwp%2Fv2%2Fcomments&post=70207"}],"version-history":[{"count":0,"href":"https:\/\/blogdofarnesio.com.br\/index.php?rest_route=\/wp\/v2\/posts\/70207\/revisions"}],"wp:attachment":[{"href":"https:\/\/blogdofarnesio.com.br\/index.php?rest_route=%2Fwp%2Fv2%2Fmedia&parent=70207"}],"wp:term":[{"taxonomy":"category","embeddable":true,"href":"https:\/\/blogdofarnesio.com.br\/index.php?rest_route=%2Fwp%2Fv2%2Fcategories&post=70207"},{"taxonomy":"post_tag","embeddable":true,"href":"https:\/\/blogdofarnesio.com.br\/index.php?rest_route=%2Fwp%2Fv2%2Ftags&post=70207"}],"curies":[{"name":"wp","href":"https:\/\/api.w.org\/{rel}","templated":true}]}}