{"id":70193,"date":"2014-01-18T20:08:33","date_gmt":"2014-01-18T23:08:33","guid":{"rendered":"http:\/\/www.quersaberpolitica.com.br\/?p=70193"},"modified":"2014-01-18T20:09:05","modified_gmt":"2014-01-18T23:09:05","slug":"premiacao-marca-encerramento-da-7a-edicao-do-festival-vale-curtas-neste-sabado-18","status":"publish","type":"post","link":"https:\/\/blogdofarnesio.com.br\/?p=70193","title":{"rendered":"PREMIA\u00c7\u00c3O MARCA ENCERRAMENTO DA  7\u00aa EDI\u00c7\u00c3O DO FESTIVAL VALE CURTAS NESTE S\u00c1BADO (18)"},"content":{"rendered":"<p style=\"text-align: justify\"><a href=\"http:\/\/www.quersaberpolitica.com.br\/2016\/wp-content\/uploads\/2014\/01\/3-8U1A7664-copy.jpg\"><img loading=\"lazy\" decoding=\"async\" class=\"aligncenter size-full wp-image-70194\" alt=\"blogqspcurtas\" src=\"http:\/\/www.quersaberpolitica.com.br\/2016\/wp-content\/uploads\/2014\/01\/3-8U1A7664-copy.jpg\" width=\"400\" height=\"267\" srcset=\"https:\/\/blogdofarnesio.com.br\/wp-content\/uploads\/2014\/01\/3-8U1A7664-copy.jpg 400w, https:\/\/blogdofarnesio.com.br\/wp-content\/uploads\/2014\/01\/3-8U1A7664-copy-300x200.jpg 300w\" sizes=\"auto, (max-width: 400px) 100vw, 400px\" \/><\/a>O Centro de Cultura Jo\u00e3o Gilberto, em Juazeiro \u2013 BA, j\u00e1 est\u00e1 praticamente pronto para a cerim\u00f4nia de entrega dos pr\u00eamios aos vencedores da 7\u00aa edi\u00e7\u00e3o do Festival Vale Curtas. A noite de encerramento deste evento, que j\u00e1 se consolidou no calend\u00e1rio anual de cinema do pa\u00eds, come\u00e7a \u00e0s 20h, com a premia\u00e7\u00e3o de R$ 27.000,00 em dinheiro e mais a entrega do trof\u00e9u Cari, uma bonita composi\u00e7\u00e3o em metal estilizado, concebido pelo artista pl\u00e1stico juazeirense Antonio Coelho de Assis \u2013 Coelh\u00e3o.<\/p>\n<p style=\"text-align: justify\">A Mostra Competitiva Nacional vai premiar os tr\u00eas primeiros lugares e as categorias: melhor diretor, melhor ator, melhor atriz, melhor roteiro e melhor fotografia. Durante a cerim\u00f4nia, o p\u00fablico tamb\u00e9m vai conhecer os tr\u00eas primeiros lugares da Mostra Competitiva Regional e ainda, a melhor montagem\/edi\u00e7\u00e3o, melhor arte e o pr\u00eamio especial do j\u00fari, al\u00e9m de men\u00e7\u00e3o honrosa nas duas seletivas. Dos 232 curtas inscritos nesta edi\u00e7\u00e3o do Festival em todo Brasil, 25 foram selecionados na Mostra Competitiva Nacional e 16 na Mostra Competitiva Regional.<!--more--><\/p>\n<p style=\"text-align: justify\">Os vencedores foram escolhidos por uma comiss\u00e3o julgadora formada por jornalistas, produtores, diretores de elenco e cineastas de renome nacional, a exemplo de Andr\u00e9 Dib, Celso Sabadin e Jo\u00e3o Sampaio, al\u00e9m de um juri popular. As mostras foram apresentadas ao p\u00fablico sob a lona de um circo montado na Orla de Petrolina, entre os dias 12 e 17 deste m\u00eas.<\/p>\n<p style=\"text-align: justify\">Al\u00e9m da premia\u00e7\u00e3o, a noite de encerramento da 7\u00aa edi\u00e7\u00e3o do Festival Vale Curtas ainda promete muito movimento. O p\u00fablico poder\u00e1 conferir, logo \u00e0 chegada, a exposi\u00e7\u00e3o fotogr\u00e1fica do projeto Moradores \u2013 A Humanidade do Patrim\u00f4nio Hist\u00f3rico. Depois do an\u00fancio dos pr\u00eamios, ser\u00e1 exibido o filme Tatuagem, de Hilton Lacerda com o ator Irandhir Santos, homenageado deste ano do Festival. E fechando com m\u00fasica e muita irrever\u00eancia, Edy Star apresenta o show, A Voz do Brasil, com Roger de Renor, dj XKN e convidados, no teatro de arena do Centro de Cultura Jo\u00e3o Gilberto.<\/p>\n<p style=\"text-align: justify\">A 7\u00aa edi\u00e7\u00e3o do Festival Vale Curtas \u00e9 uma promo\u00e7\u00e3o da Associa\u00e7\u00e3o Ra\u00edzes com incentivo das Secretarias de Cultura dos Estados da Bahia e Pernambuco e apoio da Prefeitura Municipal de Petrolina, TVs S\u00e3o Francisco e Grande Rio.<\/p>\n<p><strong>CLAS Comunica\u00e7\u00e3o &amp; Marketing<\/strong><\/p>\n","protected":false},"excerpt":{"rendered":"<p>O Centro de Cultura Jo\u00e3o Gilberto, em Juazeiro \u2013 BA, j\u00e1 est\u00e1 praticamente pronto para a cerim\u00f4nia de entrega dos pr\u00eamios aos vencedores da 7\u00aa edi\u00e7\u00e3o do Festival Vale Curtas. A noite de encerramento deste evento, que j\u00e1 se consolidou no calend\u00e1rio anual de cinema do pa\u00eds, come\u00e7a \u00e0s 20h, com a premia\u00e7\u00e3o de R$ 27.000,00 em dinheiro e mais a entrega do trof\u00e9u Cari, uma bonita composi\u00e7\u00e3o em metal estilizado, concebido pelo artista pl\u00e1stico juazeirense Antonio Coelho de Assis \u2013 Coelh\u00e3o. A Mostra Competitiva Nacional vai premiar os tr\u00eas primeiros lugares e as categorias: melhor diretor, melhor ator, melhor atriz, melhor roteiro e melhor fotografia. Durante a cerim\u00f4nia, o p\u00fablico tamb\u00e9m vai conhecer os tr\u00eas primeiros lugares da Mostra&hellip; <\/p>\n","protected":false},"author":3,"featured_media":0,"comment_status":"open","ping_status":"open","sticky":false,"template":"","format":"standard","meta":{"_acf_changed":false,"footnotes":""},"categories":[10],"tags":[],"class_list":["post-70193","post","type-post","status-publish","format-standard","hentry","category-cultura"],"acf":[],"yoast_head":"<!-- This site is optimized with the Yoast SEO plugin v27.4 - https:\/\/yoast.com\/product\/yoast-seo-wordpress\/ -->\n<title>PREMIA\u00c7\u00c3O MARCA ENCERRAMENTO DA 7\u00aa EDI\u00c7\u00c3O DO FESTIVAL VALE CURTAS NESTE S\u00c1BADO (18) - Blog do Farn\u00e9sio<\/title>\n<meta name=\"robots\" content=\"index, follow, max-snippet:-1, max-image-preview:large, max-video-preview:-1\" \/>\n<link rel=\"canonical\" href=\"https:\/\/blogdofarnesio.com.br\/?p=70193\" \/>\n<meta property=\"og:locale\" content=\"pt_BR\" \/>\n<meta property=\"og:type\" content=\"article\" \/>\n<meta property=\"og:title\" content=\"PREMIA\u00c7\u00c3O MARCA ENCERRAMENTO DA 7\u00aa EDI\u00c7\u00c3O DO FESTIVAL VALE CURTAS NESTE S\u00c1BADO (18) - Blog do Farn\u00e9sio\" \/>\n<meta property=\"og:description\" content=\"O Centro de Cultura Jo\u00e3o Gilberto, em Juazeiro \u2013 BA, j\u00e1 est\u00e1 praticamente pronto para a cerim\u00f4nia de entrega dos pr\u00eamios aos vencedores da 7\u00aa edi\u00e7\u00e3o do Festival Vale Curtas. A noite de encerramento deste evento, que j\u00e1 se consolidou no calend\u00e1rio anual de cinema do pa\u00eds, come\u00e7a \u00e0s 20h, com a premia\u00e7\u00e3o de R$ 27.000,00 em dinheiro e mais a entrega do trof\u00e9u Cari, uma bonita composi\u00e7\u00e3o em metal estilizado, concebido pelo artista pl\u00e1stico juazeirense Antonio Coelho de Assis \u2013 Coelh\u00e3o. A Mostra Competitiva Nacional vai premiar os tr\u00eas primeiros lugares e as categorias: melhor diretor, melhor ator, melhor atriz, melhor roteiro e melhor fotografia. Durante a cerim\u00f4nia, o p\u00fablico tamb\u00e9m vai conhecer os tr\u00eas primeiros lugares da Mostra&hellip;\" \/>\n<meta property=\"og:url\" content=\"https:\/\/blogdofarnesio.com.br\/?p=70193\" \/>\n<meta property=\"og:site_name\" content=\"Blog do Farn\u00e9sio\" \/>\n<meta property=\"article:publisher\" content=\"https:\/\/www.facebook.com\/BlogQuerSaberPolitica\/\" \/>\n<meta property=\"article:published_time\" content=\"2014-01-18T23:08:33+00:00\" \/>\n<meta property=\"article:modified_time\" content=\"2014-01-18T23:09:05+00:00\" \/>\n<meta property=\"og:image\" content=\"http:\/\/www.quersaberpolitica.com.br\/2016\/wp-content\/uploads\/2014\/01\/3-8U1A7664-copy.jpg\" \/>\n<meta name=\"author\" content=\"teste\" \/>\n<meta name=\"twitter:card\" content=\"summary_large_image\" \/>\n<meta name=\"twitter:label1\" content=\"Escrito por\" \/>\n\t<meta name=\"twitter:data1\" content=\"teste\" \/>\n\t<meta name=\"twitter:label2\" content=\"Est. tempo de leitura\" \/>\n\t<meta name=\"twitter:data2\" content=\"2 minutos\" \/>\n<script type=\"application\/ld+json\" class=\"yoast-schema-graph\">{\"@context\":\"https:\\\/\\\/schema.org\",\"@graph\":[{\"@type\":\"Article\",\"@id\":\"https:\\\/\\\/blogdofarnesio.com.br\\\/?p=70193#article\",\"isPartOf\":{\"@id\":\"https:\\\/\\\/blogdofarnesio.com.br\\\/?p=70193\"},\"author\":{\"name\":\"teste\",\"@id\":\"https:\\\/\\\/blogdofarnesio.com.br\\\/#\\\/schema\\\/person\\\/dd1bf5eba40b687199ba45ca6b97dff9\"},\"headline\":\"PREMIA\u00c7\u00c3O MARCA ENCERRAMENTO DA 7\u00aa EDI\u00c7\u00c3O DO FESTIVAL VALE CURTAS NESTE S\u00c1BADO (18)\",\"datePublished\":\"2014-01-18T23:08:33+00:00\",\"dateModified\":\"2014-01-18T23:09:05+00:00\",\"mainEntityOfPage\":{\"@id\":\"https:\\\/\\\/blogdofarnesio.com.br\\\/?p=70193\"},\"wordCount\":410,\"commentCount\":0,\"publisher\":{\"@id\":\"https:\\\/\\\/blogdofarnesio.com.br\\\/#organization\"},\"image\":{\"@id\":\"https:\\\/\\\/blogdofarnesio.com.br\\\/?p=70193#primaryimage\"},\"thumbnailUrl\":\"http:\\\/\\\/www.quersaberpolitica.com.br\\\/2016\\\/wp-content\\\/uploads\\\/2014\\\/01\\\/3-8U1A7664-copy.jpg\",\"articleSection\":[\"Cultura\"],\"inLanguage\":\"pt-BR\",\"potentialAction\":[{\"@type\":\"CommentAction\",\"name\":\"Comment\",\"target\":[\"https:\\\/\\\/blogdofarnesio.com.br\\\/?p=70193#respond\"]}]},{\"@type\":\"WebPage\",\"@id\":\"https:\\\/\\\/blogdofarnesio.com.br\\\/?p=70193\",\"url\":\"https:\\\/\\\/blogdofarnesio.com.br\\\/?p=70193\",\"name\":\"PREMIA\u00c7\u00c3O MARCA ENCERRAMENTO DA 7\u00aa EDI\u00c7\u00c3O DO FESTIVAL VALE CURTAS NESTE S\u00c1BADO (18) - Blog do Farn\u00e9sio\",\"isPartOf\":{\"@id\":\"https:\\\/\\\/blogdofarnesio.com.br\\\/#website\"},\"primaryImageOfPage\":{\"@id\":\"https:\\\/\\\/blogdofarnesio.com.br\\\/?p=70193#primaryimage\"},\"image\":{\"@id\":\"https:\\\/\\\/blogdofarnesio.com.br\\\/?p=70193#primaryimage\"},\"thumbnailUrl\":\"http:\\\/\\\/www.quersaberpolitica.com.br\\\/2016\\\/wp-content\\\/uploads\\\/2014\\\/01\\\/3-8U1A7664-copy.jpg\",\"datePublished\":\"2014-01-18T23:08:33+00:00\",\"dateModified\":\"2014-01-18T23:09:05+00:00\",\"breadcrumb\":{\"@id\":\"https:\\\/\\\/blogdofarnesio.com.br\\\/?p=70193#breadcrumb\"},\"inLanguage\":\"pt-BR\",\"potentialAction\":[{\"@type\":\"ReadAction\",\"target\":[\"https:\\\/\\\/blogdofarnesio.com.br\\\/?p=70193\"]}]},{\"@type\":\"ImageObject\",\"inLanguage\":\"pt-BR\",\"@id\":\"https:\\\/\\\/blogdofarnesio.com.br\\\/?p=70193#primaryimage\",\"url\":\"http:\\\/\\\/www.quersaberpolitica.com.br\\\/2016\\\/wp-content\\\/uploads\\\/2014\\\/01\\\/3-8U1A7664-copy.jpg\",\"contentUrl\":\"http:\\\/\\\/www.quersaberpolitica.com.br\\\/2016\\\/wp-content\\\/uploads\\\/2014\\\/01\\\/3-8U1A7664-copy.jpg\"},{\"@type\":\"BreadcrumbList\",\"@id\":\"https:\\\/\\\/blogdofarnesio.com.br\\\/?p=70193#breadcrumb\",\"itemListElement\":[{\"@type\":\"ListItem\",\"position\":1,\"name\":\"In\u00edcio\",\"item\":\"https:\\\/\\\/blogdofarnesio.com.br\\\/\"},{\"@type\":\"ListItem\",\"position\":2,\"name\":\"PREMIA\u00c7\u00c3O MARCA ENCERRAMENTO DA 7\u00aa EDI\u00c7\u00c3O DO FESTIVAL VALE CURTAS NESTE S\u00c1BADO (18)\"}]},{\"@type\":\"WebSite\",\"@id\":\"https:\\\/\\\/blogdofarnesio.com.br\\\/#website\",\"url\":\"https:\\\/\\\/blogdofarnesio.com.br\\\/\",\"name\":\"Blog do Farn\u00e9sio\",\"description\":\"Quer Saber Pol\u00edtica?\",\"publisher\":{\"@id\":\"https:\\\/\\\/blogdofarnesio.com.br\\\/#organization\"},\"potentialAction\":[{\"@type\":\"SearchAction\",\"target\":{\"@type\":\"EntryPoint\",\"urlTemplate\":\"https:\\\/\\\/blogdofarnesio.com.br\\\/?s={search_term_string}\"},\"query-input\":{\"@type\":\"PropertyValueSpecification\",\"valueRequired\":true,\"valueName\":\"search_term_string\"}}],\"inLanguage\":\"pt-BR\"},{\"@type\":\"Organization\",\"@id\":\"https:\\\/\\\/blogdofarnesio.com.br\\\/#organization\",\"name\":\"Blog do Farn\u00e9sio\",\"url\":\"https:\\\/\\\/blogdofarnesio.com.br\\\/\",\"logo\":{\"@type\":\"ImageObject\",\"inLanguage\":\"pt-BR\",\"@id\":\"https:\\\/\\\/blogdofarnesio.com.br\\\/#\\\/schema\\\/logo\\\/image\\\/\",\"url\":\"https:\\\/\\\/blogdofarnesio.com.br\\\/wp-content\\\/uploads\\\/2026\\\/03\\\/cropped-logo_new-1.png\",\"contentUrl\":\"https:\\\/\\\/blogdofarnesio.com.br\\\/wp-content\\\/uploads\\\/2026\\\/03\\\/cropped-logo_new-1.png\",\"width\":881,\"height\":685,\"caption\":\"Blog do Farn\u00e9sio\"},\"image\":{\"@id\":\"https:\\\/\\\/blogdofarnesio.com.br\\\/#\\\/schema\\\/logo\\\/image\\\/\"},\"sameAs\":[\"https:\\\/\\\/www.facebook.com\\\/BlogQuerSaberPolitica\\\/\"]},{\"@type\":\"Person\",\"@id\":\"https:\\\/\\\/blogdofarnesio.com.br\\\/#\\\/schema\\\/person\\\/dd1bf5eba40b687199ba45ca6b97dff9\",\"name\":\"teste\",\"image\":{\"@type\":\"ImageObject\",\"inLanguage\":\"pt-BR\",\"@id\":\"https:\\\/\\\/secure.gravatar.com\\\/avatar\\\/2172498d4914b51e1d89a0f97957b035ac4938723a5cac208135d389b6972a6d?s=96&d=mm&r=g\",\"url\":\"https:\\\/\\\/secure.gravatar.com\\\/avatar\\\/2172498d4914b51e1d89a0f97957b035ac4938723a5cac208135d389b6972a6d?s=96&d=mm&r=g\",\"contentUrl\":\"https:\\\/\\\/secure.gravatar.com\\\/avatar\\\/2172498d4914b51e1d89a0f97957b035ac4938723a5cac208135d389b6972a6d?s=96&d=mm&r=g\",\"caption\":\"teste\"},\"url\":\"https:\\\/\\\/blogdofarnesio.com.br\\\/?author=3\"}]}<\/script>\n<!-- \/ Yoast SEO plugin. -->","yoast_head_json":{"title":"PREMIA\u00c7\u00c3O MARCA ENCERRAMENTO DA 7\u00aa EDI\u00c7\u00c3O DO FESTIVAL VALE CURTAS NESTE S\u00c1BADO (18) - Blog do Farn\u00e9sio","robots":{"index":"index","follow":"follow","max-snippet":"max-snippet:-1","max-image-preview":"max-image-preview:large","max-video-preview":"max-video-preview:-1"},"canonical":"https:\/\/blogdofarnesio.com.br\/?p=70193","og_locale":"pt_BR","og_type":"article","og_title":"PREMIA\u00c7\u00c3O MARCA ENCERRAMENTO DA 7\u00aa EDI\u00c7\u00c3O DO FESTIVAL VALE CURTAS NESTE S\u00c1BADO (18) - Blog do Farn\u00e9sio","og_description":"O Centro de Cultura Jo\u00e3o Gilberto, em Juazeiro \u2013 BA, j\u00e1 est\u00e1 praticamente pronto para a cerim\u00f4nia de entrega dos pr\u00eamios aos vencedores da 7\u00aa edi\u00e7\u00e3o do Festival Vale Curtas. A noite de encerramento deste evento, que j\u00e1 se consolidou no calend\u00e1rio anual de cinema do pa\u00eds, come\u00e7a \u00e0s 20h, com a premia\u00e7\u00e3o de R$ 27.000,00 em dinheiro e mais a entrega do trof\u00e9u Cari, uma bonita composi\u00e7\u00e3o em metal estilizado, concebido pelo artista pl\u00e1stico juazeirense Antonio Coelho de Assis \u2013 Coelh\u00e3o. A Mostra Competitiva Nacional vai premiar os tr\u00eas primeiros lugares e as categorias: melhor diretor, melhor ator, melhor atriz, melhor roteiro e melhor fotografia. Durante a cerim\u00f4nia, o p\u00fablico tamb\u00e9m vai conhecer os tr\u00eas primeiros lugares da Mostra&hellip;","og_url":"https:\/\/blogdofarnesio.com.br\/?p=70193","og_site_name":"Blog do Farn\u00e9sio","article_publisher":"https:\/\/www.facebook.com\/BlogQuerSaberPolitica\/","article_published_time":"2014-01-18T23:08:33+00:00","article_modified_time":"2014-01-18T23:09:05+00:00","og_image":[{"url":"http:\/\/www.quersaberpolitica.com.br\/2016\/wp-content\/uploads\/2014\/01\/3-8U1A7664-copy.jpg","type":"","width":"","height":""}],"author":"teste","twitter_card":"summary_large_image","twitter_misc":{"Escrito por":"teste","Est. tempo de leitura":"2 minutos"},"schema":{"@context":"https:\/\/schema.org","@graph":[{"@type":"Article","@id":"https:\/\/blogdofarnesio.com.br\/?p=70193#article","isPartOf":{"@id":"https:\/\/blogdofarnesio.com.br\/?p=70193"},"author":{"name":"teste","@id":"https:\/\/blogdofarnesio.com.br\/#\/schema\/person\/dd1bf5eba40b687199ba45ca6b97dff9"},"headline":"PREMIA\u00c7\u00c3O MARCA ENCERRAMENTO DA 7\u00aa EDI\u00c7\u00c3O DO FESTIVAL VALE CURTAS NESTE S\u00c1BADO (18)","datePublished":"2014-01-18T23:08:33+00:00","dateModified":"2014-01-18T23:09:05+00:00","mainEntityOfPage":{"@id":"https:\/\/blogdofarnesio.com.br\/?p=70193"},"wordCount":410,"commentCount":0,"publisher":{"@id":"https:\/\/blogdofarnesio.com.br\/#organization"},"image":{"@id":"https:\/\/blogdofarnesio.com.br\/?p=70193#primaryimage"},"thumbnailUrl":"http:\/\/www.quersaberpolitica.com.br\/2016\/wp-content\/uploads\/2014\/01\/3-8U1A7664-copy.jpg","articleSection":["Cultura"],"inLanguage":"pt-BR","potentialAction":[{"@type":"CommentAction","name":"Comment","target":["https:\/\/blogdofarnesio.com.br\/?p=70193#respond"]}]},{"@type":"WebPage","@id":"https:\/\/blogdofarnesio.com.br\/?p=70193","url":"https:\/\/blogdofarnesio.com.br\/?p=70193","name":"PREMIA\u00c7\u00c3O MARCA ENCERRAMENTO DA 7\u00aa EDI\u00c7\u00c3O DO FESTIVAL VALE CURTAS NESTE S\u00c1BADO (18) - Blog do Farn\u00e9sio","isPartOf":{"@id":"https:\/\/blogdofarnesio.com.br\/#website"},"primaryImageOfPage":{"@id":"https:\/\/blogdofarnesio.com.br\/?p=70193#primaryimage"},"image":{"@id":"https:\/\/blogdofarnesio.com.br\/?p=70193#primaryimage"},"thumbnailUrl":"http:\/\/www.quersaberpolitica.com.br\/2016\/wp-content\/uploads\/2014\/01\/3-8U1A7664-copy.jpg","datePublished":"2014-01-18T23:08:33+00:00","dateModified":"2014-01-18T23:09:05+00:00","breadcrumb":{"@id":"https:\/\/blogdofarnesio.com.br\/?p=70193#breadcrumb"},"inLanguage":"pt-BR","potentialAction":[{"@type":"ReadAction","target":["https:\/\/blogdofarnesio.com.br\/?p=70193"]}]},{"@type":"ImageObject","inLanguage":"pt-BR","@id":"https:\/\/blogdofarnesio.com.br\/?p=70193#primaryimage","url":"http:\/\/www.quersaberpolitica.com.br\/2016\/wp-content\/uploads\/2014\/01\/3-8U1A7664-copy.jpg","contentUrl":"http:\/\/www.quersaberpolitica.com.br\/2016\/wp-content\/uploads\/2014\/01\/3-8U1A7664-copy.jpg"},{"@type":"BreadcrumbList","@id":"https:\/\/blogdofarnesio.com.br\/?p=70193#breadcrumb","itemListElement":[{"@type":"ListItem","position":1,"name":"In\u00edcio","item":"https:\/\/blogdofarnesio.com.br\/"},{"@type":"ListItem","position":2,"name":"PREMIA\u00c7\u00c3O MARCA ENCERRAMENTO DA 7\u00aa EDI\u00c7\u00c3O DO FESTIVAL VALE CURTAS NESTE S\u00c1BADO (18)"}]},{"@type":"WebSite","@id":"https:\/\/blogdofarnesio.com.br\/#website","url":"https:\/\/blogdofarnesio.com.br\/","name":"Blog do Farn\u00e9sio","description":"Quer Saber Pol\u00edtica?","publisher":{"@id":"https:\/\/blogdofarnesio.com.br\/#organization"},"potentialAction":[{"@type":"SearchAction","target":{"@type":"EntryPoint","urlTemplate":"https:\/\/blogdofarnesio.com.br\/?s={search_term_string}"},"query-input":{"@type":"PropertyValueSpecification","valueRequired":true,"valueName":"search_term_string"}}],"inLanguage":"pt-BR"},{"@type":"Organization","@id":"https:\/\/blogdofarnesio.com.br\/#organization","name":"Blog do Farn\u00e9sio","url":"https:\/\/blogdofarnesio.com.br\/","logo":{"@type":"ImageObject","inLanguage":"pt-BR","@id":"https:\/\/blogdofarnesio.com.br\/#\/schema\/logo\/image\/","url":"https:\/\/blogdofarnesio.com.br\/wp-content\/uploads\/2026\/03\/cropped-logo_new-1.png","contentUrl":"https:\/\/blogdofarnesio.com.br\/wp-content\/uploads\/2026\/03\/cropped-logo_new-1.png","width":881,"height":685,"caption":"Blog do Farn\u00e9sio"},"image":{"@id":"https:\/\/blogdofarnesio.com.br\/#\/schema\/logo\/image\/"},"sameAs":["https:\/\/www.facebook.com\/BlogQuerSaberPolitica\/"]},{"@type":"Person","@id":"https:\/\/blogdofarnesio.com.br\/#\/schema\/person\/dd1bf5eba40b687199ba45ca6b97dff9","name":"teste","image":{"@type":"ImageObject","inLanguage":"pt-BR","@id":"https:\/\/secure.gravatar.com\/avatar\/2172498d4914b51e1d89a0f97957b035ac4938723a5cac208135d389b6972a6d?s=96&d=mm&r=g","url":"https:\/\/secure.gravatar.com\/avatar\/2172498d4914b51e1d89a0f97957b035ac4938723a5cac208135d389b6972a6d?s=96&d=mm&r=g","contentUrl":"https:\/\/secure.gravatar.com\/avatar\/2172498d4914b51e1d89a0f97957b035ac4938723a5cac208135d389b6972a6d?s=96&d=mm&r=g","caption":"teste"},"url":"https:\/\/blogdofarnesio.com.br\/?author=3"}]}},"_links":{"self":[{"href":"https:\/\/blogdofarnesio.com.br\/index.php?rest_route=\/wp\/v2\/posts\/70193","targetHints":{"allow":["GET"]}}],"collection":[{"href":"https:\/\/blogdofarnesio.com.br\/index.php?rest_route=\/wp\/v2\/posts"}],"about":[{"href":"https:\/\/blogdofarnesio.com.br\/index.php?rest_route=\/wp\/v2\/types\/post"}],"author":[{"embeddable":true,"href":"https:\/\/blogdofarnesio.com.br\/index.php?rest_route=\/wp\/v2\/users\/3"}],"replies":[{"embeddable":true,"href":"https:\/\/blogdofarnesio.com.br\/index.php?rest_route=%2Fwp%2Fv2%2Fcomments&post=70193"}],"version-history":[{"count":0,"href":"https:\/\/blogdofarnesio.com.br\/index.php?rest_route=\/wp\/v2\/posts\/70193\/revisions"}],"wp:attachment":[{"href":"https:\/\/blogdofarnesio.com.br\/index.php?rest_route=%2Fwp%2Fv2%2Fmedia&parent=70193"}],"wp:term":[{"taxonomy":"category","embeddable":true,"href":"https:\/\/blogdofarnesio.com.br\/index.php?rest_route=%2Fwp%2Fv2%2Fcategories&post=70193"},{"taxonomy":"post_tag","embeddable":true,"href":"https:\/\/blogdofarnesio.com.br\/index.php?rest_route=%2Fwp%2Fv2%2Ftags&post=70193"}],"curies":[{"name":"wp","href":"https:\/\/api.w.org\/{rel}","templated":true}]}}