{"id":70187,"date":"2014-01-19T12:00:46","date_gmt":"2014-01-19T15:00:46","guid":{"rendered":"http:\/\/www.quersaberpolitica.com.br\/?p=70187"},"modified":"2014-01-19T08:58:32","modified_gmt":"2014-01-19T11:58:32","slug":"carnaval-de-juazeiro-100-anos-folia-momesca-tera-de-volta-a-tradicao-das-escolas-de-samba","status":"publish","type":"post","link":"https:\/\/blogdofarnesio.com.br\/?p=70187","title":{"rendered":"CARNAVAL DE JUAZEIRO 100 ANOS \u2013 FOLIA MOMESCA TER\u00c1 DE VOLTA A TRADI\u00c7\u00c3O DAS ESCOLAS DE SAMBA"},"content":{"rendered":"<p style=\"text-align: justify\"><a href=\"http:\/\/www.quersaberpolitica.com.br\/2016\/wp-content\/uploads\/2014\/01\/Desfile-Escola-de-Samba-Juazeiro-Fonte-Blog-do-Parlim.gif\"><img loading=\"lazy\" decoding=\"async\" class=\"alignleft size-medium wp-image-70189\" alt=\"BLOGQSPCARNAVAL\" src=\"http:\/\/www.quersaberpolitica.com.br\/2016\/wp-content\/uploads\/2014\/01\/Desfile-Escola-de-Samba-Juazeiro-Fonte-Blog-do-Parlim-300x223.gif\" width=\"300\" height=\"223\" \/><\/a>Uma das manifesta\u00e7\u00f5es mais marcantes do centen\u00e1rio carnaval juazeirense, as Escolas de Samba (as populares \u201cbatucadas\u201d) trar\u00e3o de volta \u00e0 avenida o rufar dos tambores e o ritmo dos tamborins para o foli\u00e3o poder reviver a alegria e o brilho dos belos desfiles, com suas fantasias, estandartes, adere\u00e7os, baianas e passistas.<\/p>\n<p style=\"text-align: justify\">Desde os prim\u00f3rdios a folia momesca da cidade come\u00e7ou a se fortalecer e a ganhar fama inicialmente com os singelos desfiles dos carros aleg\u00f3ricos e em seguida com os contagiantes bailes realizados nos clubes sociais, especialmente os da 28 de Setembro, Apolo, Ca\u00e7adores e Art\u00edfices. O S\u00e3o Francisco Country Clube passou a ser outra disputada op\u00e7\u00e3o a partir da d\u00e9cada de 1960, chegando ao auge com a cria\u00e7\u00e3o do Baile do Hava\u00ed que por mais de vinte anos foi a mais badalada pr\u00e9via carnavalesca local.<\/p>\n<p style=\"text-align: justify\">J\u00e1 os desfiles das Escolas de Samba surgiram nos anos de 1950 e logo ganharam espa\u00e7o no cora\u00e7\u00e3o do povo atrav\u00e9s da inventividade, criatividade, gingado e muito samba no p\u00e9 de agremia\u00e7\u00f5es que se tornaram verdadeiros s\u00edmbolos culturais da maior festa popular de Juazeiro. Dentre as mais importantes, tivemos a \u201cUnidos da Vila\u201d, a \u201cCacumbu\u201d, a \u201cPiratas Reis do Samba\u201d, a \u201cA Voz do S\u00e3o Francisco\u201d, a \u201cFala Quem Pode\u201d, a \u201cImperatriz Juazeirense\u201d, a \u201cImp\u00e9rio do Castelo Branco\u201d, a \u201cVoz do Morro\u201d e a \u201cConstela\u00e7\u00e3o do Castelo Branco\u201d.<\/p>\n<p style=\"text-align: justify\">Visando resgatar os desfiles e ampliar as op\u00e7\u00f5es da grade de atra\u00e7\u00f5es, tornando o evento ainda mais democr\u00e1tico, a coordena\u00e7\u00e3o do \u201cCarnaval de Juazeiro 100 Anos\u201d est\u00e1 possibilitando a volta de uma das mais fortes manifesta\u00e7\u00f5es populares do munic\u00edpio. Para o gerente de cultura da Secretaria de Cultura e Juventude, Wellington Monteclaro, essa a\u00e7\u00e3o retoma o debate sobre a busca da conviv\u00eancia harmoniosa entre as tradi\u00e7\u00f5es e o novo.<\/p>\n<p style=\"text-align: justify\">\u201cPor muito tempo os desfiles dessas agremia\u00e7\u00f5es foram o principal meio de intera\u00e7\u00e3o entre o povo e a arte expressiva do carnaval. Por isso n\u00e3o somente para esta edi\u00e7\u00e3o comemorativa, mas nosso objetivo \u00e9 que as escolas e batucadas voltem a fazer parte da festa em definitivo, ocupando destaque na folia em perfeita comunh\u00e3o com os trios el\u00e9tricos\u201d, ressaltou.<\/p>\n<p style=\"text-align: justify\">\u201cDei um aperto de saudade no meu tamborim&#8230;\u201d<\/p>\n<p style=\"text-align: justify\">Dando inicio ao projeto de resgate das tradi\u00e7\u00f5es culturais do carnaval, quatro agremia\u00e7\u00f5es voltar\u00e3o a brilhar na avenida em 2014: Cacumbu; Mocidade Independente; Regimento do Samba e Unidos da Ponte. As escolas sair\u00e3o da Pra\u00e7a da Catedral, passando por um trecho do \u201cCircuito Ivete Sangalo\u201d (Orla 1) e encerrando no \u201cCircuito Daniel Alves\u201d, nas proximidades do Palco Multicultural da Orla 2, nos dias 09 (domingo) e 15 (s\u00e1bado) de fevereiro. Um carro aleg\u00f3rico oficial abrir\u00e1 o cortejo do samba apresentando como destaques os dois Reis Momos, as duas Rainhas e as duas princesas.<\/p>\n<p style=\"text-align: justify\">E para abrandar a ansiedade enquanto aguarda a abertura do maior pr\u00e9-carnaval do Brasil, que durante dez dias ir\u00e1 sacudir a cidade com as principais estrelas da m\u00fasica baiana na atualidade \u2013 e tamb\u00e9m grandes nomes do reggae e do pop nacionais \u2013 o foli\u00e3o ter\u00e1 a oportunidade de aprimorar os passos e o gingado com os ensaios de baterias que acontecer\u00e3o no Vaporzinho (Orla 2), das 17h \u00e0s 22h, nos dias 24, 25 e 31 de janeiro, 04 e 05 de fevereiro.<\/p>\n<p style=\"text-align: justify\"><strong>Texto: Luiz H\u00e9lio\/Secretaria de Cultura e Juventude-\u00a0Foto: Blog do Parlim<\/strong><\/p>\n<p>&nbsp;<\/p>\n","protected":false},"excerpt":{"rendered":"<p>Uma das manifesta\u00e7\u00f5es mais marcantes do centen\u00e1rio carnaval juazeirense, as Escolas de Samba (as populares \u201cbatucadas\u201d) trar\u00e3o de volta \u00e0 avenida o rufar dos tambores e o ritmo dos tamborins para o foli\u00e3o poder reviver a alegria e o brilho dos belos desfiles, com suas fantasias, estandartes, adere\u00e7os, baianas e passistas. Desde os prim\u00f3rdios a folia momesca da cidade come\u00e7ou a se fortalecer e a ganhar fama inicialmente com os singelos desfiles dos carros aleg\u00f3ricos e em seguida com os contagiantes bailes realizados nos clubes sociais, especialmente os da 28 de Setembro, Apolo, Ca\u00e7adores e Art\u00edfices. O S\u00e3o Francisco Country Clube passou a ser outra disputada op\u00e7\u00e3o a partir da d\u00e9cada de 1960, chegando ao auge com a cria\u00e7\u00e3o do&hellip; <\/p>\n","protected":false},"author":3,"featured_media":0,"comment_status":"open","ping_status":"open","sticky":false,"template":"","format":"standard","meta":{"_acf_changed":false,"footnotes":""},"categories":[10],"tags":[],"class_list":["post-70187","post","type-post","status-publish","format-standard","hentry","category-cultura"],"acf":[],"yoast_head":"<!-- This site is optimized with the Yoast SEO plugin v27.4 - https:\/\/yoast.com\/product\/yoast-seo-wordpress\/ -->\n<title>CARNAVAL DE JUAZEIRO 100 ANOS \u2013 FOLIA MOMESCA TER\u00c1 DE VOLTA A TRADI\u00c7\u00c3O DAS ESCOLAS DE SAMBA - Blog do Farn\u00e9sio<\/title>\n<meta name=\"robots\" content=\"index, follow, max-snippet:-1, max-image-preview:large, max-video-preview:-1\" \/>\n<link rel=\"canonical\" href=\"https:\/\/blogdofarnesio.com.br\/?p=70187\" \/>\n<meta property=\"og:locale\" content=\"pt_BR\" \/>\n<meta property=\"og:type\" content=\"article\" \/>\n<meta property=\"og:title\" content=\"CARNAVAL DE JUAZEIRO 100 ANOS \u2013 FOLIA MOMESCA TER\u00c1 DE VOLTA A TRADI\u00c7\u00c3O DAS ESCOLAS DE SAMBA - Blog do Farn\u00e9sio\" \/>\n<meta property=\"og:description\" content=\"Uma das manifesta\u00e7\u00f5es mais marcantes do centen\u00e1rio carnaval juazeirense, as Escolas de Samba (as populares \u201cbatucadas\u201d) trar\u00e3o de volta \u00e0 avenida o rufar dos tambores e o ritmo dos tamborins para o foli\u00e3o poder reviver a alegria e o brilho dos belos desfiles, com suas fantasias, estandartes, adere\u00e7os, baianas e passistas. Desde os prim\u00f3rdios a folia momesca da cidade come\u00e7ou a se fortalecer e a ganhar fama inicialmente com os singelos desfiles dos carros aleg\u00f3ricos e em seguida com os contagiantes bailes realizados nos clubes sociais, especialmente os da 28 de Setembro, Apolo, Ca\u00e7adores e Art\u00edfices. O S\u00e3o Francisco Country Clube passou a ser outra disputada op\u00e7\u00e3o a partir da d\u00e9cada de 1960, chegando ao auge com a cria\u00e7\u00e3o do&hellip;\" \/>\n<meta property=\"og:url\" content=\"https:\/\/blogdofarnesio.com.br\/?p=70187\" \/>\n<meta property=\"og:site_name\" content=\"Blog do Farn\u00e9sio\" \/>\n<meta property=\"article:publisher\" content=\"https:\/\/www.facebook.com\/BlogQuerSaberPolitica\/\" \/>\n<meta property=\"article:published_time\" content=\"2014-01-19T15:00:46+00:00\" \/>\n<meta property=\"og:image\" content=\"http:\/\/www.quersaberpolitica.com.br\/2016\/wp-content\/uploads\/2014\/01\/Desfile-Escola-de-Samba-Juazeiro-Fonte-Blog-do-Parlim-300x223.gif\" \/>\n<meta name=\"author\" content=\"teste\" \/>\n<meta name=\"twitter:card\" content=\"summary_large_image\" \/>\n<meta name=\"twitter:label1\" content=\"Escrito por\" \/>\n\t<meta name=\"twitter:data1\" content=\"teste\" \/>\n\t<meta name=\"twitter:label2\" content=\"Est. tempo de leitura\" \/>\n\t<meta name=\"twitter:data2\" content=\"3 minutos\" \/>\n<script type=\"application\/ld+json\" class=\"yoast-schema-graph\">{\"@context\":\"https:\\\/\\\/schema.org\",\"@graph\":[{\"@type\":\"Article\",\"@id\":\"https:\\\/\\\/blogdofarnesio.com.br\\\/?p=70187#article\",\"isPartOf\":{\"@id\":\"https:\\\/\\\/blogdofarnesio.com.br\\\/?p=70187\"},\"author\":{\"name\":\"teste\",\"@id\":\"https:\\\/\\\/blogdofarnesio.com.br\\\/#\\\/schema\\\/person\\\/dd1bf5eba40b687199ba45ca6b97dff9\"},\"headline\":\"CARNAVAL DE JUAZEIRO 100 ANOS \u2013 FOLIA MOMESCA TER\u00c1 DE VOLTA A TRADI\u00c7\u00c3O DAS ESCOLAS DE SAMBA\",\"datePublished\":\"2014-01-19T15:00:46+00:00\",\"mainEntityOfPage\":{\"@id\":\"https:\\\/\\\/blogdofarnesio.com.br\\\/?p=70187\"},\"wordCount\":597,\"commentCount\":0,\"publisher\":{\"@id\":\"https:\\\/\\\/blogdofarnesio.com.br\\\/#organization\"},\"image\":{\"@id\":\"https:\\\/\\\/blogdofarnesio.com.br\\\/?p=70187#primaryimage\"},\"thumbnailUrl\":\"http:\\\/\\\/www.quersaberpolitica.com.br\\\/2016\\\/wp-content\\\/uploads\\\/2014\\\/01\\\/Desfile-Escola-de-Samba-Juazeiro-Fonte-Blog-do-Parlim-300x223.gif\",\"articleSection\":[\"Cultura\"],\"inLanguage\":\"pt-BR\",\"potentialAction\":[{\"@type\":\"CommentAction\",\"name\":\"Comment\",\"target\":[\"https:\\\/\\\/blogdofarnesio.com.br\\\/?p=70187#respond\"]}]},{\"@type\":\"WebPage\",\"@id\":\"https:\\\/\\\/blogdofarnesio.com.br\\\/?p=70187\",\"url\":\"https:\\\/\\\/blogdofarnesio.com.br\\\/?p=70187\",\"name\":\"CARNAVAL DE JUAZEIRO 100 ANOS \u2013 FOLIA MOMESCA TER\u00c1 DE VOLTA A TRADI\u00c7\u00c3O DAS ESCOLAS DE SAMBA - Blog do Farn\u00e9sio\",\"isPartOf\":{\"@id\":\"https:\\\/\\\/blogdofarnesio.com.br\\\/#website\"},\"primaryImageOfPage\":{\"@id\":\"https:\\\/\\\/blogdofarnesio.com.br\\\/?p=70187#primaryimage\"},\"image\":{\"@id\":\"https:\\\/\\\/blogdofarnesio.com.br\\\/?p=70187#primaryimage\"},\"thumbnailUrl\":\"http:\\\/\\\/www.quersaberpolitica.com.br\\\/2016\\\/wp-content\\\/uploads\\\/2014\\\/01\\\/Desfile-Escola-de-Samba-Juazeiro-Fonte-Blog-do-Parlim-300x223.gif\",\"datePublished\":\"2014-01-19T15:00:46+00:00\",\"breadcrumb\":{\"@id\":\"https:\\\/\\\/blogdofarnesio.com.br\\\/?p=70187#breadcrumb\"},\"inLanguage\":\"pt-BR\",\"potentialAction\":[{\"@type\":\"ReadAction\",\"target\":[\"https:\\\/\\\/blogdofarnesio.com.br\\\/?p=70187\"]}]},{\"@type\":\"ImageObject\",\"inLanguage\":\"pt-BR\",\"@id\":\"https:\\\/\\\/blogdofarnesio.com.br\\\/?p=70187#primaryimage\",\"url\":\"http:\\\/\\\/www.quersaberpolitica.com.br\\\/2016\\\/wp-content\\\/uploads\\\/2014\\\/01\\\/Desfile-Escola-de-Samba-Juazeiro-Fonte-Blog-do-Parlim-300x223.gif\",\"contentUrl\":\"http:\\\/\\\/www.quersaberpolitica.com.br\\\/2016\\\/wp-content\\\/uploads\\\/2014\\\/01\\\/Desfile-Escola-de-Samba-Juazeiro-Fonte-Blog-do-Parlim-300x223.gif\"},{\"@type\":\"BreadcrumbList\",\"@id\":\"https:\\\/\\\/blogdofarnesio.com.br\\\/?p=70187#breadcrumb\",\"itemListElement\":[{\"@type\":\"ListItem\",\"position\":1,\"name\":\"In\u00edcio\",\"item\":\"https:\\\/\\\/blogdofarnesio.com.br\\\/\"},{\"@type\":\"ListItem\",\"position\":2,\"name\":\"CARNAVAL DE JUAZEIRO 100 ANOS \u2013 FOLIA MOMESCA TER\u00c1 DE VOLTA A TRADI\u00c7\u00c3O DAS ESCOLAS DE SAMBA\"}]},{\"@type\":\"WebSite\",\"@id\":\"https:\\\/\\\/blogdofarnesio.com.br\\\/#website\",\"url\":\"https:\\\/\\\/blogdofarnesio.com.br\\\/\",\"name\":\"Blog do Farn\u00e9sio\",\"description\":\"Quer Saber Pol\u00edtica?\",\"publisher\":{\"@id\":\"https:\\\/\\\/blogdofarnesio.com.br\\\/#organization\"},\"potentialAction\":[{\"@type\":\"SearchAction\",\"target\":{\"@type\":\"EntryPoint\",\"urlTemplate\":\"https:\\\/\\\/blogdofarnesio.com.br\\\/?s={search_term_string}\"},\"query-input\":{\"@type\":\"PropertyValueSpecification\",\"valueRequired\":true,\"valueName\":\"search_term_string\"}}],\"inLanguage\":\"pt-BR\"},{\"@type\":\"Organization\",\"@id\":\"https:\\\/\\\/blogdofarnesio.com.br\\\/#organization\",\"name\":\"Blog do Farn\u00e9sio\",\"url\":\"https:\\\/\\\/blogdofarnesio.com.br\\\/\",\"logo\":{\"@type\":\"ImageObject\",\"inLanguage\":\"pt-BR\",\"@id\":\"https:\\\/\\\/blogdofarnesio.com.br\\\/#\\\/schema\\\/logo\\\/image\\\/\",\"url\":\"https:\\\/\\\/blogdofarnesio.com.br\\\/wp-content\\\/uploads\\\/2026\\\/03\\\/cropped-logo_new-1.png\",\"contentUrl\":\"https:\\\/\\\/blogdofarnesio.com.br\\\/wp-content\\\/uploads\\\/2026\\\/03\\\/cropped-logo_new-1.png\",\"width\":881,\"height\":685,\"caption\":\"Blog do Farn\u00e9sio\"},\"image\":{\"@id\":\"https:\\\/\\\/blogdofarnesio.com.br\\\/#\\\/schema\\\/logo\\\/image\\\/\"},\"sameAs\":[\"https:\\\/\\\/www.facebook.com\\\/BlogQuerSaberPolitica\\\/\"]},{\"@type\":\"Person\",\"@id\":\"https:\\\/\\\/blogdofarnesio.com.br\\\/#\\\/schema\\\/person\\\/dd1bf5eba40b687199ba45ca6b97dff9\",\"name\":\"teste\",\"image\":{\"@type\":\"ImageObject\",\"inLanguage\":\"pt-BR\",\"@id\":\"https:\\\/\\\/secure.gravatar.com\\\/avatar\\\/2172498d4914b51e1d89a0f97957b035ac4938723a5cac208135d389b6972a6d?s=96&d=mm&r=g\",\"url\":\"https:\\\/\\\/secure.gravatar.com\\\/avatar\\\/2172498d4914b51e1d89a0f97957b035ac4938723a5cac208135d389b6972a6d?s=96&d=mm&r=g\",\"contentUrl\":\"https:\\\/\\\/secure.gravatar.com\\\/avatar\\\/2172498d4914b51e1d89a0f97957b035ac4938723a5cac208135d389b6972a6d?s=96&d=mm&r=g\",\"caption\":\"teste\"},\"url\":\"https:\\\/\\\/blogdofarnesio.com.br\\\/?author=3\"}]}<\/script>\n<!-- \/ Yoast SEO plugin. -->","yoast_head_json":{"title":"CARNAVAL DE JUAZEIRO 100 ANOS \u2013 FOLIA MOMESCA TER\u00c1 DE VOLTA A TRADI\u00c7\u00c3O DAS ESCOLAS DE SAMBA - Blog do Farn\u00e9sio","robots":{"index":"index","follow":"follow","max-snippet":"max-snippet:-1","max-image-preview":"max-image-preview:large","max-video-preview":"max-video-preview:-1"},"canonical":"https:\/\/blogdofarnesio.com.br\/?p=70187","og_locale":"pt_BR","og_type":"article","og_title":"CARNAVAL DE JUAZEIRO 100 ANOS \u2013 FOLIA MOMESCA TER\u00c1 DE VOLTA A TRADI\u00c7\u00c3O DAS ESCOLAS DE SAMBA - Blog do Farn\u00e9sio","og_description":"Uma das manifesta\u00e7\u00f5es mais marcantes do centen\u00e1rio carnaval juazeirense, as Escolas de Samba (as populares \u201cbatucadas\u201d) trar\u00e3o de volta \u00e0 avenida o rufar dos tambores e o ritmo dos tamborins para o foli\u00e3o poder reviver a alegria e o brilho dos belos desfiles, com suas fantasias, estandartes, adere\u00e7os, baianas e passistas. Desde os prim\u00f3rdios a folia momesca da cidade come\u00e7ou a se fortalecer e a ganhar fama inicialmente com os singelos desfiles dos carros aleg\u00f3ricos e em seguida com os contagiantes bailes realizados nos clubes sociais, especialmente os da 28 de Setembro, Apolo, Ca\u00e7adores e Art\u00edfices. O S\u00e3o Francisco Country Clube passou a ser outra disputada op\u00e7\u00e3o a partir da d\u00e9cada de 1960, chegando ao auge com a cria\u00e7\u00e3o do&hellip;","og_url":"https:\/\/blogdofarnesio.com.br\/?p=70187","og_site_name":"Blog do Farn\u00e9sio","article_publisher":"https:\/\/www.facebook.com\/BlogQuerSaberPolitica\/","article_published_time":"2014-01-19T15:00:46+00:00","og_image":[{"url":"http:\/\/www.quersaberpolitica.com.br\/2016\/wp-content\/uploads\/2014\/01\/Desfile-Escola-de-Samba-Juazeiro-Fonte-Blog-do-Parlim-300x223.gif","type":"","width":"","height":""}],"author":"teste","twitter_card":"summary_large_image","twitter_misc":{"Escrito por":"teste","Est. tempo de leitura":"3 minutos"},"schema":{"@context":"https:\/\/schema.org","@graph":[{"@type":"Article","@id":"https:\/\/blogdofarnesio.com.br\/?p=70187#article","isPartOf":{"@id":"https:\/\/blogdofarnesio.com.br\/?p=70187"},"author":{"name":"teste","@id":"https:\/\/blogdofarnesio.com.br\/#\/schema\/person\/dd1bf5eba40b687199ba45ca6b97dff9"},"headline":"CARNAVAL DE JUAZEIRO 100 ANOS \u2013 FOLIA MOMESCA TER\u00c1 DE VOLTA A TRADI\u00c7\u00c3O DAS ESCOLAS DE SAMBA","datePublished":"2014-01-19T15:00:46+00:00","mainEntityOfPage":{"@id":"https:\/\/blogdofarnesio.com.br\/?p=70187"},"wordCount":597,"commentCount":0,"publisher":{"@id":"https:\/\/blogdofarnesio.com.br\/#organization"},"image":{"@id":"https:\/\/blogdofarnesio.com.br\/?p=70187#primaryimage"},"thumbnailUrl":"http:\/\/www.quersaberpolitica.com.br\/2016\/wp-content\/uploads\/2014\/01\/Desfile-Escola-de-Samba-Juazeiro-Fonte-Blog-do-Parlim-300x223.gif","articleSection":["Cultura"],"inLanguage":"pt-BR","potentialAction":[{"@type":"CommentAction","name":"Comment","target":["https:\/\/blogdofarnesio.com.br\/?p=70187#respond"]}]},{"@type":"WebPage","@id":"https:\/\/blogdofarnesio.com.br\/?p=70187","url":"https:\/\/blogdofarnesio.com.br\/?p=70187","name":"CARNAVAL DE JUAZEIRO 100 ANOS \u2013 FOLIA MOMESCA TER\u00c1 DE VOLTA A TRADI\u00c7\u00c3O DAS ESCOLAS DE SAMBA - Blog do Farn\u00e9sio","isPartOf":{"@id":"https:\/\/blogdofarnesio.com.br\/#website"},"primaryImageOfPage":{"@id":"https:\/\/blogdofarnesio.com.br\/?p=70187#primaryimage"},"image":{"@id":"https:\/\/blogdofarnesio.com.br\/?p=70187#primaryimage"},"thumbnailUrl":"http:\/\/www.quersaberpolitica.com.br\/2016\/wp-content\/uploads\/2014\/01\/Desfile-Escola-de-Samba-Juazeiro-Fonte-Blog-do-Parlim-300x223.gif","datePublished":"2014-01-19T15:00:46+00:00","breadcrumb":{"@id":"https:\/\/blogdofarnesio.com.br\/?p=70187#breadcrumb"},"inLanguage":"pt-BR","potentialAction":[{"@type":"ReadAction","target":["https:\/\/blogdofarnesio.com.br\/?p=70187"]}]},{"@type":"ImageObject","inLanguage":"pt-BR","@id":"https:\/\/blogdofarnesio.com.br\/?p=70187#primaryimage","url":"http:\/\/www.quersaberpolitica.com.br\/2016\/wp-content\/uploads\/2014\/01\/Desfile-Escola-de-Samba-Juazeiro-Fonte-Blog-do-Parlim-300x223.gif","contentUrl":"http:\/\/www.quersaberpolitica.com.br\/2016\/wp-content\/uploads\/2014\/01\/Desfile-Escola-de-Samba-Juazeiro-Fonte-Blog-do-Parlim-300x223.gif"},{"@type":"BreadcrumbList","@id":"https:\/\/blogdofarnesio.com.br\/?p=70187#breadcrumb","itemListElement":[{"@type":"ListItem","position":1,"name":"In\u00edcio","item":"https:\/\/blogdofarnesio.com.br\/"},{"@type":"ListItem","position":2,"name":"CARNAVAL DE JUAZEIRO 100 ANOS \u2013 FOLIA MOMESCA TER\u00c1 DE VOLTA A TRADI\u00c7\u00c3O DAS ESCOLAS DE SAMBA"}]},{"@type":"WebSite","@id":"https:\/\/blogdofarnesio.com.br\/#website","url":"https:\/\/blogdofarnesio.com.br\/","name":"Blog do Farn\u00e9sio","description":"Quer Saber Pol\u00edtica?","publisher":{"@id":"https:\/\/blogdofarnesio.com.br\/#organization"},"potentialAction":[{"@type":"SearchAction","target":{"@type":"EntryPoint","urlTemplate":"https:\/\/blogdofarnesio.com.br\/?s={search_term_string}"},"query-input":{"@type":"PropertyValueSpecification","valueRequired":true,"valueName":"search_term_string"}}],"inLanguage":"pt-BR"},{"@type":"Organization","@id":"https:\/\/blogdofarnesio.com.br\/#organization","name":"Blog do Farn\u00e9sio","url":"https:\/\/blogdofarnesio.com.br\/","logo":{"@type":"ImageObject","inLanguage":"pt-BR","@id":"https:\/\/blogdofarnesio.com.br\/#\/schema\/logo\/image\/","url":"https:\/\/blogdofarnesio.com.br\/wp-content\/uploads\/2026\/03\/cropped-logo_new-1.png","contentUrl":"https:\/\/blogdofarnesio.com.br\/wp-content\/uploads\/2026\/03\/cropped-logo_new-1.png","width":881,"height":685,"caption":"Blog do Farn\u00e9sio"},"image":{"@id":"https:\/\/blogdofarnesio.com.br\/#\/schema\/logo\/image\/"},"sameAs":["https:\/\/www.facebook.com\/BlogQuerSaberPolitica\/"]},{"@type":"Person","@id":"https:\/\/blogdofarnesio.com.br\/#\/schema\/person\/dd1bf5eba40b687199ba45ca6b97dff9","name":"teste","image":{"@type":"ImageObject","inLanguage":"pt-BR","@id":"https:\/\/secure.gravatar.com\/avatar\/2172498d4914b51e1d89a0f97957b035ac4938723a5cac208135d389b6972a6d?s=96&d=mm&r=g","url":"https:\/\/secure.gravatar.com\/avatar\/2172498d4914b51e1d89a0f97957b035ac4938723a5cac208135d389b6972a6d?s=96&d=mm&r=g","contentUrl":"https:\/\/secure.gravatar.com\/avatar\/2172498d4914b51e1d89a0f97957b035ac4938723a5cac208135d389b6972a6d?s=96&d=mm&r=g","caption":"teste"},"url":"https:\/\/blogdofarnesio.com.br\/?author=3"}]}},"_links":{"self":[{"href":"https:\/\/blogdofarnesio.com.br\/index.php?rest_route=\/wp\/v2\/posts\/70187","targetHints":{"allow":["GET"]}}],"collection":[{"href":"https:\/\/blogdofarnesio.com.br\/index.php?rest_route=\/wp\/v2\/posts"}],"about":[{"href":"https:\/\/blogdofarnesio.com.br\/index.php?rest_route=\/wp\/v2\/types\/post"}],"author":[{"embeddable":true,"href":"https:\/\/blogdofarnesio.com.br\/index.php?rest_route=\/wp\/v2\/users\/3"}],"replies":[{"embeddable":true,"href":"https:\/\/blogdofarnesio.com.br\/index.php?rest_route=%2Fwp%2Fv2%2Fcomments&post=70187"}],"version-history":[{"count":0,"href":"https:\/\/blogdofarnesio.com.br\/index.php?rest_route=\/wp\/v2\/posts\/70187\/revisions"}],"wp:attachment":[{"href":"https:\/\/blogdofarnesio.com.br\/index.php?rest_route=%2Fwp%2Fv2%2Fmedia&parent=70187"}],"wp:term":[{"taxonomy":"category","embeddable":true,"href":"https:\/\/blogdofarnesio.com.br\/index.php?rest_route=%2Fwp%2Fv2%2Fcategories&post=70187"},{"taxonomy":"post_tag","embeddable":true,"href":"https:\/\/blogdofarnesio.com.br\/index.php?rest_route=%2Fwp%2Fv2%2Ftags&post=70187"}],"curies":[{"name":"wp","href":"https:\/\/api.w.org\/{rel}","templated":true}]}}