{"id":69808,"date":"2014-01-14T21:01:00","date_gmt":"2014-01-15T00:01:00","guid":{"rendered":"http:\/\/www.quersaberpolitica.com.br\/?p=69808"},"modified":"2014-01-14T21:01:00","modified_gmt":"2014-01-15T00:01:00","slug":"prefeito-assina-ordem-de-servico-para-pavimentacao-de-ruas-em-sete-bairros","status":"publish","type":"post","link":"https:\/\/blogdofarnesio.com.br\/?p=69808","title":{"rendered":"PREFEITO ASSINA ORDEM DE SERVI\u00c7O PARA PAVIMENTA\u00c7\u00c3O DE RUAS EM SETE BAIRROS"},"content":{"rendered":"<p style=\"text-align: justify\"><a href=\"http:\/\/www.quersaberpolitica.com.br\/2016\/wp-content\/uploads\/2014\/01\/DSC_-6665-01.jpg\"><img loading=\"lazy\" decoding=\"async\" class=\"alignleft size-medium wp-image-69809\" alt=\"blogqsplossio\" src=\"http:\/\/www.quersaberpolitica.com.br\/2016\/wp-content\/uploads\/2014\/01\/DSC_-6665-01-300x214.jpg\" width=\"300\" height=\"214\" srcset=\"https:\/\/blogdofarnesio.com.br\/wp-content\/uploads\/2014\/01\/DSC_-6665-01-300x214.jpg 300w, https:\/\/blogdofarnesio.com.br\/wp-content\/uploads\/2014\/01\/DSC_-6665-01.jpg 400w\" sizes=\"auto, (max-width: 300px) 100vw, 300px\" \/><\/a>Como forma de investimento na infraestrutura da cidade de Petrolina, o prefeito Julio Lossio realizou nesta ter\u00e7a-feira (14), a assinatura da ordem de servi\u00e7o de pavimenta\u00e7\u00e3o de ruas.<\/p>\n<p style=\"text-align: justify\">Durante a solenidade realizada no hall do gabinete, estiveram presentes secret\u00e1rios, vereadores, lideran\u00e7as comunit\u00e1rias e popula\u00e7\u00e3o geral.<\/p>\n<p style=\"text-align: justify\">Ser\u00e3o contempladas 35 ruas, distribu\u00eddas em sete bairros. O investimento &#8211; da ordem de R$ 4 milh\u00f5es- \u00e9 resultado da parceria da gest\u00e3o municipal com o Plano de Acelera\u00e7\u00e3o do Crescimento (PAC) Mobilidade.<\/p>\n<p style=\"text-align: justify\">Retornando \u00e0s atividades ap\u00f3s as f\u00e9rias de 10 dias, o prefeito Julio Lossio demonstrou felicidade ao assinar a ordem de servi\u00e7o. \u201c\u00c9 nosso compromisso investir na pavimenta\u00e7\u00e3o. Percebemos uma grande demanda da popula\u00e7\u00e3o e hoje podemos executar esse trabalho\u201d.<!--more--><\/p>\n<p style=\"text-align: justify\">O diferencial da pavimenta\u00e7\u00e3o das ruas dos bairros Areia Branca, Loteamento Nova York, Maria Auxiliadora, S\u00e3o Jos\u00e9, Cohab VI , Ipsep I e Km 2 \u00e9 a utiliza\u00e7\u00e3o de blocos intertravados. Mais ecol\u00f3gicos, o material est\u00e1 sendo utilizado tamb\u00e9m na obra da Orla de Petrolina.<\/p>\n<p style=\"text-align: justify\">Segundo o secret\u00e1rio de Obras, Rog\u00e9rio Valen\u00e7a os blocos intertravados apresentam outras qualidades. \u201cEsse material tem maior capacidade de drenagem, ele absorve menos sol e ajuda na ilumina\u00e7\u00e3o p\u00fablica, devido a sua cor cinza. \u00c9 uma alegria cumprir mais essa miss\u00e3o e ver que j\u00e1 pavimentamos mais de 100 ruas desde a primeira gest\u00e3o\u201d destacou Valen\u00e7a.<\/p>\n<p style=\"text-align: justify\">Representando os bairros contemplados com a pavimenta\u00e7\u00e3o, o presidente da Associa\u00e7\u00e3o dos Moradores do bairro Maria Auxiliadora, Ant\u00f4nio Marcos, destacou o papel do prefeito Julio L\u00f3ssio na busca por melhorias no bairro. \u201cA comunidade ficou feliz em ser uma das contempladas e agradecemos pelo investimento no bairro. O prefeito ficar\u00e1 na hist\u00f3ria da nossa comunidade por duas coisas: ter feito a pavimenta\u00e7\u00e3o e a pra\u00e7a\u201d.<\/p>\n<p style=\"text-align: justify\">Durante o evento, o prefeito Julio Lossio comentou sobre a reforma administrativa. \u201cEla vem para facilitar nosso trabalho e foi algo pedido diretamente pelo partido. Vamos agilizar a gest\u00e3o\u201d, ressaltou Lossio.<\/p>\n<p style=\"text-align: justify\">A pavimenta\u00e7\u00e3o das 35 ruas \u00e9 um trabalho conjunto das secretarias de Infraestrutura e Obras. Aproximadamente 30 mil fam\u00edlias ser\u00e3o beneficiadas com esse trabalho.<\/p>\n<p style=\"text-align: justify\"><strong>Texto: Maria Yamakawa\/ Fotos: Gilson Santos<\/strong><\/p>\n","protected":false},"excerpt":{"rendered":"<p>Como forma de investimento na infraestrutura da cidade de Petrolina, o prefeito Julio Lossio realizou nesta ter\u00e7a-feira (14), a assinatura da ordem de servi\u00e7o de pavimenta\u00e7\u00e3o de ruas. Durante a solenidade realizada no hall do gabinete, estiveram presentes secret\u00e1rios, vereadores, lideran\u00e7as comunit\u00e1rias e popula\u00e7\u00e3o geral. Ser\u00e3o contempladas 35 ruas, distribu\u00eddas em sete bairros. O investimento &#8211; da ordem de R$ 4 milh\u00f5es- \u00e9 resultado da parceria da gest\u00e3o municipal com o Plano de Acelera\u00e7\u00e3o do Crescimento (PAC) Mobilidade. Retornando \u00e0s atividades ap\u00f3s as f\u00e9rias de 10 dias, o prefeito Julio Lossio demonstrou felicidade ao assinar a ordem de servi\u00e7o. \u201c\u00c9 nosso compromisso investir na pavimenta\u00e7\u00e3o. Percebemos uma grande demanda da popula\u00e7\u00e3o e hoje podemos executar esse trabalho\u201d.<\/p>\n","protected":false},"author":3,"featured_media":0,"comment_status":"open","ping_status":"open","sticky":false,"template":"","format":"standard","meta":{"_acf_changed":false,"footnotes":""},"categories":[44],"tags":[],"class_list":["post-69808","post","type-post","status-publish","format-standard","hentry","category-administracao"],"acf":[],"yoast_head":"<!-- This site is optimized with the Yoast SEO plugin v27.4 - https:\/\/yoast.com\/product\/yoast-seo-wordpress\/ -->\n<title>PREFEITO ASSINA ORDEM DE SERVI\u00c7O PARA PAVIMENTA\u00c7\u00c3O DE RUAS EM SETE BAIRROS - Blog do Farn\u00e9sio<\/title>\n<meta name=\"robots\" content=\"index, follow, max-snippet:-1, max-image-preview:large, max-video-preview:-1\" \/>\n<link rel=\"canonical\" href=\"https:\/\/blogdofarnesio.com.br\/?p=69808\" \/>\n<meta property=\"og:locale\" content=\"pt_BR\" \/>\n<meta property=\"og:type\" content=\"article\" \/>\n<meta property=\"og:title\" content=\"PREFEITO ASSINA ORDEM DE SERVI\u00c7O PARA PAVIMENTA\u00c7\u00c3O DE RUAS EM SETE BAIRROS - Blog do Farn\u00e9sio\" \/>\n<meta property=\"og:description\" content=\"Como forma de investimento na infraestrutura da cidade de Petrolina, o prefeito Julio Lossio realizou nesta ter\u00e7a-feira (14), a assinatura da ordem de servi\u00e7o de pavimenta\u00e7\u00e3o de ruas. Durante a solenidade realizada no hall do gabinete, estiveram presentes secret\u00e1rios, vereadores, lideran\u00e7as comunit\u00e1rias e popula\u00e7\u00e3o geral. Ser\u00e3o contempladas 35 ruas, distribu\u00eddas em sete bairros. O investimento &#8211; da ordem de R$ 4 milh\u00f5es- \u00e9 resultado da parceria da gest\u00e3o municipal com o Plano de Acelera\u00e7\u00e3o do Crescimento (PAC) Mobilidade. Retornando \u00e0s atividades ap\u00f3s as f\u00e9rias de 10 dias, o prefeito Julio Lossio demonstrou felicidade ao assinar a ordem de servi\u00e7o. \u201c\u00c9 nosso compromisso investir na pavimenta\u00e7\u00e3o. Percebemos uma grande demanda da popula\u00e7\u00e3o e hoje podemos executar esse trabalho\u201d.\" \/>\n<meta property=\"og:url\" content=\"https:\/\/blogdofarnesio.com.br\/?p=69808\" \/>\n<meta property=\"og:site_name\" content=\"Blog do Farn\u00e9sio\" \/>\n<meta property=\"article:publisher\" content=\"https:\/\/www.facebook.com\/BlogQuerSaberPolitica\/\" \/>\n<meta property=\"article:published_time\" content=\"2014-01-15T00:01:00+00:00\" \/>\n<meta property=\"og:image\" content=\"http:\/\/www.quersaberpolitica.com.br\/2016\/wp-content\/uploads\/2014\/01\/DSC_-6665-01-300x214.jpg\" \/>\n<meta name=\"author\" content=\"teste\" \/>\n<meta name=\"twitter:card\" content=\"summary_large_image\" \/>\n<meta name=\"twitter:label1\" content=\"Escrito por\" \/>\n\t<meta name=\"twitter:data1\" content=\"teste\" \/>\n\t<meta name=\"twitter:label2\" content=\"Est. tempo de leitura\" \/>\n\t<meta name=\"twitter:data2\" content=\"2 minutos\" \/>\n<script type=\"application\/ld+json\" class=\"yoast-schema-graph\">{\"@context\":\"https:\\\/\\\/schema.org\",\"@graph\":[{\"@type\":\"Article\",\"@id\":\"https:\\\/\\\/blogdofarnesio.com.br\\\/?p=69808#article\",\"isPartOf\":{\"@id\":\"https:\\\/\\\/blogdofarnesio.com.br\\\/?p=69808\"},\"author\":{\"name\":\"teste\",\"@id\":\"https:\\\/\\\/blogdofarnesio.com.br\\\/#\\\/schema\\\/person\\\/dd1bf5eba40b687199ba45ca6b97dff9\"},\"headline\":\"PREFEITO ASSINA ORDEM DE SERVI\u00c7O PARA PAVIMENTA\u00c7\u00c3O DE RUAS EM SETE BAIRROS\",\"datePublished\":\"2014-01-15T00:01:00+00:00\",\"mainEntityOfPage\":{\"@id\":\"https:\\\/\\\/blogdofarnesio.com.br\\\/?p=69808\"},\"wordCount\":385,\"commentCount\":0,\"publisher\":{\"@id\":\"https:\\\/\\\/blogdofarnesio.com.br\\\/#organization\"},\"image\":{\"@id\":\"https:\\\/\\\/blogdofarnesio.com.br\\\/?p=69808#primaryimage\"},\"thumbnailUrl\":\"http:\\\/\\\/www.quersaberpolitica.com.br\\\/2016\\\/wp-content\\\/uploads\\\/2014\\\/01\\\/DSC_-6665-01-300x214.jpg\",\"articleSection\":[\"Administra\u00e7\u00e3o\"],\"inLanguage\":\"pt-BR\",\"potentialAction\":[{\"@type\":\"CommentAction\",\"name\":\"Comment\",\"target\":[\"https:\\\/\\\/blogdofarnesio.com.br\\\/?p=69808#respond\"]}]},{\"@type\":\"WebPage\",\"@id\":\"https:\\\/\\\/blogdofarnesio.com.br\\\/?p=69808\",\"url\":\"https:\\\/\\\/blogdofarnesio.com.br\\\/?p=69808\",\"name\":\"PREFEITO ASSINA ORDEM DE SERVI\u00c7O PARA PAVIMENTA\u00c7\u00c3O DE RUAS EM SETE BAIRROS - Blog do Farn\u00e9sio\",\"isPartOf\":{\"@id\":\"https:\\\/\\\/blogdofarnesio.com.br\\\/#website\"},\"primaryImageOfPage\":{\"@id\":\"https:\\\/\\\/blogdofarnesio.com.br\\\/?p=69808#primaryimage\"},\"image\":{\"@id\":\"https:\\\/\\\/blogdofarnesio.com.br\\\/?p=69808#primaryimage\"},\"thumbnailUrl\":\"http:\\\/\\\/www.quersaberpolitica.com.br\\\/2016\\\/wp-content\\\/uploads\\\/2014\\\/01\\\/DSC_-6665-01-300x214.jpg\",\"datePublished\":\"2014-01-15T00:01:00+00:00\",\"breadcrumb\":{\"@id\":\"https:\\\/\\\/blogdofarnesio.com.br\\\/?p=69808#breadcrumb\"},\"inLanguage\":\"pt-BR\",\"potentialAction\":[{\"@type\":\"ReadAction\",\"target\":[\"https:\\\/\\\/blogdofarnesio.com.br\\\/?p=69808\"]}]},{\"@type\":\"ImageObject\",\"inLanguage\":\"pt-BR\",\"@id\":\"https:\\\/\\\/blogdofarnesio.com.br\\\/?p=69808#primaryimage\",\"url\":\"http:\\\/\\\/www.quersaberpolitica.com.br\\\/2016\\\/wp-content\\\/uploads\\\/2014\\\/01\\\/DSC_-6665-01-300x214.jpg\",\"contentUrl\":\"http:\\\/\\\/www.quersaberpolitica.com.br\\\/2016\\\/wp-content\\\/uploads\\\/2014\\\/01\\\/DSC_-6665-01-300x214.jpg\"},{\"@type\":\"BreadcrumbList\",\"@id\":\"https:\\\/\\\/blogdofarnesio.com.br\\\/?p=69808#breadcrumb\",\"itemListElement\":[{\"@type\":\"ListItem\",\"position\":1,\"name\":\"In\u00edcio\",\"item\":\"https:\\\/\\\/blogdofarnesio.com.br\\\/\"},{\"@type\":\"ListItem\",\"position\":2,\"name\":\"PREFEITO ASSINA ORDEM DE SERVI\u00c7O PARA PAVIMENTA\u00c7\u00c3O DE RUAS EM SETE BAIRROS\"}]},{\"@type\":\"WebSite\",\"@id\":\"https:\\\/\\\/blogdofarnesio.com.br\\\/#website\",\"url\":\"https:\\\/\\\/blogdofarnesio.com.br\\\/\",\"name\":\"Blog do Farn\u00e9sio\",\"description\":\"Quer Saber Pol\u00edtica?\",\"publisher\":{\"@id\":\"https:\\\/\\\/blogdofarnesio.com.br\\\/#organization\"},\"potentialAction\":[{\"@type\":\"SearchAction\",\"target\":{\"@type\":\"EntryPoint\",\"urlTemplate\":\"https:\\\/\\\/blogdofarnesio.com.br\\\/?s={search_term_string}\"},\"query-input\":{\"@type\":\"PropertyValueSpecification\",\"valueRequired\":true,\"valueName\":\"search_term_string\"}}],\"inLanguage\":\"pt-BR\"},{\"@type\":\"Organization\",\"@id\":\"https:\\\/\\\/blogdofarnesio.com.br\\\/#organization\",\"name\":\"Blog do Farn\u00e9sio\",\"url\":\"https:\\\/\\\/blogdofarnesio.com.br\\\/\",\"logo\":{\"@type\":\"ImageObject\",\"inLanguage\":\"pt-BR\",\"@id\":\"https:\\\/\\\/blogdofarnesio.com.br\\\/#\\\/schema\\\/logo\\\/image\\\/\",\"url\":\"https:\\\/\\\/blogdofarnesio.com.br\\\/wp-content\\\/uploads\\\/2026\\\/03\\\/cropped-logo_new-1.png\",\"contentUrl\":\"https:\\\/\\\/blogdofarnesio.com.br\\\/wp-content\\\/uploads\\\/2026\\\/03\\\/cropped-logo_new-1.png\",\"width\":881,\"height\":685,\"caption\":\"Blog do Farn\u00e9sio\"},\"image\":{\"@id\":\"https:\\\/\\\/blogdofarnesio.com.br\\\/#\\\/schema\\\/logo\\\/image\\\/\"},\"sameAs\":[\"https:\\\/\\\/www.facebook.com\\\/BlogQuerSaberPolitica\\\/\"]},{\"@type\":\"Person\",\"@id\":\"https:\\\/\\\/blogdofarnesio.com.br\\\/#\\\/schema\\\/person\\\/dd1bf5eba40b687199ba45ca6b97dff9\",\"name\":\"teste\",\"image\":{\"@type\":\"ImageObject\",\"inLanguage\":\"pt-BR\",\"@id\":\"https:\\\/\\\/secure.gravatar.com\\\/avatar\\\/2172498d4914b51e1d89a0f97957b035ac4938723a5cac208135d389b6972a6d?s=96&d=mm&r=g\",\"url\":\"https:\\\/\\\/secure.gravatar.com\\\/avatar\\\/2172498d4914b51e1d89a0f97957b035ac4938723a5cac208135d389b6972a6d?s=96&d=mm&r=g\",\"contentUrl\":\"https:\\\/\\\/secure.gravatar.com\\\/avatar\\\/2172498d4914b51e1d89a0f97957b035ac4938723a5cac208135d389b6972a6d?s=96&d=mm&r=g\",\"caption\":\"teste\"},\"url\":\"https:\\\/\\\/blogdofarnesio.com.br\\\/?author=3\"}]}<\/script>\n<!-- \/ Yoast SEO plugin. -->","yoast_head_json":{"title":"PREFEITO ASSINA ORDEM DE SERVI\u00c7O PARA PAVIMENTA\u00c7\u00c3O DE RUAS EM SETE BAIRROS - Blog do Farn\u00e9sio","robots":{"index":"index","follow":"follow","max-snippet":"max-snippet:-1","max-image-preview":"max-image-preview:large","max-video-preview":"max-video-preview:-1"},"canonical":"https:\/\/blogdofarnesio.com.br\/?p=69808","og_locale":"pt_BR","og_type":"article","og_title":"PREFEITO ASSINA ORDEM DE SERVI\u00c7O PARA PAVIMENTA\u00c7\u00c3O DE RUAS EM SETE BAIRROS - Blog do Farn\u00e9sio","og_description":"Como forma de investimento na infraestrutura da cidade de Petrolina, o prefeito Julio Lossio realizou nesta ter\u00e7a-feira (14), a assinatura da ordem de servi\u00e7o de pavimenta\u00e7\u00e3o de ruas. Durante a solenidade realizada no hall do gabinete, estiveram presentes secret\u00e1rios, vereadores, lideran\u00e7as comunit\u00e1rias e popula\u00e7\u00e3o geral. Ser\u00e3o contempladas 35 ruas, distribu\u00eddas em sete bairros. O investimento &#8211; da ordem de R$ 4 milh\u00f5es- \u00e9 resultado da parceria da gest\u00e3o municipal com o Plano de Acelera\u00e7\u00e3o do Crescimento (PAC) Mobilidade. Retornando \u00e0s atividades ap\u00f3s as f\u00e9rias de 10 dias, o prefeito Julio Lossio demonstrou felicidade ao assinar a ordem de servi\u00e7o. \u201c\u00c9 nosso compromisso investir na pavimenta\u00e7\u00e3o. Percebemos uma grande demanda da popula\u00e7\u00e3o e hoje podemos executar esse trabalho\u201d.","og_url":"https:\/\/blogdofarnesio.com.br\/?p=69808","og_site_name":"Blog do Farn\u00e9sio","article_publisher":"https:\/\/www.facebook.com\/BlogQuerSaberPolitica\/","article_published_time":"2014-01-15T00:01:00+00:00","og_image":[{"url":"http:\/\/www.quersaberpolitica.com.br\/2016\/wp-content\/uploads\/2014\/01\/DSC_-6665-01-300x214.jpg","type":"","width":"","height":""}],"author":"teste","twitter_card":"summary_large_image","twitter_misc":{"Escrito por":"teste","Est. tempo de leitura":"2 minutos"},"schema":{"@context":"https:\/\/schema.org","@graph":[{"@type":"Article","@id":"https:\/\/blogdofarnesio.com.br\/?p=69808#article","isPartOf":{"@id":"https:\/\/blogdofarnesio.com.br\/?p=69808"},"author":{"name":"teste","@id":"https:\/\/blogdofarnesio.com.br\/#\/schema\/person\/dd1bf5eba40b687199ba45ca6b97dff9"},"headline":"PREFEITO ASSINA ORDEM DE SERVI\u00c7O PARA PAVIMENTA\u00c7\u00c3O DE RUAS EM SETE BAIRROS","datePublished":"2014-01-15T00:01:00+00:00","mainEntityOfPage":{"@id":"https:\/\/blogdofarnesio.com.br\/?p=69808"},"wordCount":385,"commentCount":0,"publisher":{"@id":"https:\/\/blogdofarnesio.com.br\/#organization"},"image":{"@id":"https:\/\/blogdofarnesio.com.br\/?p=69808#primaryimage"},"thumbnailUrl":"http:\/\/www.quersaberpolitica.com.br\/2016\/wp-content\/uploads\/2014\/01\/DSC_-6665-01-300x214.jpg","articleSection":["Administra\u00e7\u00e3o"],"inLanguage":"pt-BR","potentialAction":[{"@type":"CommentAction","name":"Comment","target":["https:\/\/blogdofarnesio.com.br\/?p=69808#respond"]}]},{"@type":"WebPage","@id":"https:\/\/blogdofarnesio.com.br\/?p=69808","url":"https:\/\/blogdofarnesio.com.br\/?p=69808","name":"PREFEITO ASSINA ORDEM DE SERVI\u00c7O PARA PAVIMENTA\u00c7\u00c3O DE RUAS EM SETE BAIRROS - Blog do Farn\u00e9sio","isPartOf":{"@id":"https:\/\/blogdofarnesio.com.br\/#website"},"primaryImageOfPage":{"@id":"https:\/\/blogdofarnesio.com.br\/?p=69808#primaryimage"},"image":{"@id":"https:\/\/blogdofarnesio.com.br\/?p=69808#primaryimage"},"thumbnailUrl":"http:\/\/www.quersaberpolitica.com.br\/2016\/wp-content\/uploads\/2014\/01\/DSC_-6665-01-300x214.jpg","datePublished":"2014-01-15T00:01:00+00:00","breadcrumb":{"@id":"https:\/\/blogdofarnesio.com.br\/?p=69808#breadcrumb"},"inLanguage":"pt-BR","potentialAction":[{"@type":"ReadAction","target":["https:\/\/blogdofarnesio.com.br\/?p=69808"]}]},{"@type":"ImageObject","inLanguage":"pt-BR","@id":"https:\/\/blogdofarnesio.com.br\/?p=69808#primaryimage","url":"http:\/\/www.quersaberpolitica.com.br\/2016\/wp-content\/uploads\/2014\/01\/DSC_-6665-01-300x214.jpg","contentUrl":"http:\/\/www.quersaberpolitica.com.br\/2016\/wp-content\/uploads\/2014\/01\/DSC_-6665-01-300x214.jpg"},{"@type":"BreadcrumbList","@id":"https:\/\/blogdofarnesio.com.br\/?p=69808#breadcrumb","itemListElement":[{"@type":"ListItem","position":1,"name":"In\u00edcio","item":"https:\/\/blogdofarnesio.com.br\/"},{"@type":"ListItem","position":2,"name":"PREFEITO ASSINA ORDEM DE SERVI\u00c7O PARA PAVIMENTA\u00c7\u00c3O DE RUAS EM SETE BAIRROS"}]},{"@type":"WebSite","@id":"https:\/\/blogdofarnesio.com.br\/#website","url":"https:\/\/blogdofarnesio.com.br\/","name":"Blog do Farn\u00e9sio","description":"Quer Saber Pol\u00edtica?","publisher":{"@id":"https:\/\/blogdofarnesio.com.br\/#organization"},"potentialAction":[{"@type":"SearchAction","target":{"@type":"EntryPoint","urlTemplate":"https:\/\/blogdofarnesio.com.br\/?s={search_term_string}"},"query-input":{"@type":"PropertyValueSpecification","valueRequired":true,"valueName":"search_term_string"}}],"inLanguage":"pt-BR"},{"@type":"Organization","@id":"https:\/\/blogdofarnesio.com.br\/#organization","name":"Blog do Farn\u00e9sio","url":"https:\/\/blogdofarnesio.com.br\/","logo":{"@type":"ImageObject","inLanguage":"pt-BR","@id":"https:\/\/blogdofarnesio.com.br\/#\/schema\/logo\/image\/","url":"https:\/\/blogdofarnesio.com.br\/wp-content\/uploads\/2026\/03\/cropped-logo_new-1.png","contentUrl":"https:\/\/blogdofarnesio.com.br\/wp-content\/uploads\/2026\/03\/cropped-logo_new-1.png","width":881,"height":685,"caption":"Blog do Farn\u00e9sio"},"image":{"@id":"https:\/\/blogdofarnesio.com.br\/#\/schema\/logo\/image\/"},"sameAs":["https:\/\/www.facebook.com\/BlogQuerSaberPolitica\/"]},{"@type":"Person","@id":"https:\/\/blogdofarnesio.com.br\/#\/schema\/person\/dd1bf5eba40b687199ba45ca6b97dff9","name":"teste","image":{"@type":"ImageObject","inLanguage":"pt-BR","@id":"https:\/\/secure.gravatar.com\/avatar\/2172498d4914b51e1d89a0f97957b035ac4938723a5cac208135d389b6972a6d?s=96&d=mm&r=g","url":"https:\/\/secure.gravatar.com\/avatar\/2172498d4914b51e1d89a0f97957b035ac4938723a5cac208135d389b6972a6d?s=96&d=mm&r=g","contentUrl":"https:\/\/secure.gravatar.com\/avatar\/2172498d4914b51e1d89a0f97957b035ac4938723a5cac208135d389b6972a6d?s=96&d=mm&r=g","caption":"teste"},"url":"https:\/\/blogdofarnesio.com.br\/?author=3"}]}},"_links":{"self":[{"href":"https:\/\/blogdofarnesio.com.br\/index.php?rest_route=\/wp\/v2\/posts\/69808","targetHints":{"allow":["GET"]}}],"collection":[{"href":"https:\/\/blogdofarnesio.com.br\/index.php?rest_route=\/wp\/v2\/posts"}],"about":[{"href":"https:\/\/blogdofarnesio.com.br\/index.php?rest_route=\/wp\/v2\/types\/post"}],"author":[{"embeddable":true,"href":"https:\/\/blogdofarnesio.com.br\/index.php?rest_route=\/wp\/v2\/users\/3"}],"replies":[{"embeddable":true,"href":"https:\/\/blogdofarnesio.com.br\/index.php?rest_route=%2Fwp%2Fv2%2Fcomments&post=69808"}],"version-history":[{"count":0,"href":"https:\/\/blogdofarnesio.com.br\/index.php?rest_route=\/wp\/v2\/posts\/69808\/revisions"}],"wp:attachment":[{"href":"https:\/\/blogdofarnesio.com.br\/index.php?rest_route=%2Fwp%2Fv2%2Fmedia&parent=69808"}],"wp:term":[{"taxonomy":"category","embeddable":true,"href":"https:\/\/blogdofarnesio.com.br\/index.php?rest_route=%2Fwp%2Fv2%2Fcategories&post=69808"},{"taxonomy":"post_tag","embeddable":true,"href":"https:\/\/blogdofarnesio.com.br\/index.php?rest_route=%2Fwp%2Fv2%2Ftags&post=69808"}],"curies":[{"name":"wp","href":"https:\/\/api.w.org\/{rel}","templated":true}]}}