{"id":69596,"date":"2014-01-13T17:32:47","date_gmt":"2014-01-13T20:32:47","guid":{"rendered":"http:\/\/www.quersaberpolitica.com.br\/?p=69596"},"modified":"2014-01-13T15:03:38","modified_gmt":"2014-01-13T18:03:38","slug":"tse-tira-poder-do-ministerio-publico-de-pedir-investigacoes-de-crimes-eleitorais","status":"publish","type":"post","link":"https:\/\/blogdofarnesio.com.br\/?p=69596","title":{"rendered":"TSE TIRA PODER DO MINIST\u00c9RIO P\u00daBLICO DE PEDIR INVESTIGA\u00c7\u00d5ES DE CRIMES ELEITORAIS"},"content":{"rendered":"<p style=\"text-align: justify\"><a href=\"http:\/\/www.quersaberpolitica.com.br\/2016\/wp-content\/uploads\/2012\/12\/blogqspeleicao.jpg\"><img loading=\"lazy\" decoding=\"async\" class=\"alignleft size-full wp-image-21539\" alt=\"blogqspeleicao\" src=\"http:\/\/www.quersaberpolitica.com.br\/2016\/wp-content\/uploads\/2012\/12\/blogqspeleicao.jpg\" width=\"268\" height=\"188\" \/><\/a>O Tribunal Superior Eleitoral (TSE) tirou do Minist\u00e9rio P\u00fablico (MP) o poder de pedir instaura\u00e7\u00e3o de inqu\u00e9ritos policiais para investiga\u00e7\u00e3o de crimes nas elei\u00e7\u00f5es deste ano.<\/p>\n<p style=\"text-align: justify\">Publicada no Di\u00e1rio de Justi\u00e7a no dia 30 de dezembro, a nova regra define que, a partir de agora, promotores e procuradores ter\u00e3o de pedir autoriza\u00e7\u00e3o \u00e0 Justi\u00e7a Eleitoral para abrir apura\u00e7\u00e3o de suspeita de caixa dois, compra de votos, abuso de poder econ\u00f4mico, entre outras pr\u00e1ticas.<\/p>\n<p style=\"text-align: justify\">O novo texto, v\u00e1lido somente para 2014, foi alterado para \u201co inqu\u00e9rito policial eleitoral somente ser\u00e1 instaurado mediante determina\u00e7\u00e3o da Justi\u00e7a Eleitoral\u201d, o que exclui o MP. O relator da norma \u00e9 o ministro Jos\u00e9 Ant\u00f4nio Dias Toffoli, que assume o comando da corte em maio.<\/p>\n<p style=\"text-align: justify\">Para ele, a altera\u00e7\u00e3o foi feita porque processos que n\u00e3o tinham o aval inicial da Justi\u00e7a estavam sendo anulados. Al\u00e9m disso, a medida trar\u00e1 mais transpar\u00eancia, j\u00e1 que \u201co Minist\u00e9rio P\u00fablico ter\u00e1 que requerer \u00e0 Justi\u00e7a. O que n\u00e3o pode haver \u00e9 uma investiga\u00e7\u00e3o de gaveta, que ningu\u00e9m sabe se existe ou n\u00e3o existe\u201d, diz.<!--more--><\/p>\n<p style=\"text-align: justify\">Toffoli garante, ainda, que a medida n\u00e3o ir\u00e1 atolar os ju\u00edzes eleitorais de processos. O atual presidente do tribunal, ministro Marco Aur\u00e9lio Mello, foi o \u00fanico contr\u00e1rio \u00e0 restri\u00e7\u00e3o, pois considera que \u201co sistema para instaura\u00e7\u00e3o de inqu\u00e9ritos n\u00e3o prov\u00e9m do C\u00f3digo Eleitoral, mas sim do C\u00f3digo Penal, n\u00e3o cabendo afastar essa compet\u00eancia da Pol\u00edcia Federal e do Minist\u00e9rio P\u00fablico\u201d. O presidente da Associa\u00e7\u00e3o Nacional dos Procuradores da Rep\u00fablica, Alexandre Camanho, afirmou que a medida \u00e9 inconstitucional.<\/p>\n<p style=\"text-align: justify\">\n","protected":false},"excerpt":{"rendered":"<p>O Tribunal Superior Eleitoral (TSE) tirou do Minist\u00e9rio P\u00fablico (MP) o poder de pedir instaura\u00e7\u00e3o de inqu\u00e9ritos policiais para investiga\u00e7\u00e3o de crimes nas elei\u00e7\u00f5es deste ano. Publicada no Di\u00e1rio de Justi\u00e7a no dia 30 de dezembro, a nova regra define que, a partir de agora, promotores e procuradores ter\u00e3o de pedir autoriza\u00e7\u00e3o \u00e0 Justi\u00e7a Eleitoral para abrir apura\u00e7\u00e3o de suspeita de caixa dois, compra de votos, abuso de poder econ\u00f4mico, entre outras pr\u00e1ticas. O novo texto, v\u00e1lido somente para 2014, foi alterado para \u201co inqu\u00e9rito policial eleitoral somente ser\u00e1 instaurado mediante determina\u00e7\u00e3o da Justi\u00e7a Eleitoral\u201d, o que exclui o MP. O relator da norma \u00e9 o ministro Jos\u00e9 Ant\u00f4nio Dias Toffoli, que assume o comando da corte em maio. Para&hellip; <\/p>\n","protected":false},"author":3,"featured_media":0,"comment_status":"open","ping_status":"open","sticky":false,"template":"","format":"standard","meta":{"_acf_changed":false,"footnotes":""},"categories":[23],"tags":[],"class_list":["post-69596","post","type-post","status-publish","format-standard","hentry","category-justica"],"acf":[],"yoast_head":"<!-- This site is optimized with the Yoast SEO plugin v27.4 - https:\/\/yoast.com\/product\/yoast-seo-wordpress\/ -->\n<title>TSE TIRA PODER DO MINIST\u00c9RIO P\u00daBLICO DE PEDIR INVESTIGA\u00c7\u00d5ES DE CRIMES ELEITORAIS - Blog do Farn\u00e9sio<\/title>\n<meta name=\"robots\" content=\"index, follow, max-snippet:-1, max-image-preview:large, max-video-preview:-1\" \/>\n<link rel=\"canonical\" href=\"https:\/\/blogdofarnesio.com.br\/?p=69596\" \/>\n<meta property=\"og:locale\" content=\"pt_BR\" \/>\n<meta property=\"og:type\" content=\"article\" \/>\n<meta property=\"og:title\" content=\"TSE TIRA PODER DO MINIST\u00c9RIO P\u00daBLICO DE PEDIR INVESTIGA\u00c7\u00d5ES DE CRIMES ELEITORAIS - Blog do Farn\u00e9sio\" \/>\n<meta property=\"og:description\" content=\"O Tribunal Superior Eleitoral (TSE) tirou do Minist\u00e9rio P\u00fablico (MP) o poder de pedir instaura\u00e7\u00e3o de inqu\u00e9ritos policiais para investiga\u00e7\u00e3o de crimes nas elei\u00e7\u00f5es deste ano. Publicada no Di\u00e1rio de Justi\u00e7a no dia 30 de dezembro, a nova regra define que, a partir de agora, promotores e procuradores ter\u00e3o de pedir autoriza\u00e7\u00e3o \u00e0 Justi\u00e7a Eleitoral para abrir apura\u00e7\u00e3o de suspeita de caixa dois, compra de votos, abuso de poder econ\u00f4mico, entre outras pr\u00e1ticas. O novo texto, v\u00e1lido somente para 2014, foi alterado para \u201co inqu\u00e9rito policial eleitoral somente ser\u00e1 instaurado mediante determina\u00e7\u00e3o da Justi\u00e7a Eleitoral\u201d, o que exclui o MP. O relator da norma \u00e9 o ministro Jos\u00e9 Ant\u00f4nio Dias Toffoli, que assume o comando da corte em maio. Para&hellip;\" \/>\n<meta property=\"og:url\" content=\"https:\/\/blogdofarnesio.com.br\/?p=69596\" \/>\n<meta property=\"og:site_name\" content=\"Blog do Farn\u00e9sio\" \/>\n<meta property=\"article:publisher\" content=\"https:\/\/www.facebook.com\/BlogQuerSaberPolitica\/\" \/>\n<meta property=\"article:published_time\" content=\"2014-01-13T20:32:47+00:00\" \/>\n<meta property=\"og:image\" content=\"http:\/\/www.quersaberpolitica.com.br\/2016\/wp-content\/uploads\/2012\/12\/blogqspeleicao.jpg\" \/>\n<meta name=\"author\" content=\"teste\" \/>\n<meta name=\"twitter:card\" content=\"summary_large_image\" \/>\n<meta name=\"twitter:label1\" content=\"Escrito por\" \/>\n\t<meta name=\"twitter:data1\" content=\"teste\" \/>\n\t<meta name=\"twitter:label2\" content=\"Est. tempo de leitura\" \/>\n\t<meta name=\"twitter:data2\" content=\"1 minuto\" \/>\n<script type=\"application\/ld+json\" class=\"yoast-schema-graph\">{\"@context\":\"https:\\\/\\\/schema.org\",\"@graph\":[{\"@type\":\"Article\",\"@id\":\"https:\\\/\\\/blogdofarnesio.com.br\\\/?p=69596#article\",\"isPartOf\":{\"@id\":\"https:\\\/\\\/blogdofarnesio.com.br\\\/?p=69596\"},\"author\":{\"name\":\"teste\",\"@id\":\"https:\\\/\\\/blogdofarnesio.com.br\\\/#\\\/schema\\\/person\\\/dd1bf5eba40b687199ba45ca6b97dff9\"},\"headline\":\"TSE TIRA PODER DO MINIST\u00c9RIO P\u00daBLICO DE PEDIR INVESTIGA\u00c7\u00d5ES DE CRIMES ELEITORAIS\",\"datePublished\":\"2014-01-13T20:32:47+00:00\",\"mainEntityOfPage\":{\"@id\":\"https:\\\/\\\/blogdofarnesio.com.br\\\/?p=69596\"},\"wordCount\":307,\"commentCount\":0,\"publisher\":{\"@id\":\"https:\\\/\\\/blogdofarnesio.com.br\\\/#organization\"},\"image\":{\"@id\":\"https:\\\/\\\/blogdofarnesio.com.br\\\/?p=69596#primaryimage\"},\"thumbnailUrl\":\"http:\\\/\\\/www.quersaberpolitica.com.br\\\/2016\\\/wp-content\\\/uploads\\\/2012\\\/12\\\/blogqspeleicao.jpg\",\"articleSection\":[\"Justi\u00e7a\"],\"inLanguage\":\"pt-BR\",\"potentialAction\":[{\"@type\":\"CommentAction\",\"name\":\"Comment\",\"target\":[\"https:\\\/\\\/blogdofarnesio.com.br\\\/?p=69596#respond\"]}]},{\"@type\":\"WebPage\",\"@id\":\"https:\\\/\\\/blogdofarnesio.com.br\\\/?p=69596\",\"url\":\"https:\\\/\\\/blogdofarnesio.com.br\\\/?p=69596\",\"name\":\"TSE TIRA PODER DO MINIST\u00c9RIO P\u00daBLICO DE PEDIR INVESTIGA\u00c7\u00d5ES DE CRIMES ELEITORAIS - Blog do Farn\u00e9sio\",\"isPartOf\":{\"@id\":\"https:\\\/\\\/blogdofarnesio.com.br\\\/#website\"},\"primaryImageOfPage\":{\"@id\":\"https:\\\/\\\/blogdofarnesio.com.br\\\/?p=69596#primaryimage\"},\"image\":{\"@id\":\"https:\\\/\\\/blogdofarnesio.com.br\\\/?p=69596#primaryimage\"},\"thumbnailUrl\":\"http:\\\/\\\/www.quersaberpolitica.com.br\\\/2016\\\/wp-content\\\/uploads\\\/2012\\\/12\\\/blogqspeleicao.jpg\",\"datePublished\":\"2014-01-13T20:32:47+00:00\",\"breadcrumb\":{\"@id\":\"https:\\\/\\\/blogdofarnesio.com.br\\\/?p=69596#breadcrumb\"},\"inLanguage\":\"pt-BR\",\"potentialAction\":[{\"@type\":\"ReadAction\",\"target\":[\"https:\\\/\\\/blogdofarnesio.com.br\\\/?p=69596\"]}]},{\"@type\":\"ImageObject\",\"inLanguage\":\"pt-BR\",\"@id\":\"https:\\\/\\\/blogdofarnesio.com.br\\\/?p=69596#primaryimage\",\"url\":\"http:\\\/\\\/www.quersaberpolitica.com.br\\\/2016\\\/wp-content\\\/uploads\\\/2012\\\/12\\\/blogqspeleicao.jpg\",\"contentUrl\":\"http:\\\/\\\/www.quersaberpolitica.com.br\\\/2016\\\/wp-content\\\/uploads\\\/2012\\\/12\\\/blogqspeleicao.jpg\"},{\"@type\":\"BreadcrumbList\",\"@id\":\"https:\\\/\\\/blogdofarnesio.com.br\\\/?p=69596#breadcrumb\",\"itemListElement\":[{\"@type\":\"ListItem\",\"position\":1,\"name\":\"In\u00edcio\",\"item\":\"https:\\\/\\\/blogdofarnesio.com.br\\\/\"},{\"@type\":\"ListItem\",\"position\":2,\"name\":\"TSE TIRA PODER DO MINIST\u00c9RIO P\u00daBLICO DE PEDIR INVESTIGA\u00c7\u00d5ES DE CRIMES ELEITORAIS\"}]},{\"@type\":\"WebSite\",\"@id\":\"https:\\\/\\\/blogdofarnesio.com.br\\\/#website\",\"url\":\"https:\\\/\\\/blogdofarnesio.com.br\\\/\",\"name\":\"Blog do Farn\u00e9sio\",\"description\":\"Quer Saber Pol\u00edtica?\",\"publisher\":{\"@id\":\"https:\\\/\\\/blogdofarnesio.com.br\\\/#organization\"},\"potentialAction\":[{\"@type\":\"SearchAction\",\"target\":{\"@type\":\"EntryPoint\",\"urlTemplate\":\"https:\\\/\\\/blogdofarnesio.com.br\\\/?s={search_term_string}\"},\"query-input\":{\"@type\":\"PropertyValueSpecification\",\"valueRequired\":true,\"valueName\":\"search_term_string\"}}],\"inLanguage\":\"pt-BR\"},{\"@type\":\"Organization\",\"@id\":\"https:\\\/\\\/blogdofarnesio.com.br\\\/#organization\",\"name\":\"Blog do Farn\u00e9sio\",\"url\":\"https:\\\/\\\/blogdofarnesio.com.br\\\/\",\"logo\":{\"@type\":\"ImageObject\",\"inLanguage\":\"pt-BR\",\"@id\":\"https:\\\/\\\/blogdofarnesio.com.br\\\/#\\\/schema\\\/logo\\\/image\\\/\",\"url\":\"https:\\\/\\\/blogdofarnesio.com.br\\\/wp-content\\\/uploads\\\/2026\\\/03\\\/cropped-logo_new-1.png\",\"contentUrl\":\"https:\\\/\\\/blogdofarnesio.com.br\\\/wp-content\\\/uploads\\\/2026\\\/03\\\/cropped-logo_new-1.png\",\"width\":881,\"height\":685,\"caption\":\"Blog do Farn\u00e9sio\"},\"image\":{\"@id\":\"https:\\\/\\\/blogdofarnesio.com.br\\\/#\\\/schema\\\/logo\\\/image\\\/\"},\"sameAs\":[\"https:\\\/\\\/www.facebook.com\\\/BlogQuerSaberPolitica\\\/\"]},{\"@type\":\"Person\",\"@id\":\"https:\\\/\\\/blogdofarnesio.com.br\\\/#\\\/schema\\\/person\\\/dd1bf5eba40b687199ba45ca6b97dff9\",\"name\":\"teste\",\"image\":{\"@type\":\"ImageObject\",\"inLanguage\":\"pt-BR\",\"@id\":\"https:\\\/\\\/secure.gravatar.com\\\/avatar\\\/2172498d4914b51e1d89a0f97957b035ac4938723a5cac208135d389b6972a6d?s=96&d=mm&r=g\",\"url\":\"https:\\\/\\\/secure.gravatar.com\\\/avatar\\\/2172498d4914b51e1d89a0f97957b035ac4938723a5cac208135d389b6972a6d?s=96&d=mm&r=g\",\"contentUrl\":\"https:\\\/\\\/secure.gravatar.com\\\/avatar\\\/2172498d4914b51e1d89a0f97957b035ac4938723a5cac208135d389b6972a6d?s=96&d=mm&r=g\",\"caption\":\"teste\"},\"url\":\"https:\\\/\\\/blogdofarnesio.com.br\\\/?author=3\"}]}<\/script>\n<!-- \/ Yoast SEO plugin. -->","yoast_head_json":{"title":"TSE TIRA PODER DO MINIST\u00c9RIO P\u00daBLICO DE PEDIR INVESTIGA\u00c7\u00d5ES DE CRIMES ELEITORAIS - Blog do Farn\u00e9sio","robots":{"index":"index","follow":"follow","max-snippet":"max-snippet:-1","max-image-preview":"max-image-preview:large","max-video-preview":"max-video-preview:-1"},"canonical":"https:\/\/blogdofarnesio.com.br\/?p=69596","og_locale":"pt_BR","og_type":"article","og_title":"TSE TIRA PODER DO MINIST\u00c9RIO P\u00daBLICO DE PEDIR INVESTIGA\u00c7\u00d5ES DE CRIMES ELEITORAIS - Blog do Farn\u00e9sio","og_description":"O Tribunal Superior Eleitoral (TSE) tirou do Minist\u00e9rio P\u00fablico (MP) o poder de pedir instaura\u00e7\u00e3o de inqu\u00e9ritos policiais para investiga\u00e7\u00e3o de crimes nas elei\u00e7\u00f5es deste ano. Publicada no Di\u00e1rio de Justi\u00e7a no dia 30 de dezembro, a nova regra define que, a partir de agora, promotores e procuradores ter\u00e3o de pedir autoriza\u00e7\u00e3o \u00e0 Justi\u00e7a Eleitoral para abrir apura\u00e7\u00e3o de suspeita de caixa dois, compra de votos, abuso de poder econ\u00f4mico, entre outras pr\u00e1ticas. O novo texto, v\u00e1lido somente para 2014, foi alterado para \u201co inqu\u00e9rito policial eleitoral somente ser\u00e1 instaurado mediante determina\u00e7\u00e3o da Justi\u00e7a Eleitoral\u201d, o que exclui o MP. O relator da norma \u00e9 o ministro Jos\u00e9 Ant\u00f4nio Dias Toffoli, que assume o comando da corte em maio. Para&hellip;","og_url":"https:\/\/blogdofarnesio.com.br\/?p=69596","og_site_name":"Blog do Farn\u00e9sio","article_publisher":"https:\/\/www.facebook.com\/BlogQuerSaberPolitica\/","article_published_time":"2014-01-13T20:32:47+00:00","og_image":[{"url":"http:\/\/www.quersaberpolitica.com.br\/2016\/wp-content\/uploads\/2012\/12\/blogqspeleicao.jpg","type":"","width":"","height":""}],"author":"teste","twitter_card":"summary_large_image","twitter_misc":{"Escrito por":"teste","Est. tempo de leitura":"1 minuto"},"schema":{"@context":"https:\/\/schema.org","@graph":[{"@type":"Article","@id":"https:\/\/blogdofarnesio.com.br\/?p=69596#article","isPartOf":{"@id":"https:\/\/blogdofarnesio.com.br\/?p=69596"},"author":{"name":"teste","@id":"https:\/\/blogdofarnesio.com.br\/#\/schema\/person\/dd1bf5eba40b687199ba45ca6b97dff9"},"headline":"TSE TIRA PODER DO MINIST\u00c9RIO P\u00daBLICO DE PEDIR INVESTIGA\u00c7\u00d5ES DE CRIMES ELEITORAIS","datePublished":"2014-01-13T20:32:47+00:00","mainEntityOfPage":{"@id":"https:\/\/blogdofarnesio.com.br\/?p=69596"},"wordCount":307,"commentCount":0,"publisher":{"@id":"https:\/\/blogdofarnesio.com.br\/#organization"},"image":{"@id":"https:\/\/blogdofarnesio.com.br\/?p=69596#primaryimage"},"thumbnailUrl":"http:\/\/www.quersaberpolitica.com.br\/2016\/wp-content\/uploads\/2012\/12\/blogqspeleicao.jpg","articleSection":["Justi\u00e7a"],"inLanguage":"pt-BR","potentialAction":[{"@type":"CommentAction","name":"Comment","target":["https:\/\/blogdofarnesio.com.br\/?p=69596#respond"]}]},{"@type":"WebPage","@id":"https:\/\/blogdofarnesio.com.br\/?p=69596","url":"https:\/\/blogdofarnesio.com.br\/?p=69596","name":"TSE TIRA PODER DO MINIST\u00c9RIO P\u00daBLICO DE PEDIR INVESTIGA\u00c7\u00d5ES DE CRIMES ELEITORAIS - Blog do Farn\u00e9sio","isPartOf":{"@id":"https:\/\/blogdofarnesio.com.br\/#website"},"primaryImageOfPage":{"@id":"https:\/\/blogdofarnesio.com.br\/?p=69596#primaryimage"},"image":{"@id":"https:\/\/blogdofarnesio.com.br\/?p=69596#primaryimage"},"thumbnailUrl":"http:\/\/www.quersaberpolitica.com.br\/2016\/wp-content\/uploads\/2012\/12\/blogqspeleicao.jpg","datePublished":"2014-01-13T20:32:47+00:00","breadcrumb":{"@id":"https:\/\/blogdofarnesio.com.br\/?p=69596#breadcrumb"},"inLanguage":"pt-BR","potentialAction":[{"@type":"ReadAction","target":["https:\/\/blogdofarnesio.com.br\/?p=69596"]}]},{"@type":"ImageObject","inLanguage":"pt-BR","@id":"https:\/\/blogdofarnesio.com.br\/?p=69596#primaryimage","url":"http:\/\/www.quersaberpolitica.com.br\/2016\/wp-content\/uploads\/2012\/12\/blogqspeleicao.jpg","contentUrl":"http:\/\/www.quersaberpolitica.com.br\/2016\/wp-content\/uploads\/2012\/12\/blogqspeleicao.jpg"},{"@type":"BreadcrumbList","@id":"https:\/\/blogdofarnesio.com.br\/?p=69596#breadcrumb","itemListElement":[{"@type":"ListItem","position":1,"name":"In\u00edcio","item":"https:\/\/blogdofarnesio.com.br\/"},{"@type":"ListItem","position":2,"name":"TSE TIRA PODER DO MINIST\u00c9RIO P\u00daBLICO DE PEDIR INVESTIGA\u00c7\u00d5ES DE CRIMES ELEITORAIS"}]},{"@type":"WebSite","@id":"https:\/\/blogdofarnesio.com.br\/#website","url":"https:\/\/blogdofarnesio.com.br\/","name":"Blog do Farn\u00e9sio","description":"Quer Saber Pol\u00edtica?","publisher":{"@id":"https:\/\/blogdofarnesio.com.br\/#organization"},"potentialAction":[{"@type":"SearchAction","target":{"@type":"EntryPoint","urlTemplate":"https:\/\/blogdofarnesio.com.br\/?s={search_term_string}"},"query-input":{"@type":"PropertyValueSpecification","valueRequired":true,"valueName":"search_term_string"}}],"inLanguage":"pt-BR"},{"@type":"Organization","@id":"https:\/\/blogdofarnesio.com.br\/#organization","name":"Blog do Farn\u00e9sio","url":"https:\/\/blogdofarnesio.com.br\/","logo":{"@type":"ImageObject","inLanguage":"pt-BR","@id":"https:\/\/blogdofarnesio.com.br\/#\/schema\/logo\/image\/","url":"https:\/\/blogdofarnesio.com.br\/wp-content\/uploads\/2026\/03\/cropped-logo_new-1.png","contentUrl":"https:\/\/blogdofarnesio.com.br\/wp-content\/uploads\/2026\/03\/cropped-logo_new-1.png","width":881,"height":685,"caption":"Blog do Farn\u00e9sio"},"image":{"@id":"https:\/\/blogdofarnesio.com.br\/#\/schema\/logo\/image\/"},"sameAs":["https:\/\/www.facebook.com\/BlogQuerSaberPolitica\/"]},{"@type":"Person","@id":"https:\/\/blogdofarnesio.com.br\/#\/schema\/person\/dd1bf5eba40b687199ba45ca6b97dff9","name":"teste","image":{"@type":"ImageObject","inLanguage":"pt-BR","@id":"https:\/\/secure.gravatar.com\/avatar\/2172498d4914b51e1d89a0f97957b035ac4938723a5cac208135d389b6972a6d?s=96&d=mm&r=g","url":"https:\/\/secure.gravatar.com\/avatar\/2172498d4914b51e1d89a0f97957b035ac4938723a5cac208135d389b6972a6d?s=96&d=mm&r=g","contentUrl":"https:\/\/secure.gravatar.com\/avatar\/2172498d4914b51e1d89a0f97957b035ac4938723a5cac208135d389b6972a6d?s=96&d=mm&r=g","caption":"teste"},"url":"https:\/\/blogdofarnesio.com.br\/?author=3"}]}},"_links":{"self":[{"href":"https:\/\/blogdofarnesio.com.br\/index.php?rest_route=\/wp\/v2\/posts\/69596","targetHints":{"allow":["GET"]}}],"collection":[{"href":"https:\/\/blogdofarnesio.com.br\/index.php?rest_route=\/wp\/v2\/posts"}],"about":[{"href":"https:\/\/blogdofarnesio.com.br\/index.php?rest_route=\/wp\/v2\/types\/post"}],"author":[{"embeddable":true,"href":"https:\/\/blogdofarnesio.com.br\/index.php?rest_route=\/wp\/v2\/users\/3"}],"replies":[{"embeddable":true,"href":"https:\/\/blogdofarnesio.com.br\/index.php?rest_route=%2Fwp%2Fv2%2Fcomments&post=69596"}],"version-history":[{"count":0,"href":"https:\/\/blogdofarnesio.com.br\/index.php?rest_route=\/wp\/v2\/posts\/69596\/revisions"}],"wp:attachment":[{"href":"https:\/\/blogdofarnesio.com.br\/index.php?rest_route=%2Fwp%2Fv2%2Fmedia&parent=69596"}],"wp:term":[{"taxonomy":"category","embeddable":true,"href":"https:\/\/blogdofarnesio.com.br\/index.php?rest_route=%2Fwp%2Fv2%2Fcategories&post=69596"},{"taxonomy":"post_tag","embeddable":true,"href":"https:\/\/blogdofarnesio.com.br\/index.php?rest_route=%2Fwp%2Fv2%2Ftags&post=69596"}],"curies":[{"name":"wp","href":"https:\/\/api.w.org\/{rel}","templated":true}]}}