{"id":6950,"date":"2011-09-27T16:00:01","date_gmt":"2011-09-27T16:00:01","guid":{"rendered":"http:\/\/www.quersaberpolitica.com.br?p=6950"},"modified":"-0001-11-30T00:00:00","modified_gmt":"-0001-11-30T03:00:00","slug":"mario-kertesz-diz-que-topa-concorrer-a-qualquer-cargo-nas-eleicoes-da-capital-baiana","status":"publish","type":"post","link":"https:\/\/blogdofarnesio.com.br\/?p=6950","title":{"rendered":"M\u00e1rio Kert\u00e9sz diz que topa concorrer a qualquer cargo nas elei\u00e7\u00f5es da capital baiana"},"content":{"rendered":"<p>&nbsp;<\/p>\n<p style=\"text-align: justify;\"><a rel=\"lightbox\" href=\"http:\/\/www.quersaberpolitica.com.br\/2016\/wp-content\/uploads\/2012\/12\/blogqspmariokertesz.jpg\"><img loading=\"lazy\" decoding=\"async\" style=\"float: left; margin-top: 5px; margin-bottom: 5px; margin-left: 10px; margin-right: 10px;\" src=\"http:\/\/www.quersaberpolitica.com.br\/2016\/wp-content\/uploads\/2012\/12\/blogqspmariokertesz.jpg\" alt=\"\" width=\"200\" height=\"147\" \/><\/a><span style=\"font-size: small;\">O radialista e ex-prefeito de Salvador M&aacute;rio Kert&eacute;sz anunciou, na tarde desta segunda-feira (26), que se filiou, mais uma vez, ao PMDB. Embora estivesse sem partido nos &uacute;ltimos anos, o comunicador foi eleito gestor da capital baiana, em 1985, pela legenda. Apesar do desejo do vice-presidente de Pessoa Jur&iacute;dica da Caixa Econ&ocirc;mica Federal, Geddel Vieira Lima (PMDB), de que Kert&eacute;sz venha a encabe&ccedil;ar a chapa de oposi&ccedil;&atilde;o como candidato a prefeito, o novo-velho-peemedebista n&atilde;o nega que pode tentar a vice-candidatura ou at&eacute; uma vaga na C&acirc;mara Municipal de Salvador. &#8220;Eu n&atilde;o quero ficar assistindo as elei&ccedil;&otilde;es da arquibancada. Eu quero ir para o campo. L&aacute; eu posso atuar de treinador, ficar olhando e dando algumas palpites. Posso ser o atacante, sendo candidato a prefeito. Posso ser o meia atacante, sendo candidato a vice-prefeito. E posso ser candidato tamb&eacute;m a vereador e ajudar a fazer uma bancada boa para ajudar essa cidade&#8221;, argumentou em seu blog.<\/span><\/p>\n<p style=\"text-align: justify;\">BN<\/p>\n","protected":false},"excerpt":{"rendered":"<p>&nbsp; O radialista e ex-prefeito de Salvador M&aacute;rio Kert&eacute;sz anunciou, na tarde desta segunda-feira (26), que se filiou, mais uma vez, ao PMDB. Embora estivesse sem partido nos &uacute;ltimos anos, o comunicador foi eleito gestor da capital baiana, em 1985, pela legenda. Apesar do desejo do vice-presidente de Pessoa Jur&iacute;dica da Caixa Econ&ocirc;mica Federal, Geddel Vieira Lima (PMDB), de que Kert&eacute;sz venha a encabe&ccedil;ar a chapa de oposi&ccedil;&atilde;o como candidato a prefeito, o novo-velho-peemedebista n&atilde;o nega que pode tentar a vice-candidatura ou at&eacute; uma vaga na C&acirc;mara Municipal de Salvador. &#8220;Eu n&atilde;o quero ficar assistindo as elei&ccedil;&otilde;es da arquibancada. Eu quero ir para o campo. L&aacute; eu posso atuar de treinador, ficar olhando e dando algumas palpites. Posso ser o&hellip; <\/p>\n","protected":false},"author":0,"featured_media":0,"comment_status":"open","ping_status":"open","sticky":false,"template":"","format":"standard","meta":{"_acf_changed":false,"footnotes":""},"categories":[43],"tags":[],"class_list":["post-6950","post","type-post","status-publish","format-standard","hentry","category-sem-categoria"],"acf":[],"yoast_head":"<!-- This site is optimized with the Yoast SEO plugin v27.4 - https:\/\/yoast.com\/product\/yoast-seo-wordpress\/ -->\n<title>M\u00e1rio Kert\u00e9sz diz que topa concorrer a qualquer cargo nas elei\u00e7\u00f5es da capital baiana - Blog do Farn\u00e9sio<\/title>\n<meta name=\"robots\" content=\"index, follow, max-snippet:-1, max-image-preview:large, max-video-preview:-1\" \/>\n<link rel=\"canonical\" href=\"http:\/\/blogdofarnesio.com.br\/?p=6950\" \/>\n<meta property=\"og:locale\" content=\"pt_BR\" \/>\n<meta property=\"og:type\" content=\"article\" \/>\n<meta property=\"og:title\" content=\"M\u00e1rio Kert\u00e9sz diz que topa concorrer a qualquer cargo nas elei\u00e7\u00f5es da capital baiana - Blog do Farn\u00e9sio\" \/>\n<meta property=\"og:description\" content=\"&nbsp; O radialista e ex-prefeito de Salvador M&aacute;rio Kert&eacute;sz anunciou, na tarde desta segunda-feira (26), que se filiou, mais uma vez, ao PMDB. Embora estivesse sem partido nos &uacute;ltimos anos, o comunicador foi eleito gestor da capital baiana, em 1985, pela legenda. Apesar do desejo do vice-presidente de Pessoa Jur&iacute;dica da Caixa Econ&ocirc;mica Federal, Geddel Vieira Lima (PMDB), de que Kert&eacute;sz venha a encabe&ccedil;ar a chapa de oposi&ccedil;&atilde;o como candidato a prefeito, o novo-velho-peemedebista n&atilde;o nega que pode tentar a vice-candidatura ou at&eacute; uma vaga na C&acirc;mara Municipal de Salvador. &#8220;Eu n&atilde;o quero ficar assistindo as elei&ccedil;&otilde;es da arquibancada. Eu quero ir para o campo. L&aacute; eu posso atuar de treinador, ficar olhando e dando algumas palpites. Posso ser o&hellip;\" \/>\n<meta property=\"og:url\" content=\"http:\/\/blogdofarnesio.com.br\/?p=6950\" \/>\n<meta property=\"og:site_name\" content=\"Blog do Farn\u00e9sio\" \/>\n<meta property=\"article:publisher\" content=\"https:\/\/www.facebook.com\/BlogQuerSaberPolitica\/\" \/>\n<meta property=\"article:published_time\" content=\"2011-09-27T16:00:01+00:00\" \/>\n<meta property=\"og:image\" content=\"http:\/\/www.quersaberpolitica.com.br\/2016\/wp-content\/uploads\/2012\/12\/blogqspmariokertesz.jpg\" \/>\n<meta name=\"twitter:card\" content=\"summary_large_image\" \/>\n<meta name=\"twitter:label1\" content=\"Est. tempo de leitura\" \/>\n\t<meta name=\"twitter:data1\" content=\"1 minuto\" \/>\n<script type=\"application\/ld+json\" class=\"yoast-schema-graph\">{\"@context\":\"https:\\\/\\\/schema.org\",\"@graph\":[{\"@type\":\"Article\",\"@id\":\"http:\\\/\\\/blogdofarnesio.com.br\\\/?p=6950#article\",\"isPartOf\":{\"@id\":\"http:\\\/\\\/blogdofarnesio.com.br\\\/?p=6950\"},\"author\":{\"name\":\"\",\"@id\":\"\"},\"headline\":\"M\u00e1rio Kert\u00e9sz diz que topa concorrer a qualquer cargo nas elei\u00e7\u00f5es da capital baiana\",\"datePublished\":\"2011-09-27T16:00:01+00:00\",\"mainEntityOfPage\":{\"@id\":\"http:\\\/\\\/blogdofarnesio.com.br\\\/?p=6950\"},\"wordCount\":201,\"commentCount\":0,\"publisher\":{\"@id\":\"https:\\\/\\\/blogdofarnesio.com.br\\\/#organization\"},\"image\":{\"@id\":\"http:\\\/\\\/blogdofarnesio.com.br\\\/?p=6950#primaryimage\"},\"thumbnailUrl\":\"http:\\\/\\\/www.quersaberpolitica.com.br\\\/2016\\\/wp-content\\\/uploads\\\/2012\\\/12\\\/blogqspmariokertesz.jpg\",\"inLanguage\":\"pt-BR\",\"potentialAction\":[{\"@type\":\"CommentAction\",\"name\":\"Comment\",\"target\":[\"http:\\\/\\\/blogdofarnesio.com.br\\\/?p=6950#respond\"]}]},{\"@type\":\"WebPage\",\"@id\":\"http:\\\/\\\/blogdofarnesio.com.br\\\/?p=6950\",\"url\":\"http:\\\/\\\/blogdofarnesio.com.br\\\/?p=6950\",\"name\":\"M\u00e1rio Kert\u00e9sz diz que topa concorrer a qualquer cargo nas elei\u00e7\u00f5es da capital baiana - Blog do Farn\u00e9sio\",\"isPartOf\":{\"@id\":\"https:\\\/\\\/blogdofarnesio.com.br\\\/#website\"},\"primaryImageOfPage\":{\"@id\":\"http:\\\/\\\/blogdofarnesio.com.br\\\/?p=6950#primaryimage\"},\"image\":{\"@id\":\"http:\\\/\\\/blogdofarnesio.com.br\\\/?p=6950#primaryimage\"},\"thumbnailUrl\":\"http:\\\/\\\/www.quersaberpolitica.com.br\\\/2016\\\/wp-content\\\/uploads\\\/2012\\\/12\\\/blogqspmariokertesz.jpg\",\"datePublished\":\"2011-09-27T16:00:01+00:00\",\"breadcrumb\":{\"@id\":\"http:\\\/\\\/blogdofarnesio.com.br\\\/?p=6950#breadcrumb\"},\"inLanguage\":\"pt-BR\",\"potentialAction\":[{\"@type\":\"ReadAction\",\"target\":[\"http:\\\/\\\/blogdofarnesio.com.br\\\/?p=6950\"]}]},{\"@type\":\"ImageObject\",\"inLanguage\":\"pt-BR\",\"@id\":\"http:\\\/\\\/blogdofarnesio.com.br\\\/?p=6950#primaryimage\",\"url\":\"http:\\\/\\\/www.quersaberpolitica.com.br\\\/2016\\\/wp-content\\\/uploads\\\/2012\\\/12\\\/blogqspmariokertesz.jpg\",\"contentUrl\":\"http:\\\/\\\/www.quersaberpolitica.com.br\\\/2016\\\/wp-content\\\/uploads\\\/2012\\\/12\\\/blogqspmariokertesz.jpg\"},{\"@type\":\"BreadcrumbList\",\"@id\":\"http:\\\/\\\/blogdofarnesio.com.br\\\/?p=6950#breadcrumb\",\"itemListElement\":[{\"@type\":\"ListItem\",\"position\":1,\"name\":\"In\u00edcio\",\"item\":\"https:\\\/\\\/blogdofarnesio.com.br\\\/\"},{\"@type\":\"ListItem\",\"position\":2,\"name\":\"M\u00e1rio Kert\u00e9sz diz que topa concorrer a qualquer cargo nas elei\u00e7\u00f5es da capital baiana\"}]},{\"@type\":\"WebSite\",\"@id\":\"https:\\\/\\\/blogdofarnesio.com.br\\\/#website\",\"url\":\"https:\\\/\\\/blogdofarnesio.com.br\\\/\",\"name\":\"Blog do Farn\u00e9sio\",\"description\":\"Quer Saber Pol\u00edtica?\",\"publisher\":{\"@id\":\"https:\\\/\\\/blogdofarnesio.com.br\\\/#organization\"},\"potentialAction\":[{\"@type\":\"SearchAction\",\"target\":{\"@type\":\"EntryPoint\",\"urlTemplate\":\"https:\\\/\\\/blogdofarnesio.com.br\\\/?s={search_term_string}\"},\"query-input\":{\"@type\":\"PropertyValueSpecification\",\"valueRequired\":true,\"valueName\":\"search_term_string\"}}],\"inLanguage\":\"pt-BR\"},{\"@type\":\"Organization\",\"@id\":\"https:\\\/\\\/blogdofarnesio.com.br\\\/#organization\",\"name\":\"Blog do Farn\u00e9sio\",\"url\":\"https:\\\/\\\/blogdofarnesio.com.br\\\/\",\"logo\":{\"@type\":\"ImageObject\",\"inLanguage\":\"pt-BR\",\"@id\":\"https:\\\/\\\/blogdofarnesio.com.br\\\/#\\\/schema\\\/logo\\\/image\\\/\",\"url\":\"https:\\\/\\\/blogdofarnesio.com.br\\\/wp-content\\\/uploads\\\/2026\\\/03\\\/cropped-logo_new-1.png\",\"contentUrl\":\"https:\\\/\\\/blogdofarnesio.com.br\\\/wp-content\\\/uploads\\\/2026\\\/03\\\/cropped-logo_new-1.png\",\"width\":881,\"height\":685,\"caption\":\"Blog do Farn\u00e9sio\"},\"image\":{\"@id\":\"https:\\\/\\\/blogdofarnesio.com.br\\\/#\\\/schema\\\/logo\\\/image\\\/\"},\"sameAs\":[\"https:\\\/\\\/www.facebook.com\\\/BlogQuerSaberPolitica\\\/\"]}]}<\/script>\n<!-- \/ Yoast SEO plugin. -->","yoast_head_json":{"title":"M\u00e1rio Kert\u00e9sz diz que topa concorrer a qualquer cargo nas elei\u00e7\u00f5es da capital baiana - Blog do Farn\u00e9sio","robots":{"index":"index","follow":"follow","max-snippet":"max-snippet:-1","max-image-preview":"max-image-preview:large","max-video-preview":"max-video-preview:-1"},"canonical":"http:\/\/blogdofarnesio.com.br\/?p=6950","og_locale":"pt_BR","og_type":"article","og_title":"M\u00e1rio Kert\u00e9sz diz que topa concorrer a qualquer cargo nas elei\u00e7\u00f5es da capital baiana - Blog do Farn\u00e9sio","og_description":"&nbsp; O radialista e ex-prefeito de Salvador M&aacute;rio Kert&eacute;sz anunciou, na tarde desta segunda-feira (26), que se filiou, mais uma vez, ao PMDB. Embora estivesse sem partido nos &uacute;ltimos anos, o comunicador foi eleito gestor da capital baiana, em 1985, pela legenda. Apesar do desejo do vice-presidente de Pessoa Jur&iacute;dica da Caixa Econ&ocirc;mica Federal, Geddel Vieira Lima (PMDB), de que Kert&eacute;sz venha a encabe&ccedil;ar a chapa de oposi&ccedil;&atilde;o como candidato a prefeito, o novo-velho-peemedebista n&atilde;o nega que pode tentar a vice-candidatura ou at&eacute; uma vaga na C&acirc;mara Municipal de Salvador. &#8220;Eu n&atilde;o quero ficar assistindo as elei&ccedil;&otilde;es da arquibancada. Eu quero ir para o campo. L&aacute; eu posso atuar de treinador, ficar olhando e dando algumas palpites. Posso ser o&hellip;","og_url":"http:\/\/blogdofarnesio.com.br\/?p=6950","og_site_name":"Blog do Farn\u00e9sio","article_publisher":"https:\/\/www.facebook.com\/BlogQuerSaberPolitica\/","article_published_time":"2011-09-27T16:00:01+00:00","og_image":[{"url":"http:\/\/www.quersaberpolitica.com.br\/2016\/wp-content\/uploads\/2012\/12\/blogqspmariokertesz.jpg","type":"","width":"","height":""}],"twitter_card":"summary_large_image","twitter_misc":{"Est. tempo de leitura":"1 minuto"},"schema":{"@context":"https:\/\/schema.org","@graph":[{"@type":"Article","@id":"http:\/\/blogdofarnesio.com.br\/?p=6950#article","isPartOf":{"@id":"http:\/\/blogdofarnesio.com.br\/?p=6950"},"author":{"name":"","@id":""},"headline":"M\u00e1rio Kert\u00e9sz diz que topa concorrer a qualquer cargo nas elei\u00e7\u00f5es da capital baiana","datePublished":"2011-09-27T16:00:01+00:00","mainEntityOfPage":{"@id":"http:\/\/blogdofarnesio.com.br\/?p=6950"},"wordCount":201,"commentCount":0,"publisher":{"@id":"https:\/\/blogdofarnesio.com.br\/#organization"},"image":{"@id":"http:\/\/blogdofarnesio.com.br\/?p=6950#primaryimage"},"thumbnailUrl":"http:\/\/www.quersaberpolitica.com.br\/2016\/wp-content\/uploads\/2012\/12\/blogqspmariokertesz.jpg","inLanguage":"pt-BR","potentialAction":[{"@type":"CommentAction","name":"Comment","target":["http:\/\/blogdofarnesio.com.br\/?p=6950#respond"]}]},{"@type":"WebPage","@id":"http:\/\/blogdofarnesio.com.br\/?p=6950","url":"http:\/\/blogdofarnesio.com.br\/?p=6950","name":"M\u00e1rio Kert\u00e9sz diz que topa concorrer a qualquer cargo nas elei\u00e7\u00f5es da capital baiana - Blog do Farn\u00e9sio","isPartOf":{"@id":"https:\/\/blogdofarnesio.com.br\/#website"},"primaryImageOfPage":{"@id":"http:\/\/blogdofarnesio.com.br\/?p=6950#primaryimage"},"image":{"@id":"http:\/\/blogdofarnesio.com.br\/?p=6950#primaryimage"},"thumbnailUrl":"http:\/\/www.quersaberpolitica.com.br\/2016\/wp-content\/uploads\/2012\/12\/blogqspmariokertesz.jpg","datePublished":"2011-09-27T16:00:01+00:00","breadcrumb":{"@id":"http:\/\/blogdofarnesio.com.br\/?p=6950#breadcrumb"},"inLanguage":"pt-BR","potentialAction":[{"@type":"ReadAction","target":["http:\/\/blogdofarnesio.com.br\/?p=6950"]}]},{"@type":"ImageObject","inLanguage":"pt-BR","@id":"http:\/\/blogdofarnesio.com.br\/?p=6950#primaryimage","url":"http:\/\/www.quersaberpolitica.com.br\/2016\/wp-content\/uploads\/2012\/12\/blogqspmariokertesz.jpg","contentUrl":"http:\/\/www.quersaberpolitica.com.br\/2016\/wp-content\/uploads\/2012\/12\/blogqspmariokertesz.jpg"},{"@type":"BreadcrumbList","@id":"http:\/\/blogdofarnesio.com.br\/?p=6950#breadcrumb","itemListElement":[{"@type":"ListItem","position":1,"name":"In\u00edcio","item":"https:\/\/blogdofarnesio.com.br\/"},{"@type":"ListItem","position":2,"name":"M\u00e1rio Kert\u00e9sz diz que topa concorrer a qualquer cargo nas elei\u00e7\u00f5es da capital baiana"}]},{"@type":"WebSite","@id":"https:\/\/blogdofarnesio.com.br\/#website","url":"https:\/\/blogdofarnesio.com.br\/","name":"Blog do Farn\u00e9sio","description":"Quer Saber Pol\u00edtica?","publisher":{"@id":"https:\/\/blogdofarnesio.com.br\/#organization"},"potentialAction":[{"@type":"SearchAction","target":{"@type":"EntryPoint","urlTemplate":"https:\/\/blogdofarnesio.com.br\/?s={search_term_string}"},"query-input":{"@type":"PropertyValueSpecification","valueRequired":true,"valueName":"search_term_string"}}],"inLanguage":"pt-BR"},{"@type":"Organization","@id":"https:\/\/blogdofarnesio.com.br\/#organization","name":"Blog do Farn\u00e9sio","url":"https:\/\/blogdofarnesio.com.br\/","logo":{"@type":"ImageObject","inLanguage":"pt-BR","@id":"https:\/\/blogdofarnesio.com.br\/#\/schema\/logo\/image\/","url":"https:\/\/blogdofarnesio.com.br\/wp-content\/uploads\/2026\/03\/cropped-logo_new-1.png","contentUrl":"https:\/\/blogdofarnesio.com.br\/wp-content\/uploads\/2026\/03\/cropped-logo_new-1.png","width":881,"height":685,"caption":"Blog do Farn\u00e9sio"},"image":{"@id":"https:\/\/blogdofarnesio.com.br\/#\/schema\/logo\/image\/"},"sameAs":["https:\/\/www.facebook.com\/BlogQuerSaberPolitica\/"]}]}},"_links":{"self":[{"href":"https:\/\/blogdofarnesio.com.br\/index.php?rest_route=\/wp\/v2\/posts\/6950","targetHints":{"allow":["GET"]}}],"collection":[{"href":"https:\/\/blogdofarnesio.com.br\/index.php?rest_route=\/wp\/v2\/posts"}],"about":[{"href":"https:\/\/blogdofarnesio.com.br\/index.php?rest_route=\/wp\/v2\/types\/post"}],"replies":[{"embeddable":true,"href":"https:\/\/blogdofarnesio.com.br\/index.php?rest_route=%2Fwp%2Fv2%2Fcomments&post=6950"}],"version-history":[{"count":0,"href":"https:\/\/blogdofarnesio.com.br\/index.php?rest_route=\/wp\/v2\/posts\/6950\/revisions"}],"wp:attachment":[{"href":"https:\/\/blogdofarnesio.com.br\/index.php?rest_route=%2Fwp%2Fv2%2Fmedia&parent=6950"}],"wp:term":[{"taxonomy":"category","embeddable":true,"href":"https:\/\/blogdofarnesio.com.br\/index.php?rest_route=%2Fwp%2Fv2%2Fcategories&post=6950"},{"taxonomy":"post_tag","embeddable":true,"href":"https:\/\/blogdofarnesio.com.br\/index.php?rest_route=%2Fwp%2Fv2%2Ftags&post=6950"}],"curies":[{"name":"wp","href":"https:\/\/api.w.org\/{rel}","templated":true}]}}