{"id":69453,"date":"2014-01-10T16:03:57","date_gmt":"2014-01-10T19:03:57","guid":{"rendered":"http:\/\/www.quersaberpolitica.com.br\/?p=69453"},"modified":"2014-01-10T14:44:42","modified_gmt":"2014-01-10T17:44:42","slug":"fernando-filho-se-reune-com-marchantes-e-vereadores-para-debater-alternativas-para-o-matadouro-de-petrolina","status":"publish","type":"post","link":"https:\/\/blogdofarnesio.com.br\/2014\/01\/fernando-filho-se-reune-com-marchantes-e-vereadores-para-debater-alternativas-para-o-matadouro-de-petrolina\/","title":{"rendered":"FERNANDO FILHO SE REUNE COM MARCHANTES E VEREADORES PARA  DEBATER ALTERNATIVAS PARA O MATADOURO DE PETROLINA"},"content":{"rendered":"<p style=\"text-align: justify\"><a href=\"http:\/\/www.quersaberpolitica.com.br\/2016\/wp-content\/uploads\/2014\/01\/IMG_0077.jpg\"><img loading=\"lazy\" decoding=\"async\" class=\"aligncenter  wp-image-69454\" alt=\"blogqspfernandinho \" src=\"http:\/\/www.quersaberpolitica.com.br\/2016\/wp-content\/uploads\/2014\/01\/IMG_0077.jpg\" width=\"450\" height=\"338\" srcset=\"https:\/\/blogdofarnesio.com.br\/wp-content\/uploads\/2014\/01\/IMG_0077.jpg 500w, https:\/\/blogdofarnesio.com.br\/wp-content\/uploads\/2014\/01\/IMG_0077-300x225.jpg 300w, https:\/\/blogdofarnesio.com.br\/wp-content\/uploads\/2014\/01\/IMG_0077-400x300.jpg 400w\" sizes=\"auto, (max-width: 450px) 100vw, 450px\" \/><\/a>Os marchantes de Petrolina continuam na luta por uma solu\u00e7\u00e3o definitiva para o abate de bovinos que a partir de agosto voltar\u00e1 a ser suspenso. Depois disso os animais dever\u00e3o ser abatidos no matadouro de Juazeiro, ainda assim, se esse estabelecimento apresentar condi\u00e7\u00f5es de receber essa demanda.<\/p>\n<p style=\"text-align: justify\">Ontem (09) \u00e0 tarde uma comiss\u00e3o dos marchantes se reuniu com o deputado federal Fernando Filho (PSB), em seu escrit\u00f3rio pol\u00edtico na Funda\u00e7\u00e3o Petrolina 2020. Participaram desse encontro os vereadores Ronaldo Canc\u00e3o, Maria Elena, Zenildo do Alto do Cocar, Adalberto Filho e Manoel da Acosap.<\/p>\n<p style=\"text-align: justify\">Antes da reuni\u00e3o, os marchantes comentaram o adiamento da suspens\u00e3o do abate de bovinos no matadouro at\u00e9 agosto. Eles consideram curto o prazo para resolver definitivamente a quest\u00e3o, e n\u00e3o querem considerar outra solu\u00e7\u00e3o que n\u00e3o seja a manuten\u00e7\u00e3o do abate em Petrolina, no atual matadouro ou em um novo, caso seja constru\u00eddo. Eles n\u00e3o querem considerar a possibilidade de abater os animais no Frigorifico Abatal em Juazeiro, cujas instala\u00e7\u00f5es , segundo eles, n\u00e3o comporta a demanda extra.<!--more--><\/p>\n<p style=\"text-align: justify\">Apesar de uma evidente expectativa pela constru\u00e7\u00e3o de um novo matadouro, o deputado Fernando Filho, acha prematuro falar nisso agora sem uma analise das possibilidades. Ele disse que o objetivo do encontro era de ouvir os marchantes para, ai sim, estudar solu\u00e7\u00f5es. Mas adiantou que parece mais l\u00f3gico investir na moderniza\u00e7\u00e3o do atual matadouro que construir um novo.<\/p>\n<p style=\"text-align: justify\">\u201c eu acho que as ideias tem que ser debatidas, voc\u00ea n\u00e3o pode simplesmente fechar o atual, porque afinal de contas, quanto custa um novo? Algu\u00e9m j\u00e1 fez u projeto? Onde ser\u00e1 a loca\u00e7\u00e3o desse novo? Tem muitas perguntas e ningu\u00e9m ainda parou para ver isso\u201d, disse o deputado ressaltando que se esse for o entendimento vai buscar ajuda para financiar a constru\u00e7\u00e3o, mas que ainda n\u00e3o \u00e9 o caso.<\/p>\n<p style=\"text-align: justify\">O deputado do psb tamb\u00e9m comentou a mobiliza\u00e7\u00e3o dos moradores de condom\u00ednios pr\u00f3ximos que querem a desativa\u00e7\u00e3o do matadouro. Segundo Fernando Filho, debater a quest\u00e3o \u00e9 necess\u00e1ria, mas ele acredita que dificilmente o matadouro sair\u00e1 do local porque ali tamb\u00e9m est\u00e3o instalados um curtume e uma lagoa de estabiliza\u00e7\u00e3o.<\/p>\n<p style=\"text-align: justify\">\u201cum gestor p\u00fablico n\u00e3o pode tomar uma decis\u00e3o que afeta a cidade inteira baseada na vontade de um peda\u00e7o da cidade, eu acho at\u00e9 que se pode discutir a reloca\u00e7\u00e3o do matadouro para outra \u00e1rea, mas vai fechar esse, vai vender para depois construir? Esse dinheiro vai acabar sendo usado para outra coisa e voc\u00ea vai acabar \u00e9 ficando sem o matadouro\u201d, ponderou.<\/p>\n<p style=\"text-align: justify\"><strong>Por Rinaldo LIma<\/strong><\/p>\n","protected":false},"excerpt":{"rendered":"<p>Os marchantes de Petrolina continuam na luta por uma solu\u00e7\u00e3o definitiva para o abate de bovinos que a partir de agosto voltar\u00e1 a ser suspenso. Depois disso os animais dever\u00e3o ser abatidos no matadouro de Juazeiro, ainda assim, se esse estabelecimento apresentar condi\u00e7\u00f5es de receber essa demanda. Ontem (09) \u00e0 tarde uma comiss\u00e3o dos marchantes se reuniu com o deputado federal Fernando Filho (PSB), em seu escrit\u00f3rio pol\u00edtico na Funda\u00e7\u00e3o Petrolina 2020. Participaram desse encontro os vereadores Ronaldo Canc\u00e3o, Maria Elena, Zenildo do Alto do Cocar, Adalberto Filho e Manoel da Acosap. Antes da reuni\u00e3o, os marchantes comentaram o adiamento da suspens\u00e3o do abate de bovinos no matadouro at\u00e9 agosto. Eles consideram curto o prazo para resolver definitivamente a quest\u00e3o,&hellip; <\/p>\n","protected":false},"author":3,"featured_media":0,"comment_status":"open","ping_status":"open","sticky":false,"template":"","format":"standard","meta":{"_acf_changed":false,"footnotes":""},"categories":[44],"tags":[],"class_list":["post-69453","post","type-post","status-publish","format-standard","hentry","category-administracao"],"acf":[],"yoast_head":"<!-- This site is optimized with the Yoast SEO plugin v27.5 - https:\/\/yoast.com\/product\/yoast-seo-wordpress\/ -->\n<title>FERNANDO FILHO SE REUNE COM MARCHANTES E VEREADORES PARA DEBATER ALTERNATIVAS PARA O MATADOURO DE PETROLINA - Blog do Farn\u00e9sio<\/title>\n<meta name=\"robots\" content=\"index, follow, max-snippet:-1, max-image-preview:large, max-video-preview:-1\" \/>\n<link rel=\"canonical\" href=\"https:\/\/blogdofarnesio.com.br\/2014\/01\/fernando-filho-se-reune-com-marchantes-e-vereadores-para-debater-alternativas-para-o-matadouro-de-petrolina\/\" \/>\n<meta property=\"og:locale\" content=\"pt_BR\" \/>\n<meta property=\"og:type\" content=\"article\" \/>\n<meta property=\"og:title\" content=\"FERNANDO FILHO SE REUNE COM MARCHANTES E VEREADORES PARA DEBATER ALTERNATIVAS PARA O MATADOURO DE PETROLINA - Blog do Farn\u00e9sio\" \/>\n<meta property=\"og:description\" content=\"Os marchantes de Petrolina continuam na luta por uma solu\u00e7\u00e3o definitiva para o abate de bovinos que a partir de agosto voltar\u00e1 a ser suspenso. Depois disso os animais dever\u00e3o ser abatidos no matadouro de Juazeiro, ainda assim, se esse estabelecimento apresentar condi\u00e7\u00f5es de receber essa demanda. Ontem (09) \u00e0 tarde uma comiss\u00e3o dos marchantes se reuniu com o deputado federal Fernando Filho (PSB), em seu escrit\u00f3rio pol\u00edtico na Funda\u00e7\u00e3o Petrolina 2020. Participaram desse encontro os vereadores Ronaldo Canc\u00e3o, Maria Elena, Zenildo do Alto do Cocar, Adalberto Filho e Manoel da Acosap. Antes da reuni\u00e3o, os marchantes comentaram o adiamento da suspens\u00e3o do abate de bovinos no matadouro at\u00e9 agosto. Eles consideram curto o prazo para resolver definitivamente a quest\u00e3o,&hellip;\" \/>\n<meta property=\"og:url\" content=\"https:\/\/blogdofarnesio.com.br\/2014\/01\/fernando-filho-se-reune-com-marchantes-e-vereadores-para-debater-alternativas-para-o-matadouro-de-petrolina\/\" \/>\n<meta property=\"og:site_name\" content=\"Blog do Farn\u00e9sio\" \/>\n<meta property=\"article:publisher\" content=\"https:\/\/www.facebook.com\/BlogQuerSaberPolitica\/\" \/>\n<meta property=\"article:published_time\" content=\"2014-01-10T19:03:57+00:00\" \/>\n<meta property=\"og:image\" content=\"http:\/\/www.quersaberpolitica.com.br\/2016\/wp-content\/uploads\/2014\/01\/IMG_0077.jpg\" \/>\n<meta name=\"author\" content=\"teste\" \/>\n<meta name=\"twitter:card\" content=\"summary_large_image\" \/>\n<meta name=\"twitter:label1\" content=\"Escrito por\" \/>\n\t<meta name=\"twitter:data1\" content=\"teste\" \/>\n\t<meta name=\"twitter:label2\" content=\"Est. tempo de leitura\" \/>\n\t<meta name=\"twitter:data2\" content=\"2 minutos\" \/>\n<script type=\"application\/ld+json\" class=\"yoast-schema-graph\">{\"@context\":\"https:\\\/\\\/schema.org\",\"@graph\":[{\"@type\":\"Article\",\"@id\":\"https:\\\/\\\/blogdofarnesio.com.br\\\/2014\\\/01\\\/fernando-filho-se-reune-com-marchantes-e-vereadores-para-debater-alternativas-para-o-matadouro-de-petrolina\\\/#article\",\"isPartOf\":{\"@id\":\"https:\\\/\\\/blogdofarnesio.com.br\\\/2014\\\/01\\\/fernando-filho-se-reune-com-marchantes-e-vereadores-para-debater-alternativas-para-o-matadouro-de-petrolina\\\/\"},\"author\":{\"name\":\"teste\",\"@id\":\"https:\\\/\\\/blogdofarnesio.com.br\\\/#\\\/schema\\\/person\\\/dd1bf5eba40b687199ba45ca6b97dff9\"},\"headline\":\"FERNANDO FILHO SE REUNE COM MARCHANTES E VEREADORES PARA DEBATER ALTERNATIVAS PARA O MATADOURO DE PETROLINA\",\"datePublished\":\"2014-01-10T19:03:57+00:00\",\"mainEntityOfPage\":{\"@id\":\"https:\\\/\\\/blogdofarnesio.com.br\\\/2014\\\/01\\\/fernando-filho-se-reune-com-marchantes-e-vereadores-para-debater-alternativas-para-o-matadouro-de-petrolina\\\/\"},\"wordCount\":465,\"commentCount\":0,\"publisher\":{\"@id\":\"https:\\\/\\\/blogdofarnesio.com.br\\\/#organization\"},\"image\":{\"@id\":\"https:\\\/\\\/blogdofarnesio.com.br\\\/2014\\\/01\\\/fernando-filho-se-reune-com-marchantes-e-vereadores-para-debater-alternativas-para-o-matadouro-de-petrolina\\\/#primaryimage\"},\"thumbnailUrl\":\"http:\\\/\\\/www.quersaberpolitica.com.br\\\/2016\\\/wp-content\\\/uploads\\\/2014\\\/01\\\/IMG_0077.jpg\",\"articleSection\":[\"Administra\u00e7\u00e3o\"],\"inLanguage\":\"pt-BR\",\"potentialAction\":[{\"@type\":\"CommentAction\",\"name\":\"Comment\",\"target\":[\"https:\\\/\\\/blogdofarnesio.com.br\\\/2014\\\/01\\\/fernando-filho-se-reune-com-marchantes-e-vereadores-para-debater-alternativas-para-o-matadouro-de-petrolina\\\/#respond\"]}]},{\"@type\":\"WebPage\",\"@id\":\"https:\\\/\\\/blogdofarnesio.com.br\\\/2014\\\/01\\\/fernando-filho-se-reune-com-marchantes-e-vereadores-para-debater-alternativas-para-o-matadouro-de-petrolina\\\/\",\"url\":\"https:\\\/\\\/blogdofarnesio.com.br\\\/2014\\\/01\\\/fernando-filho-se-reune-com-marchantes-e-vereadores-para-debater-alternativas-para-o-matadouro-de-petrolina\\\/\",\"name\":\"FERNANDO FILHO SE REUNE COM MARCHANTES E VEREADORES PARA DEBATER ALTERNATIVAS PARA O MATADOURO DE PETROLINA - Blog do Farn\u00e9sio\",\"isPartOf\":{\"@id\":\"https:\\\/\\\/blogdofarnesio.com.br\\\/#website\"},\"primaryImageOfPage\":{\"@id\":\"https:\\\/\\\/blogdofarnesio.com.br\\\/2014\\\/01\\\/fernando-filho-se-reune-com-marchantes-e-vereadores-para-debater-alternativas-para-o-matadouro-de-petrolina\\\/#primaryimage\"},\"image\":{\"@id\":\"https:\\\/\\\/blogdofarnesio.com.br\\\/2014\\\/01\\\/fernando-filho-se-reune-com-marchantes-e-vereadores-para-debater-alternativas-para-o-matadouro-de-petrolina\\\/#primaryimage\"},\"thumbnailUrl\":\"http:\\\/\\\/www.quersaberpolitica.com.br\\\/2016\\\/wp-content\\\/uploads\\\/2014\\\/01\\\/IMG_0077.jpg\",\"datePublished\":\"2014-01-10T19:03:57+00:00\",\"breadcrumb\":{\"@id\":\"https:\\\/\\\/blogdofarnesio.com.br\\\/2014\\\/01\\\/fernando-filho-se-reune-com-marchantes-e-vereadores-para-debater-alternativas-para-o-matadouro-de-petrolina\\\/#breadcrumb\"},\"inLanguage\":\"pt-BR\",\"potentialAction\":[{\"@type\":\"ReadAction\",\"target\":[\"https:\\\/\\\/blogdofarnesio.com.br\\\/2014\\\/01\\\/fernando-filho-se-reune-com-marchantes-e-vereadores-para-debater-alternativas-para-o-matadouro-de-petrolina\\\/\"]}]},{\"@type\":\"ImageObject\",\"inLanguage\":\"pt-BR\",\"@id\":\"https:\\\/\\\/blogdofarnesio.com.br\\\/2014\\\/01\\\/fernando-filho-se-reune-com-marchantes-e-vereadores-para-debater-alternativas-para-o-matadouro-de-petrolina\\\/#primaryimage\",\"url\":\"http:\\\/\\\/www.quersaberpolitica.com.br\\\/2016\\\/wp-content\\\/uploads\\\/2014\\\/01\\\/IMG_0077.jpg\",\"contentUrl\":\"http:\\\/\\\/www.quersaberpolitica.com.br\\\/2016\\\/wp-content\\\/uploads\\\/2014\\\/01\\\/IMG_0077.jpg\"},{\"@type\":\"BreadcrumbList\",\"@id\":\"https:\\\/\\\/blogdofarnesio.com.br\\\/2014\\\/01\\\/fernando-filho-se-reune-com-marchantes-e-vereadores-para-debater-alternativas-para-o-matadouro-de-petrolina\\\/#breadcrumb\",\"itemListElement\":[{\"@type\":\"ListItem\",\"position\":1,\"name\":\"In\u00edcio\",\"item\":\"https:\\\/\\\/blogdofarnesio.com.br\\\/\"},{\"@type\":\"ListItem\",\"position\":2,\"name\":\"FERNANDO FILHO SE REUNE COM MARCHANTES E VEREADORES PARA DEBATER ALTERNATIVAS PARA O MATADOURO DE PETROLINA\"}]},{\"@type\":\"WebSite\",\"@id\":\"https:\\\/\\\/blogdofarnesio.com.br\\\/#website\",\"url\":\"https:\\\/\\\/blogdofarnesio.com.br\\\/\",\"name\":\"Blog do Farn\u00e9sio\",\"description\":\"Quer Saber Pol\u00edtica?\",\"publisher\":{\"@id\":\"https:\\\/\\\/blogdofarnesio.com.br\\\/#organization\"},\"potentialAction\":[{\"@type\":\"SearchAction\",\"target\":{\"@type\":\"EntryPoint\",\"urlTemplate\":\"https:\\\/\\\/blogdofarnesio.com.br\\\/?s={search_term_string}\"},\"query-input\":{\"@type\":\"PropertyValueSpecification\",\"valueRequired\":true,\"valueName\":\"search_term_string\"}}],\"inLanguage\":\"pt-BR\"},{\"@type\":\"Organization\",\"@id\":\"https:\\\/\\\/blogdofarnesio.com.br\\\/#organization\",\"name\":\"Blog do Farn\u00e9sio\",\"url\":\"https:\\\/\\\/blogdofarnesio.com.br\\\/\",\"logo\":{\"@type\":\"ImageObject\",\"inLanguage\":\"pt-BR\",\"@id\":\"https:\\\/\\\/blogdofarnesio.com.br\\\/#\\\/schema\\\/logo\\\/image\\\/\",\"url\":\"https:\\\/\\\/blogdofarnesio.com.br\\\/wp-content\\\/uploads\\\/2026\\\/03\\\/cropped-logo_new-1.png\",\"contentUrl\":\"https:\\\/\\\/blogdofarnesio.com.br\\\/wp-content\\\/uploads\\\/2026\\\/03\\\/cropped-logo_new-1.png\",\"width\":881,\"height\":685,\"caption\":\"Blog do Farn\u00e9sio\"},\"image\":{\"@id\":\"https:\\\/\\\/blogdofarnesio.com.br\\\/#\\\/schema\\\/logo\\\/image\\\/\"},\"sameAs\":[\"https:\\\/\\\/www.facebook.com\\\/BlogQuerSaberPolitica\\\/\"]},{\"@type\":\"Person\",\"@id\":\"https:\\\/\\\/blogdofarnesio.com.br\\\/#\\\/schema\\\/person\\\/dd1bf5eba40b687199ba45ca6b97dff9\",\"name\":\"teste\",\"image\":{\"@type\":\"ImageObject\",\"inLanguage\":\"pt-BR\",\"@id\":\"https:\\\/\\\/secure.gravatar.com\\\/avatar\\\/2172498d4914b51e1d89a0f97957b035ac4938723a5cac208135d389b6972a6d?s=96&d=mm&r=g\",\"url\":\"https:\\\/\\\/secure.gravatar.com\\\/avatar\\\/2172498d4914b51e1d89a0f97957b035ac4938723a5cac208135d389b6972a6d?s=96&d=mm&r=g\",\"contentUrl\":\"https:\\\/\\\/secure.gravatar.com\\\/avatar\\\/2172498d4914b51e1d89a0f97957b035ac4938723a5cac208135d389b6972a6d?s=96&d=mm&r=g\",\"caption\":\"teste\"},\"url\":\"https:\\\/\\\/blogdofarnesio.com.br\\\/author\\\/teste\\\/\"}]}<\/script>\n<!-- \/ Yoast SEO plugin. -->","yoast_head_json":{"title":"FERNANDO FILHO SE REUNE COM MARCHANTES E VEREADORES PARA DEBATER ALTERNATIVAS PARA O MATADOURO DE PETROLINA - Blog do Farn\u00e9sio","robots":{"index":"index","follow":"follow","max-snippet":"max-snippet:-1","max-image-preview":"max-image-preview:large","max-video-preview":"max-video-preview:-1"},"canonical":"https:\/\/blogdofarnesio.com.br\/2014\/01\/fernando-filho-se-reune-com-marchantes-e-vereadores-para-debater-alternativas-para-o-matadouro-de-petrolina\/","og_locale":"pt_BR","og_type":"article","og_title":"FERNANDO FILHO SE REUNE COM MARCHANTES E VEREADORES PARA DEBATER ALTERNATIVAS PARA O MATADOURO DE PETROLINA - Blog do Farn\u00e9sio","og_description":"Os marchantes de Petrolina continuam na luta por uma solu\u00e7\u00e3o definitiva para o abate de bovinos que a partir de agosto voltar\u00e1 a ser suspenso. Depois disso os animais dever\u00e3o ser abatidos no matadouro de Juazeiro, ainda assim, se esse estabelecimento apresentar condi\u00e7\u00f5es de receber essa demanda. Ontem (09) \u00e0 tarde uma comiss\u00e3o dos marchantes se reuniu com o deputado federal Fernando Filho (PSB), em seu escrit\u00f3rio pol\u00edtico na Funda\u00e7\u00e3o Petrolina 2020. Participaram desse encontro os vereadores Ronaldo Canc\u00e3o, Maria Elena, Zenildo do Alto do Cocar, Adalberto Filho e Manoel da Acosap. Antes da reuni\u00e3o, os marchantes comentaram o adiamento da suspens\u00e3o do abate de bovinos no matadouro at\u00e9 agosto. Eles consideram curto o prazo para resolver definitivamente a quest\u00e3o,&hellip;","og_url":"https:\/\/blogdofarnesio.com.br\/2014\/01\/fernando-filho-se-reune-com-marchantes-e-vereadores-para-debater-alternativas-para-o-matadouro-de-petrolina\/","og_site_name":"Blog do Farn\u00e9sio","article_publisher":"https:\/\/www.facebook.com\/BlogQuerSaberPolitica\/","article_published_time":"2014-01-10T19:03:57+00:00","og_image":[{"url":"http:\/\/www.quersaberpolitica.com.br\/2016\/wp-content\/uploads\/2014\/01\/IMG_0077.jpg","type":"","width":"","height":""}],"author":"teste","twitter_card":"summary_large_image","twitter_misc":{"Escrito por":"teste","Est. tempo de leitura":"2 minutos"},"schema":{"@context":"https:\/\/schema.org","@graph":[{"@type":"Article","@id":"https:\/\/blogdofarnesio.com.br\/2014\/01\/fernando-filho-se-reune-com-marchantes-e-vereadores-para-debater-alternativas-para-o-matadouro-de-petrolina\/#article","isPartOf":{"@id":"https:\/\/blogdofarnesio.com.br\/2014\/01\/fernando-filho-se-reune-com-marchantes-e-vereadores-para-debater-alternativas-para-o-matadouro-de-petrolina\/"},"author":{"name":"teste","@id":"https:\/\/blogdofarnesio.com.br\/#\/schema\/person\/dd1bf5eba40b687199ba45ca6b97dff9"},"headline":"FERNANDO FILHO SE REUNE COM MARCHANTES E VEREADORES PARA DEBATER ALTERNATIVAS PARA O MATADOURO DE PETROLINA","datePublished":"2014-01-10T19:03:57+00:00","mainEntityOfPage":{"@id":"https:\/\/blogdofarnesio.com.br\/2014\/01\/fernando-filho-se-reune-com-marchantes-e-vereadores-para-debater-alternativas-para-o-matadouro-de-petrolina\/"},"wordCount":465,"commentCount":0,"publisher":{"@id":"https:\/\/blogdofarnesio.com.br\/#organization"},"image":{"@id":"https:\/\/blogdofarnesio.com.br\/2014\/01\/fernando-filho-se-reune-com-marchantes-e-vereadores-para-debater-alternativas-para-o-matadouro-de-petrolina\/#primaryimage"},"thumbnailUrl":"http:\/\/www.quersaberpolitica.com.br\/2016\/wp-content\/uploads\/2014\/01\/IMG_0077.jpg","articleSection":["Administra\u00e7\u00e3o"],"inLanguage":"pt-BR","potentialAction":[{"@type":"CommentAction","name":"Comment","target":["https:\/\/blogdofarnesio.com.br\/2014\/01\/fernando-filho-se-reune-com-marchantes-e-vereadores-para-debater-alternativas-para-o-matadouro-de-petrolina\/#respond"]}]},{"@type":"WebPage","@id":"https:\/\/blogdofarnesio.com.br\/2014\/01\/fernando-filho-se-reune-com-marchantes-e-vereadores-para-debater-alternativas-para-o-matadouro-de-petrolina\/","url":"https:\/\/blogdofarnesio.com.br\/2014\/01\/fernando-filho-se-reune-com-marchantes-e-vereadores-para-debater-alternativas-para-o-matadouro-de-petrolina\/","name":"FERNANDO FILHO SE REUNE COM MARCHANTES E VEREADORES PARA DEBATER ALTERNATIVAS PARA O MATADOURO DE PETROLINA - Blog do Farn\u00e9sio","isPartOf":{"@id":"https:\/\/blogdofarnesio.com.br\/#website"},"primaryImageOfPage":{"@id":"https:\/\/blogdofarnesio.com.br\/2014\/01\/fernando-filho-se-reune-com-marchantes-e-vereadores-para-debater-alternativas-para-o-matadouro-de-petrolina\/#primaryimage"},"image":{"@id":"https:\/\/blogdofarnesio.com.br\/2014\/01\/fernando-filho-se-reune-com-marchantes-e-vereadores-para-debater-alternativas-para-o-matadouro-de-petrolina\/#primaryimage"},"thumbnailUrl":"http:\/\/www.quersaberpolitica.com.br\/2016\/wp-content\/uploads\/2014\/01\/IMG_0077.jpg","datePublished":"2014-01-10T19:03:57+00:00","breadcrumb":{"@id":"https:\/\/blogdofarnesio.com.br\/2014\/01\/fernando-filho-se-reune-com-marchantes-e-vereadores-para-debater-alternativas-para-o-matadouro-de-petrolina\/#breadcrumb"},"inLanguage":"pt-BR","potentialAction":[{"@type":"ReadAction","target":["https:\/\/blogdofarnesio.com.br\/2014\/01\/fernando-filho-se-reune-com-marchantes-e-vereadores-para-debater-alternativas-para-o-matadouro-de-petrolina\/"]}]},{"@type":"ImageObject","inLanguage":"pt-BR","@id":"https:\/\/blogdofarnesio.com.br\/2014\/01\/fernando-filho-se-reune-com-marchantes-e-vereadores-para-debater-alternativas-para-o-matadouro-de-petrolina\/#primaryimage","url":"http:\/\/www.quersaberpolitica.com.br\/2016\/wp-content\/uploads\/2014\/01\/IMG_0077.jpg","contentUrl":"http:\/\/www.quersaberpolitica.com.br\/2016\/wp-content\/uploads\/2014\/01\/IMG_0077.jpg"},{"@type":"BreadcrumbList","@id":"https:\/\/blogdofarnesio.com.br\/2014\/01\/fernando-filho-se-reune-com-marchantes-e-vereadores-para-debater-alternativas-para-o-matadouro-de-petrolina\/#breadcrumb","itemListElement":[{"@type":"ListItem","position":1,"name":"In\u00edcio","item":"https:\/\/blogdofarnesio.com.br\/"},{"@type":"ListItem","position":2,"name":"FERNANDO FILHO SE REUNE COM MARCHANTES E VEREADORES PARA DEBATER ALTERNATIVAS PARA O MATADOURO DE PETROLINA"}]},{"@type":"WebSite","@id":"https:\/\/blogdofarnesio.com.br\/#website","url":"https:\/\/blogdofarnesio.com.br\/","name":"Blog do Farn\u00e9sio","description":"Quer Saber Pol\u00edtica?","publisher":{"@id":"https:\/\/blogdofarnesio.com.br\/#organization"},"potentialAction":[{"@type":"SearchAction","target":{"@type":"EntryPoint","urlTemplate":"https:\/\/blogdofarnesio.com.br\/?s={search_term_string}"},"query-input":{"@type":"PropertyValueSpecification","valueRequired":true,"valueName":"search_term_string"}}],"inLanguage":"pt-BR"},{"@type":"Organization","@id":"https:\/\/blogdofarnesio.com.br\/#organization","name":"Blog do Farn\u00e9sio","url":"https:\/\/blogdofarnesio.com.br\/","logo":{"@type":"ImageObject","inLanguage":"pt-BR","@id":"https:\/\/blogdofarnesio.com.br\/#\/schema\/logo\/image\/","url":"https:\/\/blogdofarnesio.com.br\/wp-content\/uploads\/2026\/03\/cropped-logo_new-1.png","contentUrl":"https:\/\/blogdofarnesio.com.br\/wp-content\/uploads\/2026\/03\/cropped-logo_new-1.png","width":881,"height":685,"caption":"Blog do Farn\u00e9sio"},"image":{"@id":"https:\/\/blogdofarnesio.com.br\/#\/schema\/logo\/image\/"},"sameAs":["https:\/\/www.facebook.com\/BlogQuerSaberPolitica\/"]},{"@type":"Person","@id":"https:\/\/blogdofarnesio.com.br\/#\/schema\/person\/dd1bf5eba40b687199ba45ca6b97dff9","name":"teste","image":{"@type":"ImageObject","inLanguage":"pt-BR","@id":"https:\/\/secure.gravatar.com\/avatar\/2172498d4914b51e1d89a0f97957b035ac4938723a5cac208135d389b6972a6d?s=96&d=mm&r=g","url":"https:\/\/secure.gravatar.com\/avatar\/2172498d4914b51e1d89a0f97957b035ac4938723a5cac208135d389b6972a6d?s=96&d=mm&r=g","contentUrl":"https:\/\/secure.gravatar.com\/avatar\/2172498d4914b51e1d89a0f97957b035ac4938723a5cac208135d389b6972a6d?s=96&d=mm&r=g","caption":"teste"},"url":"https:\/\/blogdofarnesio.com.br\/author\/teste\/"}]}},"_links":{"self":[{"href":"https:\/\/blogdofarnesio.com.br\/wp-json\/wp\/v2\/posts\/69453","targetHints":{"allow":["GET"]}}],"collection":[{"href":"https:\/\/blogdofarnesio.com.br\/wp-json\/wp\/v2\/posts"}],"about":[{"href":"https:\/\/blogdofarnesio.com.br\/wp-json\/wp\/v2\/types\/post"}],"author":[{"embeddable":true,"href":"https:\/\/blogdofarnesio.com.br\/wp-json\/wp\/v2\/users\/3"}],"replies":[{"embeddable":true,"href":"https:\/\/blogdofarnesio.com.br\/wp-json\/wp\/v2\/comments?post=69453"}],"version-history":[{"count":0,"href":"https:\/\/blogdofarnesio.com.br\/wp-json\/wp\/v2\/posts\/69453\/revisions"}],"wp:attachment":[{"href":"https:\/\/blogdofarnesio.com.br\/wp-json\/wp\/v2\/media?parent=69453"}],"wp:term":[{"taxonomy":"category","embeddable":true,"href":"https:\/\/blogdofarnesio.com.br\/wp-json\/wp\/v2\/categories?post=69453"},{"taxonomy":"post_tag","embeddable":true,"href":"https:\/\/blogdofarnesio.com.br\/wp-json\/wp\/v2\/tags?post=69453"}],"curies":[{"name":"wp","href":"https:\/\/api.w.org\/{rel}","templated":true}]}}