{"id":69275,"date":"2014-01-09T07:03:19","date_gmt":"2014-01-09T10:03:19","guid":{"rendered":"http:\/\/www.quersaberpolitica.com.br\/?p=69275"},"modified":"2014-01-08T16:36:21","modified_gmt":"2014-01-08T19:36:21","slug":"a-volta-dos-marajas","status":"publish","type":"post","link":"https:\/\/blogdofarnesio.com.br\/?p=69275","title":{"rendered":"A VOLTA DOS MARAJ\u00c1S"},"content":{"rendered":"<div><strong>MINISTRO MARCO AUR\u00c9LIO SUSPENDE CORTE DE SUPER SAL\u00c1RIO DA C\u00c2MARA<\/strong><\/div>\n<div>\n<p style=\"text-align: justify\"><a href=\"http:\/\/www.diariodopoder.com.br\/wp-content\/uploads\/2013\/12\/min-marco-aurelio.jpg\"><img loading=\"lazy\" decoding=\"async\" class=\"alignleft\" alt=\"min marco aurelio\" src=\"http:\/\/www.diariodopoder.com.br\/wp-content\/uploads\/2013\/12\/min-marco-aurelio-300x200.jpg\" width=\"300\" height=\"200\" \/><\/a><strong>DP<\/strong>-O ministro Marco Aur\u00e9lio, do Supremo Tribunal Federal (STF), decidiu suspender o corte de sal\u00e1rio de um servidor da C\u00e2mara dos Deputados que ganha acima do teto constitucional, de R$ 29.462,25, valor m\u00e1ximo pago aos servidores p\u00fablicos.<\/p>\n<p style=\"text-align: justify\">Na decis\u00e3o, assinada em dezembro do ano passado, o ministro entendeu que C\u00e2mara n\u00e3o intimou o funcion\u00e1rio sobre a decis\u00e3o do Tribunal de Contas da Uni\u00e3o (TCU) que determinou o corte dos sal\u00e1rios.<\/p>\n<p style=\"text-align: justify\">Na decis\u00e3o, Marco Aur\u00e9lio entendeu que C\u00e2mara dos Deputados deveria ter intimado o analista legislativo para que ele pudesse apresentar defesa no processo administrativo instaurado para cumprir a decis\u00e3o do TCU. \u201cSegundo esclarece o impetrante e corroboram as provas trazidas ao processo, a C\u00e2mara dos Deputados, em nenhum momento, intimou os servidores que podem sofrer as consequ\u00eancias do cumprimento da decis\u00e3o do TCU a apresentarem defesa no requerido procedimento interno, de modo a estabelecer o contradit\u00f3rio necess\u00e1rio na via administrativa\u201d, diz o ministro.<!--more--><\/p>\n<p style=\"text-align: justify\">O mandado de seguran\u00e7a foi impetrado no STF em novembro de 2013, por um servidor que ganha R$ 34 mil e ocupa cargo de analista legislativo e fun\u00e7\u00e3o comissionada. Magno Ant\u00f4nio Correia de Mello alegou que o valor extra de R$ 6,7 mil que recebe a mais por exercer fun\u00e7\u00e3o comissionada n\u00e3o entra no c\u00e1lculo do limite do teto constitucional. Segundo ele, o c\u00e1lculo era baseado em decis\u00e3o da Mesa da C\u00e2mara. Como funcion\u00e1rio efetivo, o analista recebe R$ 28 mil e passou.<\/p>\n<p style=\"text-align: justify\">A C\u00e2mara dos Deputados j\u00e1 recebeu a notifica\u00e7\u00e3o do Supremo sobre a decis\u00e3o liminar a favor do funcion\u00e1rio. Agora, al\u00e9m de retomar o sal\u00e1rio acima do teto constitucional para o servidor, a Mesa Diretora da Casa pode optar por estender os efeitos da decis\u00e3o para todos os 1.371 servidores que tiveram os sal\u00e1rios reduzidos desde o m\u00eas de outubro, quando a decis\u00e3o TCU come\u00e7ou a ser aplicada. O assunto, no entanto, dever\u00e1 ser decidido somente em fevereiro, quando os deputados retornam ao trabalho depois do recesso parlamentar.<\/p>\n<p style=\"text-align: justify\"><strong>Di\u00e1riodopoder<\/strong><\/p>\n<\/div>\n","protected":false},"excerpt":{"rendered":"<p>MINISTRO MARCO AUR\u00c9LIO SUSPENDE CORTE DE SUPER SAL\u00c1RIO DA C\u00c2MARA DP-O ministro Marco Aur\u00e9lio, do Supremo Tribunal Federal (STF), decidiu suspender o corte de sal\u00e1rio de um servidor da C\u00e2mara dos Deputados que ganha acima do teto constitucional, de R$ 29.462,25, valor m\u00e1ximo pago aos servidores p\u00fablicos. Na decis\u00e3o, assinada em dezembro do ano passado, o ministro entendeu que C\u00e2mara n\u00e3o intimou o funcion\u00e1rio sobre a decis\u00e3o do Tribunal de Contas da Uni\u00e3o (TCU) que determinou o corte dos sal\u00e1rios. Na decis\u00e3o, Marco Aur\u00e9lio entendeu que C\u00e2mara dos Deputados deveria ter intimado o analista legislativo para que ele pudesse apresentar defesa no processo administrativo instaurado para cumprir a decis\u00e3o do TCU. \u201cSegundo esclarece o impetrante e corroboram as provas trazidas&hellip; <\/p>\n","protected":false},"author":3,"featured_media":0,"comment_status":"open","ping_status":"open","sticky":false,"template":"","format":"standard","meta":{"_acf_changed":false,"footnotes":""},"categories":[30],"tags":[],"class_list":["post-69275","post","type-post","status-publish","format-standard","hentry","category-artigo"],"acf":[],"yoast_head":"<!-- This site is optimized with the Yoast SEO plugin v27.4 - https:\/\/yoast.com\/product\/yoast-seo-wordpress\/ -->\n<title>A VOLTA DOS MARAJ\u00c1S - Blog do Farn\u00e9sio<\/title>\n<meta name=\"robots\" content=\"index, follow, max-snippet:-1, max-image-preview:large, max-video-preview:-1\" \/>\n<link rel=\"canonical\" href=\"https:\/\/blogdofarnesio.com.br\/?p=69275\" \/>\n<meta property=\"og:locale\" content=\"pt_BR\" \/>\n<meta property=\"og:type\" content=\"article\" \/>\n<meta property=\"og:title\" content=\"A VOLTA DOS MARAJ\u00c1S - Blog do Farn\u00e9sio\" \/>\n<meta property=\"og:description\" content=\"MINISTRO MARCO AUR\u00c9LIO SUSPENDE CORTE DE SUPER SAL\u00c1RIO DA C\u00c2MARA DP-O ministro Marco Aur\u00e9lio, do Supremo Tribunal Federal (STF), decidiu suspender o corte de sal\u00e1rio de um servidor da C\u00e2mara dos Deputados que ganha acima do teto constitucional, de R$ 29.462,25, valor m\u00e1ximo pago aos servidores p\u00fablicos. Na decis\u00e3o, assinada em dezembro do ano passado, o ministro entendeu que C\u00e2mara n\u00e3o intimou o funcion\u00e1rio sobre a decis\u00e3o do Tribunal de Contas da Uni\u00e3o (TCU) que determinou o corte dos sal\u00e1rios. Na decis\u00e3o, Marco Aur\u00e9lio entendeu que C\u00e2mara dos Deputados deveria ter intimado o analista legislativo para que ele pudesse apresentar defesa no processo administrativo instaurado para cumprir a decis\u00e3o do TCU. \u201cSegundo esclarece o impetrante e corroboram as provas trazidas&hellip;\" \/>\n<meta property=\"og:url\" content=\"https:\/\/blogdofarnesio.com.br\/?p=69275\" \/>\n<meta property=\"og:site_name\" content=\"Blog do Farn\u00e9sio\" \/>\n<meta property=\"article:publisher\" content=\"https:\/\/www.facebook.com\/BlogQuerSaberPolitica\/\" \/>\n<meta property=\"article:published_time\" content=\"2014-01-09T10:03:19+00:00\" \/>\n<meta property=\"og:image\" content=\"http:\/\/www.diariodopoder.com.br\/wp-content\/uploads\/2013\/12\/min-marco-aurelio-300x200.jpg\" \/>\n<meta name=\"author\" content=\"teste\" \/>\n<meta name=\"twitter:card\" content=\"summary_large_image\" \/>\n<meta name=\"twitter:label1\" content=\"Escrito por\" \/>\n\t<meta name=\"twitter:data1\" content=\"teste\" \/>\n\t<meta name=\"twitter:label2\" content=\"Est. tempo de leitura\" \/>\n\t<meta name=\"twitter:data2\" content=\"2 minutos\" \/>\n<script type=\"application\/ld+json\" class=\"yoast-schema-graph\">{\"@context\":\"https:\\\/\\\/schema.org\",\"@graph\":[{\"@type\":\"Article\",\"@id\":\"https:\\\/\\\/blogdofarnesio.com.br\\\/?p=69275#article\",\"isPartOf\":{\"@id\":\"https:\\\/\\\/blogdofarnesio.com.br\\\/?p=69275\"},\"author\":{\"name\":\"teste\",\"@id\":\"https:\\\/\\\/blogdofarnesio.com.br\\\/#\\\/schema\\\/person\\\/dd1bf5eba40b687199ba45ca6b97dff9\"},\"headline\":\"A VOLTA DOS MARAJ\u00c1S\",\"datePublished\":\"2014-01-09T10:03:19+00:00\",\"mainEntityOfPage\":{\"@id\":\"https:\\\/\\\/blogdofarnesio.com.br\\\/?p=69275\"},\"wordCount\":379,\"commentCount\":1,\"publisher\":{\"@id\":\"https:\\\/\\\/blogdofarnesio.com.br\\\/#organization\"},\"image\":{\"@id\":\"https:\\\/\\\/blogdofarnesio.com.br\\\/?p=69275#primaryimage\"},\"thumbnailUrl\":\"http:\\\/\\\/www.diariodopoder.com.br\\\/wp-content\\\/uploads\\\/2013\\\/12\\\/min-marco-aurelio-300x200.jpg\",\"articleSection\":[\"Artigo\"],\"inLanguage\":\"pt-BR\",\"potentialAction\":[{\"@type\":\"CommentAction\",\"name\":\"Comment\",\"target\":[\"https:\\\/\\\/blogdofarnesio.com.br\\\/?p=69275#respond\"]}]},{\"@type\":\"WebPage\",\"@id\":\"https:\\\/\\\/blogdofarnesio.com.br\\\/?p=69275\",\"url\":\"https:\\\/\\\/blogdofarnesio.com.br\\\/?p=69275\",\"name\":\"A VOLTA DOS MARAJ\u00c1S - Blog do Farn\u00e9sio\",\"isPartOf\":{\"@id\":\"https:\\\/\\\/blogdofarnesio.com.br\\\/#website\"},\"primaryImageOfPage\":{\"@id\":\"https:\\\/\\\/blogdofarnesio.com.br\\\/?p=69275#primaryimage\"},\"image\":{\"@id\":\"https:\\\/\\\/blogdofarnesio.com.br\\\/?p=69275#primaryimage\"},\"thumbnailUrl\":\"http:\\\/\\\/www.diariodopoder.com.br\\\/wp-content\\\/uploads\\\/2013\\\/12\\\/min-marco-aurelio-300x200.jpg\",\"datePublished\":\"2014-01-09T10:03:19+00:00\",\"breadcrumb\":{\"@id\":\"https:\\\/\\\/blogdofarnesio.com.br\\\/?p=69275#breadcrumb\"},\"inLanguage\":\"pt-BR\",\"potentialAction\":[{\"@type\":\"ReadAction\",\"target\":[\"https:\\\/\\\/blogdofarnesio.com.br\\\/?p=69275\"]}]},{\"@type\":\"ImageObject\",\"inLanguage\":\"pt-BR\",\"@id\":\"https:\\\/\\\/blogdofarnesio.com.br\\\/?p=69275#primaryimage\",\"url\":\"http:\\\/\\\/www.diariodopoder.com.br\\\/wp-content\\\/uploads\\\/2013\\\/12\\\/min-marco-aurelio-300x200.jpg\",\"contentUrl\":\"http:\\\/\\\/www.diariodopoder.com.br\\\/wp-content\\\/uploads\\\/2013\\\/12\\\/min-marco-aurelio-300x200.jpg\"},{\"@type\":\"BreadcrumbList\",\"@id\":\"https:\\\/\\\/blogdofarnesio.com.br\\\/?p=69275#breadcrumb\",\"itemListElement\":[{\"@type\":\"ListItem\",\"position\":1,\"name\":\"In\u00edcio\",\"item\":\"https:\\\/\\\/blogdofarnesio.com.br\\\/\"},{\"@type\":\"ListItem\",\"position\":2,\"name\":\"A VOLTA DOS MARAJ\u00c1S\"}]},{\"@type\":\"WebSite\",\"@id\":\"https:\\\/\\\/blogdofarnesio.com.br\\\/#website\",\"url\":\"https:\\\/\\\/blogdofarnesio.com.br\\\/\",\"name\":\"Blog do Farn\u00e9sio\",\"description\":\"Quer Saber Pol\u00edtica?\",\"publisher\":{\"@id\":\"https:\\\/\\\/blogdofarnesio.com.br\\\/#organization\"},\"potentialAction\":[{\"@type\":\"SearchAction\",\"target\":{\"@type\":\"EntryPoint\",\"urlTemplate\":\"https:\\\/\\\/blogdofarnesio.com.br\\\/?s={search_term_string}\"},\"query-input\":{\"@type\":\"PropertyValueSpecification\",\"valueRequired\":true,\"valueName\":\"search_term_string\"}}],\"inLanguage\":\"pt-BR\"},{\"@type\":\"Organization\",\"@id\":\"https:\\\/\\\/blogdofarnesio.com.br\\\/#organization\",\"name\":\"Blog do Farn\u00e9sio\",\"url\":\"https:\\\/\\\/blogdofarnesio.com.br\\\/\",\"logo\":{\"@type\":\"ImageObject\",\"inLanguage\":\"pt-BR\",\"@id\":\"https:\\\/\\\/blogdofarnesio.com.br\\\/#\\\/schema\\\/logo\\\/image\\\/\",\"url\":\"https:\\\/\\\/blogdofarnesio.com.br\\\/wp-content\\\/uploads\\\/2026\\\/03\\\/cropped-logo_new-1.png\",\"contentUrl\":\"https:\\\/\\\/blogdofarnesio.com.br\\\/wp-content\\\/uploads\\\/2026\\\/03\\\/cropped-logo_new-1.png\",\"width\":881,\"height\":685,\"caption\":\"Blog do Farn\u00e9sio\"},\"image\":{\"@id\":\"https:\\\/\\\/blogdofarnesio.com.br\\\/#\\\/schema\\\/logo\\\/image\\\/\"},\"sameAs\":[\"https:\\\/\\\/www.facebook.com\\\/BlogQuerSaberPolitica\\\/\"]},{\"@type\":\"Person\",\"@id\":\"https:\\\/\\\/blogdofarnesio.com.br\\\/#\\\/schema\\\/person\\\/dd1bf5eba40b687199ba45ca6b97dff9\",\"name\":\"teste\",\"image\":{\"@type\":\"ImageObject\",\"inLanguage\":\"pt-BR\",\"@id\":\"https:\\\/\\\/secure.gravatar.com\\\/avatar\\\/2172498d4914b51e1d89a0f97957b035ac4938723a5cac208135d389b6972a6d?s=96&d=mm&r=g\",\"url\":\"https:\\\/\\\/secure.gravatar.com\\\/avatar\\\/2172498d4914b51e1d89a0f97957b035ac4938723a5cac208135d389b6972a6d?s=96&d=mm&r=g\",\"contentUrl\":\"https:\\\/\\\/secure.gravatar.com\\\/avatar\\\/2172498d4914b51e1d89a0f97957b035ac4938723a5cac208135d389b6972a6d?s=96&d=mm&r=g\",\"caption\":\"teste\"},\"url\":\"https:\\\/\\\/blogdofarnesio.com.br\\\/?author=3\"}]}<\/script>\n<!-- \/ Yoast SEO plugin. -->","yoast_head_json":{"title":"A VOLTA DOS MARAJ\u00c1S - Blog do Farn\u00e9sio","robots":{"index":"index","follow":"follow","max-snippet":"max-snippet:-1","max-image-preview":"max-image-preview:large","max-video-preview":"max-video-preview:-1"},"canonical":"https:\/\/blogdofarnesio.com.br\/?p=69275","og_locale":"pt_BR","og_type":"article","og_title":"A VOLTA DOS MARAJ\u00c1S - Blog do Farn\u00e9sio","og_description":"MINISTRO MARCO AUR\u00c9LIO SUSPENDE CORTE DE SUPER SAL\u00c1RIO DA C\u00c2MARA DP-O ministro Marco Aur\u00e9lio, do Supremo Tribunal Federal (STF), decidiu suspender o corte de sal\u00e1rio de um servidor da C\u00e2mara dos Deputados que ganha acima do teto constitucional, de R$ 29.462,25, valor m\u00e1ximo pago aos servidores p\u00fablicos. Na decis\u00e3o, assinada em dezembro do ano passado, o ministro entendeu que C\u00e2mara n\u00e3o intimou o funcion\u00e1rio sobre a decis\u00e3o do Tribunal de Contas da Uni\u00e3o (TCU) que determinou o corte dos sal\u00e1rios. Na decis\u00e3o, Marco Aur\u00e9lio entendeu que C\u00e2mara dos Deputados deveria ter intimado o analista legislativo para que ele pudesse apresentar defesa no processo administrativo instaurado para cumprir a decis\u00e3o do TCU. \u201cSegundo esclarece o impetrante e corroboram as provas trazidas&hellip;","og_url":"https:\/\/blogdofarnesio.com.br\/?p=69275","og_site_name":"Blog do Farn\u00e9sio","article_publisher":"https:\/\/www.facebook.com\/BlogQuerSaberPolitica\/","article_published_time":"2014-01-09T10:03:19+00:00","og_image":[{"url":"http:\/\/www.diariodopoder.com.br\/wp-content\/uploads\/2013\/12\/min-marco-aurelio-300x200.jpg","type":"","width":"","height":""}],"author":"teste","twitter_card":"summary_large_image","twitter_misc":{"Escrito por":"teste","Est. tempo de leitura":"2 minutos"},"schema":{"@context":"https:\/\/schema.org","@graph":[{"@type":"Article","@id":"https:\/\/blogdofarnesio.com.br\/?p=69275#article","isPartOf":{"@id":"https:\/\/blogdofarnesio.com.br\/?p=69275"},"author":{"name":"teste","@id":"https:\/\/blogdofarnesio.com.br\/#\/schema\/person\/dd1bf5eba40b687199ba45ca6b97dff9"},"headline":"A VOLTA DOS MARAJ\u00c1S","datePublished":"2014-01-09T10:03:19+00:00","mainEntityOfPage":{"@id":"https:\/\/blogdofarnesio.com.br\/?p=69275"},"wordCount":379,"commentCount":1,"publisher":{"@id":"https:\/\/blogdofarnesio.com.br\/#organization"},"image":{"@id":"https:\/\/blogdofarnesio.com.br\/?p=69275#primaryimage"},"thumbnailUrl":"http:\/\/www.diariodopoder.com.br\/wp-content\/uploads\/2013\/12\/min-marco-aurelio-300x200.jpg","articleSection":["Artigo"],"inLanguage":"pt-BR","potentialAction":[{"@type":"CommentAction","name":"Comment","target":["https:\/\/blogdofarnesio.com.br\/?p=69275#respond"]}]},{"@type":"WebPage","@id":"https:\/\/blogdofarnesio.com.br\/?p=69275","url":"https:\/\/blogdofarnesio.com.br\/?p=69275","name":"A VOLTA DOS MARAJ\u00c1S - Blog do Farn\u00e9sio","isPartOf":{"@id":"https:\/\/blogdofarnesio.com.br\/#website"},"primaryImageOfPage":{"@id":"https:\/\/blogdofarnesio.com.br\/?p=69275#primaryimage"},"image":{"@id":"https:\/\/blogdofarnesio.com.br\/?p=69275#primaryimage"},"thumbnailUrl":"http:\/\/www.diariodopoder.com.br\/wp-content\/uploads\/2013\/12\/min-marco-aurelio-300x200.jpg","datePublished":"2014-01-09T10:03:19+00:00","breadcrumb":{"@id":"https:\/\/blogdofarnesio.com.br\/?p=69275#breadcrumb"},"inLanguage":"pt-BR","potentialAction":[{"@type":"ReadAction","target":["https:\/\/blogdofarnesio.com.br\/?p=69275"]}]},{"@type":"ImageObject","inLanguage":"pt-BR","@id":"https:\/\/blogdofarnesio.com.br\/?p=69275#primaryimage","url":"http:\/\/www.diariodopoder.com.br\/wp-content\/uploads\/2013\/12\/min-marco-aurelio-300x200.jpg","contentUrl":"http:\/\/www.diariodopoder.com.br\/wp-content\/uploads\/2013\/12\/min-marco-aurelio-300x200.jpg"},{"@type":"BreadcrumbList","@id":"https:\/\/blogdofarnesio.com.br\/?p=69275#breadcrumb","itemListElement":[{"@type":"ListItem","position":1,"name":"In\u00edcio","item":"https:\/\/blogdofarnesio.com.br\/"},{"@type":"ListItem","position":2,"name":"A VOLTA DOS MARAJ\u00c1S"}]},{"@type":"WebSite","@id":"https:\/\/blogdofarnesio.com.br\/#website","url":"https:\/\/blogdofarnesio.com.br\/","name":"Blog do Farn\u00e9sio","description":"Quer Saber Pol\u00edtica?","publisher":{"@id":"https:\/\/blogdofarnesio.com.br\/#organization"},"potentialAction":[{"@type":"SearchAction","target":{"@type":"EntryPoint","urlTemplate":"https:\/\/blogdofarnesio.com.br\/?s={search_term_string}"},"query-input":{"@type":"PropertyValueSpecification","valueRequired":true,"valueName":"search_term_string"}}],"inLanguage":"pt-BR"},{"@type":"Organization","@id":"https:\/\/blogdofarnesio.com.br\/#organization","name":"Blog do Farn\u00e9sio","url":"https:\/\/blogdofarnesio.com.br\/","logo":{"@type":"ImageObject","inLanguage":"pt-BR","@id":"https:\/\/blogdofarnesio.com.br\/#\/schema\/logo\/image\/","url":"https:\/\/blogdofarnesio.com.br\/wp-content\/uploads\/2026\/03\/cropped-logo_new-1.png","contentUrl":"https:\/\/blogdofarnesio.com.br\/wp-content\/uploads\/2026\/03\/cropped-logo_new-1.png","width":881,"height":685,"caption":"Blog do Farn\u00e9sio"},"image":{"@id":"https:\/\/blogdofarnesio.com.br\/#\/schema\/logo\/image\/"},"sameAs":["https:\/\/www.facebook.com\/BlogQuerSaberPolitica\/"]},{"@type":"Person","@id":"https:\/\/blogdofarnesio.com.br\/#\/schema\/person\/dd1bf5eba40b687199ba45ca6b97dff9","name":"teste","image":{"@type":"ImageObject","inLanguage":"pt-BR","@id":"https:\/\/secure.gravatar.com\/avatar\/2172498d4914b51e1d89a0f97957b035ac4938723a5cac208135d389b6972a6d?s=96&d=mm&r=g","url":"https:\/\/secure.gravatar.com\/avatar\/2172498d4914b51e1d89a0f97957b035ac4938723a5cac208135d389b6972a6d?s=96&d=mm&r=g","contentUrl":"https:\/\/secure.gravatar.com\/avatar\/2172498d4914b51e1d89a0f97957b035ac4938723a5cac208135d389b6972a6d?s=96&d=mm&r=g","caption":"teste"},"url":"https:\/\/blogdofarnesio.com.br\/?author=3"}]}},"_links":{"self":[{"href":"https:\/\/blogdofarnesio.com.br\/index.php?rest_route=\/wp\/v2\/posts\/69275","targetHints":{"allow":["GET"]}}],"collection":[{"href":"https:\/\/blogdofarnesio.com.br\/index.php?rest_route=\/wp\/v2\/posts"}],"about":[{"href":"https:\/\/blogdofarnesio.com.br\/index.php?rest_route=\/wp\/v2\/types\/post"}],"author":[{"embeddable":true,"href":"https:\/\/blogdofarnesio.com.br\/index.php?rest_route=\/wp\/v2\/users\/3"}],"replies":[{"embeddable":true,"href":"https:\/\/blogdofarnesio.com.br\/index.php?rest_route=%2Fwp%2Fv2%2Fcomments&post=69275"}],"version-history":[{"count":0,"href":"https:\/\/blogdofarnesio.com.br\/index.php?rest_route=\/wp\/v2\/posts\/69275\/revisions"}],"wp:attachment":[{"href":"https:\/\/blogdofarnesio.com.br\/index.php?rest_route=%2Fwp%2Fv2%2Fmedia&parent=69275"}],"wp:term":[{"taxonomy":"category","embeddable":true,"href":"https:\/\/blogdofarnesio.com.br\/index.php?rest_route=%2Fwp%2Fv2%2Fcategories&post=69275"},{"taxonomy":"post_tag","embeddable":true,"href":"https:\/\/blogdofarnesio.com.br\/index.php?rest_route=%2Fwp%2Fv2%2Ftags&post=69275"}],"curies":[{"name":"wp","href":"https:\/\/api.w.org\/{rel}","templated":true}]}}