{"id":69142,"date":"2014-01-08T06:09:41","date_gmt":"2014-01-08T09:09:41","guid":{"rendered":"http:\/\/www.quersaberpolitica.com.br\/?p=69142"},"modified":"2014-01-07T14:09:32","modified_gmt":"2014-01-07T17:09:32","slug":"receita-libera-a-partir-de-hoje-08-restituicoes-retidas-na-malha-fina","status":"publish","type":"post","link":"https:\/\/blogdofarnesio.com.br\/?p=69142","title":{"rendered":"RECEITA LIBERA A PARTIR DE HOJE (08). RESTITUI\u00c7\u00d5ES RETIDAS NA MALHA FINA"},"content":{"rendered":"<header>\n<h1><a title=\"Permalink de Receita libera lote de restitui\u00e7\u00f5es retidas na malha fina\" href=\"http:\/\/www.politicalivre.com.br\/2014\/01\/receita-libera-lote-de-restituicoes-retidas-na-malha-fina\/\" rel=\"bookmark\">\u00a0<\/a><\/h1>\n<\/header>\n<div>\n<p style=\"text-align: justify\"><a href=\"http:\/\/www.quersaberpolitica.com.br\/2016\/wp-content\/uploads\/2013\/05\/blogqspleao.jpg\"><img loading=\"lazy\" decoding=\"async\" class=\"alignleft size-full wp-image-40829\" alt=\"blogqspleao\" src=\"http:\/\/www.quersaberpolitica.com.br\/2016\/wp-content\/uploads\/2013\/05\/blogqspleao.jpg\" width=\"160\" height=\"159\" srcset=\"https:\/\/blogdofarnesio.com.br\/wp-content\/uploads\/2013\/05\/blogqspleao.jpg 160w, https:\/\/blogdofarnesio.com.br\/wp-content\/uploads\/2013\/05\/blogqspleao-150x150.jpg 150w\" sizes=\"auto, (max-width: 160px) 100vw, 160px\" \/><\/a>A Receita Federal libera da malha fina um lote de restitui\u00e7\u00f5es do Imposto de Renda Pessoa F\u00edsica 2013.\u00a0A consulta ser\u00e1 disponibilizada a partir de amanh\u00e3 (8), \u00e0s 9h.<\/p>\n<p style=\"text-align: justify\">Al\u00e9m das declara\u00e7\u00f5es de 2013, sa\u00edram da malha declara\u00e7\u00f5es do Imposto de Renda Pessoa F\u00edsica 2012, 2011, 2010, 2009 e 2008.<\/p>\n<p style=\"text-align: justify\">Ao todo ser\u00e3o R$ 159,9 milh\u00f5es para 73.581 contribuintes que ser\u00e3o depositados no banco no pr\u00f3ximo dia 15 de janeiro. Parte dos recursos prioritariamente foram liberados para contribuintes idosos ou com defici\u00eancia f\u00edsica ou mental ou mol\u00e9stia grave, como determina a lei.<\/p>\n<p style=\"text-align: justify\">Para saber se teve a declara\u00e7\u00e3o liberada, o contribuinte dever\u00e1 acessar a p\u00e1gina da Receita Federal na internet, ou ligar para o Receitafone 146. O \u00f3rg\u00e3o disponibiliza ainda, para pessoas f\u00edsicas, aplicativo para tablets e smarthphones que facilita consulta a declara\u00e7\u00f5es de IR e situa\u00e7\u00e3o cadastral do CPF. Leia mais na\u00a0<a href=\"http:\/\/agenciabrasil.ebc.com.br\/noticia\/2014-01-07\/receita-libera-lote-de-restituicoes-retidas-na-malha-fina\" target=\"_blank\">Ag\u00eancia Brasil<\/a>.<\/p>\n<\/div>\n","protected":false},"excerpt":{"rendered":"<p>\u00a0 A Receita Federal libera da malha fina um lote de restitui\u00e7\u00f5es do Imposto de Renda Pessoa F\u00edsica 2013.\u00a0A consulta ser\u00e1 disponibilizada a partir de amanh\u00e3 (8), \u00e0s 9h. Al\u00e9m das declara\u00e7\u00f5es de 2013, sa\u00edram da malha declara\u00e7\u00f5es do Imposto de Renda Pessoa F\u00edsica 2012, 2011, 2010, 2009 e 2008. Ao todo ser\u00e3o R$ 159,9 milh\u00f5es para 73.581 contribuintes que ser\u00e3o depositados no banco no pr\u00f3ximo dia 15 de janeiro. Parte dos recursos prioritariamente foram liberados para contribuintes idosos ou com defici\u00eancia f\u00edsica ou mental ou mol\u00e9stia grave, como determina a lei. Para saber se teve a declara\u00e7\u00e3o liberada, o contribuinte dever\u00e1 acessar a p\u00e1gina da Receita Federal na internet, ou ligar para o Receitafone 146. O \u00f3rg\u00e3o disponibiliza ainda,&hellip; <\/p>\n","protected":false},"author":3,"featured_media":0,"comment_status":"open","ping_status":"open","sticky":false,"template":"","format":"standard","meta":{"_acf_changed":false,"footnotes":""},"categories":[20],"tags":[],"class_list":["post-69142","post","type-post","status-publish","format-standard","hentry","category-economia"],"acf":[],"yoast_head":"<!-- This site is optimized with the Yoast SEO plugin v27.4 - https:\/\/yoast.com\/product\/yoast-seo-wordpress\/ -->\n<title>RECEITA LIBERA A PARTIR DE HOJE (08). RESTITUI\u00c7\u00d5ES RETIDAS NA MALHA FINA - Blog do Farn\u00e9sio<\/title>\n<meta name=\"robots\" content=\"index, follow, max-snippet:-1, max-image-preview:large, max-video-preview:-1\" \/>\n<link rel=\"canonical\" href=\"https:\/\/blogdofarnesio.com.br\/?p=69142\" \/>\n<meta property=\"og:locale\" content=\"pt_BR\" \/>\n<meta property=\"og:type\" content=\"article\" \/>\n<meta property=\"og:title\" content=\"RECEITA LIBERA A PARTIR DE HOJE (08). RESTITUI\u00c7\u00d5ES RETIDAS NA MALHA FINA - Blog do Farn\u00e9sio\" \/>\n<meta property=\"og:description\" content=\"\u00a0 A Receita Federal libera da malha fina um lote de restitui\u00e7\u00f5es do Imposto de Renda Pessoa F\u00edsica 2013.\u00a0A consulta ser\u00e1 disponibilizada a partir de amanh\u00e3 (8), \u00e0s 9h. Al\u00e9m das declara\u00e7\u00f5es de 2013, sa\u00edram da malha declara\u00e7\u00f5es do Imposto de Renda Pessoa F\u00edsica 2012, 2011, 2010, 2009 e 2008. Ao todo ser\u00e3o R$ 159,9 milh\u00f5es para 73.581 contribuintes que ser\u00e3o depositados no banco no pr\u00f3ximo dia 15 de janeiro. Parte dos recursos prioritariamente foram liberados para contribuintes idosos ou com defici\u00eancia f\u00edsica ou mental ou mol\u00e9stia grave, como determina a lei. Para saber se teve a declara\u00e7\u00e3o liberada, o contribuinte dever\u00e1 acessar a p\u00e1gina da Receita Federal na internet, ou ligar para o Receitafone 146. O \u00f3rg\u00e3o disponibiliza ainda,&hellip;\" \/>\n<meta property=\"og:url\" content=\"https:\/\/blogdofarnesio.com.br\/?p=69142\" \/>\n<meta property=\"og:site_name\" content=\"Blog do Farn\u00e9sio\" \/>\n<meta property=\"article:publisher\" content=\"https:\/\/www.facebook.com\/BlogQuerSaberPolitica\/\" \/>\n<meta property=\"article:published_time\" content=\"2014-01-08T09:09:41+00:00\" \/>\n<meta property=\"og:image\" content=\"http:\/\/www.quersaberpolitica.com.br\/2016\/wp-content\/uploads\/2013\/05\/blogqspleao.jpg\" \/>\n<meta name=\"author\" content=\"teste\" \/>\n<meta name=\"twitter:card\" content=\"summary_large_image\" \/>\n<meta name=\"twitter:label1\" content=\"Escrito por\" \/>\n\t<meta name=\"twitter:data1\" content=\"teste\" \/>\n\t<meta name=\"twitter:label2\" content=\"Est. tempo de leitura\" \/>\n\t<meta name=\"twitter:data2\" content=\"1 minuto\" \/>\n<script type=\"application\/ld+json\" class=\"yoast-schema-graph\">{\"@context\":\"https:\\\/\\\/schema.org\",\"@graph\":[{\"@type\":\"Article\",\"@id\":\"https:\\\/\\\/blogdofarnesio.com.br\\\/?p=69142#article\",\"isPartOf\":{\"@id\":\"https:\\\/\\\/blogdofarnesio.com.br\\\/?p=69142\"},\"author\":{\"name\":\"teste\",\"@id\":\"https:\\\/\\\/blogdofarnesio.com.br\\\/#\\\/schema\\\/person\\\/dd1bf5eba40b687199ba45ca6b97dff9\"},\"headline\":\"RECEITA LIBERA A PARTIR DE HOJE (08). RESTITUI\u00c7\u00d5ES RETIDAS NA MALHA FINA\",\"datePublished\":\"2014-01-08T09:09:41+00:00\",\"mainEntityOfPage\":{\"@id\":\"https:\\\/\\\/blogdofarnesio.com.br\\\/?p=69142\"},\"wordCount\":166,\"commentCount\":0,\"publisher\":{\"@id\":\"https:\\\/\\\/blogdofarnesio.com.br\\\/#organization\"},\"image\":{\"@id\":\"https:\\\/\\\/blogdofarnesio.com.br\\\/?p=69142#primaryimage\"},\"thumbnailUrl\":\"http:\\\/\\\/www.quersaberpolitica.com.br\\\/2016\\\/wp-content\\\/uploads\\\/2013\\\/05\\\/blogqspleao.jpg\",\"articleSection\":[\"Economia\"],\"inLanguage\":\"pt-BR\",\"potentialAction\":[{\"@type\":\"CommentAction\",\"name\":\"Comment\",\"target\":[\"https:\\\/\\\/blogdofarnesio.com.br\\\/?p=69142#respond\"]}]},{\"@type\":\"WebPage\",\"@id\":\"https:\\\/\\\/blogdofarnesio.com.br\\\/?p=69142\",\"url\":\"https:\\\/\\\/blogdofarnesio.com.br\\\/?p=69142\",\"name\":\"RECEITA LIBERA A PARTIR DE HOJE (08). RESTITUI\u00c7\u00d5ES RETIDAS NA MALHA FINA - Blog do Farn\u00e9sio\",\"isPartOf\":{\"@id\":\"https:\\\/\\\/blogdofarnesio.com.br\\\/#website\"},\"primaryImageOfPage\":{\"@id\":\"https:\\\/\\\/blogdofarnesio.com.br\\\/?p=69142#primaryimage\"},\"image\":{\"@id\":\"https:\\\/\\\/blogdofarnesio.com.br\\\/?p=69142#primaryimage\"},\"thumbnailUrl\":\"http:\\\/\\\/www.quersaberpolitica.com.br\\\/2016\\\/wp-content\\\/uploads\\\/2013\\\/05\\\/blogqspleao.jpg\",\"datePublished\":\"2014-01-08T09:09:41+00:00\",\"breadcrumb\":{\"@id\":\"https:\\\/\\\/blogdofarnesio.com.br\\\/?p=69142#breadcrumb\"},\"inLanguage\":\"pt-BR\",\"potentialAction\":[{\"@type\":\"ReadAction\",\"target\":[\"https:\\\/\\\/blogdofarnesio.com.br\\\/?p=69142\"]}]},{\"@type\":\"ImageObject\",\"inLanguage\":\"pt-BR\",\"@id\":\"https:\\\/\\\/blogdofarnesio.com.br\\\/?p=69142#primaryimage\",\"url\":\"http:\\\/\\\/www.quersaberpolitica.com.br\\\/2016\\\/wp-content\\\/uploads\\\/2013\\\/05\\\/blogqspleao.jpg\",\"contentUrl\":\"http:\\\/\\\/www.quersaberpolitica.com.br\\\/2016\\\/wp-content\\\/uploads\\\/2013\\\/05\\\/blogqspleao.jpg\"},{\"@type\":\"BreadcrumbList\",\"@id\":\"https:\\\/\\\/blogdofarnesio.com.br\\\/?p=69142#breadcrumb\",\"itemListElement\":[{\"@type\":\"ListItem\",\"position\":1,\"name\":\"In\u00edcio\",\"item\":\"https:\\\/\\\/blogdofarnesio.com.br\\\/\"},{\"@type\":\"ListItem\",\"position\":2,\"name\":\"RECEITA LIBERA A PARTIR DE HOJE (08). RESTITUI\u00c7\u00d5ES RETIDAS NA MALHA FINA\"}]},{\"@type\":\"WebSite\",\"@id\":\"https:\\\/\\\/blogdofarnesio.com.br\\\/#website\",\"url\":\"https:\\\/\\\/blogdofarnesio.com.br\\\/\",\"name\":\"Blog do Farn\u00e9sio\",\"description\":\"Quer Saber Pol\u00edtica?\",\"publisher\":{\"@id\":\"https:\\\/\\\/blogdofarnesio.com.br\\\/#organization\"},\"potentialAction\":[{\"@type\":\"SearchAction\",\"target\":{\"@type\":\"EntryPoint\",\"urlTemplate\":\"https:\\\/\\\/blogdofarnesio.com.br\\\/?s={search_term_string}\"},\"query-input\":{\"@type\":\"PropertyValueSpecification\",\"valueRequired\":true,\"valueName\":\"search_term_string\"}}],\"inLanguage\":\"pt-BR\"},{\"@type\":\"Organization\",\"@id\":\"https:\\\/\\\/blogdofarnesio.com.br\\\/#organization\",\"name\":\"Blog do Farn\u00e9sio\",\"url\":\"https:\\\/\\\/blogdofarnesio.com.br\\\/\",\"logo\":{\"@type\":\"ImageObject\",\"inLanguage\":\"pt-BR\",\"@id\":\"https:\\\/\\\/blogdofarnesio.com.br\\\/#\\\/schema\\\/logo\\\/image\\\/\",\"url\":\"https:\\\/\\\/blogdofarnesio.com.br\\\/wp-content\\\/uploads\\\/2026\\\/03\\\/cropped-logo_new-1.png\",\"contentUrl\":\"https:\\\/\\\/blogdofarnesio.com.br\\\/wp-content\\\/uploads\\\/2026\\\/03\\\/cropped-logo_new-1.png\",\"width\":881,\"height\":685,\"caption\":\"Blog do Farn\u00e9sio\"},\"image\":{\"@id\":\"https:\\\/\\\/blogdofarnesio.com.br\\\/#\\\/schema\\\/logo\\\/image\\\/\"},\"sameAs\":[\"https:\\\/\\\/www.facebook.com\\\/BlogQuerSaberPolitica\\\/\"]},{\"@type\":\"Person\",\"@id\":\"https:\\\/\\\/blogdofarnesio.com.br\\\/#\\\/schema\\\/person\\\/dd1bf5eba40b687199ba45ca6b97dff9\",\"name\":\"teste\",\"image\":{\"@type\":\"ImageObject\",\"inLanguage\":\"pt-BR\",\"@id\":\"https:\\\/\\\/secure.gravatar.com\\\/avatar\\\/2172498d4914b51e1d89a0f97957b035ac4938723a5cac208135d389b6972a6d?s=96&d=mm&r=g\",\"url\":\"https:\\\/\\\/secure.gravatar.com\\\/avatar\\\/2172498d4914b51e1d89a0f97957b035ac4938723a5cac208135d389b6972a6d?s=96&d=mm&r=g\",\"contentUrl\":\"https:\\\/\\\/secure.gravatar.com\\\/avatar\\\/2172498d4914b51e1d89a0f97957b035ac4938723a5cac208135d389b6972a6d?s=96&d=mm&r=g\",\"caption\":\"teste\"},\"url\":\"https:\\\/\\\/blogdofarnesio.com.br\\\/?author=3\"}]}<\/script>\n<!-- \/ Yoast SEO plugin. -->","yoast_head_json":{"title":"RECEITA LIBERA A PARTIR DE HOJE (08). RESTITUI\u00c7\u00d5ES RETIDAS NA MALHA FINA - Blog do Farn\u00e9sio","robots":{"index":"index","follow":"follow","max-snippet":"max-snippet:-1","max-image-preview":"max-image-preview:large","max-video-preview":"max-video-preview:-1"},"canonical":"https:\/\/blogdofarnesio.com.br\/?p=69142","og_locale":"pt_BR","og_type":"article","og_title":"RECEITA LIBERA A PARTIR DE HOJE (08). RESTITUI\u00c7\u00d5ES RETIDAS NA MALHA FINA - Blog do Farn\u00e9sio","og_description":"\u00a0 A Receita Federal libera da malha fina um lote de restitui\u00e7\u00f5es do Imposto de Renda Pessoa F\u00edsica 2013.\u00a0A consulta ser\u00e1 disponibilizada a partir de amanh\u00e3 (8), \u00e0s 9h. Al\u00e9m das declara\u00e7\u00f5es de 2013, sa\u00edram da malha declara\u00e7\u00f5es do Imposto de Renda Pessoa F\u00edsica 2012, 2011, 2010, 2009 e 2008. Ao todo ser\u00e3o R$ 159,9 milh\u00f5es para 73.581 contribuintes que ser\u00e3o depositados no banco no pr\u00f3ximo dia 15 de janeiro. Parte dos recursos prioritariamente foram liberados para contribuintes idosos ou com defici\u00eancia f\u00edsica ou mental ou mol\u00e9stia grave, como determina a lei. Para saber se teve a declara\u00e7\u00e3o liberada, o contribuinte dever\u00e1 acessar a p\u00e1gina da Receita Federal na internet, ou ligar para o Receitafone 146. O \u00f3rg\u00e3o disponibiliza ainda,&hellip;","og_url":"https:\/\/blogdofarnesio.com.br\/?p=69142","og_site_name":"Blog do Farn\u00e9sio","article_publisher":"https:\/\/www.facebook.com\/BlogQuerSaberPolitica\/","article_published_time":"2014-01-08T09:09:41+00:00","og_image":[{"url":"http:\/\/www.quersaberpolitica.com.br\/2016\/wp-content\/uploads\/2013\/05\/blogqspleao.jpg","type":"","width":"","height":""}],"author":"teste","twitter_card":"summary_large_image","twitter_misc":{"Escrito por":"teste","Est. tempo de leitura":"1 minuto"},"schema":{"@context":"https:\/\/schema.org","@graph":[{"@type":"Article","@id":"https:\/\/blogdofarnesio.com.br\/?p=69142#article","isPartOf":{"@id":"https:\/\/blogdofarnesio.com.br\/?p=69142"},"author":{"name":"teste","@id":"https:\/\/blogdofarnesio.com.br\/#\/schema\/person\/dd1bf5eba40b687199ba45ca6b97dff9"},"headline":"RECEITA LIBERA A PARTIR DE HOJE (08). RESTITUI\u00c7\u00d5ES RETIDAS NA MALHA FINA","datePublished":"2014-01-08T09:09:41+00:00","mainEntityOfPage":{"@id":"https:\/\/blogdofarnesio.com.br\/?p=69142"},"wordCount":166,"commentCount":0,"publisher":{"@id":"https:\/\/blogdofarnesio.com.br\/#organization"},"image":{"@id":"https:\/\/blogdofarnesio.com.br\/?p=69142#primaryimage"},"thumbnailUrl":"http:\/\/www.quersaberpolitica.com.br\/2016\/wp-content\/uploads\/2013\/05\/blogqspleao.jpg","articleSection":["Economia"],"inLanguage":"pt-BR","potentialAction":[{"@type":"CommentAction","name":"Comment","target":["https:\/\/blogdofarnesio.com.br\/?p=69142#respond"]}]},{"@type":"WebPage","@id":"https:\/\/blogdofarnesio.com.br\/?p=69142","url":"https:\/\/blogdofarnesio.com.br\/?p=69142","name":"RECEITA LIBERA A PARTIR DE HOJE (08). RESTITUI\u00c7\u00d5ES RETIDAS NA MALHA FINA - Blog do Farn\u00e9sio","isPartOf":{"@id":"https:\/\/blogdofarnesio.com.br\/#website"},"primaryImageOfPage":{"@id":"https:\/\/blogdofarnesio.com.br\/?p=69142#primaryimage"},"image":{"@id":"https:\/\/blogdofarnesio.com.br\/?p=69142#primaryimage"},"thumbnailUrl":"http:\/\/www.quersaberpolitica.com.br\/2016\/wp-content\/uploads\/2013\/05\/blogqspleao.jpg","datePublished":"2014-01-08T09:09:41+00:00","breadcrumb":{"@id":"https:\/\/blogdofarnesio.com.br\/?p=69142#breadcrumb"},"inLanguage":"pt-BR","potentialAction":[{"@type":"ReadAction","target":["https:\/\/blogdofarnesio.com.br\/?p=69142"]}]},{"@type":"ImageObject","inLanguage":"pt-BR","@id":"https:\/\/blogdofarnesio.com.br\/?p=69142#primaryimage","url":"http:\/\/www.quersaberpolitica.com.br\/2016\/wp-content\/uploads\/2013\/05\/blogqspleao.jpg","contentUrl":"http:\/\/www.quersaberpolitica.com.br\/2016\/wp-content\/uploads\/2013\/05\/blogqspleao.jpg"},{"@type":"BreadcrumbList","@id":"https:\/\/blogdofarnesio.com.br\/?p=69142#breadcrumb","itemListElement":[{"@type":"ListItem","position":1,"name":"In\u00edcio","item":"https:\/\/blogdofarnesio.com.br\/"},{"@type":"ListItem","position":2,"name":"RECEITA LIBERA A PARTIR DE HOJE (08). RESTITUI\u00c7\u00d5ES RETIDAS NA MALHA FINA"}]},{"@type":"WebSite","@id":"https:\/\/blogdofarnesio.com.br\/#website","url":"https:\/\/blogdofarnesio.com.br\/","name":"Blog do Farn\u00e9sio","description":"Quer Saber Pol\u00edtica?","publisher":{"@id":"https:\/\/blogdofarnesio.com.br\/#organization"},"potentialAction":[{"@type":"SearchAction","target":{"@type":"EntryPoint","urlTemplate":"https:\/\/blogdofarnesio.com.br\/?s={search_term_string}"},"query-input":{"@type":"PropertyValueSpecification","valueRequired":true,"valueName":"search_term_string"}}],"inLanguage":"pt-BR"},{"@type":"Organization","@id":"https:\/\/blogdofarnesio.com.br\/#organization","name":"Blog do Farn\u00e9sio","url":"https:\/\/blogdofarnesio.com.br\/","logo":{"@type":"ImageObject","inLanguage":"pt-BR","@id":"https:\/\/blogdofarnesio.com.br\/#\/schema\/logo\/image\/","url":"https:\/\/blogdofarnesio.com.br\/wp-content\/uploads\/2026\/03\/cropped-logo_new-1.png","contentUrl":"https:\/\/blogdofarnesio.com.br\/wp-content\/uploads\/2026\/03\/cropped-logo_new-1.png","width":881,"height":685,"caption":"Blog do Farn\u00e9sio"},"image":{"@id":"https:\/\/blogdofarnesio.com.br\/#\/schema\/logo\/image\/"},"sameAs":["https:\/\/www.facebook.com\/BlogQuerSaberPolitica\/"]},{"@type":"Person","@id":"https:\/\/blogdofarnesio.com.br\/#\/schema\/person\/dd1bf5eba40b687199ba45ca6b97dff9","name":"teste","image":{"@type":"ImageObject","inLanguage":"pt-BR","@id":"https:\/\/secure.gravatar.com\/avatar\/2172498d4914b51e1d89a0f97957b035ac4938723a5cac208135d389b6972a6d?s=96&d=mm&r=g","url":"https:\/\/secure.gravatar.com\/avatar\/2172498d4914b51e1d89a0f97957b035ac4938723a5cac208135d389b6972a6d?s=96&d=mm&r=g","contentUrl":"https:\/\/secure.gravatar.com\/avatar\/2172498d4914b51e1d89a0f97957b035ac4938723a5cac208135d389b6972a6d?s=96&d=mm&r=g","caption":"teste"},"url":"https:\/\/blogdofarnesio.com.br\/?author=3"}]}},"_links":{"self":[{"href":"https:\/\/blogdofarnesio.com.br\/index.php?rest_route=\/wp\/v2\/posts\/69142","targetHints":{"allow":["GET"]}}],"collection":[{"href":"https:\/\/blogdofarnesio.com.br\/index.php?rest_route=\/wp\/v2\/posts"}],"about":[{"href":"https:\/\/blogdofarnesio.com.br\/index.php?rest_route=\/wp\/v2\/types\/post"}],"author":[{"embeddable":true,"href":"https:\/\/blogdofarnesio.com.br\/index.php?rest_route=\/wp\/v2\/users\/3"}],"replies":[{"embeddable":true,"href":"https:\/\/blogdofarnesio.com.br\/index.php?rest_route=%2Fwp%2Fv2%2Fcomments&post=69142"}],"version-history":[{"count":0,"href":"https:\/\/blogdofarnesio.com.br\/index.php?rest_route=\/wp\/v2\/posts\/69142\/revisions"}],"wp:attachment":[{"href":"https:\/\/blogdofarnesio.com.br\/index.php?rest_route=%2Fwp%2Fv2%2Fmedia&parent=69142"}],"wp:term":[{"taxonomy":"category","embeddable":true,"href":"https:\/\/blogdofarnesio.com.br\/index.php?rest_route=%2Fwp%2Fv2%2Fcategories&post=69142"},{"taxonomy":"post_tag","embeddable":true,"href":"https:\/\/blogdofarnesio.com.br\/index.php?rest_route=%2Fwp%2Fv2%2Ftags&post=69142"}],"curies":[{"name":"wp","href":"https:\/\/api.w.org\/{rel}","templated":true}]}}