{"id":68874,"date":"2014-01-05T08:01:05","date_gmt":"2014-01-05T11:01:05","guid":{"rendered":"http:\/\/www.quersaberpolitica.com.br\/?p=68874"},"modified":"2014-01-04T17:58:47","modified_gmt":"2014-01-04T20:58:47","slug":"moradores-do-bairro-dom-jose-rodrigues-sao-contemplados-com-agencia-movel-da-coelba","status":"publish","type":"post","link":"https:\/\/blogdofarnesio.com.br\/?p=68874","title":{"rendered":"MORADORES DO BAIRRO DOM JOS\u00c9 RODRIGUES S\u00c3O CONTEMPLADOS  COM AG\u00caNCIA M\u00d3VEL DA COELBA"},"content":{"rendered":"<p style=\"text-align: justify\"><a href=\"http:\/\/www.quersaberpolitica.com.br\/2016\/wp-content\/uploads\/2013\/01\/blogqsp.coelba.jpg\"><img loading=\"lazy\" decoding=\"async\" class=\"alignleft size-medium wp-image-22998\" alt=\"blogqsp.coelba\" src=\"http:\/\/www.quersaberpolitica.com.br\/2016\/wp-content\/uploads\/2013\/01\/blogqsp.coelba-300x168.jpg\" width=\"300\" height=\"168\" srcset=\"https:\/\/blogdofarnesio.com.br\/wp-content\/uploads\/2013\/01\/blogqsp.coelba-300x168.jpg 300w, https:\/\/blogdofarnesio.com.br\/wp-content\/uploads\/2013\/01\/blogqsp.coelba-500x280.jpg 500w, https:\/\/blogdofarnesio.com.br\/wp-content\/uploads\/2013\/01\/blogqsp.coelba.jpg 600w\" sizes=\"auto, (max-width: 300px) 100vw, 300px\" \/><\/a>Na pr\u00f3xima semana, de 06 a 10\/01, a Ag\u00eancia M\u00f3vel da Coelba levar\u00e1 os servi\u00e7os da concession\u00e1ria para o bairro Dom Jos\u00e9 Rodrigues.<\/p>\n<p style=\"text-align: justify\">O objetivo \u00e9 realizar atendimento especial de cadastramento dos clientes na Tarifa Social de Energia, benef\u00edcio do Governo Federal que concede descontos de at\u00e9 65% na conta de energia. A unidade de atendimento ficar\u00e1 instalada na Avenida Principal, pr\u00f3ximo ao posto de sa\u00fade, \u00e0 disposi\u00e7\u00e3o do p\u00fablico das 8h30 \u00e0s 16h30.<\/p>\n<p style=\"text-align: justify\">Al\u00e9m do cadastramento, estar\u00e3o dispon\u00edveis servi\u00e7os como pedidos de novas liga\u00e7\u00f5es, parcelamento de d\u00e9bitos, segunda via de conta de energia, religa\u00e7\u00f5es, entre outros. A Ag\u00eancia M\u00f3vel \u00e9 uma iniciativa que integra o Programa Coelba ao Seu Lado e tem o objetivo de facilitar a vida dos consumidores, al\u00e9m de aproximar concession\u00e1ria e comunidade.<\/p>\n","protected":false},"excerpt":{"rendered":"<p>Na pr\u00f3xima semana, de 06 a 10\/01, a Ag\u00eancia M\u00f3vel da Coelba levar\u00e1 os servi\u00e7os da concession\u00e1ria para o bairro Dom Jos\u00e9 Rodrigues. O objetivo \u00e9 realizar atendimento especial de cadastramento dos clientes na Tarifa Social de Energia, benef\u00edcio do Governo Federal que concede descontos de at\u00e9 65% na conta de energia. A unidade de atendimento ficar\u00e1 instalada na Avenida Principal, pr\u00f3ximo ao posto de sa\u00fade, \u00e0 disposi\u00e7\u00e3o do p\u00fablico das 8h30 \u00e0s 16h30. Al\u00e9m do cadastramento, estar\u00e3o dispon\u00edveis servi\u00e7os como pedidos de novas liga\u00e7\u00f5es, parcelamento de d\u00e9bitos, segunda via de conta de energia, religa\u00e7\u00f5es, entre outros. A Ag\u00eancia M\u00f3vel \u00e9 uma iniciativa que integra o Programa Coelba ao Seu Lado e tem o objetivo de facilitar a vida dos&hellip; <\/p>\n","protected":false},"author":3,"featured_media":0,"comment_status":"open","ping_status":"open","sticky":false,"template":"","format":"standard","meta":{"_acf_changed":false,"footnotes":""},"categories":[44],"tags":[],"class_list":["post-68874","post","type-post","status-publish","format-standard","hentry","category-administracao"],"acf":[],"yoast_head":"<!-- This site is optimized with the Yoast SEO plugin v27.4 - https:\/\/yoast.com\/product\/yoast-seo-wordpress\/ -->\n<title>MORADORES DO BAIRRO DOM JOS\u00c9 RODRIGUES S\u00c3O CONTEMPLADOS COM AG\u00caNCIA M\u00d3VEL DA COELBA - Blog do Farn\u00e9sio<\/title>\n<meta name=\"robots\" content=\"index, follow, max-snippet:-1, max-image-preview:large, max-video-preview:-1\" \/>\n<link rel=\"canonical\" href=\"https:\/\/blogdofarnesio.com.br\/?p=68874\" \/>\n<meta property=\"og:locale\" content=\"pt_BR\" \/>\n<meta property=\"og:type\" content=\"article\" \/>\n<meta property=\"og:title\" content=\"MORADORES DO BAIRRO DOM JOS\u00c9 RODRIGUES S\u00c3O CONTEMPLADOS COM AG\u00caNCIA M\u00d3VEL DA COELBA - Blog do Farn\u00e9sio\" \/>\n<meta property=\"og:description\" content=\"Na pr\u00f3xima semana, de 06 a 10\/01, a Ag\u00eancia M\u00f3vel da Coelba levar\u00e1 os servi\u00e7os da concession\u00e1ria para o bairro Dom Jos\u00e9 Rodrigues. O objetivo \u00e9 realizar atendimento especial de cadastramento dos clientes na Tarifa Social de Energia, benef\u00edcio do Governo Federal que concede descontos de at\u00e9 65% na conta de energia. A unidade de atendimento ficar\u00e1 instalada na Avenida Principal, pr\u00f3ximo ao posto de sa\u00fade, \u00e0 disposi\u00e7\u00e3o do p\u00fablico das 8h30 \u00e0s 16h30. Al\u00e9m do cadastramento, estar\u00e3o dispon\u00edveis servi\u00e7os como pedidos de novas liga\u00e7\u00f5es, parcelamento de d\u00e9bitos, segunda via de conta de energia, religa\u00e7\u00f5es, entre outros. A Ag\u00eancia M\u00f3vel \u00e9 uma iniciativa que integra o Programa Coelba ao Seu Lado e tem o objetivo de facilitar a vida dos&hellip;\" \/>\n<meta property=\"og:url\" content=\"https:\/\/blogdofarnesio.com.br\/?p=68874\" \/>\n<meta property=\"og:site_name\" content=\"Blog do Farn\u00e9sio\" \/>\n<meta property=\"article:publisher\" content=\"https:\/\/www.facebook.com\/BlogQuerSaberPolitica\/\" \/>\n<meta property=\"article:published_time\" content=\"2014-01-05T11:01:05+00:00\" \/>\n<meta property=\"og:image\" content=\"http:\/\/www.quersaberpolitica.com.br\/2016\/wp-content\/uploads\/2013\/01\/blogqsp.coelba-300x168.jpg\" \/>\n<meta name=\"author\" content=\"teste\" \/>\n<meta name=\"twitter:card\" content=\"summary_large_image\" \/>\n<meta name=\"twitter:label1\" content=\"Escrito por\" \/>\n\t<meta name=\"twitter:data1\" content=\"teste\" \/>\n\t<meta name=\"twitter:label2\" content=\"Est. tempo de leitura\" \/>\n\t<meta name=\"twitter:data2\" content=\"1 minuto\" \/>\n<script type=\"application\/ld+json\" class=\"yoast-schema-graph\">{\"@context\":\"https:\\\/\\\/schema.org\",\"@graph\":[{\"@type\":\"Article\",\"@id\":\"https:\\\/\\\/blogdofarnesio.com.br\\\/?p=68874#article\",\"isPartOf\":{\"@id\":\"https:\\\/\\\/blogdofarnesio.com.br\\\/?p=68874\"},\"author\":{\"name\":\"teste\",\"@id\":\"https:\\\/\\\/blogdofarnesio.com.br\\\/#\\\/schema\\\/person\\\/dd1bf5eba40b687199ba45ca6b97dff9\"},\"headline\":\"MORADORES DO BAIRRO DOM JOS\u00c9 RODRIGUES S\u00c3O CONTEMPLADOS COM AG\u00caNCIA M\u00d3VEL DA COELBA\",\"datePublished\":\"2014-01-05T11:01:05+00:00\",\"mainEntityOfPage\":{\"@id\":\"https:\\\/\\\/blogdofarnesio.com.br\\\/?p=68874\"},\"wordCount\":158,\"commentCount\":0,\"publisher\":{\"@id\":\"https:\\\/\\\/blogdofarnesio.com.br\\\/#organization\"},\"image\":{\"@id\":\"https:\\\/\\\/blogdofarnesio.com.br\\\/?p=68874#primaryimage\"},\"thumbnailUrl\":\"http:\\\/\\\/www.quersaberpolitica.com.br\\\/2016\\\/wp-content\\\/uploads\\\/2013\\\/01\\\/blogqsp.coelba-300x168.jpg\",\"articleSection\":[\"Administra\u00e7\u00e3o\"],\"inLanguage\":\"pt-BR\",\"potentialAction\":[{\"@type\":\"CommentAction\",\"name\":\"Comment\",\"target\":[\"https:\\\/\\\/blogdofarnesio.com.br\\\/?p=68874#respond\"]}]},{\"@type\":\"WebPage\",\"@id\":\"https:\\\/\\\/blogdofarnesio.com.br\\\/?p=68874\",\"url\":\"https:\\\/\\\/blogdofarnesio.com.br\\\/?p=68874\",\"name\":\"MORADORES DO BAIRRO DOM JOS\u00c9 RODRIGUES S\u00c3O CONTEMPLADOS COM AG\u00caNCIA M\u00d3VEL DA COELBA - Blog do Farn\u00e9sio\",\"isPartOf\":{\"@id\":\"https:\\\/\\\/blogdofarnesio.com.br\\\/#website\"},\"primaryImageOfPage\":{\"@id\":\"https:\\\/\\\/blogdofarnesio.com.br\\\/?p=68874#primaryimage\"},\"image\":{\"@id\":\"https:\\\/\\\/blogdofarnesio.com.br\\\/?p=68874#primaryimage\"},\"thumbnailUrl\":\"http:\\\/\\\/www.quersaberpolitica.com.br\\\/2016\\\/wp-content\\\/uploads\\\/2013\\\/01\\\/blogqsp.coelba-300x168.jpg\",\"datePublished\":\"2014-01-05T11:01:05+00:00\",\"breadcrumb\":{\"@id\":\"https:\\\/\\\/blogdofarnesio.com.br\\\/?p=68874#breadcrumb\"},\"inLanguage\":\"pt-BR\",\"potentialAction\":[{\"@type\":\"ReadAction\",\"target\":[\"https:\\\/\\\/blogdofarnesio.com.br\\\/?p=68874\"]}]},{\"@type\":\"ImageObject\",\"inLanguage\":\"pt-BR\",\"@id\":\"https:\\\/\\\/blogdofarnesio.com.br\\\/?p=68874#primaryimage\",\"url\":\"http:\\\/\\\/www.quersaberpolitica.com.br\\\/2016\\\/wp-content\\\/uploads\\\/2013\\\/01\\\/blogqsp.coelba-300x168.jpg\",\"contentUrl\":\"http:\\\/\\\/www.quersaberpolitica.com.br\\\/2016\\\/wp-content\\\/uploads\\\/2013\\\/01\\\/blogqsp.coelba-300x168.jpg\"},{\"@type\":\"BreadcrumbList\",\"@id\":\"https:\\\/\\\/blogdofarnesio.com.br\\\/?p=68874#breadcrumb\",\"itemListElement\":[{\"@type\":\"ListItem\",\"position\":1,\"name\":\"In\u00edcio\",\"item\":\"https:\\\/\\\/blogdofarnesio.com.br\\\/\"},{\"@type\":\"ListItem\",\"position\":2,\"name\":\"MORADORES DO BAIRRO DOM JOS\u00c9 RODRIGUES S\u00c3O CONTEMPLADOS COM AG\u00caNCIA M\u00d3VEL DA COELBA\"}]},{\"@type\":\"WebSite\",\"@id\":\"https:\\\/\\\/blogdofarnesio.com.br\\\/#website\",\"url\":\"https:\\\/\\\/blogdofarnesio.com.br\\\/\",\"name\":\"Blog do Farn\u00e9sio\",\"description\":\"Quer Saber Pol\u00edtica?\",\"publisher\":{\"@id\":\"https:\\\/\\\/blogdofarnesio.com.br\\\/#organization\"},\"potentialAction\":[{\"@type\":\"SearchAction\",\"target\":{\"@type\":\"EntryPoint\",\"urlTemplate\":\"https:\\\/\\\/blogdofarnesio.com.br\\\/?s={search_term_string}\"},\"query-input\":{\"@type\":\"PropertyValueSpecification\",\"valueRequired\":true,\"valueName\":\"search_term_string\"}}],\"inLanguage\":\"pt-BR\"},{\"@type\":\"Organization\",\"@id\":\"https:\\\/\\\/blogdofarnesio.com.br\\\/#organization\",\"name\":\"Blog do Farn\u00e9sio\",\"url\":\"https:\\\/\\\/blogdofarnesio.com.br\\\/\",\"logo\":{\"@type\":\"ImageObject\",\"inLanguage\":\"pt-BR\",\"@id\":\"https:\\\/\\\/blogdofarnesio.com.br\\\/#\\\/schema\\\/logo\\\/image\\\/\",\"url\":\"https:\\\/\\\/blogdofarnesio.com.br\\\/wp-content\\\/uploads\\\/2026\\\/03\\\/cropped-logo_new-1.png\",\"contentUrl\":\"https:\\\/\\\/blogdofarnesio.com.br\\\/wp-content\\\/uploads\\\/2026\\\/03\\\/cropped-logo_new-1.png\",\"width\":881,\"height\":685,\"caption\":\"Blog do Farn\u00e9sio\"},\"image\":{\"@id\":\"https:\\\/\\\/blogdofarnesio.com.br\\\/#\\\/schema\\\/logo\\\/image\\\/\"},\"sameAs\":[\"https:\\\/\\\/www.facebook.com\\\/BlogQuerSaberPolitica\\\/\"]},{\"@type\":\"Person\",\"@id\":\"https:\\\/\\\/blogdofarnesio.com.br\\\/#\\\/schema\\\/person\\\/dd1bf5eba40b687199ba45ca6b97dff9\",\"name\":\"teste\",\"image\":{\"@type\":\"ImageObject\",\"inLanguage\":\"pt-BR\",\"@id\":\"https:\\\/\\\/secure.gravatar.com\\\/avatar\\\/2172498d4914b51e1d89a0f97957b035ac4938723a5cac208135d389b6972a6d?s=96&d=mm&r=g\",\"url\":\"https:\\\/\\\/secure.gravatar.com\\\/avatar\\\/2172498d4914b51e1d89a0f97957b035ac4938723a5cac208135d389b6972a6d?s=96&d=mm&r=g\",\"contentUrl\":\"https:\\\/\\\/secure.gravatar.com\\\/avatar\\\/2172498d4914b51e1d89a0f97957b035ac4938723a5cac208135d389b6972a6d?s=96&d=mm&r=g\",\"caption\":\"teste\"},\"url\":\"https:\\\/\\\/blogdofarnesio.com.br\\\/?author=3\"}]}<\/script>\n<!-- \/ Yoast SEO plugin. -->","yoast_head_json":{"title":"MORADORES DO BAIRRO DOM JOS\u00c9 RODRIGUES S\u00c3O CONTEMPLADOS COM AG\u00caNCIA M\u00d3VEL DA COELBA - Blog do Farn\u00e9sio","robots":{"index":"index","follow":"follow","max-snippet":"max-snippet:-1","max-image-preview":"max-image-preview:large","max-video-preview":"max-video-preview:-1"},"canonical":"https:\/\/blogdofarnesio.com.br\/?p=68874","og_locale":"pt_BR","og_type":"article","og_title":"MORADORES DO BAIRRO DOM JOS\u00c9 RODRIGUES S\u00c3O CONTEMPLADOS COM AG\u00caNCIA M\u00d3VEL DA COELBA - Blog do Farn\u00e9sio","og_description":"Na pr\u00f3xima semana, de 06 a 10\/01, a Ag\u00eancia M\u00f3vel da Coelba levar\u00e1 os servi\u00e7os da concession\u00e1ria para o bairro Dom Jos\u00e9 Rodrigues. O objetivo \u00e9 realizar atendimento especial de cadastramento dos clientes na Tarifa Social de Energia, benef\u00edcio do Governo Federal que concede descontos de at\u00e9 65% na conta de energia. A unidade de atendimento ficar\u00e1 instalada na Avenida Principal, pr\u00f3ximo ao posto de sa\u00fade, \u00e0 disposi\u00e7\u00e3o do p\u00fablico das 8h30 \u00e0s 16h30. Al\u00e9m do cadastramento, estar\u00e3o dispon\u00edveis servi\u00e7os como pedidos de novas liga\u00e7\u00f5es, parcelamento de d\u00e9bitos, segunda via de conta de energia, religa\u00e7\u00f5es, entre outros. A Ag\u00eancia M\u00f3vel \u00e9 uma iniciativa que integra o Programa Coelba ao Seu Lado e tem o objetivo de facilitar a vida dos&hellip;","og_url":"https:\/\/blogdofarnesio.com.br\/?p=68874","og_site_name":"Blog do Farn\u00e9sio","article_publisher":"https:\/\/www.facebook.com\/BlogQuerSaberPolitica\/","article_published_time":"2014-01-05T11:01:05+00:00","og_image":[{"url":"http:\/\/www.quersaberpolitica.com.br\/2016\/wp-content\/uploads\/2013\/01\/blogqsp.coelba-300x168.jpg","type":"","width":"","height":""}],"author":"teste","twitter_card":"summary_large_image","twitter_misc":{"Escrito por":"teste","Est. tempo de leitura":"1 minuto"},"schema":{"@context":"https:\/\/schema.org","@graph":[{"@type":"Article","@id":"https:\/\/blogdofarnesio.com.br\/?p=68874#article","isPartOf":{"@id":"https:\/\/blogdofarnesio.com.br\/?p=68874"},"author":{"name":"teste","@id":"https:\/\/blogdofarnesio.com.br\/#\/schema\/person\/dd1bf5eba40b687199ba45ca6b97dff9"},"headline":"MORADORES DO BAIRRO DOM JOS\u00c9 RODRIGUES S\u00c3O CONTEMPLADOS COM AG\u00caNCIA M\u00d3VEL DA COELBA","datePublished":"2014-01-05T11:01:05+00:00","mainEntityOfPage":{"@id":"https:\/\/blogdofarnesio.com.br\/?p=68874"},"wordCount":158,"commentCount":0,"publisher":{"@id":"https:\/\/blogdofarnesio.com.br\/#organization"},"image":{"@id":"https:\/\/blogdofarnesio.com.br\/?p=68874#primaryimage"},"thumbnailUrl":"http:\/\/www.quersaberpolitica.com.br\/2016\/wp-content\/uploads\/2013\/01\/blogqsp.coelba-300x168.jpg","articleSection":["Administra\u00e7\u00e3o"],"inLanguage":"pt-BR","potentialAction":[{"@type":"CommentAction","name":"Comment","target":["https:\/\/blogdofarnesio.com.br\/?p=68874#respond"]}]},{"@type":"WebPage","@id":"https:\/\/blogdofarnesio.com.br\/?p=68874","url":"https:\/\/blogdofarnesio.com.br\/?p=68874","name":"MORADORES DO BAIRRO DOM JOS\u00c9 RODRIGUES S\u00c3O CONTEMPLADOS COM AG\u00caNCIA M\u00d3VEL DA COELBA - Blog do Farn\u00e9sio","isPartOf":{"@id":"https:\/\/blogdofarnesio.com.br\/#website"},"primaryImageOfPage":{"@id":"https:\/\/blogdofarnesio.com.br\/?p=68874#primaryimage"},"image":{"@id":"https:\/\/blogdofarnesio.com.br\/?p=68874#primaryimage"},"thumbnailUrl":"http:\/\/www.quersaberpolitica.com.br\/2016\/wp-content\/uploads\/2013\/01\/blogqsp.coelba-300x168.jpg","datePublished":"2014-01-05T11:01:05+00:00","breadcrumb":{"@id":"https:\/\/blogdofarnesio.com.br\/?p=68874#breadcrumb"},"inLanguage":"pt-BR","potentialAction":[{"@type":"ReadAction","target":["https:\/\/blogdofarnesio.com.br\/?p=68874"]}]},{"@type":"ImageObject","inLanguage":"pt-BR","@id":"https:\/\/blogdofarnesio.com.br\/?p=68874#primaryimage","url":"http:\/\/www.quersaberpolitica.com.br\/2016\/wp-content\/uploads\/2013\/01\/blogqsp.coelba-300x168.jpg","contentUrl":"http:\/\/www.quersaberpolitica.com.br\/2016\/wp-content\/uploads\/2013\/01\/blogqsp.coelba-300x168.jpg"},{"@type":"BreadcrumbList","@id":"https:\/\/blogdofarnesio.com.br\/?p=68874#breadcrumb","itemListElement":[{"@type":"ListItem","position":1,"name":"In\u00edcio","item":"https:\/\/blogdofarnesio.com.br\/"},{"@type":"ListItem","position":2,"name":"MORADORES DO BAIRRO DOM JOS\u00c9 RODRIGUES S\u00c3O CONTEMPLADOS COM AG\u00caNCIA M\u00d3VEL DA COELBA"}]},{"@type":"WebSite","@id":"https:\/\/blogdofarnesio.com.br\/#website","url":"https:\/\/blogdofarnesio.com.br\/","name":"Blog do Farn\u00e9sio","description":"Quer Saber Pol\u00edtica?","publisher":{"@id":"https:\/\/blogdofarnesio.com.br\/#organization"},"potentialAction":[{"@type":"SearchAction","target":{"@type":"EntryPoint","urlTemplate":"https:\/\/blogdofarnesio.com.br\/?s={search_term_string}"},"query-input":{"@type":"PropertyValueSpecification","valueRequired":true,"valueName":"search_term_string"}}],"inLanguage":"pt-BR"},{"@type":"Organization","@id":"https:\/\/blogdofarnesio.com.br\/#organization","name":"Blog do Farn\u00e9sio","url":"https:\/\/blogdofarnesio.com.br\/","logo":{"@type":"ImageObject","inLanguage":"pt-BR","@id":"https:\/\/blogdofarnesio.com.br\/#\/schema\/logo\/image\/","url":"https:\/\/blogdofarnesio.com.br\/wp-content\/uploads\/2026\/03\/cropped-logo_new-1.png","contentUrl":"https:\/\/blogdofarnesio.com.br\/wp-content\/uploads\/2026\/03\/cropped-logo_new-1.png","width":881,"height":685,"caption":"Blog do Farn\u00e9sio"},"image":{"@id":"https:\/\/blogdofarnesio.com.br\/#\/schema\/logo\/image\/"},"sameAs":["https:\/\/www.facebook.com\/BlogQuerSaberPolitica\/"]},{"@type":"Person","@id":"https:\/\/blogdofarnesio.com.br\/#\/schema\/person\/dd1bf5eba40b687199ba45ca6b97dff9","name":"teste","image":{"@type":"ImageObject","inLanguage":"pt-BR","@id":"https:\/\/secure.gravatar.com\/avatar\/2172498d4914b51e1d89a0f97957b035ac4938723a5cac208135d389b6972a6d?s=96&d=mm&r=g","url":"https:\/\/secure.gravatar.com\/avatar\/2172498d4914b51e1d89a0f97957b035ac4938723a5cac208135d389b6972a6d?s=96&d=mm&r=g","contentUrl":"https:\/\/secure.gravatar.com\/avatar\/2172498d4914b51e1d89a0f97957b035ac4938723a5cac208135d389b6972a6d?s=96&d=mm&r=g","caption":"teste"},"url":"https:\/\/blogdofarnesio.com.br\/?author=3"}]}},"_links":{"self":[{"href":"https:\/\/blogdofarnesio.com.br\/index.php?rest_route=\/wp\/v2\/posts\/68874","targetHints":{"allow":["GET"]}}],"collection":[{"href":"https:\/\/blogdofarnesio.com.br\/index.php?rest_route=\/wp\/v2\/posts"}],"about":[{"href":"https:\/\/blogdofarnesio.com.br\/index.php?rest_route=\/wp\/v2\/types\/post"}],"author":[{"embeddable":true,"href":"https:\/\/blogdofarnesio.com.br\/index.php?rest_route=\/wp\/v2\/users\/3"}],"replies":[{"embeddable":true,"href":"https:\/\/blogdofarnesio.com.br\/index.php?rest_route=%2Fwp%2Fv2%2Fcomments&post=68874"}],"version-history":[{"count":0,"href":"https:\/\/blogdofarnesio.com.br\/index.php?rest_route=\/wp\/v2\/posts\/68874\/revisions"}],"wp:attachment":[{"href":"https:\/\/blogdofarnesio.com.br\/index.php?rest_route=%2Fwp%2Fv2%2Fmedia&parent=68874"}],"wp:term":[{"taxonomy":"category","embeddable":true,"href":"https:\/\/blogdofarnesio.com.br\/index.php?rest_route=%2Fwp%2Fv2%2Fcategories&post=68874"},{"taxonomy":"post_tag","embeddable":true,"href":"https:\/\/blogdofarnesio.com.br\/index.php?rest_route=%2Fwp%2Fv2%2Ftags&post=68874"}],"curies":[{"name":"wp","href":"https:\/\/api.w.org\/{rel}","templated":true}]}}