{"id":68570,"date":"2013-12-31T08:33:46","date_gmt":"2013-12-31T11:33:46","guid":{"rendered":"http:\/\/www.quersaberpolitica.com.br\/?p=68570"},"modified":"2013-12-30T15:11:47","modified_gmt":"2013-12-30T18:11:47","slug":"eduardo-campos-diz-que-deixara-governo-de-pernambuco-dia-4-de-abril","status":"publish","type":"post","link":"https:\/\/blogdofarnesio.com.br\/?p=68570","title":{"rendered":"EDUARDO CAMPOS DIZ QUE DEIXAR\u00c1 GOVERNO DE PERNAMBUCO, DIA 4 DE ABRIL"},"content":{"rendered":"<h2 style=\"text-align: justify\"><a href=\"http:\/\/www.quersaberpolitica.com.br\/2016\/wp-content\/uploads\/2013\/02\/blogqspEduardo-4.jpg\"><img loading=\"lazy\" decoding=\"async\" class=\"alignleft size-full wp-image-27954\" alt=\"blogqspEduardo (4)\" src=\"http:\/\/www.quersaberpolitica.com.br\/2016\/wp-content\/uploads\/2013\/02\/blogqspEduardo-4.jpg\" width=\"156\" height=\"184\" \/><\/a><\/h2>\n<p style=\"text-align: justify\">Pr\u00e9-candidato \u00e0 Presid\u00eancia da Rep\u00fablica, o governador de Pernambuco, Eduardo Campos (PSB), anunciou, na manh\u00e3 desta segunda-feira (30), que deixar\u00e1 o Governo do Estado no dia 4 de abril, \u00faltimo dia do prazo para se desincompatibilizar do cargo antes de disputar as elei\u00e7\u00f5es de 2014.<\/p>\n<p style=\"text-align: justify\">&#8220;Vamos ficar at\u00e9 o prazo estabelecido pela Lei Eleitoral. A lei exige um prazo de desincompatibiliza\u00e7\u00e3o para aqueles que ser\u00e3o candidatos \u00e0s elei\u00e7\u00f5es. Vou ficar no governo at\u00e9 o prazo legal, que \u00e9 dia 4 de abril&#8221;, afirmou em entrevista \u00e0 R\u00e1dio Cultura Palmares, no munic\u00edpio de Palmares, na Mata Sul pernambucana.<\/p>\n<p style=\"text-align: justify\">O Governo do Estado entregou 707 casas na cidade, que fica a 128 quil\u00f4metros do Recife, na manh\u00e3 desta segunda.<\/p>\n<p style=\"text-align: justify\">Durante a entrevista, Campos minimizou ainda o impacto que o desconhecimento do seu nome pode ter nas elei\u00e7\u00f5es de 2014.<!--more--><\/p>\n<p style=\"text-align: justify\">&#8220;Temos a clareza de que neste Pa\u00eds de dimens\u00f5es continentais, que \u00e9 muito grande, n\u00f3s ainda temos um desconhecimento muito grande. Eu sou conhecido em Pernambuco, mas fora de Pernambuco n\u00f3s s\u00f3 vamos vencer esse desconhecimento quando o debate da TV e do r\u00e1dio for iniciado&#8221;, disse o governador, que acredita que haver\u00e1 tempo de percorrer todo o Brasil na campanha eleitoral.<\/p>\n<p style=\"text-align: justify\">Pesquisa divulgada pelo Ibope em outubro deste ano aponta que o pernambucano ainda \u00e9 desconhecido por quase metade do eleitorado nacional.<\/p>\n<p style=\"text-align: justify\">&#8220;At\u00e9 o tempo que a legisla\u00e7\u00e3o determina, vou estar em Pernambuco cuidando da minha tarefa, que \u00e9 cuidar da seguran\u00e7a, da educa\u00e7\u00e3o, da sa\u00fade, do saneamento, atraindo empresas para a gera\u00e7\u00e3o de empregos. Esse \u00e9 o meu dia-a-dia, que fa\u00e7o com grande \u00e2nimo e determina\u00e7\u00e3o&#8221;, afirmou sobre o comando do executivo estadual.<\/p>\n<p style=\"text-align: justify\">Dentro do PSB, a candaditura do governador \u00e0 Presid\u00eancia \u00e9 tida como irrevers\u00edvel desde que ele conseguiu o apoio da ex-senadora Marina Silva, em outubro deste ano.<\/p>\n<p style=\"text-align: justify\">&#8220;Vamos entrar em 2014 para ganhar 2014, com muito trabalho, \u00e2nimo e f\u00e9 no futuro. Por isso, um feliz ano de 2014 para todas as fam\u00edlias e que a gente possa tornar realidade os nossos sonhos&#8221;, falou animado, ap\u00f3s garantir que ganhou 2013.<\/p>\n<p style=\"text-align: justify\">Campos deve disputar o comando do Pa\u00eds contra a reelei\u00e7\u00e3o da presidente Dilma Rousseff (PT), da qual era aliado at\u00e9 setembro deste ano, quando o PSB entregou os cargos que possu\u00eda no Governo Federal.<\/p>\n<p style=\"text-align: justify\"><strong>Blogdojamildo<\/strong><\/p>\n","protected":false},"excerpt":{"rendered":"<p>Pr\u00e9-candidato \u00e0 Presid\u00eancia da Rep\u00fablica, o governador de Pernambuco, Eduardo Campos (PSB), anunciou, na manh\u00e3 desta segunda-feira (30), que deixar\u00e1 o Governo do Estado no dia 4 de abril, \u00faltimo dia do prazo para se desincompatibilizar do cargo antes de disputar as elei\u00e7\u00f5es de 2014. &#8220;Vamos ficar at\u00e9 o prazo estabelecido pela Lei Eleitoral. A lei exige um prazo de desincompatibiliza\u00e7\u00e3o para aqueles que ser\u00e3o candidatos \u00e0s elei\u00e7\u00f5es. Vou ficar no governo at\u00e9 o prazo legal, que \u00e9 dia 4 de abril&#8221;, afirmou em entrevista \u00e0 R\u00e1dio Cultura Palmares, no munic\u00edpio de Palmares, na Mata Sul pernambucana. O Governo do Estado entregou 707 casas na cidade, que fica a 128 quil\u00f4metros do Recife, na manh\u00e3 desta segunda. Durante a entrevista,&hellip; <\/p>\n","protected":false},"author":3,"featured_media":0,"comment_status":"open","ping_status":"open","sticky":false,"template":"","format":"standard","meta":{"_acf_changed":false,"footnotes":""},"categories":[1],"tags":[],"class_list":["post-68570","post","type-post","status-publish","format-standard","hentry","category-politica"],"acf":[],"yoast_head":"<!-- This site is optimized with the Yoast SEO plugin v27.4 - https:\/\/yoast.com\/product\/yoast-seo-wordpress\/ -->\n<title>EDUARDO CAMPOS DIZ QUE DEIXAR\u00c1 GOVERNO DE PERNAMBUCO, DIA 4 DE ABRIL - Blog do Farn\u00e9sio<\/title>\n<meta name=\"robots\" content=\"index, follow, max-snippet:-1, max-image-preview:large, max-video-preview:-1\" \/>\n<link rel=\"canonical\" href=\"https:\/\/blogdofarnesio.com.br\/?p=68570\" \/>\n<meta property=\"og:locale\" content=\"pt_BR\" \/>\n<meta property=\"og:type\" content=\"article\" \/>\n<meta property=\"og:title\" content=\"EDUARDO CAMPOS DIZ QUE DEIXAR\u00c1 GOVERNO DE PERNAMBUCO, DIA 4 DE ABRIL - Blog do Farn\u00e9sio\" \/>\n<meta property=\"og:description\" content=\"Pr\u00e9-candidato \u00e0 Presid\u00eancia da Rep\u00fablica, o governador de Pernambuco, Eduardo Campos (PSB), anunciou, na manh\u00e3 desta segunda-feira (30), que deixar\u00e1 o Governo do Estado no dia 4 de abril, \u00faltimo dia do prazo para se desincompatibilizar do cargo antes de disputar as elei\u00e7\u00f5es de 2014. &#8220;Vamos ficar at\u00e9 o prazo estabelecido pela Lei Eleitoral. A lei exige um prazo de desincompatibiliza\u00e7\u00e3o para aqueles que ser\u00e3o candidatos \u00e0s elei\u00e7\u00f5es. Vou ficar no governo at\u00e9 o prazo legal, que \u00e9 dia 4 de abril&#8221;, afirmou em entrevista \u00e0 R\u00e1dio Cultura Palmares, no munic\u00edpio de Palmares, na Mata Sul pernambucana. O Governo do Estado entregou 707 casas na cidade, que fica a 128 quil\u00f4metros do Recife, na manh\u00e3 desta segunda. Durante a entrevista,&hellip;\" \/>\n<meta property=\"og:url\" content=\"https:\/\/blogdofarnesio.com.br\/?p=68570\" \/>\n<meta property=\"og:site_name\" content=\"Blog do Farn\u00e9sio\" \/>\n<meta property=\"article:publisher\" content=\"https:\/\/www.facebook.com\/BlogQuerSaberPolitica\/\" \/>\n<meta property=\"article:published_time\" content=\"2013-12-31T11:33:46+00:00\" \/>\n<meta property=\"og:image\" content=\"http:\/\/www.quersaberpolitica.com.br\/2016\/wp-content\/uploads\/2013\/02\/blogqspEduardo-4.jpg\" \/>\n<meta name=\"author\" content=\"teste\" \/>\n<meta name=\"twitter:card\" content=\"summary_large_image\" \/>\n<meta name=\"twitter:label1\" content=\"Escrito por\" \/>\n\t<meta name=\"twitter:data1\" content=\"teste\" \/>\n\t<meta name=\"twitter:label2\" content=\"Est. tempo de leitura\" \/>\n\t<meta name=\"twitter:data2\" content=\"2 minutos\" \/>\n<script type=\"application\/ld+json\" class=\"yoast-schema-graph\">{\"@context\":\"https:\\\/\\\/schema.org\",\"@graph\":[{\"@type\":\"Article\",\"@id\":\"https:\\\/\\\/blogdofarnesio.com.br\\\/?p=68570#article\",\"isPartOf\":{\"@id\":\"https:\\\/\\\/blogdofarnesio.com.br\\\/?p=68570\"},\"author\":{\"name\":\"teste\",\"@id\":\"https:\\\/\\\/blogdofarnesio.com.br\\\/#\\\/schema\\\/person\\\/dd1bf5eba40b687199ba45ca6b97dff9\"},\"headline\":\"EDUARDO CAMPOS DIZ QUE DEIXAR\u00c1 GOVERNO DE PERNAMBUCO, DIA 4 DE ABRIL\",\"datePublished\":\"2013-12-31T11:33:46+00:00\",\"mainEntityOfPage\":{\"@id\":\"https:\\\/\\\/blogdofarnesio.com.br\\\/?p=68570\"},\"wordCount\":398,\"commentCount\":0,\"publisher\":{\"@id\":\"https:\\\/\\\/blogdofarnesio.com.br\\\/#organization\"},\"image\":{\"@id\":\"https:\\\/\\\/blogdofarnesio.com.br\\\/?p=68570#primaryimage\"},\"thumbnailUrl\":\"http:\\\/\\\/www.quersaberpolitica.com.br\\\/2016\\\/wp-content\\\/uploads\\\/2013\\\/02\\\/blogqspEduardo-4.jpg\",\"articleSection\":[\"Pol\u00edtica\"],\"inLanguage\":\"pt-BR\",\"potentialAction\":[{\"@type\":\"CommentAction\",\"name\":\"Comment\",\"target\":[\"https:\\\/\\\/blogdofarnesio.com.br\\\/?p=68570#respond\"]}]},{\"@type\":\"WebPage\",\"@id\":\"https:\\\/\\\/blogdofarnesio.com.br\\\/?p=68570\",\"url\":\"https:\\\/\\\/blogdofarnesio.com.br\\\/?p=68570\",\"name\":\"EDUARDO CAMPOS DIZ QUE DEIXAR\u00c1 GOVERNO DE PERNAMBUCO, DIA 4 DE ABRIL - Blog do Farn\u00e9sio\",\"isPartOf\":{\"@id\":\"https:\\\/\\\/blogdofarnesio.com.br\\\/#website\"},\"primaryImageOfPage\":{\"@id\":\"https:\\\/\\\/blogdofarnesio.com.br\\\/?p=68570#primaryimage\"},\"image\":{\"@id\":\"https:\\\/\\\/blogdofarnesio.com.br\\\/?p=68570#primaryimage\"},\"thumbnailUrl\":\"http:\\\/\\\/www.quersaberpolitica.com.br\\\/2016\\\/wp-content\\\/uploads\\\/2013\\\/02\\\/blogqspEduardo-4.jpg\",\"datePublished\":\"2013-12-31T11:33:46+00:00\",\"breadcrumb\":{\"@id\":\"https:\\\/\\\/blogdofarnesio.com.br\\\/?p=68570#breadcrumb\"},\"inLanguage\":\"pt-BR\",\"potentialAction\":[{\"@type\":\"ReadAction\",\"target\":[\"https:\\\/\\\/blogdofarnesio.com.br\\\/?p=68570\"]}]},{\"@type\":\"ImageObject\",\"inLanguage\":\"pt-BR\",\"@id\":\"https:\\\/\\\/blogdofarnesio.com.br\\\/?p=68570#primaryimage\",\"url\":\"http:\\\/\\\/www.quersaberpolitica.com.br\\\/2016\\\/wp-content\\\/uploads\\\/2013\\\/02\\\/blogqspEduardo-4.jpg\",\"contentUrl\":\"http:\\\/\\\/www.quersaberpolitica.com.br\\\/2016\\\/wp-content\\\/uploads\\\/2013\\\/02\\\/blogqspEduardo-4.jpg\"},{\"@type\":\"BreadcrumbList\",\"@id\":\"https:\\\/\\\/blogdofarnesio.com.br\\\/?p=68570#breadcrumb\",\"itemListElement\":[{\"@type\":\"ListItem\",\"position\":1,\"name\":\"In\u00edcio\",\"item\":\"https:\\\/\\\/blogdofarnesio.com.br\\\/\"},{\"@type\":\"ListItem\",\"position\":2,\"name\":\"EDUARDO CAMPOS DIZ QUE DEIXAR\u00c1 GOVERNO DE PERNAMBUCO, DIA 4 DE ABRIL\"}]},{\"@type\":\"WebSite\",\"@id\":\"https:\\\/\\\/blogdofarnesio.com.br\\\/#website\",\"url\":\"https:\\\/\\\/blogdofarnesio.com.br\\\/\",\"name\":\"Blog do Farn\u00e9sio\",\"description\":\"Quer Saber Pol\u00edtica?\",\"publisher\":{\"@id\":\"https:\\\/\\\/blogdofarnesio.com.br\\\/#organization\"},\"potentialAction\":[{\"@type\":\"SearchAction\",\"target\":{\"@type\":\"EntryPoint\",\"urlTemplate\":\"https:\\\/\\\/blogdofarnesio.com.br\\\/?s={search_term_string}\"},\"query-input\":{\"@type\":\"PropertyValueSpecification\",\"valueRequired\":true,\"valueName\":\"search_term_string\"}}],\"inLanguage\":\"pt-BR\"},{\"@type\":\"Organization\",\"@id\":\"https:\\\/\\\/blogdofarnesio.com.br\\\/#organization\",\"name\":\"Blog do Farn\u00e9sio\",\"url\":\"https:\\\/\\\/blogdofarnesio.com.br\\\/\",\"logo\":{\"@type\":\"ImageObject\",\"inLanguage\":\"pt-BR\",\"@id\":\"https:\\\/\\\/blogdofarnesio.com.br\\\/#\\\/schema\\\/logo\\\/image\\\/\",\"url\":\"https:\\\/\\\/blogdofarnesio.com.br\\\/wp-content\\\/uploads\\\/2026\\\/03\\\/cropped-logo_new-1.png\",\"contentUrl\":\"https:\\\/\\\/blogdofarnesio.com.br\\\/wp-content\\\/uploads\\\/2026\\\/03\\\/cropped-logo_new-1.png\",\"width\":881,\"height\":685,\"caption\":\"Blog do Farn\u00e9sio\"},\"image\":{\"@id\":\"https:\\\/\\\/blogdofarnesio.com.br\\\/#\\\/schema\\\/logo\\\/image\\\/\"},\"sameAs\":[\"https:\\\/\\\/www.facebook.com\\\/BlogQuerSaberPolitica\\\/\"]},{\"@type\":\"Person\",\"@id\":\"https:\\\/\\\/blogdofarnesio.com.br\\\/#\\\/schema\\\/person\\\/dd1bf5eba40b687199ba45ca6b97dff9\",\"name\":\"teste\",\"image\":{\"@type\":\"ImageObject\",\"inLanguage\":\"pt-BR\",\"@id\":\"https:\\\/\\\/secure.gravatar.com\\\/avatar\\\/2172498d4914b51e1d89a0f97957b035ac4938723a5cac208135d389b6972a6d?s=96&d=mm&r=g\",\"url\":\"https:\\\/\\\/secure.gravatar.com\\\/avatar\\\/2172498d4914b51e1d89a0f97957b035ac4938723a5cac208135d389b6972a6d?s=96&d=mm&r=g\",\"contentUrl\":\"https:\\\/\\\/secure.gravatar.com\\\/avatar\\\/2172498d4914b51e1d89a0f97957b035ac4938723a5cac208135d389b6972a6d?s=96&d=mm&r=g\",\"caption\":\"teste\"},\"url\":\"https:\\\/\\\/blogdofarnesio.com.br\\\/?author=3\"}]}<\/script>\n<!-- \/ Yoast SEO plugin. -->","yoast_head_json":{"title":"EDUARDO CAMPOS DIZ QUE DEIXAR\u00c1 GOVERNO DE PERNAMBUCO, DIA 4 DE ABRIL - Blog do Farn\u00e9sio","robots":{"index":"index","follow":"follow","max-snippet":"max-snippet:-1","max-image-preview":"max-image-preview:large","max-video-preview":"max-video-preview:-1"},"canonical":"https:\/\/blogdofarnesio.com.br\/?p=68570","og_locale":"pt_BR","og_type":"article","og_title":"EDUARDO CAMPOS DIZ QUE DEIXAR\u00c1 GOVERNO DE PERNAMBUCO, DIA 4 DE ABRIL - Blog do Farn\u00e9sio","og_description":"Pr\u00e9-candidato \u00e0 Presid\u00eancia da Rep\u00fablica, o governador de Pernambuco, Eduardo Campos (PSB), anunciou, na manh\u00e3 desta segunda-feira (30), que deixar\u00e1 o Governo do Estado no dia 4 de abril, \u00faltimo dia do prazo para se desincompatibilizar do cargo antes de disputar as elei\u00e7\u00f5es de 2014. &#8220;Vamos ficar at\u00e9 o prazo estabelecido pela Lei Eleitoral. A lei exige um prazo de desincompatibiliza\u00e7\u00e3o para aqueles que ser\u00e3o candidatos \u00e0s elei\u00e7\u00f5es. Vou ficar no governo at\u00e9 o prazo legal, que \u00e9 dia 4 de abril&#8221;, afirmou em entrevista \u00e0 R\u00e1dio Cultura Palmares, no munic\u00edpio de Palmares, na Mata Sul pernambucana. O Governo do Estado entregou 707 casas na cidade, que fica a 128 quil\u00f4metros do Recife, na manh\u00e3 desta segunda. Durante a entrevista,&hellip;","og_url":"https:\/\/blogdofarnesio.com.br\/?p=68570","og_site_name":"Blog do Farn\u00e9sio","article_publisher":"https:\/\/www.facebook.com\/BlogQuerSaberPolitica\/","article_published_time":"2013-12-31T11:33:46+00:00","og_image":[{"url":"http:\/\/www.quersaberpolitica.com.br\/2016\/wp-content\/uploads\/2013\/02\/blogqspEduardo-4.jpg","type":"","width":"","height":""}],"author":"teste","twitter_card":"summary_large_image","twitter_misc":{"Escrito por":"teste","Est. tempo de leitura":"2 minutos"},"schema":{"@context":"https:\/\/schema.org","@graph":[{"@type":"Article","@id":"https:\/\/blogdofarnesio.com.br\/?p=68570#article","isPartOf":{"@id":"https:\/\/blogdofarnesio.com.br\/?p=68570"},"author":{"name":"teste","@id":"https:\/\/blogdofarnesio.com.br\/#\/schema\/person\/dd1bf5eba40b687199ba45ca6b97dff9"},"headline":"EDUARDO CAMPOS DIZ QUE DEIXAR\u00c1 GOVERNO DE PERNAMBUCO, DIA 4 DE ABRIL","datePublished":"2013-12-31T11:33:46+00:00","mainEntityOfPage":{"@id":"https:\/\/blogdofarnesio.com.br\/?p=68570"},"wordCount":398,"commentCount":0,"publisher":{"@id":"https:\/\/blogdofarnesio.com.br\/#organization"},"image":{"@id":"https:\/\/blogdofarnesio.com.br\/?p=68570#primaryimage"},"thumbnailUrl":"http:\/\/www.quersaberpolitica.com.br\/2016\/wp-content\/uploads\/2013\/02\/blogqspEduardo-4.jpg","articleSection":["Pol\u00edtica"],"inLanguage":"pt-BR","potentialAction":[{"@type":"CommentAction","name":"Comment","target":["https:\/\/blogdofarnesio.com.br\/?p=68570#respond"]}]},{"@type":"WebPage","@id":"https:\/\/blogdofarnesio.com.br\/?p=68570","url":"https:\/\/blogdofarnesio.com.br\/?p=68570","name":"EDUARDO CAMPOS DIZ QUE DEIXAR\u00c1 GOVERNO DE PERNAMBUCO, DIA 4 DE ABRIL - Blog do Farn\u00e9sio","isPartOf":{"@id":"https:\/\/blogdofarnesio.com.br\/#website"},"primaryImageOfPage":{"@id":"https:\/\/blogdofarnesio.com.br\/?p=68570#primaryimage"},"image":{"@id":"https:\/\/blogdofarnesio.com.br\/?p=68570#primaryimage"},"thumbnailUrl":"http:\/\/www.quersaberpolitica.com.br\/2016\/wp-content\/uploads\/2013\/02\/blogqspEduardo-4.jpg","datePublished":"2013-12-31T11:33:46+00:00","breadcrumb":{"@id":"https:\/\/blogdofarnesio.com.br\/?p=68570#breadcrumb"},"inLanguage":"pt-BR","potentialAction":[{"@type":"ReadAction","target":["https:\/\/blogdofarnesio.com.br\/?p=68570"]}]},{"@type":"ImageObject","inLanguage":"pt-BR","@id":"https:\/\/blogdofarnesio.com.br\/?p=68570#primaryimage","url":"http:\/\/www.quersaberpolitica.com.br\/2016\/wp-content\/uploads\/2013\/02\/blogqspEduardo-4.jpg","contentUrl":"http:\/\/www.quersaberpolitica.com.br\/2016\/wp-content\/uploads\/2013\/02\/blogqspEduardo-4.jpg"},{"@type":"BreadcrumbList","@id":"https:\/\/blogdofarnesio.com.br\/?p=68570#breadcrumb","itemListElement":[{"@type":"ListItem","position":1,"name":"In\u00edcio","item":"https:\/\/blogdofarnesio.com.br\/"},{"@type":"ListItem","position":2,"name":"EDUARDO CAMPOS DIZ QUE DEIXAR\u00c1 GOVERNO DE PERNAMBUCO, DIA 4 DE ABRIL"}]},{"@type":"WebSite","@id":"https:\/\/blogdofarnesio.com.br\/#website","url":"https:\/\/blogdofarnesio.com.br\/","name":"Blog do Farn\u00e9sio","description":"Quer Saber Pol\u00edtica?","publisher":{"@id":"https:\/\/blogdofarnesio.com.br\/#organization"},"potentialAction":[{"@type":"SearchAction","target":{"@type":"EntryPoint","urlTemplate":"https:\/\/blogdofarnesio.com.br\/?s={search_term_string}"},"query-input":{"@type":"PropertyValueSpecification","valueRequired":true,"valueName":"search_term_string"}}],"inLanguage":"pt-BR"},{"@type":"Organization","@id":"https:\/\/blogdofarnesio.com.br\/#organization","name":"Blog do Farn\u00e9sio","url":"https:\/\/blogdofarnesio.com.br\/","logo":{"@type":"ImageObject","inLanguage":"pt-BR","@id":"https:\/\/blogdofarnesio.com.br\/#\/schema\/logo\/image\/","url":"https:\/\/blogdofarnesio.com.br\/wp-content\/uploads\/2026\/03\/cropped-logo_new-1.png","contentUrl":"https:\/\/blogdofarnesio.com.br\/wp-content\/uploads\/2026\/03\/cropped-logo_new-1.png","width":881,"height":685,"caption":"Blog do Farn\u00e9sio"},"image":{"@id":"https:\/\/blogdofarnesio.com.br\/#\/schema\/logo\/image\/"},"sameAs":["https:\/\/www.facebook.com\/BlogQuerSaberPolitica\/"]},{"@type":"Person","@id":"https:\/\/blogdofarnesio.com.br\/#\/schema\/person\/dd1bf5eba40b687199ba45ca6b97dff9","name":"teste","image":{"@type":"ImageObject","inLanguage":"pt-BR","@id":"https:\/\/secure.gravatar.com\/avatar\/2172498d4914b51e1d89a0f97957b035ac4938723a5cac208135d389b6972a6d?s=96&d=mm&r=g","url":"https:\/\/secure.gravatar.com\/avatar\/2172498d4914b51e1d89a0f97957b035ac4938723a5cac208135d389b6972a6d?s=96&d=mm&r=g","contentUrl":"https:\/\/secure.gravatar.com\/avatar\/2172498d4914b51e1d89a0f97957b035ac4938723a5cac208135d389b6972a6d?s=96&d=mm&r=g","caption":"teste"},"url":"https:\/\/blogdofarnesio.com.br\/?author=3"}]}},"_links":{"self":[{"href":"https:\/\/blogdofarnesio.com.br\/index.php?rest_route=\/wp\/v2\/posts\/68570","targetHints":{"allow":["GET"]}}],"collection":[{"href":"https:\/\/blogdofarnesio.com.br\/index.php?rest_route=\/wp\/v2\/posts"}],"about":[{"href":"https:\/\/blogdofarnesio.com.br\/index.php?rest_route=\/wp\/v2\/types\/post"}],"author":[{"embeddable":true,"href":"https:\/\/blogdofarnesio.com.br\/index.php?rest_route=\/wp\/v2\/users\/3"}],"replies":[{"embeddable":true,"href":"https:\/\/blogdofarnesio.com.br\/index.php?rest_route=%2Fwp%2Fv2%2Fcomments&post=68570"}],"version-history":[{"count":0,"href":"https:\/\/blogdofarnesio.com.br\/index.php?rest_route=\/wp\/v2\/posts\/68570\/revisions"}],"wp:attachment":[{"href":"https:\/\/blogdofarnesio.com.br\/index.php?rest_route=%2Fwp%2Fv2%2Fmedia&parent=68570"}],"wp:term":[{"taxonomy":"category","embeddable":true,"href":"https:\/\/blogdofarnesio.com.br\/index.php?rest_route=%2Fwp%2Fv2%2Fcategories&post=68570"},{"taxonomy":"post_tag","embeddable":true,"href":"https:\/\/blogdofarnesio.com.br\/index.php?rest_route=%2Fwp%2Fv2%2Ftags&post=68570"}],"curies":[{"name":"wp","href":"https:\/\/api.w.org\/{rel}","templated":true}]}}