{"id":68546,"date":"2013-12-31T08:01:45","date_gmt":"2013-12-31T11:01:45","guid":{"rendered":"http:\/\/www.quersaberpolitica.com.br\/?p=68546"},"modified":"2013-12-30T19:53:06","modified_gmt":"2013-12-30T22:53:06","slug":"deputado-adalberto-prestigia-festejos-de-final-do-ano","status":"publish","type":"post","link":"https:\/\/blogdofarnesio.com.br\/?p=68546","title":{"rendered":"DEPUTADO ADALBERTO PRESTIGIA FESTEJOS DE FINAL DO ANO"},"content":{"rendered":"<p style=\"text-align: justify\"><a href=\"http:\/\/www.quersaberpolitica.com.br\/2016\/wp-content\/uploads\/2013\/12\/02.jpg\"><img loading=\"lazy\" decoding=\"async\" class=\"alignleft size-full wp-image-68547\" alt=\"BLOGQSPADALBERTO\" src=\"http:\/\/www.quersaberpolitica.com.br\/2016\/wp-content\/uploads\/2013\/12\/02.jpg\" width=\"300\" height=\"225\" \/><\/a>Como parte de uma tradi\u00e7\u00e3o hist\u00f3rica, o deputado estadual Adalberto Cavalcanti (PTB) prestigiou, na noite deste s\u00e1bado (28), o Noven\u00e1rio do Senhor do Bonfim no povoado de Caboclo, em Afr\u00e2nio, Sert\u00e3o do Estado.<\/p>\n<p style=\"text-align: justify\">O parlamentar esteve acompanhado de sua esposa e prefeita do munic\u00edpio, L\u00facia Mariano (PSB), do deputado Odacy Amorim (PT), e v\u00e1rias lideran\u00e7as pol\u00edticas da regi\u00e3o.<\/p>\n<p style=\"text-align: justify\">Ap\u00f3s a missa celebrada pelo padre Maur\u00edlio Quirino, houve quermesse e shows com os cantores Danilo Pernambucano e Gera do Forr\u00f3. O evento marca tamb\u00e9m os festejos de final do ano na cidade.<\/p>\n<p style=\"text-align: justify\">A cerca de nove quil\u00f4metros da sede, Caboclo \u00e9 um povoado cheio de hist\u00f3rias e encantos. Acredita-se que tenha mais de 300 anos, habitada por \u00edndios e caboclos. O povoado aconchegante conta ainda com uma igreja constru\u00edda em 1898, e o Museu do Pai Chico, patriarca da fam\u00edlia Cavalcanti.<!--more--><\/p>\n<p style=\"text-align: justify\">A prefeita Lucia Mariano aproveitou a oportunidade para agradecer as conquistas e a presen\u00e7a de todos. \u201cAgrade\u00e7o a Deus e ao Senhor do Bonfim a visita de todos os amigos aqui presentes, o nosso amigo deputado Odacy Amorim e o deputado Adalberto Cavalcanti, que juntos v\u00e3o fortalecer o nosso Sert\u00e3o, o nosso Pernambuco\u201d, disse a gestora.<\/p>\n<p style=\"text-align: justify\">Muito feliz em ver o povo mais animado com as chuvas, Adalberto Cavalcanti destacou a organiza\u00e7\u00e3o da festa e parabenizou a prefeita pela gest\u00e3o. \u201cEstou muito feliz aqui hoje, em Caboclo. Muita gente, gra\u00e7as a Deus. Com as chuvas, o povo se animou. Acaba com o carro pipa, que \u00e9 a coisa mais humilhante da nossa regi\u00e3o. Parab\u00e9ns a prefeita pela organiza\u00e7\u00e3o da festa, pois um trabalho com transpar\u00eancia e honestidade vai longe\u201d, finalizou o deputado.<\/p>\n<p><strong>Assessoria do Dep. Adalberto Cavalcanti<\/strong><\/p>\n","protected":false},"excerpt":{"rendered":"<p>Como parte de uma tradi\u00e7\u00e3o hist\u00f3rica, o deputado estadual Adalberto Cavalcanti (PTB) prestigiou, na noite deste s\u00e1bado (28), o Noven\u00e1rio do Senhor do Bonfim no povoado de Caboclo, em Afr\u00e2nio, Sert\u00e3o do Estado. O parlamentar esteve acompanhado de sua esposa e prefeita do munic\u00edpio, L\u00facia Mariano (PSB), do deputado Odacy Amorim (PT), e v\u00e1rias lideran\u00e7as pol\u00edticas da regi\u00e3o. Ap\u00f3s a missa celebrada pelo padre Maur\u00edlio Quirino, houve quermesse e shows com os cantores Danilo Pernambucano e Gera do Forr\u00f3. O evento marca tamb\u00e9m os festejos de final do ano na cidade. A cerca de nove quil\u00f4metros da sede, Caboclo \u00e9 um povoado cheio de hist\u00f3rias e encantos. Acredita-se que tenha mais de 300 anos, habitada por \u00edndios e caboclos. O&hellip; <\/p>\n","protected":false},"author":3,"featured_media":0,"comment_status":"open","ping_status":"open","sticky":false,"template":"","format":"standard","meta":{"_acf_changed":false,"footnotes":""},"categories":[1],"tags":[],"class_list":["post-68546","post","type-post","status-publish","format-standard","hentry","category-politica"],"acf":[],"yoast_head":"<!-- This site is optimized with the Yoast SEO plugin v27.4 - https:\/\/yoast.com\/product\/yoast-seo-wordpress\/ -->\n<title>DEPUTADO ADALBERTO PRESTIGIA FESTEJOS DE FINAL DO ANO - Blog do Farn\u00e9sio<\/title>\n<meta name=\"robots\" content=\"index, follow, max-snippet:-1, max-image-preview:large, max-video-preview:-1\" \/>\n<link rel=\"canonical\" href=\"https:\/\/blogdofarnesio.com.br\/?p=68546\" \/>\n<meta property=\"og:locale\" content=\"pt_BR\" \/>\n<meta property=\"og:type\" content=\"article\" \/>\n<meta property=\"og:title\" content=\"DEPUTADO ADALBERTO PRESTIGIA FESTEJOS DE FINAL DO ANO - Blog do Farn\u00e9sio\" \/>\n<meta property=\"og:description\" content=\"Como parte de uma tradi\u00e7\u00e3o hist\u00f3rica, o deputado estadual Adalberto Cavalcanti (PTB) prestigiou, na noite deste s\u00e1bado (28), o Noven\u00e1rio do Senhor do Bonfim no povoado de Caboclo, em Afr\u00e2nio, Sert\u00e3o do Estado. O parlamentar esteve acompanhado de sua esposa e prefeita do munic\u00edpio, L\u00facia Mariano (PSB), do deputado Odacy Amorim (PT), e v\u00e1rias lideran\u00e7as pol\u00edticas da regi\u00e3o. Ap\u00f3s a missa celebrada pelo padre Maur\u00edlio Quirino, houve quermesse e shows com os cantores Danilo Pernambucano e Gera do Forr\u00f3. O evento marca tamb\u00e9m os festejos de final do ano na cidade. A cerca de nove quil\u00f4metros da sede, Caboclo \u00e9 um povoado cheio de hist\u00f3rias e encantos. Acredita-se que tenha mais de 300 anos, habitada por \u00edndios e caboclos. O&hellip;\" \/>\n<meta property=\"og:url\" content=\"https:\/\/blogdofarnesio.com.br\/?p=68546\" \/>\n<meta property=\"og:site_name\" content=\"Blog do Farn\u00e9sio\" \/>\n<meta property=\"article:publisher\" content=\"https:\/\/www.facebook.com\/BlogQuerSaberPolitica\/\" \/>\n<meta property=\"article:published_time\" content=\"2013-12-31T11:01:45+00:00\" \/>\n<meta property=\"og:image\" content=\"http:\/\/www.quersaberpolitica.com.br\/2016\/wp-content\/uploads\/2013\/12\/02.jpg\" \/>\n<meta name=\"author\" content=\"teste\" \/>\n<meta name=\"twitter:card\" content=\"summary_large_image\" \/>\n<meta name=\"twitter:label1\" content=\"Escrito por\" \/>\n\t<meta name=\"twitter:data1\" content=\"teste\" \/>\n\t<meta name=\"twitter:label2\" content=\"Est. tempo de leitura\" \/>\n\t<meta name=\"twitter:data2\" content=\"2 minutos\" \/>\n<script type=\"application\/ld+json\" class=\"yoast-schema-graph\">{\"@context\":\"https:\\\/\\\/schema.org\",\"@graph\":[{\"@type\":\"Article\",\"@id\":\"https:\\\/\\\/blogdofarnesio.com.br\\\/?p=68546#article\",\"isPartOf\":{\"@id\":\"https:\\\/\\\/blogdofarnesio.com.br\\\/?p=68546\"},\"author\":{\"name\":\"teste\",\"@id\":\"https:\\\/\\\/blogdofarnesio.com.br\\\/#\\\/schema\\\/person\\\/dd1bf5eba40b687199ba45ca6b97dff9\"},\"headline\":\"DEPUTADO ADALBERTO PRESTIGIA FESTEJOS DE FINAL DO ANO\",\"datePublished\":\"2013-12-31T11:01:45+00:00\",\"mainEntityOfPage\":{\"@id\":\"https:\\\/\\\/blogdofarnesio.com.br\\\/?p=68546\"},\"wordCount\":310,\"commentCount\":0,\"publisher\":{\"@id\":\"https:\\\/\\\/blogdofarnesio.com.br\\\/#organization\"},\"image\":{\"@id\":\"https:\\\/\\\/blogdofarnesio.com.br\\\/?p=68546#primaryimage\"},\"thumbnailUrl\":\"http:\\\/\\\/www.quersaberpolitica.com.br\\\/2016\\\/wp-content\\\/uploads\\\/2013\\\/12\\\/02.jpg\",\"articleSection\":[\"Pol\u00edtica\"],\"inLanguage\":\"pt-BR\",\"potentialAction\":[{\"@type\":\"CommentAction\",\"name\":\"Comment\",\"target\":[\"https:\\\/\\\/blogdofarnesio.com.br\\\/?p=68546#respond\"]}]},{\"@type\":\"WebPage\",\"@id\":\"https:\\\/\\\/blogdofarnesio.com.br\\\/?p=68546\",\"url\":\"https:\\\/\\\/blogdofarnesio.com.br\\\/?p=68546\",\"name\":\"DEPUTADO ADALBERTO PRESTIGIA FESTEJOS DE FINAL DO ANO - Blog do Farn\u00e9sio\",\"isPartOf\":{\"@id\":\"https:\\\/\\\/blogdofarnesio.com.br\\\/#website\"},\"primaryImageOfPage\":{\"@id\":\"https:\\\/\\\/blogdofarnesio.com.br\\\/?p=68546#primaryimage\"},\"image\":{\"@id\":\"https:\\\/\\\/blogdofarnesio.com.br\\\/?p=68546#primaryimage\"},\"thumbnailUrl\":\"http:\\\/\\\/www.quersaberpolitica.com.br\\\/2016\\\/wp-content\\\/uploads\\\/2013\\\/12\\\/02.jpg\",\"datePublished\":\"2013-12-31T11:01:45+00:00\",\"breadcrumb\":{\"@id\":\"https:\\\/\\\/blogdofarnesio.com.br\\\/?p=68546#breadcrumb\"},\"inLanguage\":\"pt-BR\",\"potentialAction\":[{\"@type\":\"ReadAction\",\"target\":[\"https:\\\/\\\/blogdofarnesio.com.br\\\/?p=68546\"]}]},{\"@type\":\"ImageObject\",\"inLanguage\":\"pt-BR\",\"@id\":\"https:\\\/\\\/blogdofarnesio.com.br\\\/?p=68546#primaryimage\",\"url\":\"http:\\\/\\\/www.quersaberpolitica.com.br\\\/2016\\\/wp-content\\\/uploads\\\/2013\\\/12\\\/02.jpg\",\"contentUrl\":\"http:\\\/\\\/www.quersaberpolitica.com.br\\\/2016\\\/wp-content\\\/uploads\\\/2013\\\/12\\\/02.jpg\"},{\"@type\":\"BreadcrumbList\",\"@id\":\"https:\\\/\\\/blogdofarnesio.com.br\\\/?p=68546#breadcrumb\",\"itemListElement\":[{\"@type\":\"ListItem\",\"position\":1,\"name\":\"In\u00edcio\",\"item\":\"https:\\\/\\\/blogdofarnesio.com.br\\\/\"},{\"@type\":\"ListItem\",\"position\":2,\"name\":\"DEPUTADO ADALBERTO PRESTIGIA FESTEJOS DE FINAL DO ANO\"}]},{\"@type\":\"WebSite\",\"@id\":\"https:\\\/\\\/blogdofarnesio.com.br\\\/#website\",\"url\":\"https:\\\/\\\/blogdofarnesio.com.br\\\/\",\"name\":\"Blog do Farn\u00e9sio\",\"description\":\"Quer Saber Pol\u00edtica?\",\"publisher\":{\"@id\":\"https:\\\/\\\/blogdofarnesio.com.br\\\/#organization\"},\"potentialAction\":[{\"@type\":\"SearchAction\",\"target\":{\"@type\":\"EntryPoint\",\"urlTemplate\":\"https:\\\/\\\/blogdofarnesio.com.br\\\/?s={search_term_string}\"},\"query-input\":{\"@type\":\"PropertyValueSpecification\",\"valueRequired\":true,\"valueName\":\"search_term_string\"}}],\"inLanguage\":\"pt-BR\"},{\"@type\":\"Organization\",\"@id\":\"https:\\\/\\\/blogdofarnesio.com.br\\\/#organization\",\"name\":\"Blog do Farn\u00e9sio\",\"url\":\"https:\\\/\\\/blogdofarnesio.com.br\\\/\",\"logo\":{\"@type\":\"ImageObject\",\"inLanguage\":\"pt-BR\",\"@id\":\"https:\\\/\\\/blogdofarnesio.com.br\\\/#\\\/schema\\\/logo\\\/image\\\/\",\"url\":\"https:\\\/\\\/blogdofarnesio.com.br\\\/wp-content\\\/uploads\\\/2026\\\/03\\\/cropped-logo_new-1.png\",\"contentUrl\":\"https:\\\/\\\/blogdofarnesio.com.br\\\/wp-content\\\/uploads\\\/2026\\\/03\\\/cropped-logo_new-1.png\",\"width\":881,\"height\":685,\"caption\":\"Blog do Farn\u00e9sio\"},\"image\":{\"@id\":\"https:\\\/\\\/blogdofarnesio.com.br\\\/#\\\/schema\\\/logo\\\/image\\\/\"},\"sameAs\":[\"https:\\\/\\\/www.facebook.com\\\/BlogQuerSaberPolitica\\\/\"]},{\"@type\":\"Person\",\"@id\":\"https:\\\/\\\/blogdofarnesio.com.br\\\/#\\\/schema\\\/person\\\/dd1bf5eba40b687199ba45ca6b97dff9\",\"name\":\"teste\",\"image\":{\"@type\":\"ImageObject\",\"inLanguage\":\"pt-BR\",\"@id\":\"https:\\\/\\\/secure.gravatar.com\\\/avatar\\\/2172498d4914b51e1d89a0f97957b035ac4938723a5cac208135d389b6972a6d?s=96&d=mm&r=g\",\"url\":\"https:\\\/\\\/secure.gravatar.com\\\/avatar\\\/2172498d4914b51e1d89a0f97957b035ac4938723a5cac208135d389b6972a6d?s=96&d=mm&r=g\",\"contentUrl\":\"https:\\\/\\\/secure.gravatar.com\\\/avatar\\\/2172498d4914b51e1d89a0f97957b035ac4938723a5cac208135d389b6972a6d?s=96&d=mm&r=g\",\"caption\":\"teste\"},\"url\":\"https:\\\/\\\/blogdofarnesio.com.br\\\/?author=3\"}]}<\/script>\n<!-- \/ Yoast SEO plugin. -->","yoast_head_json":{"title":"DEPUTADO ADALBERTO PRESTIGIA FESTEJOS DE FINAL DO ANO - Blog do Farn\u00e9sio","robots":{"index":"index","follow":"follow","max-snippet":"max-snippet:-1","max-image-preview":"max-image-preview:large","max-video-preview":"max-video-preview:-1"},"canonical":"https:\/\/blogdofarnesio.com.br\/?p=68546","og_locale":"pt_BR","og_type":"article","og_title":"DEPUTADO ADALBERTO PRESTIGIA FESTEJOS DE FINAL DO ANO - Blog do Farn\u00e9sio","og_description":"Como parte de uma tradi\u00e7\u00e3o hist\u00f3rica, o deputado estadual Adalberto Cavalcanti (PTB) prestigiou, na noite deste s\u00e1bado (28), o Noven\u00e1rio do Senhor do Bonfim no povoado de Caboclo, em Afr\u00e2nio, Sert\u00e3o do Estado. O parlamentar esteve acompanhado de sua esposa e prefeita do munic\u00edpio, L\u00facia Mariano (PSB), do deputado Odacy Amorim (PT), e v\u00e1rias lideran\u00e7as pol\u00edticas da regi\u00e3o. Ap\u00f3s a missa celebrada pelo padre Maur\u00edlio Quirino, houve quermesse e shows com os cantores Danilo Pernambucano e Gera do Forr\u00f3. O evento marca tamb\u00e9m os festejos de final do ano na cidade. A cerca de nove quil\u00f4metros da sede, Caboclo \u00e9 um povoado cheio de hist\u00f3rias e encantos. Acredita-se que tenha mais de 300 anos, habitada por \u00edndios e caboclos. O&hellip;","og_url":"https:\/\/blogdofarnesio.com.br\/?p=68546","og_site_name":"Blog do Farn\u00e9sio","article_publisher":"https:\/\/www.facebook.com\/BlogQuerSaberPolitica\/","article_published_time":"2013-12-31T11:01:45+00:00","og_image":[{"url":"http:\/\/www.quersaberpolitica.com.br\/2016\/wp-content\/uploads\/2013\/12\/02.jpg","type":"","width":"","height":""}],"author":"teste","twitter_card":"summary_large_image","twitter_misc":{"Escrito por":"teste","Est. tempo de leitura":"2 minutos"},"schema":{"@context":"https:\/\/schema.org","@graph":[{"@type":"Article","@id":"https:\/\/blogdofarnesio.com.br\/?p=68546#article","isPartOf":{"@id":"https:\/\/blogdofarnesio.com.br\/?p=68546"},"author":{"name":"teste","@id":"https:\/\/blogdofarnesio.com.br\/#\/schema\/person\/dd1bf5eba40b687199ba45ca6b97dff9"},"headline":"DEPUTADO ADALBERTO PRESTIGIA FESTEJOS DE FINAL DO ANO","datePublished":"2013-12-31T11:01:45+00:00","mainEntityOfPage":{"@id":"https:\/\/blogdofarnesio.com.br\/?p=68546"},"wordCount":310,"commentCount":0,"publisher":{"@id":"https:\/\/blogdofarnesio.com.br\/#organization"},"image":{"@id":"https:\/\/blogdofarnesio.com.br\/?p=68546#primaryimage"},"thumbnailUrl":"http:\/\/www.quersaberpolitica.com.br\/2016\/wp-content\/uploads\/2013\/12\/02.jpg","articleSection":["Pol\u00edtica"],"inLanguage":"pt-BR","potentialAction":[{"@type":"CommentAction","name":"Comment","target":["https:\/\/blogdofarnesio.com.br\/?p=68546#respond"]}]},{"@type":"WebPage","@id":"https:\/\/blogdofarnesio.com.br\/?p=68546","url":"https:\/\/blogdofarnesio.com.br\/?p=68546","name":"DEPUTADO ADALBERTO PRESTIGIA FESTEJOS DE FINAL DO ANO - Blog do Farn\u00e9sio","isPartOf":{"@id":"https:\/\/blogdofarnesio.com.br\/#website"},"primaryImageOfPage":{"@id":"https:\/\/blogdofarnesio.com.br\/?p=68546#primaryimage"},"image":{"@id":"https:\/\/blogdofarnesio.com.br\/?p=68546#primaryimage"},"thumbnailUrl":"http:\/\/www.quersaberpolitica.com.br\/2016\/wp-content\/uploads\/2013\/12\/02.jpg","datePublished":"2013-12-31T11:01:45+00:00","breadcrumb":{"@id":"https:\/\/blogdofarnesio.com.br\/?p=68546#breadcrumb"},"inLanguage":"pt-BR","potentialAction":[{"@type":"ReadAction","target":["https:\/\/blogdofarnesio.com.br\/?p=68546"]}]},{"@type":"ImageObject","inLanguage":"pt-BR","@id":"https:\/\/blogdofarnesio.com.br\/?p=68546#primaryimage","url":"http:\/\/www.quersaberpolitica.com.br\/2016\/wp-content\/uploads\/2013\/12\/02.jpg","contentUrl":"http:\/\/www.quersaberpolitica.com.br\/2016\/wp-content\/uploads\/2013\/12\/02.jpg"},{"@type":"BreadcrumbList","@id":"https:\/\/blogdofarnesio.com.br\/?p=68546#breadcrumb","itemListElement":[{"@type":"ListItem","position":1,"name":"In\u00edcio","item":"https:\/\/blogdofarnesio.com.br\/"},{"@type":"ListItem","position":2,"name":"DEPUTADO ADALBERTO PRESTIGIA FESTEJOS DE FINAL DO ANO"}]},{"@type":"WebSite","@id":"https:\/\/blogdofarnesio.com.br\/#website","url":"https:\/\/blogdofarnesio.com.br\/","name":"Blog do Farn\u00e9sio","description":"Quer Saber Pol\u00edtica?","publisher":{"@id":"https:\/\/blogdofarnesio.com.br\/#organization"},"potentialAction":[{"@type":"SearchAction","target":{"@type":"EntryPoint","urlTemplate":"https:\/\/blogdofarnesio.com.br\/?s={search_term_string}"},"query-input":{"@type":"PropertyValueSpecification","valueRequired":true,"valueName":"search_term_string"}}],"inLanguage":"pt-BR"},{"@type":"Organization","@id":"https:\/\/blogdofarnesio.com.br\/#organization","name":"Blog do Farn\u00e9sio","url":"https:\/\/blogdofarnesio.com.br\/","logo":{"@type":"ImageObject","inLanguage":"pt-BR","@id":"https:\/\/blogdofarnesio.com.br\/#\/schema\/logo\/image\/","url":"https:\/\/blogdofarnesio.com.br\/wp-content\/uploads\/2026\/03\/cropped-logo_new-1.png","contentUrl":"https:\/\/blogdofarnesio.com.br\/wp-content\/uploads\/2026\/03\/cropped-logo_new-1.png","width":881,"height":685,"caption":"Blog do Farn\u00e9sio"},"image":{"@id":"https:\/\/blogdofarnesio.com.br\/#\/schema\/logo\/image\/"},"sameAs":["https:\/\/www.facebook.com\/BlogQuerSaberPolitica\/"]},{"@type":"Person","@id":"https:\/\/blogdofarnesio.com.br\/#\/schema\/person\/dd1bf5eba40b687199ba45ca6b97dff9","name":"teste","image":{"@type":"ImageObject","inLanguage":"pt-BR","@id":"https:\/\/secure.gravatar.com\/avatar\/2172498d4914b51e1d89a0f97957b035ac4938723a5cac208135d389b6972a6d?s=96&d=mm&r=g","url":"https:\/\/secure.gravatar.com\/avatar\/2172498d4914b51e1d89a0f97957b035ac4938723a5cac208135d389b6972a6d?s=96&d=mm&r=g","contentUrl":"https:\/\/secure.gravatar.com\/avatar\/2172498d4914b51e1d89a0f97957b035ac4938723a5cac208135d389b6972a6d?s=96&d=mm&r=g","caption":"teste"},"url":"https:\/\/blogdofarnesio.com.br\/?author=3"}]}},"_links":{"self":[{"href":"https:\/\/blogdofarnesio.com.br\/index.php?rest_route=\/wp\/v2\/posts\/68546","targetHints":{"allow":["GET"]}}],"collection":[{"href":"https:\/\/blogdofarnesio.com.br\/index.php?rest_route=\/wp\/v2\/posts"}],"about":[{"href":"https:\/\/blogdofarnesio.com.br\/index.php?rest_route=\/wp\/v2\/types\/post"}],"author":[{"embeddable":true,"href":"https:\/\/blogdofarnesio.com.br\/index.php?rest_route=\/wp\/v2\/users\/3"}],"replies":[{"embeddable":true,"href":"https:\/\/blogdofarnesio.com.br\/index.php?rest_route=%2Fwp%2Fv2%2Fcomments&post=68546"}],"version-history":[{"count":0,"href":"https:\/\/blogdofarnesio.com.br\/index.php?rest_route=\/wp\/v2\/posts\/68546\/revisions"}],"wp:attachment":[{"href":"https:\/\/blogdofarnesio.com.br\/index.php?rest_route=%2Fwp%2Fv2%2Fmedia&parent=68546"}],"wp:term":[{"taxonomy":"category","embeddable":true,"href":"https:\/\/blogdofarnesio.com.br\/index.php?rest_route=%2Fwp%2Fv2%2Fcategories&post=68546"},{"taxonomy":"post_tag","embeddable":true,"href":"https:\/\/blogdofarnesio.com.br\/index.php?rest_route=%2Fwp%2Fv2%2Ftags&post=68546"}],"curies":[{"name":"wp","href":"https:\/\/api.w.org\/{rel}","templated":true}]}}