{"id":6836,"date":"2011-09-25T08:00:05","date_gmt":"2011-09-25T08:00:05","guid":{"rendered":"http:\/\/www.quersaberpolitica.com.br?p=6836"},"modified":"-0001-11-30T00:00:00","modified_gmt":"-0001-11-30T03:00:00","slug":"mutirao-petrolina-saudavel-e-circuito-de-esporte-prometem-movimentar-comunidade-de-ponta-da-serra","status":"publish","type":"post","link":"https:\/\/blogdofarnesio.com.br\/?p=6836","title":{"rendered":"Mutir\u00e3o Petrolina Saud\u00e1vel e Circuito de Esporte, prometem movimentar comunidade de Ponta da Serra"},"content":{"rendered":"<p style=\"text-align: justify;\"><span style=\"font-size: small;\"><span style=\"font-family: arial,helvetica,sans-serif;\"><img loading=\"lazy\" decoding=\"async\" style=\"margin: 5px 10px; float: right;\" src=\"http:\/\/www.quersaberpolitica.com.br\/2016\/wp-content\/uploads\/2012\/12\/blogqsppetsaudavel.jpg\" alt=\"\" width=\"200\" height=\"150\" \/>No pr&oacute;ximo domingo (25), a Prefeitura Municipal de Petrolina, realizar&aacute; dentro do 13&ordf; Mutir&atilde;o Petrolina Saud&aacute;vel, o segundo Circuito de Esporte, Lazer e Cidadania. Em prol do Selo Unicef 2009-2012, a a&ccedil;&atilde;o visa impulsionar as a&ccedil;&otilde;es j&aacute; realizadas nesse sentido para garantir a cidadania e o acesso aos direitos mais b&aacute;sicos, como sa&uacute;de, educa&ccedil;&atilde;o e esportes. A primeira edi&ccedil;&atilde;o do Circuito aconteceu neste ano com a 12&ordf; edi&ccedil;&atilde;o do Mutir&atilde;o que foi realizado no bairro Jardim S&atilde;o Paulo, em maio. Contando com a parceria de toda a comitiva em prol do Selo Unicef, o evento abriu espa&ccedil;o para atividades como oficinas educativas, culturais e esportivas. Na &uacute;ltima edi&ccedil;&atilde;o, o Circuito contou com a participa&ccedil;&atilde;o de aproximadamente 320 crian&ccedil;as e adolescentes em uma programa&ccedil;&atilde;o diversificada com oficinas de voleibol, handebol, futebol, capoeira, taekwondo, bambol&ecirc;, cantigas de rodas, teatro, artesanato na modalidade de reciclagem produzido por jovens, teatro de fantoches, apresenta&ccedil;&atilde;o de v&iacute;deos de educa&ccedil;&atilde;o ambiental, produ&ccedil;&atilde;o de gibis-cartilhas, dan&ccedil;a de rua, recrea&ccedil;&atilde;o, al&eacute;m de palestras sobre sa&uacute;de com tem&aacute;ticas psicol&oacute;gicas e odontol&oacute;gicas e avalia&ccedil;&atilde;o f&iacute;sica. As oficinas ser&atilde;o abertas ao p&uacute;blico e tamb&eacute;m estar&atilde;o com atividades das 9h &agrave;s 13h, na comunidade de Ponta da Serra.<\/span><\/span><\/p>\n","protected":false},"excerpt":{"rendered":"<p>No pr&oacute;ximo domingo (25), a Prefeitura Municipal de Petrolina, realizar&aacute; dentro do 13&ordf; Mutir&atilde;o Petrolina Saud&aacute;vel, o segundo Circuito de Esporte, Lazer e Cidadania. Em prol do Selo Unicef 2009-2012, a a&ccedil;&atilde;o visa impulsionar as a&ccedil;&otilde;es j&aacute; realizadas nesse sentido para garantir a cidadania e o acesso aos direitos mais b&aacute;sicos, como sa&uacute;de, educa&ccedil;&atilde;o e esportes. A primeira edi&ccedil;&atilde;o do Circuito aconteceu neste ano com a 12&ordf; edi&ccedil;&atilde;o do Mutir&atilde;o que foi realizado no bairro Jardim S&atilde;o Paulo, em maio. Contando com a parceria de toda a comitiva em prol do Selo Unicef, o evento abriu espa&ccedil;o para atividades como oficinas educativas, culturais e esportivas. Na &uacute;ltima edi&ccedil;&atilde;o, o Circuito contou com a participa&ccedil;&atilde;o de aproximadamente 320 crian&ccedil;as e adolescentes&hellip; <\/p>\n","protected":false},"author":0,"featured_media":0,"comment_status":"open","ping_status":"open","sticky":false,"template":"","format":"standard","meta":{"_acf_changed":false,"footnotes":""},"categories":[7],"tags":[],"class_list":["post-6836","post","type-post","status-publish","format-standard","hentry","category-religiao"],"acf":[],"yoast_head":"<!-- This site is optimized with the Yoast SEO plugin v27.4 - https:\/\/yoast.com\/product\/yoast-seo-wordpress\/ -->\n<title>Mutir\u00e3o Petrolina Saud\u00e1vel e Circuito de Esporte, prometem movimentar comunidade de Ponta da Serra  - Blog do Farn\u00e9sio<\/title>\n<meta name=\"robots\" content=\"index, follow, max-snippet:-1, max-image-preview:large, max-video-preview:-1\" \/>\n<link rel=\"canonical\" href=\"https:\/\/blogdofarnesio.com.br\/?p=6836\" \/>\n<meta property=\"og:locale\" content=\"pt_BR\" \/>\n<meta property=\"og:type\" content=\"article\" \/>\n<meta property=\"og:title\" content=\"Mutir\u00e3o Petrolina Saud\u00e1vel e Circuito de Esporte, prometem movimentar comunidade de Ponta da Serra  - Blog do Farn\u00e9sio\" \/>\n<meta property=\"og:description\" content=\"No pr&oacute;ximo domingo (25), a Prefeitura Municipal de Petrolina, realizar&aacute; dentro do 13&ordf; Mutir&atilde;o Petrolina Saud&aacute;vel, o segundo Circuito de Esporte, Lazer e Cidadania. Em prol do Selo Unicef 2009-2012, a a&ccedil;&atilde;o visa impulsionar as a&ccedil;&otilde;es j&aacute; realizadas nesse sentido para garantir a cidadania e o acesso aos direitos mais b&aacute;sicos, como sa&uacute;de, educa&ccedil;&atilde;o e esportes. A primeira edi&ccedil;&atilde;o do Circuito aconteceu neste ano com a 12&ordf; edi&ccedil;&atilde;o do Mutir&atilde;o que foi realizado no bairro Jardim S&atilde;o Paulo, em maio. Contando com a parceria de toda a comitiva em prol do Selo Unicef, o evento abriu espa&ccedil;o para atividades como oficinas educativas, culturais e esportivas. Na &uacute;ltima edi&ccedil;&atilde;o, o Circuito contou com a participa&ccedil;&atilde;o de aproximadamente 320 crian&ccedil;as e adolescentes&hellip;\" \/>\n<meta property=\"og:url\" content=\"https:\/\/blogdofarnesio.com.br\/?p=6836\" \/>\n<meta property=\"og:site_name\" content=\"Blog do Farn\u00e9sio\" \/>\n<meta property=\"article:publisher\" content=\"https:\/\/www.facebook.com\/BlogQuerSaberPolitica\/\" \/>\n<meta property=\"article:published_time\" content=\"2011-09-25T08:00:05+00:00\" \/>\n<meta property=\"og:image\" content=\"http:\/\/www.quersaberpolitica.com.br\/2016\/wp-content\/uploads\/2012\/12\/blogqsppetsaudavel.jpg\" \/>\n<meta name=\"twitter:card\" content=\"summary_large_image\" \/>\n<meta name=\"twitter:label1\" content=\"Est. tempo de leitura\" \/>\n\t<meta name=\"twitter:data1\" content=\"1 minuto\" \/>\n<script type=\"application\/ld+json\" class=\"yoast-schema-graph\">{\"@context\":\"https:\\\/\\\/schema.org\",\"@graph\":[{\"@type\":\"Article\",\"@id\":\"https:\\\/\\\/blogdofarnesio.com.br\\\/?p=6836#article\",\"isPartOf\":{\"@id\":\"https:\\\/\\\/blogdofarnesio.com.br\\\/?p=6836\"},\"author\":{\"name\":\"\",\"@id\":\"\"},\"headline\":\"Mutir\u00e3o Petrolina Saud\u00e1vel e Circuito de Esporte, prometem movimentar comunidade de Ponta da Serra\",\"datePublished\":\"2011-09-25T08:00:05+00:00\",\"mainEntityOfPage\":{\"@id\":\"https:\\\/\\\/blogdofarnesio.com.br\\\/?p=6836\"},\"wordCount\":295,\"commentCount\":0,\"publisher\":{\"@id\":\"https:\\\/\\\/blogdofarnesio.com.br\\\/#organization\"},\"image\":{\"@id\":\"https:\\\/\\\/blogdofarnesio.com.br\\\/?p=6836#primaryimage\"},\"thumbnailUrl\":\"http:\\\/\\\/www.quersaberpolitica.com.br\\\/2016\\\/wp-content\\\/uploads\\\/2012\\\/12\\\/blogqsppetsaudavel.jpg\",\"articleSection\":[\"Religi\u00e3o\"],\"inLanguage\":\"pt-BR\",\"potentialAction\":[{\"@type\":\"CommentAction\",\"name\":\"Comment\",\"target\":[\"https:\\\/\\\/blogdofarnesio.com.br\\\/?p=6836#respond\"]}]},{\"@type\":\"WebPage\",\"@id\":\"https:\\\/\\\/blogdofarnesio.com.br\\\/?p=6836\",\"url\":\"https:\\\/\\\/blogdofarnesio.com.br\\\/?p=6836\",\"name\":\"Mutir\u00e3o Petrolina Saud\u00e1vel e Circuito de Esporte, prometem movimentar comunidade de Ponta da Serra - Blog do Farn\u00e9sio\",\"isPartOf\":{\"@id\":\"https:\\\/\\\/blogdofarnesio.com.br\\\/#website\"},\"primaryImageOfPage\":{\"@id\":\"https:\\\/\\\/blogdofarnesio.com.br\\\/?p=6836#primaryimage\"},\"image\":{\"@id\":\"https:\\\/\\\/blogdofarnesio.com.br\\\/?p=6836#primaryimage\"},\"thumbnailUrl\":\"http:\\\/\\\/www.quersaberpolitica.com.br\\\/2016\\\/wp-content\\\/uploads\\\/2012\\\/12\\\/blogqsppetsaudavel.jpg\",\"datePublished\":\"2011-09-25T08:00:05+00:00\",\"breadcrumb\":{\"@id\":\"https:\\\/\\\/blogdofarnesio.com.br\\\/?p=6836#breadcrumb\"},\"inLanguage\":\"pt-BR\",\"potentialAction\":[{\"@type\":\"ReadAction\",\"target\":[\"https:\\\/\\\/blogdofarnesio.com.br\\\/?p=6836\"]}]},{\"@type\":\"ImageObject\",\"inLanguage\":\"pt-BR\",\"@id\":\"https:\\\/\\\/blogdofarnesio.com.br\\\/?p=6836#primaryimage\",\"url\":\"http:\\\/\\\/www.quersaberpolitica.com.br\\\/2016\\\/wp-content\\\/uploads\\\/2012\\\/12\\\/blogqsppetsaudavel.jpg\",\"contentUrl\":\"http:\\\/\\\/www.quersaberpolitica.com.br\\\/2016\\\/wp-content\\\/uploads\\\/2012\\\/12\\\/blogqsppetsaudavel.jpg\"},{\"@type\":\"BreadcrumbList\",\"@id\":\"https:\\\/\\\/blogdofarnesio.com.br\\\/?p=6836#breadcrumb\",\"itemListElement\":[{\"@type\":\"ListItem\",\"position\":1,\"name\":\"In\u00edcio\",\"item\":\"https:\\\/\\\/blogdofarnesio.com.br\\\/\"},{\"@type\":\"ListItem\",\"position\":2,\"name\":\"Mutir\u00e3o Petrolina Saud\u00e1vel e Circuito de Esporte, prometem movimentar comunidade de Ponta da Serra\"}]},{\"@type\":\"WebSite\",\"@id\":\"https:\\\/\\\/blogdofarnesio.com.br\\\/#website\",\"url\":\"https:\\\/\\\/blogdofarnesio.com.br\\\/\",\"name\":\"Blog do Farn\u00e9sio\",\"description\":\"Quer Saber Pol\u00edtica?\",\"publisher\":{\"@id\":\"https:\\\/\\\/blogdofarnesio.com.br\\\/#organization\"},\"potentialAction\":[{\"@type\":\"SearchAction\",\"target\":{\"@type\":\"EntryPoint\",\"urlTemplate\":\"https:\\\/\\\/blogdofarnesio.com.br\\\/?s={search_term_string}\"},\"query-input\":{\"@type\":\"PropertyValueSpecification\",\"valueRequired\":true,\"valueName\":\"search_term_string\"}}],\"inLanguage\":\"pt-BR\"},{\"@type\":\"Organization\",\"@id\":\"https:\\\/\\\/blogdofarnesio.com.br\\\/#organization\",\"name\":\"Blog do Farn\u00e9sio\",\"url\":\"https:\\\/\\\/blogdofarnesio.com.br\\\/\",\"logo\":{\"@type\":\"ImageObject\",\"inLanguage\":\"pt-BR\",\"@id\":\"https:\\\/\\\/blogdofarnesio.com.br\\\/#\\\/schema\\\/logo\\\/image\\\/\",\"url\":\"https:\\\/\\\/blogdofarnesio.com.br\\\/wp-content\\\/uploads\\\/2026\\\/03\\\/cropped-logo_new-1.png\",\"contentUrl\":\"https:\\\/\\\/blogdofarnesio.com.br\\\/wp-content\\\/uploads\\\/2026\\\/03\\\/cropped-logo_new-1.png\",\"width\":881,\"height\":685,\"caption\":\"Blog do Farn\u00e9sio\"},\"image\":{\"@id\":\"https:\\\/\\\/blogdofarnesio.com.br\\\/#\\\/schema\\\/logo\\\/image\\\/\"},\"sameAs\":[\"https:\\\/\\\/www.facebook.com\\\/BlogQuerSaberPolitica\\\/\"]}]}<\/script>\n<!-- \/ Yoast SEO plugin. -->","yoast_head_json":{"title":"Mutir\u00e3o Petrolina Saud\u00e1vel e Circuito de Esporte, prometem movimentar comunidade de Ponta da Serra  - Blog do Farn\u00e9sio","robots":{"index":"index","follow":"follow","max-snippet":"max-snippet:-1","max-image-preview":"max-image-preview:large","max-video-preview":"max-video-preview:-1"},"canonical":"https:\/\/blogdofarnesio.com.br\/?p=6836","og_locale":"pt_BR","og_type":"article","og_title":"Mutir\u00e3o Petrolina Saud\u00e1vel e Circuito de Esporte, prometem movimentar comunidade de Ponta da Serra  - Blog do Farn\u00e9sio","og_description":"No pr&oacute;ximo domingo (25), a Prefeitura Municipal de Petrolina, realizar&aacute; dentro do 13&ordf; Mutir&atilde;o Petrolina Saud&aacute;vel, o segundo Circuito de Esporte, Lazer e Cidadania. Em prol do Selo Unicef 2009-2012, a a&ccedil;&atilde;o visa impulsionar as a&ccedil;&otilde;es j&aacute; realizadas nesse sentido para garantir a cidadania e o acesso aos direitos mais b&aacute;sicos, como sa&uacute;de, educa&ccedil;&atilde;o e esportes. A primeira edi&ccedil;&atilde;o do Circuito aconteceu neste ano com a 12&ordf; edi&ccedil;&atilde;o do Mutir&atilde;o que foi realizado no bairro Jardim S&atilde;o Paulo, em maio. Contando com a parceria de toda a comitiva em prol do Selo Unicef, o evento abriu espa&ccedil;o para atividades como oficinas educativas, culturais e esportivas. Na &uacute;ltima edi&ccedil;&atilde;o, o Circuito contou com a participa&ccedil;&atilde;o de aproximadamente 320 crian&ccedil;as e adolescentes&hellip;","og_url":"https:\/\/blogdofarnesio.com.br\/?p=6836","og_site_name":"Blog do Farn\u00e9sio","article_publisher":"https:\/\/www.facebook.com\/BlogQuerSaberPolitica\/","article_published_time":"2011-09-25T08:00:05+00:00","og_image":[{"url":"http:\/\/www.quersaberpolitica.com.br\/2016\/wp-content\/uploads\/2012\/12\/blogqsppetsaudavel.jpg","type":"","width":"","height":""}],"twitter_card":"summary_large_image","twitter_misc":{"Est. tempo de leitura":"1 minuto"},"schema":{"@context":"https:\/\/schema.org","@graph":[{"@type":"Article","@id":"https:\/\/blogdofarnesio.com.br\/?p=6836#article","isPartOf":{"@id":"https:\/\/blogdofarnesio.com.br\/?p=6836"},"author":{"name":"","@id":""},"headline":"Mutir\u00e3o Petrolina Saud\u00e1vel e Circuito de Esporte, prometem movimentar comunidade de Ponta da Serra","datePublished":"2011-09-25T08:00:05+00:00","mainEntityOfPage":{"@id":"https:\/\/blogdofarnesio.com.br\/?p=6836"},"wordCount":295,"commentCount":0,"publisher":{"@id":"https:\/\/blogdofarnesio.com.br\/#organization"},"image":{"@id":"https:\/\/blogdofarnesio.com.br\/?p=6836#primaryimage"},"thumbnailUrl":"http:\/\/www.quersaberpolitica.com.br\/2016\/wp-content\/uploads\/2012\/12\/blogqsppetsaudavel.jpg","articleSection":["Religi\u00e3o"],"inLanguage":"pt-BR","potentialAction":[{"@type":"CommentAction","name":"Comment","target":["https:\/\/blogdofarnesio.com.br\/?p=6836#respond"]}]},{"@type":"WebPage","@id":"https:\/\/blogdofarnesio.com.br\/?p=6836","url":"https:\/\/blogdofarnesio.com.br\/?p=6836","name":"Mutir\u00e3o Petrolina Saud\u00e1vel e Circuito de Esporte, prometem movimentar comunidade de Ponta da Serra - Blog do Farn\u00e9sio","isPartOf":{"@id":"https:\/\/blogdofarnesio.com.br\/#website"},"primaryImageOfPage":{"@id":"https:\/\/blogdofarnesio.com.br\/?p=6836#primaryimage"},"image":{"@id":"https:\/\/blogdofarnesio.com.br\/?p=6836#primaryimage"},"thumbnailUrl":"http:\/\/www.quersaberpolitica.com.br\/2016\/wp-content\/uploads\/2012\/12\/blogqsppetsaudavel.jpg","datePublished":"2011-09-25T08:00:05+00:00","breadcrumb":{"@id":"https:\/\/blogdofarnesio.com.br\/?p=6836#breadcrumb"},"inLanguage":"pt-BR","potentialAction":[{"@type":"ReadAction","target":["https:\/\/blogdofarnesio.com.br\/?p=6836"]}]},{"@type":"ImageObject","inLanguage":"pt-BR","@id":"https:\/\/blogdofarnesio.com.br\/?p=6836#primaryimage","url":"http:\/\/www.quersaberpolitica.com.br\/2016\/wp-content\/uploads\/2012\/12\/blogqsppetsaudavel.jpg","contentUrl":"http:\/\/www.quersaberpolitica.com.br\/2016\/wp-content\/uploads\/2012\/12\/blogqsppetsaudavel.jpg"},{"@type":"BreadcrumbList","@id":"https:\/\/blogdofarnesio.com.br\/?p=6836#breadcrumb","itemListElement":[{"@type":"ListItem","position":1,"name":"In\u00edcio","item":"https:\/\/blogdofarnesio.com.br\/"},{"@type":"ListItem","position":2,"name":"Mutir\u00e3o Petrolina Saud\u00e1vel e Circuito de Esporte, prometem movimentar comunidade de Ponta da Serra"}]},{"@type":"WebSite","@id":"https:\/\/blogdofarnesio.com.br\/#website","url":"https:\/\/blogdofarnesio.com.br\/","name":"Blog do Farn\u00e9sio","description":"Quer Saber Pol\u00edtica?","publisher":{"@id":"https:\/\/blogdofarnesio.com.br\/#organization"},"potentialAction":[{"@type":"SearchAction","target":{"@type":"EntryPoint","urlTemplate":"https:\/\/blogdofarnesio.com.br\/?s={search_term_string}"},"query-input":{"@type":"PropertyValueSpecification","valueRequired":true,"valueName":"search_term_string"}}],"inLanguage":"pt-BR"},{"@type":"Organization","@id":"https:\/\/blogdofarnesio.com.br\/#organization","name":"Blog do Farn\u00e9sio","url":"https:\/\/blogdofarnesio.com.br\/","logo":{"@type":"ImageObject","inLanguage":"pt-BR","@id":"https:\/\/blogdofarnesio.com.br\/#\/schema\/logo\/image\/","url":"https:\/\/blogdofarnesio.com.br\/wp-content\/uploads\/2026\/03\/cropped-logo_new-1.png","contentUrl":"https:\/\/blogdofarnesio.com.br\/wp-content\/uploads\/2026\/03\/cropped-logo_new-1.png","width":881,"height":685,"caption":"Blog do Farn\u00e9sio"},"image":{"@id":"https:\/\/blogdofarnesio.com.br\/#\/schema\/logo\/image\/"},"sameAs":["https:\/\/www.facebook.com\/BlogQuerSaberPolitica\/"]}]}},"_links":{"self":[{"href":"https:\/\/blogdofarnesio.com.br\/index.php?rest_route=\/wp\/v2\/posts\/6836","targetHints":{"allow":["GET"]}}],"collection":[{"href":"https:\/\/blogdofarnesio.com.br\/index.php?rest_route=\/wp\/v2\/posts"}],"about":[{"href":"https:\/\/blogdofarnesio.com.br\/index.php?rest_route=\/wp\/v2\/types\/post"}],"replies":[{"embeddable":true,"href":"https:\/\/blogdofarnesio.com.br\/index.php?rest_route=%2Fwp%2Fv2%2Fcomments&post=6836"}],"version-history":[{"count":0,"href":"https:\/\/blogdofarnesio.com.br\/index.php?rest_route=\/wp\/v2\/posts\/6836\/revisions"}],"wp:attachment":[{"href":"https:\/\/blogdofarnesio.com.br\/index.php?rest_route=%2Fwp%2Fv2%2Fmedia&parent=6836"}],"wp:term":[{"taxonomy":"category","embeddable":true,"href":"https:\/\/blogdofarnesio.com.br\/index.php?rest_route=%2Fwp%2Fv2%2Fcategories&post=6836"},{"taxonomy":"post_tag","embeddable":true,"href":"https:\/\/blogdofarnesio.com.br\/index.php?rest_route=%2Fwp%2Fv2%2Ftags&post=6836"}],"curies":[{"name":"wp","href":"https:\/\/api.w.org\/{rel}","templated":true}]}}