{"id":67646,"date":"2013-12-20T08:35:20","date_gmt":"2013-12-20T11:35:20","guid":{"rendered":"http:\/\/www.quersaberpolitica.com.br\/?p=67646"},"modified":"2013-12-19T20:42:49","modified_gmt":"2013-12-19T23:42:49","slug":"casa-nova-um-ano-construindo-o-futuro","status":"publish","type":"post","link":"https:\/\/blogdofarnesio.com.br\/?p=67646","title":{"rendered":"DIRETO DE CASA NOVA"},"content":{"rendered":"<p style=\"text-align: justify\"><strong>UM ANO CONSTRUINDO O FUTURO<\/strong><\/p>\n<p><img loading=\"lazy\" decoding=\"async\" class=\"alignleft size-medium wp-image-67647\" alt=\"BLOGASPCASANOVA\" src=\"http:\/\/www.quersaberpolitica.com.br\/2016\/wp-content\/uploads\/2013\/12\/1382258_238747106285659_471938612_n-300x200.jpg\" width=\"300\" height=\"200\" srcset=\"https:\/\/blogdofarnesio.com.br\/wp-content\/uploads\/2013\/12\/1382258_238747106285659_471938612_n-300x200.jpg 300w, https:\/\/blogdofarnesio.com.br\/wp-content\/uploads\/2013\/12\/1382258_238747106285659_471938612_n.jpg 400w\" sizes=\"auto, (max-width: 300px) 100vw, 300px\" \/><\/p>\n<p style=\"text-align: justify\">O governo Construindo o Futuro iniciou a sua gest\u00e3o em meio a diversas dificuldades encontradas no munic\u00edpio. Mas, paulatinamente a gest\u00e3o tem transformado o munic\u00edpio em um \u00e1pice de melhorias.<\/p>\n<p style=\"text-align: justify\">Iniciando fainas na cidade e interior o governo Construindo o futuro trouxe a Casa Nova a Limpeza P\u00fablica que \u00e9 de tamanha import\u00e2ncia na sede, povoados e distritos.<\/p>\n<p style=\"text-align: justify\">Em seu primeiro dia de trabalho \u00e0 frente do munic\u00edpio, a gest\u00e3o municipal organizou, junto com sua equipe, um mutir\u00e3o de limpeza em diversas ruas da cidade, com o objetivo de recolher todo o lixo acumulado por mais de 03 meses em que o munic\u00edpio esteve parado sem a coleta de lixo em que pudesse atender as necessidades de asseio das ruas, do centro aos bairros, e os lix\u00f5es estabelecidos no mercado central e nas ruas da cidade, inclusive os bairros.<!--more--><\/p>\n<p style=\"text-align: justify\">Em meados de fevereiro o resgate da cultura e entretenimento; foram realizados os festejos tradicionais, para atender as solicita\u00e7\u00f5es de moradores, visitantes, turistas, a gest\u00e3o realizou uma das melhores festas dos \u00faltimos anos no distrito de Pau a Pique. Depois da festa do Interior, as comemora\u00e7\u00f5es festivas em Pau a Pique s\u00e3o em 2\u00ba lugar a maior festa regional. O evento este ano, al\u00e9m das missas em adora\u00e7\u00e3o ao padroeiro, contou com as atra\u00e7\u00f5es musicais da cidade, regi\u00e3o e do Brasil.<\/p>\n<p style=\"text-align: justify\">A chegada antecipada da faculdade para Casa Nova que estava prevista para uma data posterior, ganhou mais notoriedade na Educa\u00e7\u00e3o: Em clima de humor e descontra\u00e7\u00e3o na noite de segunda-feira, 18 de fevereiro, foi inaugurada a ARFOR, conveniada com a UNEB, FNDE, CAPES, MEC, PMCN, A universidade, enfim, chegou a Casa Nova em parceria Prefeitura Municipal que investiu na Educa\u00e7\u00e3o, pilar de uma sociedade com desenvolvimento e amabilidade para um futuro de mais qualidade. No m\u00eas seguinte, em agosto, nas depend\u00eancias da Plataforma Freire houve tamb\u00e9m a abertura da 5\u00aa Oficina Articular PARFOR\/CASA NOVA-BA com o tema: \u201cEduca\u00e7\u00e3o Ambiental e Etnomatem\u00e1tica, Saberes e fazeres dos sujeitos sociais na feira livre do munic\u00edpio de Casa Nova.\u201d<\/p>\n<p style=\"text-align: justify\">O Sistema de abastecimento de \u00e1gua que estava sem condi\u00e7\u00e3o de uso foi reestabelecido atrav\u00e9s da sua autarquia SAAE, que tem apresentando melhorias consider\u00e1veis nos servi\u00e7os oferecidos \u00e0 popula\u00e7\u00e3o da sede e interior do munic\u00edpio. A a\u00e7\u00e3o de melhorias do sistema de abastecimento de \u00e1gua duplicou e est\u00e1 buscando mais recursos em projetos e parcerias que busquem melhorar a capta\u00e7\u00e3o, o tratamento e da distribui\u00e7\u00e3o de \u00e1gua em todas as \u00e1reas de Casa Nova, e est\u00e1 sendo realizadas obras de abastecimento d\u2019\u00e1gua em 27 localidades do munic\u00edpio, al\u00e9m da aquisi\u00e7\u00e3o de 3.501 cisternas em parceria com o Governo Federal com recursos do Programa de Acelera\u00e7\u00e3o do Crescimento (PAC).<\/p>\n<p style=\"text-align: justify\">As estradas vicinais que d\u00e3o acesso a importantes distritos e povoados tem sido recuperadas. Em todo o munic\u00edpio a gest\u00e3o municipal tem se empenhado para garantir o acesso \u00e0s localidades com mais seguran\u00e7a e tranquilidade nas estradas. Diversas localidades do munic\u00edpio j\u00e1 tem comodidade na locomo\u00e7\u00e3o do transporte para a sede. Com o objetivo de dar continuidade \u00e0s obras de melhorias de caminhos de acesso do interior do estado m\u00e1quinas trabalham em todo munic\u00edpio, o Governo de Casa Nova, por meio da Secretaria de Obras continua o trabalho na recupera\u00e7\u00e3o de estradas vicinais.<\/p>\n<p style=\"text-align: justify\">Em parceria com a Univasf o governo Construindo o Futuro trouxe a Casa Nova o projeto \u201cCarroceiro\u201d desenvolvido por docentes e discentes do curso de Medicina Veterin\u00e1ria da Universidade Federal do Vale do S\u00e3o Francisco (Univasf), com o objetivo de promover o bem-estar dos animais de tra\u00e7\u00e3o que trabalham no cotidiano sob a condu\u00e7\u00e3o dos seus propriet\u00e1rios ou n\u00e3o, os animais que costumam circular pelas ruas da cidade, informar sobre o manejo correto e bem-estar al\u00e9m de orientar sobre tratamento de feridas, nutri\u00e7\u00e3o e vacina\u00e7\u00e3o dos animais, distribui\u00e7\u00e3o de mistura de minerais, entre outros servi\u00e7os.<\/p>\n<p style=\"text-align: justify\">No incentivo ao esporte diversos setores tem colabora\u00e7\u00e3o do governo construindo o futuro. No dia 1\u00ba de maio aconteceu 22\u00aa Corrida cicl\u00edstica em Casa Nova \u2013Ba, com premia\u00e7\u00e3o para vencedores. Recentemente, o Campeonato de Futebol Municipal incentiva a participa\u00e7\u00e3o dos torcedores sem custos para entrar no est\u00e1dio. Na sede e interior, o esporte \u00e9 apoiado atrav\u00e9s da secretaria de Esportes, Cultura e Turismo.<\/p>\n<p style=\"text-align: justify\">Na Seguran\u00e7a P\u00fablica a gest\u00e3o municipal sancionou projeto de lei para constru\u00e7\u00e3o de uma delegacia. O poder executivo de Casa Nova doou ao Estado da Bahia, um im\u00f3vel com \u00e1rea total de 1125 metros quadrados para instala\u00e7\u00e3o de um pr\u00e9dio que ir\u00e1 abrigar um delegacia de pol\u00edcia.<\/p>\n<p style=\"text-align: justify\">Em parceria com o Governo Federal a prefeitura de Casa Nova entregou as unidades habitacionais do Residencial S\u00e3o Francisco II, do programa \u201cMinha Casa, Minha Vida\u201d, que beneficiou 279 fam\u00edlias. As casas do Residencial S\u00e3o Francisco II est\u00e3o localizadas na BR 235, com pavimenta\u00e7\u00e3o, redes de \u00e1gua, energia el\u00e9trica, drenagem e esgotamento sanit\u00e1rio.<\/p>\n<p style=\"text-align: justify\">A Semana Pedag\u00f3gica realizada De 5 a 7 de mar\u00e7o com mais de mil professores do munic\u00edpio tra\u00e7aram metas para o novo ano letivo a fim de estimular os docentes a melhor atuarem em sala de aula, tamb\u00e9m houve palestras motivacionais, com administradores de empresas e professores. O governo construindo o futuro atrav\u00e9s da Secretaria Municipal de Educa\u00e7\u00e3o fez a entrega de fardamentos escolares para todos os alunos da rede municipal de ensino. 30 mil alunos foram contemplados com fardas de \u00f3tima qualidade.<\/p>\n<p style=\"text-align: justify\">O governo construindo o futuro com o intuito de capacitar profissionais para o mercado de trabalho oferece curso de capacita\u00e7\u00e3o e gera\u00e7\u00e3o de renda para mulheres. Atrav\u00e9s da Secretaria de A\u00e7\u00e3o Social, por meio do Centro de Refer\u00eancia de Assist\u00eancia Social (Cras), est\u00e1 proporcionando \u00e0s mulheres em situa\u00e7\u00e3o de vulnerabilidade a oportunidade de participar de um curso de capacita\u00e7\u00e3o e gera\u00e7\u00e3o de renda.<\/p>\n<p style=\"text-align: justify\">Um sonho realizado foi \u00e0 chegada em Casa Nova da sua primeira ag\u00eancia da Caixa Econ\u00f4mica Federal.A Ag\u00eancia Casa Nova est\u00e1 situada no centro da cidade, em uma \u00e1rea de 178 m\u00b2, oferecendo todos os programas e servi\u00e7os disponibilizados pelo Banco, como acesso ao Bolsa Fam\u00edlia, Minha Casa, Minha Vida e FGTS.<\/p>\n<p style=\"text-align: justify\">A tradicional Festa do Interior que havia sido cancelada foi retomada a sua originalidade com a participa\u00e7\u00e3o de milhares de pessoas no p\u00e1tio da festa em que teve al\u00e9m de grandes atra\u00e7\u00f5es da m\u00fasica nacional e regional a valoriza\u00e7\u00e3o a cultura local com exposi\u00e7\u00e3o de artes artesanato entre outras peculiaridades do sertanejo. Foi uma das melhores festas realizadas em todos os tempos.<\/p>\n<p style=\"text-align: justify\">Recupera\u00e7\u00e3o das ruas e avenidas do centro da cidade tem sido um marco na constru\u00e7\u00e3o de um futuro melhor. A facilidade de locomo\u00e7\u00e3o veicular tem se tornado cada vez mais vis\u00edvel aos olhos de todos. Depois de um estudo minucioso realizado pela Secretaria de Obras, a Prefeitura de Casa Nova come\u00e7ou a opera\u00e7\u00e3o \u201ctapa buracos\u201d e recapear o asfalto das principais ruas e avenidas da cidade. O governo \u201cConstruindo o Futuro\u201d priorizou em car\u00e1ter de urg\u00eancia a recupera\u00e7\u00e3o das ruas em que se encontravam deterioradas.<\/p>\n<p style=\"text-align: justify\">Os benef\u00edcios do munic\u00edpio come\u00e7aram a chegar \u00e0s v\u00e9speras de lan\u00e7amento da \u201cFesta do Interior\u201d, a aquisi\u00e7\u00e3o de duas m\u00e1quinas que ajudam no trabalho de melhorias no munic\u00edpio. Uma retroescavadeira e uma motoniveladora recebidas com o Programa de Acelera\u00e7\u00e3o do Crescimento (PAC 2) para estruturar o munic\u00edpio e recuperar as estradas vicinais.<\/p>\n<p style=\"text-align: justify\">A Prefeitura de Casa iniciou um processo de regulariza\u00e7\u00e3o fundi\u00e1ria no distrito de Santana do Sobrado em parceria com o Banco do Brasil para que pessoas que n\u00e3o tem casa pr\u00f3pria na comunidade moram de aluguel ou de favor, possam ser contempladas com a uma moradia do programa Minha Casa Minha Vida constru\u00eddas no distrito, mas os t\u00edtulos dos im\u00f3veis onde elas residem tem que ser de Santana do Sobrado. Tamb\u00e9m no mesmo distrito Realizado a inaugura\u00e7\u00e3o de extens\u00e3o do Programa Bolsa Fam\u00edlia em Santana do Sobrado. Realizada a inaugura\u00e7\u00e3o de extens\u00e3o do Programa Bolsa Fam\u00edlia em Santana do Sobrado. Tamb\u00e9m no mesmo distrito, foi implantada a extens\u00e3o do Programa Bolsa Fam\u00edlia e a Secretaria Municipal de Assist\u00eancia Social para atender as fam\u00edlias de Santana e povoados vizinhos, com o intuito de facilitar a vida dos santanenses, evitando gastos desnecess\u00e1rios se deslocando para a sede.<\/p>\n<p style=\"text-align: justify\">Foram entregues ao munic\u00edpio duas ambul\u00e2ncias UTI, por meio da Secretaria de Sa\u00fade, adquiridas com recursos pr\u00f3prios, as duas ambul\u00e2ncias foram apresentados \u00e0 comunidade. As ambul\u00e2ncias est\u00e3o equipadas como UTI m\u00f3veis. Uma das ambul\u00e2ncias fica na sede do munic\u00edpio e a outra atende a regi\u00e3o do distrito de Santa do Sobrado.<\/p>\n<p style=\"text-align: justify\">Governo inaugurou novas instala\u00e7\u00f5es da Creche Tia Zizi A unidade, que atende atualmente 75 crian\u00e7as da comunidade, passou a funcionar na Quadra T, JAL, no bairro Topol, pr\u00f3ximo ao SAAE. A nova creche agora conta com espa\u00e7o amplo, videoteca, parquinho, sal\u00e3o de beleza, bebedouros, banheiros, cozinha, quarto para repouso, \u00e1rea recreativa e salas climatizadas.<\/p>\n<p style=\"text-align: justify\">Prefeitura de Casa Nova Bahia realizou o cadastramento gratuito de aquisi\u00e7\u00e3o do primeiro CPF em Santana do Sobrado atrav\u00e9s da Secretaria de Assist\u00eancia Social, em parceria com os Correios, servi\u00e7os de inscri\u00e7\u00f5es para obten\u00e7\u00e3o do 1\u00ba CPF, altera\u00e7\u00e3o do CPF, recadastramento do CPF e CPF para rec\u00e9m-nascidos.<\/p>\n<p style=\"text-align: justify\">O atendimento gratuito a popula\u00e7\u00e3o foi realizado nas depend\u00eancias da Extens\u00e3o da SMAS, localizada na Rua S\u00e3o Vicente, n\u00ba15. No total, entre crian\u00e7as e adultos foram atendidos 2.150 (Dois mil cento e cinquenta pessoas).<\/p>\n<p style=\"text-align: justify\">O governo construindo o futuro realizou entrega de sopa para fam\u00edlias carentes do interior.Monitores estiveram fazendo a distribui\u00e7\u00e3o na comunidade de macambira. Durante as visitas as fam\u00edlias a equipe da Assist\u00eancia Social observa algumas outras necessidades da popula\u00e7\u00e3o, crian\u00e7as em situa\u00e7\u00e3o de risco. Assistentes decidiram encaminhar qualquer crian\u00e7a que possa estar em situa\u00e7\u00e3o de risco para o Programa de Erradica\u00e7\u00e3o do Trabalho Infantil (PETI).<\/p>\n<p style=\"text-align: justify\">Com o incentivo ao Turismo as praias do munic\u00edpio tem de volta os visitantes e aimplementa\u00e7\u00e3o de atividades enotur\u00edsticas, apoiados pela Prefeitura Municipal atrav\u00e9s da Secretaria de cultura, turismo e esportes corroborados pela Secretaria de Obras que recentemente fez restaura\u00e7\u00e3o de estradas que d\u00e3o acesso aos pontos de laser, pr\u00f3ximo as comunidade de Bem \u2013 Bom e Pau a Pique. Cidades adjacentes e mais long\u00ednquas t\u00eam visitado os destinos tur\u00edsticos do munic\u00edpio de Casa Nova com mais frequ\u00eancia.<\/p>\n<p style=\"text-align: justify\">A ilumina\u00e7\u00e3o da cidade e povoados tem sido atendida pela JKS empresa respons\u00e1vel pelos servi\u00e7os de opera\u00e7\u00e3o e manuten\u00e7\u00e3o das instala\u00e7\u00f5es de ilumina\u00e7\u00e3o p\u00fablica na cidade. Os servi\u00e7os prestados pela empresa em parceria com prefeitura municipal tem melhorado a ilumina\u00e7\u00e3o p\u00fablica na sede e interior. Os anseios da popula\u00e7\u00e3o tem sido tratados com respeito a gest\u00e3o municipal tem mudado a hist\u00f3ria do munic\u00edpio. As ruas dos bairros Cohab Velha e Cohab Nova, Vila Mass\u00fa, Vila S\u00e3o Jer\u00f4nimo, Vila Papel\u00e3o, Vila Galv\u00e3o, Vila Azul, Topol, Bairro \u201cInvas\u00e3o\u201d, centro da cidade e pra\u00e7as da sede e povoados est\u00e3o iluminadas. Diversas localidades s\u00e3o atendidas pela empresa. Os povoados de Luiz Viana, Tiririca, Ouricuri, Lagoa dos Negros, Para Rural, Pau-a-Pique, Bem Bom, Barra da Cruz, Cacimbas, Jurema, Malv\u00e3o, Recreio I e II, Po\u00e7o da Pedra, Tanquinho, Lago, Santa Rita, Santo Antonio, Bugi,Santana do Sobrado, Baixa Grande, Lagoa dos Tintinos, Chapada do Avelar, Serra da Pimenta e regi\u00e3o, Riacho do Sobrado, Salgadinha, Riacho dos Algod\u00f5es, Santa Rita da Barragem, S\u00e3o Luiz e todos os povoados j\u00e1 tiveram e est\u00e3o tendo constantemente atua\u00e7\u00e3o da empresa JKS. A empresa Ilumine est\u00e1 nessas ocasi\u00f5es de alus\u00e3o ao Natal iluminando toda a pra\u00e7a decorada em todo o centro com \u00e1rvores implantadas com ilumina\u00e7\u00e3o nos postes e nas \u00e1rvores.<\/p>\n<p style=\"text-align: justify\">Os festejos em homenagem a padroeira Nossa Senhora da Concei\u00e7\u00e3o em Bem Bom e outras localidades foram realizados com sucesso. Grande p\u00fablico lotou as comunidades nas ocasi\u00f5es de festividades a as atra\u00e7\u00f5es musicais foram as melhores para os foli\u00f5es. Milhares de pessoas lotaram a pra\u00e7a de eventos da comunidade nos dois dias dos festejos em homenagem \u00e0 padroeira do Distrito. A comunidade de Bem Bom \u00e9 uma terra de povo ordeiro, trabalhador, alegre, festivo e acolhedor, nos dias 07 e 08, foi realizada a parte musical e cultural em homenagem \u00e0 padroeira com grandes atra\u00e7\u00f5es. Foram duas noites de festa. O distrito foi palco de encontro de amigos e familiares que se reencontram na ocasi\u00e3o da conhecida popularmente como \u201cFesta de Dezembro\u201d.<\/p>\n<p style=\"text-align: justify\">Essas e outras a\u00e7\u00f5es foram desenvolvidas nesse primeiro ano de mandato do governo Construindo O Futuro que indica uma verdadeira transforma\u00e7\u00e3o na vida do povo e do munic\u00edpio de Casa Nova.<\/p>\n<p><strong>Ascom \u2013 Gov. Construindo o Futuro<\/strong><\/p>\n","protected":false},"excerpt":{"rendered":"<p>UM ANO CONSTRUINDO O FUTURO O governo Construindo o Futuro iniciou a sua gest\u00e3o em meio a diversas dificuldades encontradas no munic\u00edpio. Mas, paulatinamente a gest\u00e3o tem transformado o munic\u00edpio em um \u00e1pice de melhorias. Iniciando fainas na cidade e interior o governo Construindo o futuro trouxe a Casa Nova a Limpeza P\u00fablica que \u00e9 de tamanha import\u00e2ncia na sede, povoados e distritos. Em seu primeiro dia de trabalho \u00e0 frente do munic\u00edpio, a gest\u00e3o municipal organizou, junto com sua equipe, um mutir\u00e3o de limpeza em diversas ruas da cidade, com o objetivo de recolher todo o lixo acumulado por mais de 03 meses em que o munic\u00edpio esteve parado sem a coleta de lixo em que pudesse atender as&hellip; <\/p>\n","protected":false},"author":3,"featured_media":0,"comment_status":"open","ping_status":"open","sticky":false,"template":"","format":"standard","meta":{"_acf_changed":false,"footnotes":""},"categories":[27],"tags":[],"class_list":["post-67646","post","type-post","status-publish","format-standard","hentry","category-cidades"],"acf":[],"yoast_head":"<!-- This site is optimized with the Yoast SEO plugin v27.4 - https:\/\/yoast.com\/product\/yoast-seo-wordpress\/ -->\n<title>DIRETO DE CASA NOVA - Blog do Farn\u00e9sio<\/title>\n<meta name=\"robots\" content=\"index, follow, max-snippet:-1, max-image-preview:large, max-video-preview:-1\" \/>\n<link rel=\"canonical\" href=\"https:\/\/blogdofarnesio.com.br\/?p=67646\" \/>\n<meta property=\"og:locale\" content=\"pt_BR\" \/>\n<meta property=\"og:type\" content=\"article\" \/>\n<meta property=\"og:title\" content=\"DIRETO DE CASA NOVA - Blog do Farn\u00e9sio\" \/>\n<meta property=\"og:description\" content=\"UM ANO CONSTRUINDO O FUTURO O governo Construindo o Futuro iniciou a sua gest\u00e3o em meio a diversas dificuldades encontradas no munic\u00edpio. Mas, paulatinamente a gest\u00e3o tem transformado o munic\u00edpio em um \u00e1pice de melhorias. Iniciando fainas na cidade e interior o governo Construindo o futuro trouxe a Casa Nova a Limpeza P\u00fablica que \u00e9 de tamanha import\u00e2ncia na sede, povoados e distritos. Em seu primeiro dia de trabalho \u00e0 frente do munic\u00edpio, a gest\u00e3o municipal organizou, junto com sua equipe, um mutir\u00e3o de limpeza em diversas ruas da cidade, com o objetivo de recolher todo o lixo acumulado por mais de 03 meses em que o munic\u00edpio esteve parado sem a coleta de lixo em que pudesse atender as&hellip;\" \/>\n<meta property=\"og:url\" content=\"https:\/\/blogdofarnesio.com.br\/?p=67646\" \/>\n<meta property=\"og:site_name\" content=\"Blog do Farn\u00e9sio\" \/>\n<meta property=\"article:publisher\" content=\"https:\/\/www.facebook.com\/BlogQuerSaberPolitica\/\" \/>\n<meta property=\"article:published_time\" content=\"2013-12-20T11:35:20+00:00\" \/>\n<meta property=\"og:image\" content=\"http:\/\/www.quersaberpolitica.com.br\/2016\/wp-content\/uploads\/2013\/12\/1382258_238747106285659_471938612_n-300x200.jpg\" \/>\n<meta name=\"author\" content=\"teste\" \/>\n<meta name=\"twitter:card\" content=\"summary_large_image\" \/>\n<meta name=\"twitter:label1\" content=\"Escrito por\" \/>\n\t<meta name=\"twitter:data1\" content=\"teste\" \/>\n\t<meta name=\"twitter:label2\" content=\"Est. tempo de leitura\" \/>\n\t<meta name=\"twitter:data2\" content=\"11 minutos\" \/>\n<script type=\"application\/ld+json\" class=\"yoast-schema-graph\">{\"@context\":\"https:\\\/\\\/schema.org\",\"@graph\":[{\"@type\":\"Article\",\"@id\":\"https:\\\/\\\/blogdofarnesio.com.br\\\/?p=67646#article\",\"isPartOf\":{\"@id\":\"https:\\\/\\\/blogdofarnesio.com.br\\\/?p=67646\"},\"author\":{\"name\":\"teste\",\"@id\":\"https:\\\/\\\/blogdofarnesio.com.br\\\/#\\\/schema\\\/person\\\/dd1bf5eba40b687199ba45ca6b97dff9\"},\"headline\":\"DIRETO DE CASA NOVA\",\"datePublished\":\"2013-12-20T11:35:20+00:00\",\"mainEntityOfPage\":{\"@id\":\"https:\\\/\\\/blogdofarnesio.com.br\\\/?p=67646\"},\"wordCount\":2259,\"commentCount\":2,\"publisher\":{\"@id\":\"https:\\\/\\\/blogdofarnesio.com.br\\\/#organization\"},\"image\":{\"@id\":\"https:\\\/\\\/blogdofarnesio.com.br\\\/?p=67646#primaryimage\"},\"thumbnailUrl\":\"http:\\\/\\\/www.quersaberpolitica.com.br\\\/2016\\\/wp-content\\\/uploads\\\/2013\\\/12\\\/1382258_238747106285659_471938612_n-300x200.jpg\",\"articleSection\":[\"Cidades\"],\"inLanguage\":\"pt-BR\",\"potentialAction\":[{\"@type\":\"CommentAction\",\"name\":\"Comment\",\"target\":[\"https:\\\/\\\/blogdofarnesio.com.br\\\/?p=67646#respond\"]}]},{\"@type\":\"WebPage\",\"@id\":\"https:\\\/\\\/blogdofarnesio.com.br\\\/?p=67646\",\"url\":\"https:\\\/\\\/blogdofarnesio.com.br\\\/?p=67646\",\"name\":\"DIRETO DE CASA NOVA - Blog do Farn\u00e9sio\",\"isPartOf\":{\"@id\":\"https:\\\/\\\/blogdofarnesio.com.br\\\/#website\"},\"primaryImageOfPage\":{\"@id\":\"https:\\\/\\\/blogdofarnesio.com.br\\\/?p=67646#primaryimage\"},\"image\":{\"@id\":\"https:\\\/\\\/blogdofarnesio.com.br\\\/?p=67646#primaryimage\"},\"thumbnailUrl\":\"http:\\\/\\\/www.quersaberpolitica.com.br\\\/2016\\\/wp-content\\\/uploads\\\/2013\\\/12\\\/1382258_238747106285659_471938612_n-300x200.jpg\",\"datePublished\":\"2013-12-20T11:35:20+00:00\",\"breadcrumb\":{\"@id\":\"https:\\\/\\\/blogdofarnesio.com.br\\\/?p=67646#breadcrumb\"},\"inLanguage\":\"pt-BR\",\"potentialAction\":[{\"@type\":\"ReadAction\",\"target\":[\"https:\\\/\\\/blogdofarnesio.com.br\\\/?p=67646\"]}]},{\"@type\":\"ImageObject\",\"inLanguage\":\"pt-BR\",\"@id\":\"https:\\\/\\\/blogdofarnesio.com.br\\\/?p=67646#primaryimage\",\"url\":\"http:\\\/\\\/www.quersaberpolitica.com.br\\\/2016\\\/wp-content\\\/uploads\\\/2013\\\/12\\\/1382258_238747106285659_471938612_n-300x200.jpg\",\"contentUrl\":\"http:\\\/\\\/www.quersaberpolitica.com.br\\\/2016\\\/wp-content\\\/uploads\\\/2013\\\/12\\\/1382258_238747106285659_471938612_n-300x200.jpg\"},{\"@type\":\"BreadcrumbList\",\"@id\":\"https:\\\/\\\/blogdofarnesio.com.br\\\/?p=67646#breadcrumb\",\"itemListElement\":[{\"@type\":\"ListItem\",\"position\":1,\"name\":\"In\u00edcio\",\"item\":\"https:\\\/\\\/blogdofarnesio.com.br\\\/\"},{\"@type\":\"ListItem\",\"position\":2,\"name\":\"DIRETO DE CASA NOVA\"}]},{\"@type\":\"WebSite\",\"@id\":\"https:\\\/\\\/blogdofarnesio.com.br\\\/#website\",\"url\":\"https:\\\/\\\/blogdofarnesio.com.br\\\/\",\"name\":\"Blog do Farn\u00e9sio\",\"description\":\"Quer Saber Pol\u00edtica?\",\"publisher\":{\"@id\":\"https:\\\/\\\/blogdofarnesio.com.br\\\/#organization\"},\"potentialAction\":[{\"@type\":\"SearchAction\",\"target\":{\"@type\":\"EntryPoint\",\"urlTemplate\":\"https:\\\/\\\/blogdofarnesio.com.br\\\/?s={search_term_string}\"},\"query-input\":{\"@type\":\"PropertyValueSpecification\",\"valueRequired\":true,\"valueName\":\"search_term_string\"}}],\"inLanguage\":\"pt-BR\"},{\"@type\":\"Organization\",\"@id\":\"https:\\\/\\\/blogdofarnesio.com.br\\\/#organization\",\"name\":\"Blog do Farn\u00e9sio\",\"url\":\"https:\\\/\\\/blogdofarnesio.com.br\\\/\",\"logo\":{\"@type\":\"ImageObject\",\"inLanguage\":\"pt-BR\",\"@id\":\"https:\\\/\\\/blogdofarnesio.com.br\\\/#\\\/schema\\\/logo\\\/image\\\/\",\"url\":\"https:\\\/\\\/blogdofarnesio.com.br\\\/wp-content\\\/uploads\\\/2026\\\/03\\\/cropped-logo_new-1.png\",\"contentUrl\":\"https:\\\/\\\/blogdofarnesio.com.br\\\/wp-content\\\/uploads\\\/2026\\\/03\\\/cropped-logo_new-1.png\",\"width\":881,\"height\":685,\"caption\":\"Blog do Farn\u00e9sio\"},\"image\":{\"@id\":\"https:\\\/\\\/blogdofarnesio.com.br\\\/#\\\/schema\\\/logo\\\/image\\\/\"},\"sameAs\":[\"https:\\\/\\\/www.facebook.com\\\/BlogQuerSaberPolitica\\\/\"]},{\"@type\":\"Person\",\"@id\":\"https:\\\/\\\/blogdofarnesio.com.br\\\/#\\\/schema\\\/person\\\/dd1bf5eba40b687199ba45ca6b97dff9\",\"name\":\"teste\",\"image\":{\"@type\":\"ImageObject\",\"inLanguage\":\"pt-BR\",\"@id\":\"https:\\\/\\\/secure.gravatar.com\\\/avatar\\\/2172498d4914b51e1d89a0f97957b035ac4938723a5cac208135d389b6972a6d?s=96&d=mm&r=g\",\"url\":\"https:\\\/\\\/secure.gravatar.com\\\/avatar\\\/2172498d4914b51e1d89a0f97957b035ac4938723a5cac208135d389b6972a6d?s=96&d=mm&r=g\",\"contentUrl\":\"https:\\\/\\\/secure.gravatar.com\\\/avatar\\\/2172498d4914b51e1d89a0f97957b035ac4938723a5cac208135d389b6972a6d?s=96&d=mm&r=g\",\"caption\":\"teste\"},\"url\":\"https:\\\/\\\/blogdofarnesio.com.br\\\/?author=3\"}]}<\/script>\n<!-- \/ Yoast SEO plugin. -->","yoast_head_json":{"title":"DIRETO DE CASA NOVA - Blog do Farn\u00e9sio","robots":{"index":"index","follow":"follow","max-snippet":"max-snippet:-1","max-image-preview":"max-image-preview:large","max-video-preview":"max-video-preview:-1"},"canonical":"https:\/\/blogdofarnesio.com.br\/?p=67646","og_locale":"pt_BR","og_type":"article","og_title":"DIRETO DE CASA NOVA - Blog do Farn\u00e9sio","og_description":"UM ANO CONSTRUINDO O FUTURO O governo Construindo o Futuro iniciou a sua gest\u00e3o em meio a diversas dificuldades encontradas no munic\u00edpio. Mas, paulatinamente a gest\u00e3o tem transformado o munic\u00edpio em um \u00e1pice de melhorias. Iniciando fainas na cidade e interior o governo Construindo o futuro trouxe a Casa Nova a Limpeza P\u00fablica que \u00e9 de tamanha import\u00e2ncia na sede, povoados e distritos. Em seu primeiro dia de trabalho \u00e0 frente do munic\u00edpio, a gest\u00e3o municipal organizou, junto com sua equipe, um mutir\u00e3o de limpeza em diversas ruas da cidade, com o objetivo de recolher todo o lixo acumulado por mais de 03 meses em que o munic\u00edpio esteve parado sem a coleta de lixo em que pudesse atender as&hellip;","og_url":"https:\/\/blogdofarnesio.com.br\/?p=67646","og_site_name":"Blog do Farn\u00e9sio","article_publisher":"https:\/\/www.facebook.com\/BlogQuerSaberPolitica\/","article_published_time":"2013-12-20T11:35:20+00:00","og_image":[{"url":"http:\/\/www.quersaberpolitica.com.br\/2016\/wp-content\/uploads\/2013\/12\/1382258_238747106285659_471938612_n-300x200.jpg","type":"","width":"","height":""}],"author":"teste","twitter_card":"summary_large_image","twitter_misc":{"Escrito por":"teste","Est. tempo de leitura":"11 minutos"},"schema":{"@context":"https:\/\/schema.org","@graph":[{"@type":"Article","@id":"https:\/\/blogdofarnesio.com.br\/?p=67646#article","isPartOf":{"@id":"https:\/\/blogdofarnesio.com.br\/?p=67646"},"author":{"name":"teste","@id":"https:\/\/blogdofarnesio.com.br\/#\/schema\/person\/dd1bf5eba40b687199ba45ca6b97dff9"},"headline":"DIRETO DE CASA NOVA","datePublished":"2013-12-20T11:35:20+00:00","mainEntityOfPage":{"@id":"https:\/\/blogdofarnesio.com.br\/?p=67646"},"wordCount":2259,"commentCount":2,"publisher":{"@id":"https:\/\/blogdofarnesio.com.br\/#organization"},"image":{"@id":"https:\/\/blogdofarnesio.com.br\/?p=67646#primaryimage"},"thumbnailUrl":"http:\/\/www.quersaberpolitica.com.br\/2016\/wp-content\/uploads\/2013\/12\/1382258_238747106285659_471938612_n-300x200.jpg","articleSection":["Cidades"],"inLanguage":"pt-BR","potentialAction":[{"@type":"CommentAction","name":"Comment","target":["https:\/\/blogdofarnesio.com.br\/?p=67646#respond"]}]},{"@type":"WebPage","@id":"https:\/\/blogdofarnesio.com.br\/?p=67646","url":"https:\/\/blogdofarnesio.com.br\/?p=67646","name":"DIRETO DE CASA NOVA - Blog do Farn\u00e9sio","isPartOf":{"@id":"https:\/\/blogdofarnesio.com.br\/#website"},"primaryImageOfPage":{"@id":"https:\/\/blogdofarnesio.com.br\/?p=67646#primaryimage"},"image":{"@id":"https:\/\/blogdofarnesio.com.br\/?p=67646#primaryimage"},"thumbnailUrl":"http:\/\/www.quersaberpolitica.com.br\/2016\/wp-content\/uploads\/2013\/12\/1382258_238747106285659_471938612_n-300x200.jpg","datePublished":"2013-12-20T11:35:20+00:00","breadcrumb":{"@id":"https:\/\/blogdofarnesio.com.br\/?p=67646#breadcrumb"},"inLanguage":"pt-BR","potentialAction":[{"@type":"ReadAction","target":["https:\/\/blogdofarnesio.com.br\/?p=67646"]}]},{"@type":"ImageObject","inLanguage":"pt-BR","@id":"https:\/\/blogdofarnesio.com.br\/?p=67646#primaryimage","url":"http:\/\/www.quersaberpolitica.com.br\/2016\/wp-content\/uploads\/2013\/12\/1382258_238747106285659_471938612_n-300x200.jpg","contentUrl":"http:\/\/www.quersaberpolitica.com.br\/2016\/wp-content\/uploads\/2013\/12\/1382258_238747106285659_471938612_n-300x200.jpg"},{"@type":"BreadcrumbList","@id":"https:\/\/blogdofarnesio.com.br\/?p=67646#breadcrumb","itemListElement":[{"@type":"ListItem","position":1,"name":"In\u00edcio","item":"https:\/\/blogdofarnesio.com.br\/"},{"@type":"ListItem","position":2,"name":"DIRETO DE CASA NOVA"}]},{"@type":"WebSite","@id":"https:\/\/blogdofarnesio.com.br\/#website","url":"https:\/\/blogdofarnesio.com.br\/","name":"Blog do Farn\u00e9sio","description":"Quer Saber Pol\u00edtica?","publisher":{"@id":"https:\/\/blogdofarnesio.com.br\/#organization"},"potentialAction":[{"@type":"SearchAction","target":{"@type":"EntryPoint","urlTemplate":"https:\/\/blogdofarnesio.com.br\/?s={search_term_string}"},"query-input":{"@type":"PropertyValueSpecification","valueRequired":true,"valueName":"search_term_string"}}],"inLanguage":"pt-BR"},{"@type":"Organization","@id":"https:\/\/blogdofarnesio.com.br\/#organization","name":"Blog do Farn\u00e9sio","url":"https:\/\/blogdofarnesio.com.br\/","logo":{"@type":"ImageObject","inLanguage":"pt-BR","@id":"https:\/\/blogdofarnesio.com.br\/#\/schema\/logo\/image\/","url":"https:\/\/blogdofarnesio.com.br\/wp-content\/uploads\/2026\/03\/cropped-logo_new-1.png","contentUrl":"https:\/\/blogdofarnesio.com.br\/wp-content\/uploads\/2026\/03\/cropped-logo_new-1.png","width":881,"height":685,"caption":"Blog do Farn\u00e9sio"},"image":{"@id":"https:\/\/blogdofarnesio.com.br\/#\/schema\/logo\/image\/"},"sameAs":["https:\/\/www.facebook.com\/BlogQuerSaberPolitica\/"]},{"@type":"Person","@id":"https:\/\/blogdofarnesio.com.br\/#\/schema\/person\/dd1bf5eba40b687199ba45ca6b97dff9","name":"teste","image":{"@type":"ImageObject","inLanguage":"pt-BR","@id":"https:\/\/secure.gravatar.com\/avatar\/2172498d4914b51e1d89a0f97957b035ac4938723a5cac208135d389b6972a6d?s=96&d=mm&r=g","url":"https:\/\/secure.gravatar.com\/avatar\/2172498d4914b51e1d89a0f97957b035ac4938723a5cac208135d389b6972a6d?s=96&d=mm&r=g","contentUrl":"https:\/\/secure.gravatar.com\/avatar\/2172498d4914b51e1d89a0f97957b035ac4938723a5cac208135d389b6972a6d?s=96&d=mm&r=g","caption":"teste"},"url":"https:\/\/blogdofarnesio.com.br\/?author=3"}]}},"_links":{"self":[{"href":"https:\/\/blogdofarnesio.com.br\/index.php?rest_route=\/wp\/v2\/posts\/67646","targetHints":{"allow":["GET"]}}],"collection":[{"href":"https:\/\/blogdofarnesio.com.br\/index.php?rest_route=\/wp\/v2\/posts"}],"about":[{"href":"https:\/\/blogdofarnesio.com.br\/index.php?rest_route=\/wp\/v2\/types\/post"}],"author":[{"embeddable":true,"href":"https:\/\/blogdofarnesio.com.br\/index.php?rest_route=\/wp\/v2\/users\/3"}],"replies":[{"embeddable":true,"href":"https:\/\/blogdofarnesio.com.br\/index.php?rest_route=%2Fwp%2Fv2%2Fcomments&post=67646"}],"version-history":[{"count":0,"href":"https:\/\/blogdofarnesio.com.br\/index.php?rest_route=\/wp\/v2\/posts\/67646\/revisions"}],"wp:attachment":[{"href":"https:\/\/blogdofarnesio.com.br\/index.php?rest_route=%2Fwp%2Fv2%2Fmedia&parent=67646"}],"wp:term":[{"taxonomy":"category","embeddable":true,"href":"https:\/\/blogdofarnesio.com.br\/index.php?rest_route=%2Fwp%2Fv2%2Fcategories&post=67646"},{"taxonomy":"post_tag","embeddable":true,"href":"https:\/\/blogdofarnesio.com.br\/index.php?rest_route=%2Fwp%2Fv2%2Ftags&post=67646"}],"curies":[{"name":"wp","href":"https:\/\/api.w.org\/{rel}","templated":true}]}}