{"id":67620,"date":"2013-12-19T09:20:59","date_gmt":"2013-12-19T12:20:59","guid":{"rendered":"http:\/\/www.quersaberpolitica.com.br\/?p=67620"},"modified":"2013-12-19T08:00:25","modified_gmt":"2013-12-19T11:00:25","slug":"elismar-goncalves-diz-que-esta-insatisfeito-com-a-atuacao-de-alguns-secretarios-de-petrolina","status":"publish","type":"post","link":"https:\/\/blogdofarnesio.com.br\/?p=67620","title":{"rendered":"ELISMAR GON\u00c7ALVES  DIZ QUE EST\u00c1 INSATISFEITO COM A ATUA\u00c7\u00c3O DE  ALGUNS SECRET\u00c1RIOS DE PETROLINA"},"content":{"rendered":"<p style=\"text-align: justify\"><a href=\"http:\/\/www.quersaberpolitica.com.br\/2016\/wp-content\/uploads\/2013\/12\/MG_6539-002.jpg\"><img loading=\"lazy\" decoding=\"async\" class=\"alignleft size-medium wp-image-67621\" alt=\"blogqspElismar\" src=\"http:\/\/www.quersaberpolitica.com.br\/2016\/wp-content\/uploads\/2013\/12\/MG_6539-002-300x200.jpg\" width=\"300\" height=\"200\" srcset=\"https:\/\/blogdofarnesio.com.br\/wp-content\/uploads\/2013\/12\/MG_6539-002-300x200.jpg 300w, https:\/\/blogdofarnesio.com.br\/wp-content\/uploads\/2013\/12\/MG_6539-002.jpg 400w\" sizes=\"auto, (max-width: 300px) 100vw, 300px\" \/><\/a>O l\u00edder do governo na c\u00e2mara de Petrolina, Elismar Gon\u00e7alves (PMDB) vem usando a imprensa h\u00e1 algumas semanas para mandar um recado ao prefeito J\u00falio L\u00f3ssio (PMDB). Ele tem criticado alguns setores da administra\u00e7\u00e3o municipal por n\u00e3o atender as demandas do munic\u00edpio.<\/p>\n<p style=\"text-align: justify\">\u201c administra\u00e7\u00e3o publica \u00e9 um quebra-cabe\u00e7as e cada um tem que fazer sua parte, o fato de eu estar l\u00edder n\u00e3o significa que eu n\u00e3o possa apontar, e fazemos isso enquanto amigo, de apontar. de melhorar a gest\u00e3o\u201d<\/p>\n<p style=\"text-align: justify\">As inesperadas declara\u00e7\u00f5es de Elismar geraram especula\u00e7\u00f5es de que a base do governo L\u00f3ssio na c\u00e2mara estivesse com rachaduras, ainda mais com derrotas sucessivas em vota\u00e7\u00f5es tidas como importantes. Mas o l\u00edder diz que as declara\u00e7\u00f5es n\u00e3o tem nenhum outro car\u00e1ter oculto. Trata-se, segundo ele, da tentativa de melhorar a administra\u00e7\u00e3o municipal. O parlamentar chegou a dizer que caso n\u00e3o fosse ouvido tomaria outro rumo, sugerindo at\u00e9 entregar o cargo de l\u00edder.<!--more--><\/p>\n<p style=\"text-align: justify\">Em entrevista recente concedida ao Blog, o peemedebista revelou que j\u00e1 conversou com o prefeito sobre as suas reivindica\u00e7\u00f5es e que ficou satisfeito com o resultado do encontro. \u201ca conversa foi boa\u201d, afirmou.<\/p>\n<p style=\"text-align: justify\">Elismar vai precisar de muita habilidade para aprovar na sess\u00e3o desta quinta-feira (19) o projeto de reforma administrativa encaminhado pelo executivo e que tem gerado muita pol\u00eamica. A oposi\u00e7\u00e3o diz j\u00e1 contar com nove votos contra a proposta faltando, portanto, apenas mais um para derrubar a reforma que, segundo eles, aumenta o n\u00famero de cargos comissionados e os gastos.<\/p>\n<p><strong>Rinaldo Lima<\/strong><\/p>\n","protected":false},"excerpt":{"rendered":"<p>O l\u00edder do governo na c\u00e2mara de Petrolina, Elismar Gon\u00e7alves (PMDB) vem usando a imprensa h\u00e1 algumas semanas para mandar um recado ao prefeito J\u00falio L\u00f3ssio (PMDB). Ele tem criticado alguns setores da administra\u00e7\u00e3o municipal por n\u00e3o atender as demandas do munic\u00edpio. \u201c administra\u00e7\u00e3o publica \u00e9 um quebra-cabe\u00e7as e cada um tem que fazer sua parte, o fato de eu estar l\u00edder n\u00e3o significa que eu n\u00e3o possa apontar, e fazemos isso enquanto amigo, de apontar. de melhorar a gest\u00e3o\u201d As inesperadas declara\u00e7\u00f5es de Elismar geraram especula\u00e7\u00f5es de que a base do governo L\u00f3ssio na c\u00e2mara estivesse com rachaduras, ainda mais com derrotas sucessivas em vota\u00e7\u00f5es tidas como importantes. Mas o l\u00edder diz que as declara\u00e7\u00f5es n\u00e3o tem nenhum outro&hellip; <\/p>\n","protected":false},"author":3,"featured_media":0,"comment_status":"open","ping_status":"open","sticky":false,"template":"","format":"standard","meta":{"_acf_changed":false,"footnotes":""},"categories":[1],"tags":[],"class_list":["post-67620","post","type-post","status-publish","format-standard","hentry","category-politica"],"acf":[],"yoast_head":"<!-- This site is optimized with the Yoast SEO plugin v27.4 - https:\/\/yoast.com\/product\/yoast-seo-wordpress\/ -->\n<title>ELISMAR GON\u00c7ALVES DIZ QUE EST\u00c1 INSATISFEITO COM A ATUA\u00c7\u00c3O DE ALGUNS SECRET\u00c1RIOS DE PETROLINA  - Blog do Farn\u00e9sio<\/title>\n<meta name=\"robots\" content=\"index, follow, max-snippet:-1, max-image-preview:large, max-video-preview:-1\" \/>\n<link rel=\"canonical\" href=\"https:\/\/blogdofarnesio.com.br\/?p=67620\" \/>\n<meta property=\"og:locale\" content=\"pt_BR\" \/>\n<meta property=\"og:type\" content=\"article\" \/>\n<meta property=\"og:title\" content=\"ELISMAR GON\u00c7ALVES DIZ QUE EST\u00c1 INSATISFEITO COM A ATUA\u00c7\u00c3O DE ALGUNS SECRET\u00c1RIOS DE PETROLINA  - Blog do Farn\u00e9sio\" \/>\n<meta property=\"og:description\" content=\"O l\u00edder do governo na c\u00e2mara de Petrolina, Elismar Gon\u00e7alves (PMDB) vem usando a imprensa h\u00e1 algumas semanas para mandar um recado ao prefeito J\u00falio L\u00f3ssio (PMDB). Ele tem criticado alguns setores da administra\u00e7\u00e3o municipal por n\u00e3o atender as demandas do munic\u00edpio. \u201c administra\u00e7\u00e3o publica \u00e9 um quebra-cabe\u00e7as e cada um tem que fazer sua parte, o fato de eu estar l\u00edder n\u00e3o significa que eu n\u00e3o possa apontar, e fazemos isso enquanto amigo, de apontar. de melhorar a gest\u00e3o\u201d As inesperadas declara\u00e7\u00f5es de Elismar geraram especula\u00e7\u00f5es de que a base do governo L\u00f3ssio na c\u00e2mara estivesse com rachaduras, ainda mais com derrotas sucessivas em vota\u00e7\u00f5es tidas como importantes. Mas o l\u00edder diz que as declara\u00e7\u00f5es n\u00e3o tem nenhum outro&hellip;\" \/>\n<meta property=\"og:url\" content=\"https:\/\/blogdofarnesio.com.br\/?p=67620\" \/>\n<meta property=\"og:site_name\" content=\"Blog do Farn\u00e9sio\" \/>\n<meta property=\"article:publisher\" content=\"https:\/\/www.facebook.com\/BlogQuerSaberPolitica\/\" \/>\n<meta property=\"article:published_time\" content=\"2013-12-19T12:20:59+00:00\" \/>\n<meta property=\"og:image\" content=\"http:\/\/www.quersaberpolitica.com.br\/2016\/wp-content\/uploads\/2013\/12\/MG_6539-002-300x200.jpg\" \/>\n<meta name=\"author\" content=\"teste\" \/>\n<meta name=\"twitter:card\" content=\"summary_large_image\" \/>\n<meta name=\"twitter:label1\" content=\"Escrito por\" \/>\n\t<meta name=\"twitter:data1\" content=\"teste\" \/>\n\t<meta name=\"twitter:label2\" content=\"Est. tempo de leitura\" \/>\n\t<meta name=\"twitter:data2\" content=\"1 minuto\" \/>\n<script type=\"application\/ld+json\" class=\"yoast-schema-graph\">{\"@context\":\"https:\\\/\\\/schema.org\",\"@graph\":[{\"@type\":\"Article\",\"@id\":\"https:\\\/\\\/blogdofarnesio.com.br\\\/?p=67620#article\",\"isPartOf\":{\"@id\":\"https:\\\/\\\/blogdofarnesio.com.br\\\/?p=67620\"},\"author\":{\"name\":\"teste\",\"@id\":\"https:\\\/\\\/blogdofarnesio.com.br\\\/#\\\/schema\\\/person\\\/dd1bf5eba40b687199ba45ca6b97dff9\"},\"headline\":\"ELISMAR GON\u00c7ALVES DIZ QUE EST\u00c1 INSATISFEITO COM A ATUA\u00c7\u00c3O DE ALGUNS SECRET\u00c1RIOS DE PETROLINA\",\"datePublished\":\"2013-12-19T12:20:59+00:00\",\"mainEntityOfPage\":{\"@id\":\"https:\\\/\\\/blogdofarnesio.com.br\\\/?p=67620\"},\"wordCount\":291,\"commentCount\":0,\"publisher\":{\"@id\":\"https:\\\/\\\/blogdofarnesio.com.br\\\/#organization\"},\"image\":{\"@id\":\"https:\\\/\\\/blogdofarnesio.com.br\\\/?p=67620#primaryimage\"},\"thumbnailUrl\":\"http:\\\/\\\/www.quersaberpolitica.com.br\\\/2016\\\/wp-content\\\/uploads\\\/2013\\\/12\\\/MG_6539-002-300x200.jpg\",\"articleSection\":[\"Pol\u00edtica\"],\"inLanguage\":\"pt-BR\",\"potentialAction\":[{\"@type\":\"CommentAction\",\"name\":\"Comment\",\"target\":[\"https:\\\/\\\/blogdofarnesio.com.br\\\/?p=67620#respond\"]}]},{\"@type\":\"WebPage\",\"@id\":\"https:\\\/\\\/blogdofarnesio.com.br\\\/?p=67620\",\"url\":\"https:\\\/\\\/blogdofarnesio.com.br\\\/?p=67620\",\"name\":\"ELISMAR GON\u00c7ALVES DIZ QUE EST\u00c1 INSATISFEITO COM A ATUA\u00c7\u00c3O DE ALGUNS SECRET\u00c1RIOS DE PETROLINA - Blog do Farn\u00e9sio\",\"isPartOf\":{\"@id\":\"https:\\\/\\\/blogdofarnesio.com.br\\\/#website\"},\"primaryImageOfPage\":{\"@id\":\"https:\\\/\\\/blogdofarnesio.com.br\\\/?p=67620#primaryimage\"},\"image\":{\"@id\":\"https:\\\/\\\/blogdofarnesio.com.br\\\/?p=67620#primaryimage\"},\"thumbnailUrl\":\"http:\\\/\\\/www.quersaberpolitica.com.br\\\/2016\\\/wp-content\\\/uploads\\\/2013\\\/12\\\/MG_6539-002-300x200.jpg\",\"datePublished\":\"2013-12-19T12:20:59+00:00\",\"breadcrumb\":{\"@id\":\"https:\\\/\\\/blogdofarnesio.com.br\\\/?p=67620#breadcrumb\"},\"inLanguage\":\"pt-BR\",\"potentialAction\":[{\"@type\":\"ReadAction\",\"target\":[\"https:\\\/\\\/blogdofarnesio.com.br\\\/?p=67620\"]}]},{\"@type\":\"ImageObject\",\"inLanguage\":\"pt-BR\",\"@id\":\"https:\\\/\\\/blogdofarnesio.com.br\\\/?p=67620#primaryimage\",\"url\":\"http:\\\/\\\/www.quersaberpolitica.com.br\\\/2016\\\/wp-content\\\/uploads\\\/2013\\\/12\\\/MG_6539-002-300x200.jpg\",\"contentUrl\":\"http:\\\/\\\/www.quersaberpolitica.com.br\\\/2016\\\/wp-content\\\/uploads\\\/2013\\\/12\\\/MG_6539-002-300x200.jpg\"},{\"@type\":\"BreadcrumbList\",\"@id\":\"https:\\\/\\\/blogdofarnesio.com.br\\\/?p=67620#breadcrumb\",\"itemListElement\":[{\"@type\":\"ListItem\",\"position\":1,\"name\":\"In\u00edcio\",\"item\":\"https:\\\/\\\/blogdofarnesio.com.br\\\/\"},{\"@type\":\"ListItem\",\"position\":2,\"name\":\"ELISMAR GON\u00c7ALVES DIZ QUE EST\u00c1 INSATISFEITO COM A ATUA\u00c7\u00c3O DE ALGUNS SECRET\u00c1RIOS DE PETROLINA\"}]},{\"@type\":\"WebSite\",\"@id\":\"https:\\\/\\\/blogdofarnesio.com.br\\\/#website\",\"url\":\"https:\\\/\\\/blogdofarnesio.com.br\\\/\",\"name\":\"Blog do Farn\u00e9sio\",\"description\":\"Quer Saber Pol\u00edtica?\",\"publisher\":{\"@id\":\"https:\\\/\\\/blogdofarnesio.com.br\\\/#organization\"},\"potentialAction\":[{\"@type\":\"SearchAction\",\"target\":{\"@type\":\"EntryPoint\",\"urlTemplate\":\"https:\\\/\\\/blogdofarnesio.com.br\\\/?s={search_term_string}\"},\"query-input\":{\"@type\":\"PropertyValueSpecification\",\"valueRequired\":true,\"valueName\":\"search_term_string\"}}],\"inLanguage\":\"pt-BR\"},{\"@type\":\"Organization\",\"@id\":\"https:\\\/\\\/blogdofarnesio.com.br\\\/#organization\",\"name\":\"Blog do Farn\u00e9sio\",\"url\":\"https:\\\/\\\/blogdofarnesio.com.br\\\/\",\"logo\":{\"@type\":\"ImageObject\",\"inLanguage\":\"pt-BR\",\"@id\":\"https:\\\/\\\/blogdofarnesio.com.br\\\/#\\\/schema\\\/logo\\\/image\\\/\",\"url\":\"https:\\\/\\\/blogdofarnesio.com.br\\\/wp-content\\\/uploads\\\/2026\\\/03\\\/cropped-logo_new-1.png\",\"contentUrl\":\"https:\\\/\\\/blogdofarnesio.com.br\\\/wp-content\\\/uploads\\\/2026\\\/03\\\/cropped-logo_new-1.png\",\"width\":881,\"height\":685,\"caption\":\"Blog do Farn\u00e9sio\"},\"image\":{\"@id\":\"https:\\\/\\\/blogdofarnesio.com.br\\\/#\\\/schema\\\/logo\\\/image\\\/\"},\"sameAs\":[\"https:\\\/\\\/www.facebook.com\\\/BlogQuerSaberPolitica\\\/\"]},{\"@type\":\"Person\",\"@id\":\"https:\\\/\\\/blogdofarnesio.com.br\\\/#\\\/schema\\\/person\\\/dd1bf5eba40b687199ba45ca6b97dff9\",\"name\":\"teste\",\"image\":{\"@type\":\"ImageObject\",\"inLanguage\":\"pt-BR\",\"@id\":\"https:\\\/\\\/secure.gravatar.com\\\/avatar\\\/2172498d4914b51e1d89a0f97957b035ac4938723a5cac208135d389b6972a6d?s=96&d=mm&r=g\",\"url\":\"https:\\\/\\\/secure.gravatar.com\\\/avatar\\\/2172498d4914b51e1d89a0f97957b035ac4938723a5cac208135d389b6972a6d?s=96&d=mm&r=g\",\"contentUrl\":\"https:\\\/\\\/secure.gravatar.com\\\/avatar\\\/2172498d4914b51e1d89a0f97957b035ac4938723a5cac208135d389b6972a6d?s=96&d=mm&r=g\",\"caption\":\"teste\"},\"url\":\"https:\\\/\\\/blogdofarnesio.com.br\\\/?author=3\"}]}<\/script>\n<!-- \/ Yoast SEO plugin. -->","yoast_head_json":{"title":"ELISMAR GON\u00c7ALVES DIZ QUE EST\u00c1 INSATISFEITO COM A ATUA\u00c7\u00c3O DE ALGUNS SECRET\u00c1RIOS DE PETROLINA  - Blog do Farn\u00e9sio","robots":{"index":"index","follow":"follow","max-snippet":"max-snippet:-1","max-image-preview":"max-image-preview:large","max-video-preview":"max-video-preview:-1"},"canonical":"https:\/\/blogdofarnesio.com.br\/?p=67620","og_locale":"pt_BR","og_type":"article","og_title":"ELISMAR GON\u00c7ALVES DIZ QUE EST\u00c1 INSATISFEITO COM A ATUA\u00c7\u00c3O DE ALGUNS SECRET\u00c1RIOS DE PETROLINA  - Blog do Farn\u00e9sio","og_description":"O l\u00edder do governo na c\u00e2mara de Petrolina, Elismar Gon\u00e7alves (PMDB) vem usando a imprensa h\u00e1 algumas semanas para mandar um recado ao prefeito J\u00falio L\u00f3ssio (PMDB). Ele tem criticado alguns setores da administra\u00e7\u00e3o municipal por n\u00e3o atender as demandas do munic\u00edpio. \u201c administra\u00e7\u00e3o publica \u00e9 um quebra-cabe\u00e7as e cada um tem que fazer sua parte, o fato de eu estar l\u00edder n\u00e3o significa que eu n\u00e3o possa apontar, e fazemos isso enquanto amigo, de apontar. de melhorar a gest\u00e3o\u201d As inesperadas declara\u00e7\u00f5es de Elismar geraram especula\u00e7\u00f5es de que a base do governo L\u00f3ssio na c\u00e2mara estivesse com rachaduras, ainda mais com derrotas sucessivas em vota\u00e7\u00f5es tidas como importantes. Mas o l\u00edder diz que as declara\u00e7\u00f5es n\u00e3o tem nenhum outro&hellip;","og_url":"https:\/\/blogdofarnesio.com.br\/?p=67620","og_site_name":"Blog do Farn\u00e9sio","article_publisher":"https:\/\/www.facebook.com\/BlogQuerSaberPolitica\/","article_published_time":"2013-12-19T12:20:59+00:00","og_image":[{"url":"http:\/\/www.quersaberpolitica.com.br\/2016\/wp-content\/uploads\/2013\/12\/MG_6539-002-300x200.jpg","type":"","width":"","height":""}],"author":"teste","twitter_card":"summary_large_image","twitter_misc":{"Escrito por":"teste","Est. tempo de leitura":"1 minuto"},"schema":{"@context":"https:\/\/schema.org","@graph":[{"@type":"Article","@id":"https:\/\/blogdofarnesio.com.br\/?p=67620#article","isPartOf":{"@id":"https:\/\/blogdofarnesio.com.br\/?p=67620"},"author":{"name":"teste","@id":"https:\/\/blogdofarnesio.com.br\/#\/schema\/person\/dd1bf5eba40b687199ba45ca6b97dff9"},"headline":"ELISMAR GON\u00c7ALVES DIZ QUE EST\u00c1 INSATISFEITO COM A ATUA\u00c7\u00c3O DE ALGUNS SECRET\u00c1RIOS DE PETROLINA","datePublished":"2013-12-19T12:20:59+00:00","mainEntityOfPage":{"@id":"https:\/\/blogdofarnesio.com.br\/?p=67620"},"wordCount":291,"commentCount":0,"publisher":{"@id":"https:\/\/blogdofarnesio.com.br\/#organization"},"image":{"@id":"https:\/\/blogdofarnesio.com.br\/?p=67620#primaryimage"},"thumbnailUrl":"http:\/\/www.quersaberpolitica.com.br\/2016\/wp-content\/uploads\/2013\/12\/MG_6539-002-300x200.jpg","articleSection":["Pol\u00edtica"],"inLanguage":"pt-BR","potentialAction":[{"@type":"CommentAction","name":"Comment","target":["https:\/\/blogdofarnesio.com.br\/?p=67620#respond"]}]},{"@type":"WebPage","@id":"https:\/\/blogdofarnesio.com.br\/?p=67620","url":"https:\/\/blogdofarnesio.com.br\/?p=67620","name":"ELISMAR GON\u00c7ALVES DIZ QUE EST\u00c1 INSATISFEITO COM A ATUA\u00c7\u00c3O DE ALGUNS SECRET\u00c1RIOS DE PETROLINA - Blog do Farn\u00e9sio","isPartOf":{"@id":"https:\/\/blogdofarnesio.com.br\/#website"},"primaryImageOfPage":{"@id":"https:\/\/blogdofarnesio.com.br\/?p=67620#primaryimage"},"image":{"@id":"https:\/\/blogdofarnesio.com.br\/?p=67620#primaryimage"},"thumbnailUrl":"http:\/\/www.quersaberpolitica.com.br\/2016\/wp-content\/uploads\/2013\/12\/MG_6539-002-300x200.jpg","datePublished":"2013-12-19T12:20:59+00:00","breadcrumb":{"@id":"https:\/\/blogdofarnesio.com.br\/?p=67620#breadcrumb"},"inLanguage":"pt-BR","potentialAction":[{"@type":"ReadAction","target":["https:\/\/blogdofarnesio.com.br\/?p=67620"]}]},{"@type":"ImageObject","inLanguage":"pt-BR","@id":"https:\/\/blogdofarnesio.com.br\/?p=67620#primaryimage","url":"http:\/\/www.quersaberpolitica.com.br\/2016\/wp-content\/uploads\/2013\/12\/MG_6539-002-300x200.jpg","contentUrl":"http:\/\/www.quersaberpolitica.com.br\/2016\/wp-content\/uploads\/2013\/12\/MG_6539-002-300x200.jpg"},{"@type":"BreadcrumbList","@id":"https:\/\/blogdofarnesio.com.br\/?p=67620#breadcrumb","itemListElement":[{"@type":"ListItem","position":1,"name":"In\u00edcio","item":"https:\/\/blogdofarnesio.com.br\/"},{"@type":"ListItem","position":2,"name":"ELISMAR GON\u00c7ALVES DIZ QUE EST\u00c1 INSATISFEITO COM A ATUA\u00c7\u00c3O DE ALGUNS SECRET\u00c1RIOS DE PETROLINA"}]},{"@type":"WebSite","@id":"https:\/\/blogdofarnesio.com.br\/#website","url":"https:\/\/blogdofarnesio.com.br\/","name":"Blog do Farn\u00e9sio","description":"Quer Saber Pol\u00edtica?","publisher":{"@id":"https:\/\/blogdofarnesio.com.br\/#organization"},"potentialAction":[{"@type":"SearchAction","target":{"@type":"EntryPoint","urlTemplate":"https:\/\/blogdofarnesio.com.br\/?s={search_term_string}"},"query-input":{"@type":"PropertyValueSpecification","valueRequired":true,"valueName":"search_term_string"}}],"inLanguage":"pt-BR"},{"@type":"Organization","@id":"https:\/\/blogdofarnesio.com.br\/#organization","name":"Blog do Farn\u00e9sio","url":"https:\/\/blogdofarnesio.com.br\/","logo":{"@type":"ImageObject","inLanguage":"pt-BR","@id":"https:\/\/blogdofarnesio.com.br\/#\/schema\/logo\/image\/","url":"https:\/\/blogdofarnesio.com.br\/wp-content\/uploads\/2026\/03\/cropped-logo_new-1.png","contentUrl":"https:\/\/blogdofarnesio.com.br\/wp-content\/uploads\/2026\/03\/cropped-logo_new-1.png","width":881,"height":685,"caption":"Blog do Farn\u00e9sio"},"image":{"@id":"https:\/\/blogdofarnesio.com.br\/#\/schema\/logo\/image\/"},"sameAs":["https:\/\/www.facebook.com\/BlogQuerSaberPolitica\/"]},{"@type":"Person","@id":"https:\/\/blogdofarnesio.com.br\/#\/schema\/person\/dd1bf5eba40b687199ba45ca6b97dff9","name":"teste","image":{"@type":"ImageObject","inLanguage":"pt-BR","@id":"https:\/\/secure.gravatar.com\/avatar\/2172498d4914b51e1d89a0f97957b035ac4938723a5cac208135d389b6972a6d?s=96&d=mm&r=g","url":"https:\/\/secure.gravatar.com\/avatar\/2172498d4914b51e1d89a0f97957b035ac4938723a5cac208135d389b6972a6d?s=96&d=mm&r=g","contentUrl":"https:\/\/secure.gravatar.com\/avatar\/2172498d4914b51e1d89a0f97957b035ac4938723a5cac208135d389b6972a6d?s=96&d=mm&r=g","caption":"teste"},"url":"https:\/\/blogdofarnesio.com.br\/?author=3"}]}},"_links":{"self":[{"href":"https:\/\/blogdofarnesio.com.br\/index.php?rest_route=\/wp\/v2\/posts\/67620","targetHints":{"allow":["GET"]}}],"collection":[{"href":"https:\/\/blogdofarnesio.com.br\/index.php?rest_route=\/wp\/v2\/posts"}],"about":[{"href":"https:\/\/blogdofarnesio.com.br\/index.php?rest_route=\/wp\/v2\/types\/post"}],"author":[{"embeddable":true,"href":"https:\/\/blogdofarnesio.com.br\/index.php?rest_route=\/wp\/v2\/users\/3"}],"replies":[{"embeddable":true,"href":"https:\/\/blogdofarnesio.com.br\/index.php?rest_route=%2Fwp%2Fv2%2Fcomments&post=67620"}],"version-history":[{"count":0,"href":"https:\/\/blogdofarnesio.com.br\/index.php?rest_route=\/wp\/v2\/posts\/67620\/revisions"}],"wp:attachment":[{"href":"https:\/\/blogdofarnesio.com.br\/index.php?rest_route=%2Fwp%2Fv2%2Fmedia&parent=67620"}],"wp:term":[{"taxonomy":"category","embeddable":true,"href":"https:\/\/blogdofarnesio.com.br\/index.php?rest_route=%2Fwp%2Fv2%2Fcategories&post=67620"},{"taxonomy":"post_tag","embeddable":true,"href":"https:\/\/blogdofarnesio.com.br\/index.php?rest_route=%2Fwp%2Fv2%2Ftags&post=67620"}],"curies":[{"name":"wp","href":"https:\/\/api.w.org\/{rel}","templated":true}]}}