{"id":67610,"date":"2013-12-19T10:27:59","date_gmt":"2013-12-19T13:27:59","guid":{"rendered":"http:\/\/www.quersaberpolitica.com.br\/?p=67610"},"modified":"2013-12-19T08:29:21","modified_gmt":"2013-12-19T11:29:21","slug":"programa-minha-casa-minha-vida-em-petrolina-realiza-mais-uma-etapa-de-contratacao","status":"publish","type":"post","link":"https:\/\/blogdofarnesio.com.br\/?p=67610","title":{"rendered":"PROGRAMA MINHA CASA MINHA VIDA EM PETROLINA REALIZA MAIS UMA ETAPA DE CONTRATA\u00c7\u00c3O"},"content":{"rendered":"<p style=\"text-align: justify\"><a href=\"http:\/\/www.quersaberpolitica.com.br\/2016\/wp-content\/uploads\/2013\/12\/habita\u00e7\u00e3o1.jpg\"><img loading=\"lazy\" decoding=\"async\" class=\"alignleft size-medium wp-image-67611\" alt=\"blogqsp.minhacasa\" src=\"http:\/\/www.quersaberpolitica.com.br\/2016\/wp-content\/uploads\/2013\/12\/habita\u00e7\u00e3o1-300x214.jpg\" width=\"300\" height=\"214\" srcset=\"https:\/\/blogdofarnesio.com.br\/wp-content\/uploads\/2013\/12\/habita\u00e7\u00e3o1-300x214.jpg 300w, https:\/\/blogdofarnesio.com.br\/wp-content\/uploads\/2013\/12\/habita\u00e7\u00e3o1.jpg 400w\" sizes=\"auto, (max-width: 300px) 100vw, 300px\" \/><\/a>Profissionais de v\u00e1rias categorias come\u00e7am a realizar a primeira etapa de contrata\u00e7\u00e3o para adquirir a casa pr\u00f3pria do Programa Minha Casa Minha Vida Entidades.<\/p>\n<p style=\"text-align: justify\">A primeira assinatura acontece no Sest Senat. Cada categoria contemplada no Programa tem um um representante para dialogar com a Habitat Para Humanidade, entidade respons\u00e1vel pela elabora\u00e7\u00e3o do projeto e tamb\u00e9m com a Secretaria Municipal de Habita\u00e7\u00e3o e acompanhar o processo de constru\u00e7\u00e3o das casas.<\/p>\n<p style=\"text-align: justify\">Nessas duas primeiras etapas est\u00e3o sendo beneficiadas 499 fam\u00edlias de mototaxistas, servidores municipais, vigilantes, dom\u00e9sticas, deficientes, idosos e outras categorias de trabalhadores com o Programa Minha Casa Minha Vida Entidades \u00e9 resultante do Projeto de Lei de autoria do Executivo Municipal. As casas est\u00e3o previstas para serem entregues em 15 meses.<\/p>\n<p style=\"text-align: justify\">O Programa Minha Casa, Minha Vida Entidades beneficiar\u00e1 mais de mil fam\u00edlias com a aquisi\u00e7\u00e3o da casa pr\u00f3pria. As casas ser\u00e3o constru\u00eddas no Bairro Pedra Linda. As presta\u00e7\u00f5es do financiamento cair\u00e3o de R$ 300 para uma m\u00e9dia de R$ 25 A R$ 80.<!--more--><\/p>\n<p style=\"text-align: justify\">O secret\u00e1rio municipal de Habita\u00e7\u00e3o, Edinaldo Lima , frisa que o novo modelo do programa Federal que \u00e9 conduzido em parceria com o munic\u00edpio e a entidade Habitat ,\u00e9 diferente do Minha Casa Minha Vida faixa 1. \u201c O objetivo \u00e9 o munic\u00edpio em parceria com o Governo Federal poder direcionar para o programa algumas categorias de trabalhadores\u201d, explica o secret\u00e1rio.<\/p>\n<p style=\"text-align: justify\">&#8220;\u00c9 uma ben\u00e7\u00e3o e facilitou muito para mim e todos os colegas mototaxistas, como sei tamb\u00e9m que para muitas categorias profissionais que est\u00e3o sendo contempladas e que ainda ser\u00e3o contempladas\u201d, comemora o mototaxista Jos\u00e9 L\u00facio Soares, que tem 4 filhos e vive de aluguel h\u00e1 16 anos. &#8220;\u00c9 um sonho que todos podem correr atr\u00e1s porque realizam\u201d.<\/p>\n<p style=\"text-align: justify\">O gestor de Habita\u00e7\u00e3o Edinaldo Lima frisa que o Minha Casa Minha Vida 1 j\u00e1 estar\u00e1 com 6 mil moradias com as primeiras unidades prontas em abril atendendo fam\u00edlias em situa\u00e7\u00e3o de moradias de risco, ocupa\u00e7\u00f5es, desempregados, donas de casa, pessoas com defici\u00eancia, idosos. Em rela\u00e7\u00e3o ao Minha Casa Minha Vida Entidades ele destaca que no final ser\u00e3o beneficiadas mais de mil pessoas. &#8221; Estamos trabalhando nele h\u00e1 quase dois anos, ampliando os benef\u00edcios do Minha Casa Minha Visa para outras categorias de fam\u00edlias, de trabalhadores, que at\u00e9 agora n\u00e3o tiveram oportunidade de participar de um programa t\u00e3o importante\u201d, acrescenta Edinaldo.<\/p>\n<p style=\"text-align: justify\">A prefeitura tem uma preocupa\u00e7\u00e3o em construir as moradias do Programa Minha Casa Minha Vida dentro de um planejamento urbano. \u201cS\u00e3o constru\u00e7\u00f5es que acontecem de forma muito espalhadas no munic\u00edpio. Temos casa no Nova Petrolina, regi\u00e3o da Cohab VI; na BR-428, regi\u00e3o do Dom Avelar e na regi\u00e3o sul como no loteamento Pedra Linda. Ent\u00e3o isso \u00e9 um preocupa\u00e7\u00e3o nossa do ponto de vista que permite que a cidade cres\u00e7a e contemple as fam\u00edlias que mais precisam de moradias em regi\u00f5es boas, com planejamento urbano, conforme o Estatuto das Cidades e o Plano Diretor do munic\u00edpio que \u00e9 garantir o direito a moradia e a cidade que permita com qualidade e sustentabilidade\u201d, explica Edinaldo Lima.<\/p>\n<p style=\"text-align: justify\">A primeira etapa de assinatura dos contratos acontece at\u00e9 a pr\u00f3xima sexta (20) e no domingo (22), a partir das 8 h, no Sest Senat.<\/p>\n<p><strong>Texto: Soraide Cavalcanti-Fotos: Gilson Santos<\/strong><\/p>\n","protected":false},"excerpt":{"rendered":"<p>Profissionais de v\u00e1rias categorias come\u00e7am a realizar a primeira etapa de contrata\u00e7\u00e3o para adquirir a casa pr\u00f3pria do Programa Minha Casa Minha Vida Entidades. A primeira assinatura acontece no Sest Senat. Cada categoria contemplada no Programa tem um um representante para dialogar com a Habitat Para Humanidade, entidade respons\u00e1vel pela elabora\u00e7\u00e3o do projeto e tamb\u00e9m com a Secretaria Municipal de Habita\u00e7\u00e3o e acompanhar o processo de constru\u00e7\u00e3o das casas. Nessas duas primeiras etapas est\u00e3o sendo beneficiadas 499 fam\u00edlias de mototaxistas, servidores municipais, vigilantes, dom\u00e9sticas, deficientes, idosos e outras categorias de trabalhadores com o Programa Minha Casa Minha Vida Entidades \u00e9 resultante do Projeto de Lei de autoria do Executivo Municipal. As casas est\u00e3o previstas para serem entregues em 15 meses.&hellip; <\/p>\n","protected":false},"author":3,"featured_media":0,"comment_status":"open","ping_status":"open","sticky":false,"template":"","format":"standard","meta":{"_acf_changed":false,"footnotes":""},"categories":[],"tags":[],"class_list":["post-67610","post","type-post","status-publish","format-standard","hentry"],"acf":[],"yoast_head":"<!-- This site is optimized with the Yoast SEO plugin v27.4 - https:\/\/yoast.com\/product\/yoast-seo-wordpress\/ -->\n<title>PROGRAMA MINHA CASA MINHA VIDA EM PETROLINA REALIZA MAIS UMA ETAPA DE CONTRATA\u00c7\u00c3O - Blog do Farn\u00e9sio<\/title>\n<meta name=\"robots\" content=\"index, follow, max-snippet:-1, max-image-preview:large, max-video-preview:-1\" \/>\n<link rel=\"canonical\" href=\"https:\/\/blogdofarnesio.com.br\/?p=67610\" \/>\n<meta property=\"og:locale\" content=\"pt_BR\" \/>\n<meta property=\"og:type\" content=\"article\" \/>\n<meta property=\"og:title\" content=\"PROGRAMA MINHA CASA MINHA VIDA EM PETROLINA REALIZA MAIS UMA ETAPA DE CONTRATA\u00c7\u00c3O - Blog do Farn\u00e9sio\" \/>\n<meta property=\"og:description\" content=\"Profissionais de v\u00e1rias categorias come\u00e7am a realizar a primeira etapa de contrata\u00e7\u00e3o para adquirir a casa pr\u00f3pria do Programa Minha Casa Minha Vida Entidades. A primeira assinatura acontece no Sest Senat. Cada categoria contemplada no Programa tem um um representante para dialogar com a Habitat Para Humanidade, entidade respons\u00e1vel pela elabora\u00e7\u00e3o do projeto e tamb\u00e9m com a Secretaria Municipal de Habita\u00e7\u00e3o e acompanhar o processo de constru\u00e7\u00e3o das casas. Nessas duas primeiras etapas est\u00e3o sendo beneficiadas 499 fam\u00edlias de mototaxistas, servidores municipais, vigilantes, dom\u00e9sticas, deficientes, idosos e outras categorias de trabalhadores com o Programa Minha Casa Minha Vida Entidades \u00e9 resultante do Projeto de Lei de autoria do Executivo Municipal. As casas est\u00e3o previstas para serem entregues em 15 meses.&hellip;\" \/>\n<meta property=\"og:url\" content=\"https:\/\/blogdofarnesio.com.br\/?p=67610\" \/>\n<meta property=\"og:site_name\" content=\"Blog do Farn\u00e9sio\" \/>\n<meta property=\"article:publisher\" content=\"https:\/\/www.facebook.com\/BlogQuerSaberPolitica\/\" \/>\n<meta property=\"article:published_time\" content=\"2013-12-19T13:27:59+00:00\" \/>\n<meta name=\"author\" content=\"teste\" \/>\n<meta name=\"twitter:card\" content=\"summary_large_image\" \/>\n<meta name=\"twitter:label1\" content=\"Escrito por\" \/>\n\t<meta name=\"twitter:data1\" content=\"teste\" \/>\n\t<meta name=\"twitter:label2\" content=\"Est. tempo de leitura\" \/>\n\t<meta name=\"twitter:data2\" content=\"3 minutos\" \/>\n<script type=\"application\/ld+json\" class=\"yoast-schema-graph\">{\"@context\":\"https:\\\/\\\/schema.org\",\"@graph\":[{\"@type\":\"Article\",\"@id\":\"https:\\\/\\\/blogdofarnesio.com.br\\\/?p=67610#article\",\"isPartOf\":{\"@id\":\"https:\\\/\\\/blogdofarnesio.com.br\\\/?p=67610\"},\"author\":{\"name\":\"teste\",\"@id\":\"https:\\\/\\\/blogdofarnesio.com.br\\\/#\\\/schema\\\/person\\\/dd1bf5eba40b687199ba45ca6b97dff9\"},\"headline\":\"PROGRAMA MINHA CASA MINHA VIDA EM PETROLINA REALIZA MAIS UMA ETAPA DE CONTRATA\u00c7\u00c3O\",\"datePublished\":\"2013-12-19T13:27:59+00:00\",\"mainEntityOfPage\":{\"@id\":\"https:\\\/\\\/blogdofarnesio.com.br\\\/?p=67610\"},\"wordCount\":574,\"commentCount\":1,\"publisher\":{\"@id\":\"https:\\\/\\\/blogdofarnesio.com.br\\\/#organization\"},\"inLanguage\":\"pt-BR\",\"potentialAction\":[{\"@type\":\"CommentAction\",\"name\":\"Comment\",\"target\":[\"https:\\\/\\\/blogdofarnesio.com.br\\\/?p=67610#respond\"]}]},{\"@type\":\"WebPage\",\"@id\":\"https:\\\/\\\/blogdofarnesio.com.br\\\/?p=67610\",\"url\":\"https:\\\/\\\/blogdofarnesio.com.br\\\/?p=67610\",\"name\":\"PROGRAMA MINHA CASA MINHA VIDA EM PETROLINA REALIZA MAIS UMA ETAPA DE CONTRATA\u00c7\u00c3O - Blog do Farn\u00e9sio\",\"isPartOf\":{\"@id\":\"https:\\\/\\\/blogdofarnesio.com.br\\\/#website\"},\"datePublished\":\"2013-12-19T13:27:59+00:00\",\"breadcrumb\":{\"@id\":\"https:\\\/\\\/blogdofarnesio.com.br\\\/?p=67610#breadcrumb\"},\"inLanguage\":\"pt-BR\",\"potentialAction\":[{\"@type\":\"ReadAction\",\"target\":[\"https:\\\/\\\/blogdofarnesio.com.br\\\/?p=67610\"]}]},{\"@type\":\"BreadcrumbList\",\"@id\":\"https:\\\/\\\/blogdofarnesio.com.br\\\/?p=67610#breadcrumb\",\"itemListElement\":[{\"@type\":\"ListItem\",\"position\":1,\"name\":\"In\u00edcio\",\"item\":\"https:\\\/\\\/blogdofarnesio.com.br\\\/\"},{\"@type\":\"ListItem\",\"position\":2,\"name\":\"PROGRAMA MINHA CASA MINHA VIDA EM PETROLINA REALIZA MAIS UMA ETAPA DE CONTRATA\u00c7\u00c3O\"}]},{\"@type\":\"WebSite\",\"@id\":\"https:\\\/\\\/blogdofarnesio.com.br\\\/#website\",\"url\":\"https:\\\/\\\/blogdofarnesio.com.br\\\/\",\"name\":\"Blog do Farn\u00e9sio\",\"description\":\"Quer Saber Pol\u00edtica?\",\"publisher\":{\"@id\":\"https:\\\/\\\/blogdofarnesio.com.br\\\/#organization\"},\"potentialAction\":[{\"@type\":\"SearchAction\",\"target\":{\"@type\":\"EntryPoint\",\"urlTemplate\":\"https:\\\/\\\/blogdofarnesio.com.br\\\/?s={search_term_string}\"},\"query-input\":{\"@type\":\"PropertyValueSpecification\",\"valueRequired\":true,\"valueName\":\"search_term_string\"}}],\"inLanguage\":\"pt-BR\"},{\"@type\":\"Organization\",\"@id\":\"https:\\\/\\\/blogdofarnesio.com.br\\\/#organization\",\"name\":\"Blog do Farn\u00e9sio\",\"url\":\"https:\\\/\\\/blogdofarnesio.com.br\\\/\",\"logo\":{\"@type\":\"ImageObject\",\"inLanguage\":\"pt-BR\",\"@id\":\"https:\\\/\\\/blogdofarnesio.com.br\\\/#\\\/schema\\\/logo\\\/image\\\/\",\"url\":\"https:\\\/\\\/blogdofarnesio.com.br\\\/wp-content\\\/uploads\\\/2026\\\/03\\\/cropped-logo_new-1.png\",\"contentUrl\":\"https:\\\/\\\/blogdofarnesio.com.br\\\/wp-content\\\/uploads\\\/2026\\\/03\\\/cropped-logo_new-1.png\",\"width\":881,\"height\":685,\"caption\":\"Blog do Farn\u00e9sio\"},\"image\":{\"@id\":\"https:\\\/\\\/blogdofarnesio.com.br\\\/#\\\/schema\\\/logo\\\/image\\\/\"},\"sameAs\":[\"https:\\\/\\\/www.facebook.com\\\/BlogQuerSaberPolitica\\\/\"]},{\"@type\":\"Person\",\"@id\":\"https:\\\/\\\/blogdofarnesio.com.br\\\/#\\\/schema\\\/person\\\/dd1bf5eba40b687199ba45ca6b97dff9\",\"name\":\"teste\",\"image\":{\"@type\":\"ImageObject\",\"inLanguage\":\"pt-BR\",\"@id\":\"https:\\\/\\\/secure.gravatar.com\\\/avatar\\\/2172498d4914b51e1d89a0f97957b035ac4938723a5cac208135d389b6972a6d?s=96&d=mm&r=g\",\"url\":\"https:\\\/\\\/secure.gravatar.com\\\/avatar\\\/2172498d4914b51e1d89a0f97957b035ac4938723a5cac208135d389b6972a6d?s=96&d=mm&r=g\",\"contentUrl\":\"https:\\\/\\\/secure.gravatar.com\\\/avatar\\\/2172498d4914b51e1d89a0f97957b035ac4938723a5cac208135d389b6972a6d?s=96&d=mm&r=g\",\"caption\":\"teste\"},\"url\":\"https:\\\/\\\/blogdofarnesio.com.br\\\/?author=3\"}]}<\/script>\n<!-- \/ Yoast SEO plugin. -->","yoast_head_json":{"title":"PROGRAMA MINHA CASA MINHA VIDA EM PETROLINA REALIZA MAIS UMA ETAPA DE CONTRATA\u00c7\u00c3O - Blog do Farn\u00e9sio","robots":{"index":"index","follow":"follow","max-snippet":"max-snippet:-1","max-image-preview":"max-image-preview:large","max-video-preview":"max-video-preview:-1"},"canonical":"https:\/\/blogdofarnesio.com.br\/?p=67610","og_locale":"pt_BR","og_type":"article","og_title":"PROGRAMA MINHA CASA MINHA VIDA EM PETROLINA REALIZA MAIS UMA ETAPA DE CONTRATA\u00c7\u00c3O - Blog do Farn\u00e9sio","og_description":"Profissionais de v\u00e1rias categorias come\u00e7am a realizar a primeira etapa de contrata\u00e7\u00e3o para adquirir a casa pr\u00f3pria do Programa Minha Casa Minha Vida Entidades. A primeira assinatura acontece no Sest Senat. Cada categoria contemplada no Programa tem um um representante para dialogar com a Habitat Para Humanidade, entidade respons\u00e1vel pela elabora\u00e7\u00e3o do projeto e tamb\u00e9m com a Secretaria Municipal de Habita\u00e7\u00e3o e acompanhar o processo de constru\u00e7\u00e3o das casas. Nessas duas primeiras etapas est\u00e3o sendo beneficiadas 499 fam\u00edlias de mototaxistas, servidores municipais, vigilantes, dom\u00e9sticas, deficientes, idosos e outras categorias de trabalhadores com o Programa Minha Casa Minha Vida Entidades \u00e9 resultante do Projeto de Lei de autoria do Executivo Municipal. As casas est\u00e3o previstas para serem entregues em 15 meses.&hellip;","og_url":"https:\/\/blogdofarnesio.com.br\/?p=67610","og_site_name":"Blog do Farn\u00e9sio","article_publisher":"https:\/\/www.facebook.com\/BlogQuerSaberPolitica\/","article_published_time":"2013-12-19T13:27:59+00:00","author":"teste","twitter_card":"summary_large_image","twitter_misc":{"Escrito por":"teste","Est. tempo de leitura":"3 minutos"},"schema":{"@context":"https:\/\/schema.org","@graph":[{"@type":"Article","@id":"https:\/\/blogdofarnesio.com.br\/?p=67610#article","isPartOf":{"@id":"https:\/\/blogdofarnesio.com.br\/?p=67610"},"author":{"name":"teste","@id":"https:\/\/blogdofarnesio.com.br\/#\/schema\/person\/dd1bf5eba40b687199ba45ca6b97dff9"},"headline":"PROGRAMA MINHA CASA MINHA VIDA EM PETROLINA REALIZA MAIS UMA ETAPA DE CONTRATA\u00c7\u00c3O","datePublished":"2013-12-19T13:27:59+00:00","mainEntityOfPage":{"@id":"https:\/\/blogdofarnesio.com.br\/?p=67610"},"wordCount":574,"commentCount":1,"publisher":{"@id":"https:\/\/blogdofarnesio.com.br\/#organization"},"inLanguage":"pt-BR","potentialAction":[{"@type":"CommentAction","name":"Comment","target":["https:\/\/blogdofarnesio.com.br\/?p=67610#respond"]}]},{"@type":"WebPage","@id":"https:\/\/blogdofarnesio.com.br\/?p=67610","url":"https:\/\/blogdofarnesio.com.br\/?p=67610","name":"PROGRAMA MINHA CASA MINHA VIDA EM PETROLINA REALIZA MAIS UMA ETAPA DE CONTRATA\u00c7\u00c3O - Blog do Farn\u00e9sio","isPartOf":{"@id":"https:\/\/blogdofarnesio.com.br\/#website"},"datePublished":"2013-12-19T13:27:59+00:00","breadcrumb":{"@id":"https:\/\/blogdofarnesio.com.br\/?p=67610#breadcrumb"},"inLanguage":"pt-BR","potentialAction":[{"@type":"ReadAction","target":["https:\/\/blogdofarnesio.com.br\/?p=67610"]}]},{"@type":"BreadcrumbList","@id":"https:\/\/blogdofarnesio.com.br\/?p=67610#breadcrumb","itemListElement":[{"@type":"ListItem","position":1,"name":"In\u00edcio","item":"https:\/\/blogdofarnesio.com.br\/"},{"@type":"ListItem","position":2,"name":"PROGRAMA MINHA CASA MINHA VIDA EM PETROLINA REALIZA MAIS UMA ETAPA DE CONTRATA\u00c7\u00c3O"}]},{"@type":"WebSite","@id":"https:\/\/blogdofarnesio.com.br\/#website","url":"https:\/\/blogdofarnesio.com.br\/","name":"Blog do Farn\u00e9sio","description":"Quer Saber Pol\u00edtica?","publisher":{"@id":"https:\/\/blogdofarnesio.com.br\/#organization"},"potentialAction":[{"@type":"SearchAction","target":{"@type":"EntryPoint","urlTemplate":"https:\/\/blogdofarnesio.com.br\/?s={search_term_string}"},"query-input":{"@type":"PropertyValueSpecification","valueRequired":true,"valueName":"search_term_string"}}],"inLanguage":"pt-BR"},{"@type":"Organization","@id":"https:\/\/blogdofarnesio.com.br\/#organization","name":"Blog do Farn\u00e9sio","url":"https:\/\/blogdofarnesio.com.br\/","logo":{"@type":"ImageObject","inLanguage":"pt-BR","@id":"https:\/\/blogdofarnesio.com.br\/#\/schema\/logo\/image\/","url":"https:\/\/blogdofarnesio.com.br\/wp-content\/uploads\/2026\/03\/cropped-logo_new-1.png","contentUrl":"https:\/\/blogdofarnesio.com.br\/wp-content\/uploads\/2026\/03\/cropped-logo_new-1.png","width":881,"height":685,"caption":"Blog do Farn\u00e9sio"},"image":{"@id":"https:\/\/blogdofarnesio.com.br\/#\/schema\/logo\/image\/"},"sameAs":["https:\/\/www.facebook.com\/BlogQuerSaberPolitica\/"]},{"@type":"Person","@id":"https:\/\/blogdofarnesio.com.br\/#\/schema\/person\/dd1bf5eba40b687199ba45ca6b97dff9","name":"teste","image":{"@type":"ImageObject","inLanguage":"pt-BR","@id":"https:\/\/secure.gravatar.com\/avatar\/2172498d4914b51e1d89a0f97957b035ac4938723a5cac208135d389b6972a6d?s=96&d=mm&r=g","url":"https:\/\/secure.gravatar.com\/avatar\/2172498d4914b51e1d89a0f97957b035ac4938723a5cac208135d389b6972a6d?s=96&d=mm&r=g","contentUrl":"https:\/\/secure.gravatar.com\/avatar\/2172498d4914b51e1d89a0f97957b035ac4938723a5cac208135d389b6972a6d?s=96&d=mm&r=g","caption":"teste"},"url":"https:\/\/blogdofarnesio.com.br\/?author=3"}]}},"_links":{"self":[{"href":"https:\/\/blogdofarnesio.com.br\/index.php?rest_route=\/wp\/v2\/posts\/67610","targetHints":{"allow":["GET"]}}],"collection":[{"href":"https:\/\/blogdofarnesio.com.br\/index.php?rest_route=\/wp\/v2\/posts"}],"about":[{"href":"https:\/\/blogdofarnesio.com.br\/index.php?rest_route=\/wp\/v2\/types\/post"}],"author":[{"embeddable":true,"href":"https:\/\/blogdofarnesio.com.br\/index.php?rest_route=\/wp\/v2\/users\/3"}],"replies":[{"embeddable":true,"href":"https:\/\/blogdofarnesio.com.br\/index.php?rest_route=%2Fwp%2Fv2%2Fcomments&post=67610"}],"version-history":[{"count":0,"href":"https:\/\/blogdofarnesio.com.br\/index.php?rest_route=\/wp\/v2\/posts\/67610\/revisions"}],"wp:attachment":[{"href":"https:\/\/blogdofarnesio.com.br\/index.php?rest_route=%2Fwp%2Fv2%2Fmedia&parent=67610"}],"wp:term":[{"taxonomy":"category","embeddable":true,"href":"https:\/\/blogdofarnesio.com.br\/index.php?rest_route=%2Fwp%2Fv2%2Fcategories&post=67610"},{"taxonomy":"post_tag","embeddable":true,"href":"https:\/\/blogdofarnesio.com.br\/index.php?rest_route=%2Fwp%2Fv2%2Ftags&post=67610"}],"curies":[{"name":"wp","href":"https:\/\/api.w.org\/{rel}","templated":true}]}}