{"id":67592,"date":"2013-12-19T07:01:47","date_gmt":"2013-12-19T10:01:47","guid":{"rendered":"http:\/\/www.quersaberpolitica.com.br\/?p=67592"},"modified":"2013-12-18T20:43:58","modified_gmt":"2013-12-18T23:43:58","slug":"prefeitura-participativa-realiza-plenarias-hoje-e-amanha-20","status":"publish","type":"post","link":"https:\/\/blogdofarnesio.com.br\/2013\/12\/prefeitura-participativa-realiza-plenarias-hoje-e-amanha-20\/","title":{"rendered":"PREFEITURA PARTICIPATIVA REALIZA PLEN\u00c1RIAS HOJE E AMANH\u00c3 (20)"},"content":{"rendered":"<p style=\"text-align: justify\"><a href=\"http:\/\/www.quersaberpolitica.com.br\/2016\/wp-content\/uploads\/2013\/09\/prefeitura.jpg\"><img loading=\"lazy\" decoding=\"async\" class=\"alignleft size-medium wp-image-57351\" alt=\"blogqsp - prefeitura\" src=\"http:\/\/www.quersaberpolitica.com.br\/2016\/wp-content\/uploads\/2013\/09\/prefeitura-300x214.jpg\" width=\"300\" height=\"214\" srcset=\"https:\/\/blogdofarnesio.com.br\/wp-content\/uploads\/2013\/09\/prefeitura-300x214.jpg 300w, https:\/\/blogdofarnesio.com.br\/wp-content\/uploads\/2013\/09\/prefeitura-420x300.jpg 420w, https:\/\/blogdofarnesio.com.br\/wp-content\/uploads\/2013\/09\/prefeitura.jpg 500w\" sizes=\"auto, (max-width: 300px) 100vw, 300px\" \/><\/a>Dando continuidade ao Programa Prefeitura Participativa, mais tr\u00eas plen\u00e1rias ser\u00e3o realizadas nesta semana. A primeira delas acontecer\u00e1 na quinta-feira (19), no bairro Dom Avelar.<\/p>\n<p style=\"text-align: justify\">Na sexta-feira (20), ser\u00e1 a vez do Projeto de Irriga\u00e7\u00e3o N8 receber a equipe do executivo municipal.<\/p>\n<p style=\"text-align: justify\">A plen\u00e1ria no bairro Dom Avelar ser\u00e1 realizada na Escola Municipal Santa Terezinha, \u00e0s 19h nesta quinta-feira. J\u00e1 o encontro de sexta-feira, com a popula\u00e7\u00e3o do N8 e comunidades adjacentes acontecer\u00e1 na Escola Erika Thaynara da Silva Leite, tamb\u00e9m \u00e0s 19h.<\/p>\n<p style=\"text-align: justify\">O programa Prefeitura Participativa foi criado durante a primeira gest\u00e3o do Prefeito Julio L\u00f3ssio e tem como objetivo ouvir a popula\u00e7\u00e3o da cidade sobre as principais\u00a0reivindica\u00e7\u00f5es nas de Infraestrutura e Desenvolvimento Econ\u00f4mico, Cidadania e Qualidade de Vida e Cultura, Esporte e Juventude.<\/p>\n<p style=\"text-align: justify\"><!--more--><\/p>\n<p style=\"text-align: justify\">No domingo (20) \u00e9 a vez do distrito de Nova Descoberta receber mais uma plen\u00e1ria. O evento acontecer\u00e1 \u00e0s 10h, na Escola Municipal Jos\u00e9 Nunes de Santana.<\/p>\n<p style=\"text-align: justify\">De acordo com a coordena\u00e7\u00e3o do programa Prefeitura Participativa, ap\u00f3s a realiza\u00e7\u00e3o de todas as plen\u00e1rias, as demandas ser\u00e3o enviadas aos membros do executivo municipal, norteando a gest\u00e3o do pr\u00f3ximo quatri\u00eanio (2014-2017).<\/p>\n<p style=\"text-align: justify\"><strong>Texto: Maria Yamakawa<\/strong><\/p>\n<p style=\"text-align: justify\">\n","protected":false},"excerpt":{"rendered":"<p>Dando continuidade ao Programa Prefeitura Participativa, mais tr\u00eas plen\u00e1rias ser\u00e3o realizadas nesta semana. A primeira delas acontecer\u00e1 na quinta-feira (19), no bairro Dom Avelar. Na sexta-feira (20), ser\u00e1 a vez do Projeto de Irriga\u00e7\u00e3o N8 receber a equipe do executivo municipal. A plen\u00e1ria no bairro Dom Avelar ser\u00e1 realizada na Escola Municipal Santa Terezinha, \u00e0s 19h nesta quinta-feira. J\u00e1 o encontro de sexta-feira, com a popula\u00e7\u00e3o do N8 e comunidades adjacentes acontecer\u00e1 na Escola Erika Thaynara da Silva Leite, tamb\u00e9m \u00e0s 19h. O programa Prefeitura Participativa foi criado durante a primeira gest\u00e3o do Prefeito Julio L\u00f3ssio e tem como objetivo ouvir a popula\u00e7\u00e3o da cidade sobre as principais\u00a0reivindica\u00e7\u00f5es nas de Infraestrutura e Desenvolvimento Econ\u00f4mico, Cidadania e Qualidade de Vida e&hellip; <\/p>\n","protected":false},"author":3,"featured_media":0,"comment_status":"open","ping_status":"open","sticky":false,"template":"","format":"standard","meta":{"_acf_changed":false,"footnotes":""},"categories":[44],"tags":[],"class_list":["post-67592","post","type-post","status-publish","format-standard","hentry","category-administracao"],"acf":[],"yoast_head":"<!-- This site is optimized with the Yoast SEO plugin v27.5 - https:\/\/yoast.com\/product\/yoast-seo-wordpress\/ -->\n<title>PREFEITURA PARTICIPATIVA REALIZA PLEN\u00c1RIAS HOJE E AMANH\u00c3 (20) - Blog do Farn\u00e9sio<\/title>\n<meta name=\"robots\" content=\"index, follow, max-snippet:-1, max-image-preview:large, max-video-preview:-1\" \/>\n<link rel=\"canonical\" href=\"https:\/\/blogdofarnesio.com.br\/2013\/12\/prefeitura-participativa-realiza-plenarias-hoje-e-amanha-20\/\" \/>\n<meta property=\"og:locale\" content=\"pt_BR\" \/>\n<meta property=\"og:type\" content=\"article\" \/>\n<meta property=\"og:title\" content=\"PREFEITURA PARTICIPATIVA REALIZA PLEN\u00c1RIAS HOJE E AMANH\u00c3 (20) - Blog do Farn\u00e9sio\" \/>\n<meta property=\"og:description\" content=\"Dando continuidade ao Programa Prefeitura Participativa, mais tr\u00eas plen\u00e1rias ser\u00e3o realizadas nesta semana. A primeira delas acontecer\u00e1 na quinta-feira (19), no bairro Dom Avelar. Na sexta-feira (20), ser\u00e1 a vez do Projeto de Irriga\u00e7\u00e3o N8 receber a equipe do executivo municipal. A plen\u00e1ria no bairro Dom Avelar ser\u00e1 realizada na Escola Municipal Santa Terezinha, \u00e0s 19h nesta quinta-feira. J\u00e1 o encontro de sexta-feira, com a popula\u00e7\u00e3o do N8 e comunidades adjacentes acontecer\u00e1 na Escola Erika Thaynara da Silva Leite, tamb\u00e9m \u00e0s 19h. O programa Prefeitura Participativa foi criado durante a primeira gest\u00e3o do Prefeito Julio L\u00f3ssio e tem como objetivo ouvir a popula\u00e7\u00e3o da cidade sobre as principais\u00a0reivindica\u00e7\u00f5es nas de Infraestrutura e Desenvolvimento Econ\u00f4mico, Cidadania e Qualidade de Vida e&hellip;\" \/>\n<meta property=\"og:url\" content=\"https:\/\/blogdofarnesio.com.br\/2013\/12\/prefeitura-participativa-realiza-plenarias-hoje-e-amanha-20\/\" \/>\n<meta property=\"og:site_name\" content=\"Blog do Farn\u00e9sio\" \/>\n<meta property=\"article:publisher\" content=\"https:\/\/www.facebook.com\/BlogQuerSaberPolitica\/\" \/>\n<meta property=\"article:published_time\" content=\"2013-12-19T10:01:47+00:00\" \/>\n<meta property=\"og:image\" content=\"http:\/\/www.quersaberpolitica.com.br\/2016\/wp-content\/uploads\/2013\/09\/prefeitura-300x214.jpg\" \/>\n<meta name=\"author\" content=\"teste\" \/>\n<meta name=\"twitter:card\" content=\"summary_large_image\" \/>\n<meta name=\"twitter:label1\" content=\"Escrito por\" \/>\n\t<meta name=\"twitter:data1\" content=\"teste\" \/>\n\t<meta name=\"twitter:label2\" content=\"Est. tempo de leitura\" \/>\n\t<meta name=\"twitter:data2\" content=\"1 minuto\" \/>\n<script type=\"application\/ld+json\" class=\"yoast-schema-graph\">{\"@context\":\"https:\\\/\\\/schema.org\",\"@graph\":[{\"@type\":\"Article\",\"@id\":\"https:\\\/\\\/blogdofarnesio.com.br\\\/2013\\\/12\\\/prefeitura-participativa-realiza-plenarias-hoje-e-amanha-20\\\/#article\",\"isPartOf\":{\"@id\":\"https:\\\/\\\/blogdofarnesio.com.br\\\/2013\\\/12\\\/prefeitura-participativa-realiza-plenarias-hoje-e-amanha-20\\\/\"},\"author\":{\"name\":\"teste\",\"@id\":\"https:\\\/\\\/blogdofarnesio.com.br\\\/#\\\/schema\\\/person\\\/dd1bf5eba40b687199ba45ca6b97dff9\"},\"headline\":\"PREFEITURA PARTICIPATIVA REALIZA PLEN\u00c1RIAS HOJE E AMANH\u00c3 (20)\",\"datePublished\":\"2013-12-19T10:01:47+00:00\",\"mainEntityOfPage\":{\"@id\":\"https:\\\/\\\/blogdofarnesio.com.br\\\/2013\\\/12\\\/prefeitura-participativa-realiza-plenarias-hoje-e-amanha-20\\\/\"},\"wordCount\":212,\"commentCount\":0,\"publisher\":{\"@id\":\"https:\\\/\\\/blogdofarnesio.com.br\\\/#organization\"},\"image\":{\"@id\":\"https:\\\/\\\/blogdofarnesio.com.br\\\/2013\\\/12\\\/prefeitura-participativa-realiza-plenarias-hoje-e-amanha-20\\\/#primaryimage\"},\"thumbnailUrl\":\"http:\\\/\\\/www.quersaberpolitica.com.br\\\/2016\\\/wp-content\\\/uploads\\\/2013\\\/09\\\/prefeitura-300x214.jpg\",\"articleSection\":[\"Administra\u00e7\u00e3o\"],\"inLanguage\":\"pt-BR\",\"potentialAction\":[{\"@type\":\"CommentAction\",\"name\":\"Comment\",\"target\":[\"https:\\\/\\\/blogdofarnesio.com.br\\\/2013\\\/12\\\/prefeitura-participativa-realiza-plenarias-hoje-e-amanha-20\\\/#respond\"]}]},{\"@type\":\"WebPage\",\"@id\":\"https:\\\/\\\/blogdofarnesio.com.br\\\/2013\\\/12\\\/prefeitura-participativa-realiza-plenarias-hoje-e-amanha-20\\\/\",\"url\":\"https:\\\/\\\/blogdofarnesio.com.br\\\/2013\\\/12\\\/prefeitura-participativa-realiza-plenarias-hoje-e-amanha-20\\\/\",\"name\":\"PREFEITURA PARTICIPATIVA REALIZA PLEN\u00c1RIAS HOJE E AMANH\u00c3 (20) - Blog do Farn\u00e9sio\",\"isPartOf\":{\"@id\":\"https:\\\/\\\/blogdofarnesio.com.br\\\/#website\"},\"primaryImageOfPage\":{\"@id\":\"https:\\\/\\\/blogdofarnesio.com.br\\\/2013\\\/12\\\/prefeitura-participativa-realiza-plenarias-hoje-e-amanha-20\\\/#primaryimage\"},\"image\":{\"@id\":\"https:\\\/\\\/blogdofarnesio.com.br\\\/2013\\\/12\\\/prefeitura-participativa-realiza-plenarias-hoje-e-amanha-20\\\/#primaryimage\"},\"thumbnailUrl\":\"http:\\\/\\\/www.quersaberpolitica.com.br\\\/2016\\\/wp-content\\\/uploads\\\/2013\\\/09\\\/prefeitura-300x214.jpg\",\"datePublished\":\"2013-12-19T10:01:47+00:00\",\"breadcrumb\":{\"@id\":\"https:\\\/\\\/blogdofarnesio.com.br\\\/2013\\\/12\\\/prefeitura-participativa-realiza-plenarias-hoje-e-amanha-20\\\/#breadcrumb\"},\"inLanguage\":\"pt-BR\",\"potentialAction\":[{\"@type\":\"ReadAction\",\"target\":[\"https:\\\/\\\/blogdofarnesio.com.br\\\/2013\\\/12\\\/prefeitura-participativa-realiza-plenarias-hoje-e-amanha-20\\\/\"]}]},{\"@type\":\"ImageObject\",\"inLanguage\":\"pt-BR\",\"@id\":\"https:\\\/\\\/blogdofarnesio.com.br\\\/2013\\\/12\\\/prefeitura-participativa-realiza-plenarias-hoje-e-amanha-20\\\/#primaryimage\",\"url\":\"http:\\\/\\\/www.quersaberpolitica.com.br\\\/2016\\\/wp-content\\\/uploads\\\/2013\\\/09\\\/prefeitura-300x214.jpg\",\"contentUrl\":\"http:\\\/\\\/www.quersaberpolitica.com.br\\\/2016\\\/wp-content\\\/uploads\\\/2013\\\/09\\\/prefeitura-300x214.jpg\"},{\"@type\":\"BreadcrumbList\",\"@id\":\"https:\\\/\\\/blogdofarnesio.com.br\\\/2013\\\/12\\\/prefeitura-participativa-realiza-plenarias-hoje-e-amanha-20\\\/#breadcrumb\",\"itemListElement\":[{\"@type\":\"ListItem\",\"position\":1,\"name\":\"In\u00edcio\",\"item\":\"https:\\\/\\\/blogdofarnesio.com.br\\\/\"},{\"@type\":\"ListItem\",\"position\":2,\"name\":\"PREFEITURA PARTICIPATIVA REALIZA PLEN\u00c1RIAS HOJE E AMANH\u00c3 (20)\"}]},{\"@type\":\"WebSite\",\"@id\":\"https:\\\/\\\/blogdofarnesio.com.br\\\/#website\",\"url\":\"https:\\\/\\\/blogdofarnesio.com.br\\\/\",\"name\":\"Blog do Farn\u00e9sio\",\"description\":\"Quer Saber Pol\u00edtica?\",\"publisher\":{\"@id\":\"https:\\\/\\\/blogdofarnesio.com.br\\\/#organization\"},\"potentialAction\":[{\"@type\":\"SearchAction\",\"target\":{\"@type\":\"EntryPoint\",\"urlTemplate\":\"https:\\\/\\\/blogdofarnesio.com.br\\\/?s={search_term_string}\"},\"query-input\":{\"@type\":\"PropertyValueSpecification\",\"valueRequired\":true,\"valueName\":\"search_term_string\"}}],\"inLanguage\":\"pt-BR\"},{\"@type\":\"Organization\",\"@id\":\"https:\\\/\\\/blogdofarnesio.com.br\\\/#organization\",\"name\":\"Blog do Farn\u00e9sio\",\"url\":\"https:\\\/\\\/blogdofarnesio.com.br\\\/\",\"logo\":{\"@type\":\"ImageObject\",\"inLanguage\":\"pt-BR\",\"@id\":\"https:\\\/\\\/blogdofarnesio.com.br\\\/#\\\/schema\\\/logo\\\/image\\\/\",\"url\":\"https:\\\/\\\/blogdofarnesio.com.br\\\/wp-content\\\/uploads\\\/2026\\\/03\\\/cropped-logo_new-1.png\",\"contentUrl\":\"https:\\\/\\\/blogdofarnesio.com.br\\\/wp-content\\\/uploads\\\/2026\\\/03\\\/cropped-logo_new-1.png\",\"width\":881,\"height\":685,\"caption\":\"Blog do Farn\u00e9sio\"},\"image\":{\"@id\":\"https:\\\/\\\/blogdofarnesio.com.br\\\/#\\\/schema\\\/logo\\\/image\\\/\"},\"sameAs\":[\"https:\\\/\\\/www.facebook.com\\\/BlogQuerSaberPolitica\\\/\"]},{\"@type\":\"Person\",\"@id\":\"https:\\\/\\\/blogdofarnesio.com.br\\\/#\\\/schema\\\/person\\\/dd1bf5eba40b687199ba45ca6b97dff9\",\"name\":\"teste\",\"image\":{\"@type\":\"ImageObject\",\"inLanguage\":\"pt-BR\",\"@id\":\"https:\\\/\\\/secure.gravatar.com\\\/avatar\\\/2172498d4914b51e1d89a0f97957b035ac4938723a5cac208135d389b6972a6d?s=96&d=mm&r=g\",\"url\":\"https:\\\/\\\/secure.gravatar.com\\\/avatar\\\/2172498d4914b51e1d89a0f97957b035ac4938723a5cac208135d389b6972a6d?s=96&d=mm&r=g\",\"contentUrl\":\"https:\\\/\\\/secure.gravatar.com\\\/avatar\\\/2172498d4914b51e1d89a0f97957b035ac4938723a5cac208135d389b6972a6d?s=96&d=mm&r=g\",\"caption\":\"teste\"},\"url\":\"https:\\\/\\\/blogdofarnesio.com.br\\\/author\\\/teste\\\/\"}]}<\/script>\n<!-- \/ Yoast SEO plugin. -->","yoast_head_json":{"title":"PREFEITURA PARTICIPATIVA REALIZA PLEN\u00c1RIAS HOJE E AMANH\u00c3 (20) - Blog do Farn\u00e9sio","robots":{"index":"index","follow":"follow","max-snippet":"max-snippet:-1","max-image-preview":"max-image-preview:large","max-video-preview":"max-video-preview:-1"},"canonical":"https:\/\/blogdofarnesio.com.br\/2013\/12\/prefeitura-participativa-realiza-plenarias-hoje-e-amanha-20\/","og_locale":"pt_BR","og_type":"article","og_title":"PREFEITURA PARTICIPATIVA REALIZA PLEN\u00c1RIAS HOJE E AMANH\u00c3 (20) - Blog do Farn\u00e9sio","og_description":"Dando continuidade ao Programa Prefeitura Participativa, mais tr\u00eas plen\u00e1rias ser\u00e3o realizadas nesta semana. A primeira delas acontecer\u00e1 na quinta-feira (19), no bairro Dom Avelar. Na sexta-feira (20), ser\u00e1 a vez do Projeto de Irriga\u00e7\u00e3o N8 receber a equipe do executivo municipal. A plen\u00e1ria no bairro Dom Avelar ser\u00e1 realizada na Escola Municipal Santa Terezinha, \u00e0s 19h nesta quinta-feira. J\u00e1 o encontro de sexta-feira, com a popula\u00e7\u00e3o do N8 e comunidades adjacentes acontecer\u00e1 na Escola Erika Thaynara da Silva Leite, tamb\u00e9m \u00e0s 19h. O programa Prefeitura Participativa foi criado durante a primeira gest\u00e3o do Prefeito Julio L\u00f3ssio e tem como objetivo ouvir a popula\u00e7\u00e3o da cidade sobre as principais\u00a0reivindica\u00e7\u00f5es nas de Infraestrutura e Desenvolvimento Econ\u00f4mico, Cidadania e Qualidade de Vida e&hellip;","og_url":"https:\/\/blogdofarnesio.com.br\/2013\/12\/prefeitura-participativa-realiza-plenarias-hoje-e-amanha-20\/","og_site_name":"Blog do Farn\u00e9sio","article_publisher":"https:\/\/www.facebook.com\/BlogQuerSaberPolitica\/","article_published_time":"2013-12-19T10:01:47+00:00","og_image":[{"url":"http:\/\/www.quersaberpolitica.com.br\/2016\/wp-content\/uploads\/2013\/09\/prefeitura-300x214.jpg","type":"","width":"","height":""}],"author":"teste","twitter_card":"summary_large_image","twitter_misc":{"Escrito por":"teste","Est. tempo de leitura":"1 minuto"},"schema":{"@context":"https:\/\/schema.org","@graph":[{"@type":"Article","@id":"https:\/\/blogdofarnesio.com.br\/2013\/12\/prefeitura-participativa-realiza-plenarias-hoje-e-amanha-20\/#article","isPartOf":{"@id":"https:\/\/blogdofarnesio.com.br\/2013\/12\/prefeitura-participativa-realiza-plenarias-hoje-e-amanha-20\/"},"author":{"name":"teste","@id":"https:\/\/blogdofarnesio.com.br\/#\/schema\/person\/dd1bf5eba40b687199ba45ca6b97dff9"},"headline":"PREFEITURA PARTICIPATIVA REALIZA PLEN\u00c1RIAS HOJE E AMANH\u00c3 (20)","datePublished":"2013-12-19T10:01:47+00:00","mainEntityOfPage":{"@id":"https:\/\/blogdofarnesio.com.br\/2013\/12\/prefeitura-participativa-realiza-plenarias-hoje-e-amanha-20\/"},"wordCount":212,"commentCount":0,"publisher":{"@id":"https:\/\/blogdofarnesio.com.br\/#organization"},"image":{"@id":"https:\/\/blogdofarnesio.com.br\/2013\/12\/prefeitura-participativa-realiza-plenarias-hoje-e-amanha-20\/#primaryimage"},"thumbnailUrl":"http:\/\/www.quersaberpolitica.com.br\/2016\/wp-content\/uploads\/2013\/09\/prefeitura-300x214.jpg","articleSection":["Administra\u00e7\u00e3o"],"inLanguage":"pt-BR","potentialAction":[{"@type":"CommentAction","name":"Comment","target":["https:\/\/blogdofarnesio.com.br\/2013\/12\/prefeitura-participativa-realiza-plenarias-hoje-e-amanha-20\/#respond"]}]},{"@type":"WebPage","@id":"https:\/\/blogdofarnesio.com.br\/2013\/12\/prefeitura-participativa-realiza-plenarias-hoje-e-amanha-20\/","url":"https:\/\/blogdofarnesio.com.br\/2013\/12\/prefeitura-participativa-realiza-plenarias-hoje-e-amanha-20\/","name":"PREFEITURA PARTICIPATIVA REALIZA PLEN\u00c1RIAS HOJE E AMANH\u00c3 (20) - Blog do Farn\u00e9sio","isPartOf":{"@id":"https:\/\/blogdofarnesio.com.br\/#website"},"primaryImageOfPage":{"@id":"https:\/\/blogdofarnesio.com.br\/2013\/12\/prefeitura-participativa-realiza-plenarias-hoje-e-amanha-20\/#primaryimage"},"image":{"@id":"https:\/\/blogdofarnesio.com.br\/2013\/12\/prefeitura-participativa-realiza-plenarias-hoje-e-amanha-20\/#primaryimage"},"thumbnailUrl":"http:\/\/www.quersaberpolitica.com.br\/2016\/wp-content\/uploads\/2013\/09\/prefeitura-300x214.jpg","datePublished":"2013-12-19T10:01:47+00:00","breadcrumb":{"@id":"https:\/\/blogdofarnesio.com.br\/2013\/12\/prefeitura-participativa-realiza-plenarias-hoje-e-amanha-20\/#breadcrumb"},"inLanguage":"pt-BR","potentialAction":[{"@type":"ReadAction","target":["https:\/\/blogdofarnesio.com.br\/2013\/12\/prefeitura-participativa-realiza-plenarias-hoje-e-amanha-20\/"]}]},{"@type":"ImageObject","inLanguage":"pt-BR","@id":"https:\/\/blogdofarnesio.com.br\/2013\/12\/prefeitura-participativa-realiza-plenarias-hoje-e-amanha-20\/#primaryimage","url":"http:\/\/www.quersaberpolitica.com.br\/2016\/wp-content\/uploads\/2013\/09\/prefeitura-300x214.jpg","contentUrl":"http:\/\/www.quersaberpolitica.com.br\/2016\/wp-content\/uploads\/2013\/09\/prefeitura-300x214.jpg"},{"@type":"BreadcrumbList","@id":"https:\/\/blogdofarnesio.com.br\/2013\/12\/prefeitura-participativa-realiza-plenarias-hoje-e-amanha-20\/#breadcrumb","itemListElement":[{"@type":"ListItem","position":1,"name":"In\u00edcio","item":"https:\/\/blogdofarnesio.com.br\/"},{"@type":"ListItem","position":2,"name":"PREFEITURA PARTICIPATIVA REALIZA PLEN\u00c1RIAS HOJE E AMANH\u00c3 (20)"}]},{"@type":"WebSite","@id":"https:\/\/blogdofarnesio.com.br\/#website","url":"https:\/\/blogdofarnesio.com.br\/","name":"Blog do Farn\u00e9sio","description":"Quer Saber Pol\u00edtica?","publisher":{"@id":"https:\/\/blogdofarnesio.com.br\/#organization"},"potentialAction":[{"@type":"SearchAction","target":{"@type":"EntryPoint","urlTemplate":"https:\/\/blogdofarnesio.com.br\/?s={search_term_string}"},"query-input":{"@type":"PropertyValueSpecification","valueRequired":true,"valueName":"search_term_string"}}],"inLanguage":"pt-BR"},{"@type":"Organization","@id":"https:\/\/blogdofarnesio.com.br\/#organization","name":"Blog do Farn\u00e9sio","url":"https:\/\/blogdofarnesio.com.br\/","logo":{"@type":"ImageObject","inLanguage":"pt-BR","@id":"https:\/\/blogdofarnesio.com.br\/#\/schema\/logo\/image\/","url":"https:\/\/blogdofarnesio.com.br\/wp-content\/uploads\/2026\/03\/cropped-logo_new-1.png","contentUrl":"https:\/\/blogdofarnesio.com.br\/wp-content\/uploads\/2026\/03\/cropped-logo_new-1.png","width":881,"height":685,"caption":"Blog do Farn\u00e9sio"},"image":{"@id":"https:\/\/blogdofarnesio.com.br\/#\/schema\/logo\/image\/"},"sameAs":["https:\/\/www.facebook.com\/BlogQuerSaberPolitica\/"]},{"@type":"Person","@id":"https:\/\/blogdofarnesio.com.br\/#\/schema\/person\/dd1bf5eba40b687199ba45ca6b97dff9","name":"teste","image":{"@type":"ImageObject","inLanguage":"pt-BR","@id":"https:\/\/secure.gravatar.com\/avatar\/2172498d4914b51e1d89a0f97957b035ac4938723a5cac208135d389b6972a6d?s=96&d=mm&r=g","url":"https:\/\/secure.gravatar.com\/avatar\/2172498d4914b51e1d89a0f97957b035ac4938723a5cac208135d389b6972a6d?s=96&d=mm&r=g","contentUrl":"https:\/\/secure.gravatar.com\/avatar\/2172498d4914b51e1d89a0f97957b035ac4938723a5cac208135d389b6972a6d?s=96&d=mm&r=g","caption":"teste"},"url":"https:\/\/blogdofarnesio.com.br\/author\/teste\/"}]}},"_links":{"self":[{"href":"https:\/\/blogdofarnesio.com.br\/wp-json\/wp\/v2\/posts\/67592","targetHints":{"allow":["GET"]}}],"collection":[{"href":"https:\/\/blogdofarnesio.com.br\/wp-json\/wp\/v2\/posts"}],"about":[{"href":"https:\/\/blogdofarnesio.com.br\/wp-json\/wp\/v2\/types\/post"}],"author":[{"embeddable":true,"href":"https:\/\/blogdofarnesio.com.br\/wp-json\/wp\/v2\/users\/3"}],"replies":[{"embeddable":true,"href":"https:\/\/blogdofarnesio.com.br\/wp-json\/wp\/v2\/comments?post=67592"}],"version-history":[{"count":0,"href":"https:\/\/blogdofarnesio.com.br\/wp-json\/wp\/v2\/posts\/67592\/revisions"}],"wp:attachment":[{"href":"https:\/\/blogdofarnesio.com.br\/wp-json\/wp\/v2\/media?parent=67592"}],"wp:term":[{"taxonomy":"category","embeddable":true,"href":"https:\/\/blogdofarnesio.com.br\/wp-json\/wp\/v2\/categories?post=67592"},{"taxonomy":"post_tag","embeddable":true,"href":"https:\/\/blogdofarnesio.com.br\/wp-json\/wp\/v2\/tags?post=67592"}],"curies":[{"name":"wp","href":"https:\/\/api.w.org\/{rel}","templated":true}]}}