{"id":67538,"date":"2013-12-19T11:30:56","date_gmt":"2013-12-19T14:30:56","guid":{"rendered":"http:\/\/www.quersaberpolitica.com.br\/?p=67538"},"modified":"2013-12-19T08:31:40","modified_gmt":"2013-12-19T11:31:40","slug":"psd-renova-alianca-com-pt-e-lanca-otto-alencar-para-o-senado","status":"publish","type":"post","link":"https:\/\/blogdofarnesio.com.br\/?p=67538","title":{"rendered":"PSD RENOVA ALIAN\u00c7A COM PT E LAN\u00c7A OTTO ALENCAR PARA O SENADO"},"content":{"rendered":"<p style=\"text-align: justify\"><a href=\"http:\/\/www.quersaberpolitica.com.br\/2016\/wp-content\/uploads\/2013\/12\/11423050866_e32ea97006_o.jpg\"><img loading=\"lazy\" decoding=\"async\" class=\"aligncenter size-full wp-image-67539\" alt=\"blogqspPSD\" src=\"http:\/\/www.quersaberpolitica.com.br\/2016\/wp-content\/uploads\/2013\/12\/11423050866_e32ea97006_o.jpg\" width=\"400\" height=\"200\" srcset=\"https:\/\/blogdofarnesio.com.br\/wp-content\/uploads\/2013\/12\/11423050866_e32ea97006_o.jpg 400w, https:\/\/blogdofarnesio.com.br\/wp-content\/uploads\/2013\/12\/11423050866_e32ea97006_o-300x150.jpg 300w\" sizes=\"auto, (max-width: 400px) 100vw, 400px\" \/><\/a>Lideran\u00e7as do PSD de toda a Bahia atenderam o convite do presidente estadual do partido, Otto Alencar, e encheram o audit\u00f3rio da sede da UPB, no Centro Administrativo, na manh\u00e3 de ter\u00e7a-feira 17, para o evento que marcou a renova\u00e7\u00e3o da parceria entre pessedistas e petistas, atrav\u00e9s do apoio \u00e0 candidatura de Rui Costa para governador, al\u00e9m do lan\u00e7amento da candidatura de Otto Alencar para o Senado Federal.<\/p>\n<p style=\"text-align: justify\">Cerca de mil pessoas, dentre deputados, prefeitos, vice-prefeitos, vereadores, ex-vereadores, lideran\u00e7as pol\u00edticas e representantes de movimentos sociais e sindicalistas, marcaram presen\u00e7a para demonstrar apoio e confian\u00e7a nos rumos indicados pelo seu l\u00edder, Otto Alencar. O petista Rui Costa disse que, apesar de saber que a milit\u00e2ncia do PSD gostaria de ter Otto como candidato ao governo, a decis\u00e3o do vice-governador foi uma demonstra\u00e7\u00e3o de lealdade e de que \u201cele \u00e9 um pol\u00edtico de projeto coletivo\u201d.<!--more--><\/p>\n<p style=\"text-align: justify\">Descontra\u00eddo, Rui arrancou risos ao insinuar que Otto, ao ser empossado como senador em 2015, pode ser convidado pela presidente Dilma para assumir um minist\u00e9rio. \u201cQuem n\u00e3o d\u00e1 valor a suplente de senador precisa come\u00e7ar a dar, por que com a for\u00e7a que Otto tem, quando ele chegar a Bras\u00edlia pode n\u00e3o demorar muito no Senado\u201d, disse Costa.<\/p>\n<p style=\"text-align: justify\">Em clima amig\u00e1vel, Otto fez quest\u00e3o de n\u00e3o quebrar o protocolo e falar antes do governador Jaques Wagner. \u201cQuebra de hierarquia \u00e9 caso de exonera\u00e7\u00e3o\u201d, brincou. O presidente do PSD na Bahia deixou claro que ele n\u00e3o foi preterido pelo governador na escolha de seu sucessor. \u201cN\u00e3o houve preconceito. Jaques Wagner me perguntou se eu seria uma op\u00e7\u00e3o para ele e eu disse que n\u00e3o, pois, desde quando sa\u00ed do Tribunal de Contas em 2007, a minha inten\u00e7\u00e3o era ser senador\u201d, lembrou Otto, que se comprometeu a lutar pelas reformas que o pa\u00eds precisa, como a atualiza\u00e7\u00e3o da Lei de Responsabilidade Fiscal, que penaliza os prefeitos, e a do C\u00f3digo Penal.<\/p>\n<p style=\"text-align: justify\">\u201cO que mais me orgulha no meu curr\u00edculo pol\u00edtico \u00e9 saber que todos os l\u00edderes pol\u00edticos que come\u00e7aram na pol\u00edtica junto comigo me acompanham at\u00e9 hoje\u201d, concluiu Otto, que arrancou aplausos ao mostrar que sabia de cor os n\u00fameros de telefones de muitos prefeitos presentes. \u201cEu sei por que ligo para eles quase todos os dias\u201d, disse.<\/p>\n<p style=\"text-align: justify\">O governador Jaques Wagner encerrou o evento, agradecendo a Otto e ao PSD por fazerem parte de seu governo e afirmando que tem \u201cprofundo orgulho do que constru\u00edmos nestes quase oito anos\u201d de gest\u00e3o. \u201cEu me orgulho, antes de tudo, de ter mudado o jeito de fazer pol\u00edtica na Bahia, respeitando a diversidade e os advers\u00e1rios, sem perseguir ningu\u00e9m\u201d, disse o governador.<\/p>\n<p style=\"text-align: justify\">Jaques Wagner tamb\u00e9m anunciou que n\u00e3o sair\u00e1 candidato a nenhum cargo, e que pretende apenas concluir o seu governo. \u201cAcredito que para manter o grupo unido a gente tem que sair de cena para acomodar os companheiros que fizemos nessa caminhada\u201d, concluiu.<\/p>\n<p style=\"text-align: justify\"><strong>Fonte: ASCOM PSD Bahia<\/strong><\/p>\n","protected":false},"excerpt":{"rendered":"<p>Lideran\u00e7as do PSD de toda a Bahia atenderam o convite do presidente estadual do partido, Otto Alencar, e encheram o audit\u00f3rio da sede da UPB, no Centro Administrativo, na manh\u00e3 de ter\u00e7a-feira 17, para o evento que marcou a renova\u00e7\u00e3o da parceria entre pessedistas e petistas, atrav\u00e9s do apoio \u00e0 candidatura de Rui Costa para governador, al\u00e9m do lan\u00e7amento da candidatura de Otto Alencar para o Senado Federal. Cerca de mil pessoas, dentre deputados, prefeitos, vice-prefeitos, vereadores, ex-vereadores, lideran\u00e7as pol\u00edticas e representantes de movimentos sociais e sindicalistas, marcaram presen\u00e7a para demonstrar apoio e confian\u00e7a nos rumos indicados pelo seu l\u00edder, Otto Alencar. O petista Rui Costa disse que, apesar de saber que a milit\u00e2ncia do PSD gostaria de ter Otto&hellip; <\/p>\n","protected":false},"author":3,"featured_media":0,"comment_status":"open","ping_status":"open","sticky":false,"template":"","format":"standard","meta":{"_acf_changed":false,"footnotes":""},"categories":[1],"tags":[],"class_list":["post-67538","post","type-post","status-publish","format-standard","hentry","category-politica"],"acf":[],"yoast_head":"<!-- This site is optimized with the Yoast SEO plugin v27.4 - https:\/\/yoast.com\/product\/yoast-seo-wordpress\/ -->\n<title>PSD RENOVA ALIAN\u00c7A COM PT E LAN\u00c7A OTTO ALENCAR PARA O SENADO - Blog do Farn\u00e9sio<\/title>\n<meta name=\"robots\" content=\"index, follow, max-snippet:-1, max-image-preview:large, max-video-preview:-1\" \/>\n<link rel=\"canonical\" href=\"https:\/\/blogdofarnesio.com.br\/?p=67538\" \/>\n<meta property=\"og:locale\" content=\"pt_BR\" \/>\n<meta property=\"og:type\" content=\"article\" \/>\n<meta property=\"og:title\" content=\"PSD RENOVA ALIAN\u00c7A COM PT E LAN\u00c7A OTTO ALENCAR PARA O SENADO - Blog do Farn\u00e9sio\" \/>\n<meta property=\"og:description\" content=\"Lideran\u00e7as do PSD de toda a Bahia atenderam o convite do presidente estadual do partido, Otto Alencar, e encheram o audit\u00f3rio da sede da UPB, no Centro Administrativo, na manh\u00e3 de ter\u00e7a-feira 17, para o evento que marcou a renova\u00e7\u00e3o da parceria entre pessedistas e petistas, atrav\u00e9s do apoio \u00e0 candidatura de Rui Costa para governador, al\u00e9m do lan\u00e7amento da candidatura de Otto Alencar para o Senado Federal. Cerca de mil pessoas, dentre deputados, prefeitos, vice-prefeitos, vereadores, ex-vereadores, lideran\u00e7as pol\u00edticas e representantes de movimentos sociais e sindicalistas, marcaram presen\u00e7a para demonstrar apoio e confian\u00e7a nos rumos indicados pelo seu l\u00edder, Otto Alencar. O petista Rui Costa disse que, apesar de saber que a milit\u00e2ncia do PSD gostaria de ter Otto&hellip;\" \/>\n<meta property=\"og:url\" content=\"https:\/\/blogdofarnesio.com.br\/?p=67538\" \/>\n<meta property=\"og:site_name\" content=\"Blog do Farn\u00e9sio\" \/>\n<meta property=\"article:publisher\" content=\"https:\/\/www.facebook.com\/BlogQuerSaberPolitica\/\" \/>\n<meta property=\"article:published_time\" content=\"2013-12-19T14:30:56+00:00\" \/>\n<meta property=\"og:image\" content=\"http:\/\/www.quersaberpolitica.com.br\/2016\/wp-content\/uploads\/2013\/12\/11423050866_e32ea97006_o.jpg\" \/>\n<meta name=\"author\" content=\"teste\" \/>\n<meta name=\"twitter:card\" content=\"summary_large_image\" \/>\n<meta name=\"twitter:label1\" content=\"Escrito por\" \/>\n\t<meta name=\"twitter:data1\" content=\"teste\" \/>\n\t<meta name=\"twitter:label2\" content=\"Est. tempo de leitura\" \/>\n\t<meta name=\"twitter:data2\" content=\"3 minutos\" \/>\n<script type=\"application\/ld+json\" class=\"yoast-schema-graph\">{\"@context\":\"https:\\\/\\\/schema.org\",\"@graph\":[{\"@type\":\"Article\",\"@id\":\"https:\\\/\\\/blogdofarnesio.com.br\\\/?p=67538#article\",\"isPartOf\":{\"@id\":\"https:\\\/\\\/blogdofarnesio.com.br\\\/?p=67538\"},\"author\":{\"name\":\"teste\",\"@id\":\"https:\\\/\\\/blogdofarnesio.com.br\\\/#\\\/schema\\\/person\\\/dd1bf5eba40b687199ba45ca6b97dff9\"},\"headline\":\"PSD RENOVA ALIAN\u00c7A COM PT E LAN\u00c7A OTTO ALENCAR PARA O SENADO\",\"datePublished\":\"2013-12-19T14:30:56+00:00\",\"mainEntityOfPage\":{\"@id\":\"https:\\\/\\\/blogdofarnesio.com.br\\\/?p=67538\"},\"wordCount\":533,\"commentCount\":0,\"publisher\":{\"@id\":\"https:\\\/\\\/blogdofarnesio.com.br\\\/#organization\"},\"image\":{\"@id\":\"https:\\\/\\\/blogdofarnesio.com.br\\\/?p=67538#primaryimage\"},\"thumbnailUrl\":\"http:\\\/\\\/www.quersaberpolitica.com.br\\\/2016\\\/wp-content\\\/uploads\\\/2013\\\/12\\\/11423050866_e32ea97006_o.jpg\",\"articleSection\":[\"Pol\u00edtica\"],\"inLanguage\":\"pt-BR\",\"potentialAction\":[{\"@type\":\"CommentAction\",\"name\":\"Comment\",\"target\":[\"https:\\\/\\\/blogdofarnesio.com.br\\\/?p=67538#respond\"]}]},{\"@type\":\"WebPage\",\"@id\":\"https:\\\/\\\/blogdofarnesio.com.br\\\/?p=67538\",\"url\":\"https:\\\/\\\/blogdofarnesio.com.br\\\/?p=67538\",\"name\":\"PSD RENOVA ALIAN\u00c7A COM PT E LAN\u00c7A OTTO ALENCAR PARA O SENADO - Blog do Farn\u00e9sio\",\"isPartOf\":{\"@id\":\"https:\\\/\\\/blogdofarnesio.com.br\\\/#website\"},\"primaryImageOfPage\":{\"@id\":\"https:\\\/\\\/blogdofarnesio.com.br\\\/?p=67538#primaryimage\"},\"image\":{\"@id\":\"https:\\\/\\\/blogdofarnesio.com.br\\\/?p=67538#primaryimage\"},\"thumbnailUrl\":\"http:\\\/\\\/www.quersaberpolitica.com.br\\\/2016\\\/wp-content\\\/uploads\\\/2013\\\/12\\\/11423050866_e32ea97006_o.jpg\",\"datePublished\":\"2013-12-19T14:30:56+00:00\",\"breadcrumb\":{\"@id\":\"https:\\\/\\\/blogdofarnesio.com.br\\\/?p=67538#breadcrumb\"},\"inLanguage\":\"pt-BR\",\"potentialAction\":[{\"@type\":\"ReadAction\",\"target\":[\"https:\\\/\\\/blogdofarnesio.com.br\\\/?p=67538\"]}]},{\"@type\":\"ImageObject\",\"inLanguage\":\"pt-BR\",\"@id\":\"https:\\\/\\\/blogdofarnesio.com.br\\\/?p=67538#primaryimage\",\"url\":\"http:\\\/\\\/www.quersaberpolitica.com.br\\\/2016\\\/wp-content\\\/uploads\\\/2013\\\/12\\\/11423050866_e32ea97006_o.jpg\",\"contentUrl\":\"http:\\\/\\\/www.quersaberpolitica.com.br\\\/2016\\\/wp-content\\\/uploads\\\/2013\\\/12\\\/11423050866_e32ea97006_o.jpg\"},{\"@type\":\"BreadcrumbList\",\"@id\":\"https:\\\/\\\/blogdofarnesio.com.br\\\/?p=67538#breadcrumb\",\"itemListElement\":[{\"@type\":\"ListItem\",\"position\":1,\"name\":\"In\u00edcio\",\"item\":\"https:\\\/\\\/blogdofarnesio.com.br\\\/\"},{\"@type\":\"ListItem\",\"position\":2,\"name\":\"PSD RENOVA ALIAN\u00c7A COM PT E LAN\u00c7A OTTO ALENCAR PARA O SENADO\"}]},{\"@type\":\"WebSite\",\"@id\":\"https:\\\/\\\/blogdofarnesio.com.br\\\/#website\",\"url\":\"https:\\\/\\\/blogdofarnesio.com.br\\\/\",\"name\":\"Blog do Farn\u00e9sio\",\"description\":\"Quer Saber Pol\u00edtica?\",\"publisher\":{\"@id\":\"https:\\\/\\\/blogdofarnesio.com.br\\\/#organization\"},\"potentialAction\":[{\"@type\":\"SearchAction\",\"target\":{\"@type\":\"EntryPoint\",\"urlTemplate\":\"https:\\\/\\\/blogdofarnesio.com.br\\\/?s={search_term_string}\"},\"query-input\":{\"@type\":\"PropertyValueSpecification\",\"valueRequired\":true,\"valueName\":\"search_term_string\"}}],\"inLanguage\":\"pt-BR\"},{\"@type\":\"Organization\",\"@id\":\"https:\\\/\\\/blogdofarnesio.com.br\\\/#organization\",\"name\":\"Blog do Farn\u00e9sio\",\"url\":\"https:\\\/\\\/blogdofarnesio.com.br\\\/\",\"logo\":{\"@type\":\"ImageObject\",\"inLanguage\":\"pt-BR\",\"@id\":\"https:\\\/\\\/blogdofarnesio.com.br\\\/#\\\/schema\\\/logo\\\/image\\\/\",\"url\":\"https:\\\/\\\/blogdofarnesio.com.br\\\/wp-content\\\/uploads\\\/2026\\\/03\\\/cropped-logo_new-1.png\",\"contentUrl\":\"https:\\\/\\\/blogdofarnesio.com.br\\\/wp-content\\\/uploads\\\/2026\\\/03\\\/cropped-logo_new-1.png\",\"width\":881,\"height\":685,\"caption\":\"Blog do Farn\u00e9sio\"},\"image\":{\"@id\":\"https:\\\/\\\/blogdofarnesio.com.br\\\/#\\\/schema\\\/logo\\\/image\\\/\"},\"sameAs\":[\"https:\\\/\\\/www.facebook.com\\\/BlogQuerSaberPolitica\\\/\"]},{\"@type\":\"Person\",\"@id\":\"https:\\\/\\\/blogdofarnesio.com.br\\\/#\\\/schema\\\/person\\\/dd1bf5eba40b687199ba45ca6b97dff9\",\"name\":\"teste\",\"image\":{\"@type\":\"ImageObject\",\"inLanguage\":\"pt-BR\",\"@id\":\"https:\\\/\\\/secure.gravatar.com\\\/avatar\\\/2172498d4914b51e1d89a0f97957b035ac4938723a5cac208135d389b6972a6d?s=96&d=mm&r=g\",\"url\":\"https:\\\/\\\/secure.gravatar.com\\\/avatar\\\/2172498d4914b51e1d89a0f97957b035ac4938723a5cac208135d389b6972a6d?s=96&d=mm&r=g\",\"contentUrl\":\"https:\\\/\\\/secure.gravatar.com\\\/avatar\\\/2172498d4914b51e1d89a0f97957b035ac4938723a5cac208135d389b6972a6d?s=96&d=mm&r=g\",\"caption\":\"teste\"},\"url\":\"https:\\\/\\\/blogdofarnesio.com.br\\\/?author=3\"}]}<\/script>\n<!-- \/ Yoast SEO plugin. -->","yoast_head_json":{"title":"PSD RENOVA ALIAN\u00c7A COM PT E LAN\u00c7A OTTO ALENCAR PARA O SENADO - Blog do Farn\u00e9sio","robots":{"index":"index","follow":"follow","max-snippet":"max-snippet:-1","max-image-preview":"max-image-preview:large","max-video-preview":"max-video-preview:-1"},"canonical":"https:\/\/blogdofarnesio.com.br\/?p=67538","og_locale":"pt_BR","og_type":"article","og_title":"PSD RENOVA ALIAN\u00c7A COM PT E LAN\u00c7A OTTO ALENCAR PARA O SENADO - Blog do Farn\u00e9sio","og_description":"Lideran\u00e7as do PSD de toda a Bahia atenderam o convite do presidente estadual do partido, Otto Alencar, e encheram o audit\u00f3rio da sede da UPB, no Centro Administrativo, na manh\u00e3 de ter\u00e7a-feira 17, para o evento que marcou a renova\u00e7\u00e3o da parceria entre pessedistas e petistas, atrav\u00e9s do apoio \u00e0 candidatura de Rui Costa para governador, al\u00e9m do lan\u00e7amento da candidatura de Otto Alencar para o Senado Federal. Cerca de mil pessoas, dentre deputados, prefeitos, vice-prefeitos, vereadores, ex-vereadores, lideran\u00e7as pol\u00edticas e representantes de movimentos sociais e sindicalistas, marcaram presen\u00e7a para demonstrar apoio e confian\u00e7a nos rumos indicados pelo seu l\u00edder, Otto Alencar. O petista Rui Costa disse que, apesar de saber que a milit\u00e2ncia do PSD gostaria de ter Otto&hellip;","og_url":"https:\/\/blogdofarnesio.com.br\/?p=67538","og_site_name":"Blog do Farn\u00e9sio","article_publisher":"https:\/\/www.facebook.com\/BlogQuerSaberPolitica\/","article_published_time":"2013-12-19T14:30:56+00:00","og_image":[{"url":"http:\/\/www.quersaberpolitica.com.br\/2016\/wp-content\/uploads\/2013\/12\/11423050866_e32ea97006_o.jpg","type":"","width":"","height":""}],"author":"teste","twitter_card":"summary_large_image","twitter_misc":{"Escrito por":"teste","Est. tempo de leitura":"3 minutos"},"schema":{"@context":"https:\/\/schema.org","@graph":[{"@type":"Article","@id":"https:\/\/blogdofarnesio.com.br\/?p=67538#article","isPartOf":{"@id":"https:\/\/blogdofarnesio.com.br\/?p=67538"},"author":{"name":"teste","@id":"https:\/\/blogdofarnesio.com.br\/#\/schema\/person\/dd1bf5eba40b687199ba45ca6b97dff9"},"headline":"PSD RENOVA ALIAN\u00c7A COM PT E LAN\u00c7A OTTO ALENCAR PARA O SENADO","datePublished":"2013-12-19T14:30:56+00:00","mainEntityOfPage":{"@id":"https:\/\/blogdofarnesio.com.br\/?p=67538"},"wordCount":533,"commentCount":0,"publisher":{"@id":"https:\/\/blogdofarnesio.com.br\/#organization"},"image":{"@id":"https:\/\/blogdofarnesio.com.br\/?p=67538#primaryimage"},"thumbnailUrl":"http:\/\/www.quersaberpolitica.com.br\/2016\/wp-content\/uploads\/2013\/12\/11423050866_e32ea97006_o.jpg","articleSection":["Pol\u00edtica"],"inLanguage":"pt-BR","potentialAction":[{"@type":"CommentAction","name":"Comment","target":["https:\/\/blogdofarnesio.com.br\/?p=67538#respond"]}]},{"@type":"WebPage","@id":"https:\/\/blogdofarnesio.com.br\/?p=67538","url":"https:\/\/blogdofarnesio.com.br\/?p=67538","name":"PSD RENOVA ALIAN\u00c7A COM PT E LAN\u00c7A OTTO ALENCAR PARA O SENADO - Blog do Farn\u00e9sio","isPartOf":{"@id":"https:\/\/blogdofarnesio.com.br\/#website"},"primaryImageOfPage":{"@id":"https:\/\/blogdofarnesio.com.br\/?p=67538#primaryimage"},"image":{"@id":"https:\/\/blogdofarnesio.com.br\/?p=67538#primaryimage"},"thumbnailUrl":"http:\/\/www.quersaberpolitica.com.br\/2016\/wp-content\/uploads\/2013\/12\/11423050866_e32ea97006_o.jpg","datePublished":"2013-12-19T14:30:56+00:00","breadcrumb":{"@id":"https:\/\/blogdofarnesio.com.br\/?p=67538#breadcrumb"},"inLanguage":"pt-BR","potentialAction":[{"@type":"ReadAction","target":["https:\/\/blogdofarnesio.com.br\/?p=67538"]}]},{"@type":"ImageObject","inLanguage":"pt-BR","@id":"https:\/\/blogdofarnesio.com.br\/?p=67538#primaryimage","url":"http:\/\/www.quersaberpolitica.com.br\/2016\/wp-content\/uploads\/2013\/12\/11423050866_e32ea97006_o.jpg","contentUrl":"http:\/\/www.quersaberpolitica.com.br\/2016\/wp-content\/uploads\/2013\/12\/11423050866_e32ea97006_o.jpg"},{"@type":"BreadcrumbList","@id":"https:\/\/blogdofarnesio.com.br\/?p=67538#breadcrumb","itemListElement":[{"@type":"ListItem","position":1,"name":"In\u00edcio","item":"https:\/\/blogdofarnesio.com.br\/"},{"@type":"ListItem","position":2,"name":"PSD RENOVA ALIAN\u00c7A COM PT E LAN\u00c7A OTTO ALENCAR PARA O SENADO"}]},{"@type":"WebSite","@id":"https:\/\/blogdofarnesio.com.br\/#website","url":"https:\/\/blogdofarnesio.com.br\/","name":"Blog do Farn\u00e9sio","description":"Quer Saber Pol\u00edtica?","publisher":{"@id":"https:\/\/blogdofarnesio.com.br\/#organization"},"potentialAction":[{"@type":"SearchAction","target":{"@type":"EntryPoint","urlTemplate":"https:\/\/blogdofarnesio.com.br\/?s={search_term_string}"},"query-input":{"@type":"PropertyValueSpecification","valueRequired":true,"valueName":"search_term_string"}}],"inLanguage":"pt-BR"},{"@type":"Organization","@id":"https:\/\/blogdofarnesio.com.br\/#organization","name":"Blog do Farn\u00e9sio","url":"https:\/\/blogdofarnesio.com.br\/","logo":{"@type":"ImageObject","inLanguage":"pt-BR","@id":"https:\/\/blogdofarnesio.com.br\/#\/schema\/logo\/image\/","url":"https:\/\/blogdofarnesio.com.br\/wp-content\/uploads\/2026\/03\/cropped-logo_new-1.png","contentUrl":"https:\/\/blogdofarnesio.com.br\/wp-content\/uploads\/2026\/03\/cropped-logo_new-1.png","width":881,"height":685,"caption":"Blog do Farn\u00e9sio"},"image":{"@id":"https:\/\/blogdofarnesio.com.br\/#\/schema\/logo\/image\/"},"sameAs":["https:\/\/www.facebook.com\/BlogQuerSaberPolitica\/"]},{"@type":"Person","@id":"https:\/\/blogdofarnesio.com.br\/#\/schema\/person\/dd1bf5eba40b687199ba45ca6b97dff9","name":"teste","image":{"@type":"ImageObject","inLanguage":"pt-BR","@id":"https:\/\/secure.gravatar.com\/avatar\/2172498d4914b51e1d89a0f97957b035ac4938723a5cac208135d389b6972a6d?s=96&d=mm&r=g","url":"https:\/\/secure.gravatar.com\/avatar\/2172498d4914b51e1d89a0f97957b035ac4938723a5cac208135d389b6972a6d?s=96&d=mm&r=g","contentUrl":"https:\/\/secure.gravatar.com\/avatar\/2172498d4914b51e1d89a0f97957b035ac4938723a5cac208135d389b6972a6d?s=96&d=mm&r=g","caption":"teste"},"url":"https:\/\/blogdofarnesio.com.br\/?author=3"}]}},"_links":{"self":[{"href":"https:\/\/blogdofarnesio.com.br\/index.php?rest_route=\/wp\/v2\/posts\/67538","targetHints":{"allow":["GET"]}}],"collection":[{"href":"https:\/\/blogdofarnesio.com.br\/index.php?rest_route=\/wp\/v2\/posts"}],"about":[{"href":"https:\/\/blogdofarnesio.com.br\/index.php?rest_route=\/wp\/v2\/types\/post"}],"author":[{"embeddable":true,"href":"https:\/\/blogdofarnesio.com.br\/index.php?rest_route=\/wp\/v2\/users\/3"}],"replies":[{"embeddable":true,"href":"https:\/\/blogdofarnesio.com.br\/index.php?rest_route=%2Fwp%2Fv2%2Fcomments&post=67538"}],"version-history":[{"count":0,"href":"https:\/\/blogdofarnesio.com.br\/index.php?rest_route=\/wp\/v2\/posts\/67538\/revisions"}],"wp:attachment":[{"href":"https:\/\/blogdofarnesio.com.br\/index.php?rest_route=%2Fwp%2Fv2%2Fmedia&parent=67538"}],"wp:term":[{"taxonomy":"category","embeddable":true,"href":"https:\/\/blogdofarnesio.com.br\/index.php?rest_route=%2Fwp%2Fv2%2Fcategories&post=67538"},{"taxonomy":"post_tag","embeddable":true,"href":"https:\/\/blogdofarnesio.com.br\/index.php?rest_route=%2Fwp%2Fv2%2Ftags&post=67538"}],"curies":[{"name":"wp","href":"https:\/\/api.w.org\/{rel}","templated":true}]}}