{"id":67528,"date":"2013-12-19T08:34:51","date_gmt":"2013-12-19T11:34:51","guid":{"rendered":"http:\/\/www.quersaberpolitica.com.br\/?p=67528"},"modified":"2013-12-18T20:58:36","modified_gmt":"2013-12-18T23:58:36","slug":"em-resposta-a-aecio-neves-dilma-diz-que-o-brasil-nunca-esteve-tao-preparado","status":"publish","type":"post","link":"https:\/\/blogdofarnesio.com.br\/?p=67528","title":{"rendered":"EM RESPOSTA A A\u00c9CIO NEVES, DILMA DIZ QUE \u201cO BRASIL NUNCA ESTEVE T\u00c3O PREPARADO\u201d"},"content":{"rendered":"<div style=\"text-align: justify\"><img loading=\"lazy\" decoding=\"async\" class=\"aligncenter\" alt=\"R.Stuckert: \" src=\"http:\/\/www.brasil247.com\/images\/cache\/1000x357\/crop\/images%7Ccms-image-000348679.jpg\" width=\"480\" height=\"171\" \/><\/div>\n<div style=\"text-align: justify\">\n<section>\n<div>\n<p><strong>Pernambuco 247<\/strong>\u00a0\u2013 Um dia depois de ter recebido duras cr\u00edticas do advers\u00e1rio tucano A\u00e9cio Neves, a presidente Dilma Rousseff fez um discurso otimista e, como ela pr\u00f3pria classificou, &#8220;com determina\u00e7\u00e3o&#8221; sobre a economia. &#8220;O Brasil nunca esteve t\u00e3o preparado&#8221;, disse, em entrevista a r\u00e1dios de Pernambuco, onde anunciou nesta ter\u00e7a-feira R$ 1,9 bilh\u00e3o de investimentos em mobilidade urbana, visitou as obras da Refinaria Abreu e Lima e inaugurou a plataforma P-62, no munic\u00edpio de Ipojuca.<\/p>\n<p>&#8220;O governo est\u00e1 atento ao que est\u00e1 acontecendo no mundo. Os Estados Unidos est\u00e3o se recuperando, com crescimento do emprego e da ind\u00fastria. Se isso acontece \u00e9 bom para o Brasil e para o mundo&#8221;, disse. Apesar disso, a presidente disse que o Pa\u00eds &#8220;est\u00e1 atento e preparado&#8221; para eventuais turbul\u00eancias nos mercados financeiro e internacional. &#8220;Queremos que a tormenta seja r\u00e1pida e n\u00e3o tenha efeitos graves sobre n\u00f3s. Vamos tranquilamente \u2013 falo com aquela determina\u00e7\u00e3o que a tranquilidade d\u00e1 \u2013 enfrentar esse momento de dificuldade. N\u00e3o h\u00e1 nada hoje que o Brasil n\u00e3o possa assegurar&#8221;.<!--more--><\/p>\n<p>A presidente ressaltou ainda o volume de ingresso de capital estrangeiro no Pa\u00eds, o controle da infla\u00e7\u00e3o \u2013 que, segundo ela, dever\u00e1 fechar o ano dentro da meta \u2013, o que coloca o Pa\u00eds em uma situa\u00e7\u00e3o privilegiada para enfrentar poss\u00edveis adversidades no campo da economia em 2014.<\/p>\n<p>E lembrou que o Brasil \u00e9 um dos quatro pa\u00edses que mais recebem investimentos diretos estrangeiros. Segundo o senador A\u00e9cio Neves, que apresentou ontem 12 pontos-chave que servem como base de uma nova agenda do PSDB para o Pa\u00eds, o governo petista colocou em risco conquistas de dez anos atr\u00e1s e hoje o Pa\u00eds &#8220;est\u00e1 no final da fila&#8221;.<\/p>\n<p>Dilma Rousseff tamb\u00e9m criticou, durante a entrevista, o oportunismo da oposi\u00e7\u00e3o quanto ao programa Mais M\u00e9dicos. A alfinetada veio por conta da inclus\u00e3o da continuidade da a\u00e7\u00e3o implantada pelo governo federal no programa do PSDB, que tamb\u00e9m inclui o Bolsa Fam\u00edlia. &#8220;No in\u00edcio dele [referindo-se ao programa Mais M\u00e9dicos], na hora que era dif\u00edcil, n\u00e3o estavam nos apoiando&#8221;, disse a presidente para emendar logo em seguida que &#8220;na hora em que est\u00e1 dando certo \u00e9 que v\u00eam apoiar&#8221;.<\/p>\n<p>Dilma procurou evitar, no entanto, cr\u00edticas diretas a A\u00e9cio. &#8220;N\u00e3o estou falando do senador [A\u00e9cio Neves], estou falando do partido do senador. Fizeram cr\u00edticas bastante \u00e1cidas&#8221;, disse a presidente. Durante a entrevista, que durou cerca de 25 minutos, ela disse n\u00e3o ter muita certeza de que a bancada de oposi\u00e7\u00e3o teria votado favoravelmente ao Mais M\u00e9dicos. &#8220;Se votaram, agrade\u00e7o porque votaram.<\/p>\n<p>Porque \u00e9 uma prova de que a oposi\u00e7\u00e3o n\u00e3o pode ser do quanto pior, melhor&#8221;, disparou. &#8220;A gente teria ficado muito agradecido se tivessem nos apoiado naquela hora. Agora que o programa est\u00e1 dando certo \u00e9 \u00f3bvio que v\u00e3o apoiar&#8221;, afirmou.<\/p>\n<p>Sobre o Bolsa Fam\u00edlia, um outro ponto destacado como alvo de continuidade no documento de 12 pontos de governo divulgado pelo PSDB, Dilma tamb\u00e9m foi \u00e1cida. &#8220;\u00c9 sempre bom ver que eles (a oposi\u00e7\u00e3o) reconhecem alguma coisa. Durante algum tempo o Bolsa Fam\u00edlia foi chamado de Bolsa Esmola. E hoje n\u00e3o chamam de Bolsa Esmola porque sabem o reconhecimento internacional que esse programa tem&#8221;, declarou.<\/p>\n<p>A presidente observou, ainda, que o governo federal mant\u00e9m programas de ensino t\u00e9cnico e profissionalizante, como o Pronatec, que permitem que os benefici\u00e1rios do Bolsa Fam\u00edlia possam deixar o programa na medida em que forem inseridas no mercado de trabalho. Somente neste ano, cerca de 850 mil pessoas dever\u00e3o ser formadas pelo Pronatec.<\/p>\n<\/div>\n<\/section>\n<\/div>\n","protected":false},"excerpt":{"rendered":"<p>Pernambuco 247\u00a0\u2013 Um dia depois de ter recebido duras cr\u00edticas do advers\u00e1rio tucano A\u00e9cio Neves, a presidente Dilma Rousseff fez um discurso otimista e, como ela pr\u00f3pria classificou, &#8220;com determina\u00e7\u00e3o&#8221; sobre a economia. &#8220;O Brasil nunca esteve t\u00e3o preparado&#8221;, disse, em entrevista a r\u00e1dios de Pernambuco, onde anunciou nesta ter\u00e7a-feira R$ 1,9 bilh\u00e3o de investimentos em mobilidade urbana, visitou as obras da Refinaria Abreu e Lima e inaugurou a plataforma P-62, no munic\u00edpio de Ipojuca. &#8220;O governo est\u00e1 atento ao que est\u00e1 acontecendo no mundo. Os Estados Unidos est\u00e3o se recuperando, com crescimento do emprego e da ind\u00fastria. Se isso acontece \u00e9 bom para o Brasil e para o mundo&#8221;, disse. Apesar disso, a presidente disse que o Pa\u00eds &#8220;est\u00e1&hellip; <\/p>\n","protected":false},"author":3,"featured_media":0,"comment_status":"open","ping_status":"open","sticky":false,"template":"","format":"standard","meta":{"_acf_changed":false,"footnotes":""},"categories":[1],"tags":[],"class_list":["post-67528","post","type-post","status-publish","format-standard","hentry","category-politica"],"acf":[],"yoast_head":"<!-- This site is optimized with the Yoast SEO plugin v27.4 - https:\/\/yoast.com\/product\/yoast-seo-wordpress\/ -->\n<title>EM RESPOSTA A A\u00c9CIO NEVES, DILMA DIZ QUE \u201cO BRASIL NUNCA ESTEVE T\u00c3O PREPARADO\u201d - Blog do Farn\u00e9sio<\/title>\n<meta name=\"robots\" content=\"index, follow, max-snippet:-1, max-image-preview:large, max-video-preview:-1\" \/>\n<link rel=\"canonical\" href=\"https:\/\/blogdofarnesio.com.br\/?p=67528\" \/>\n<meta property=\"og:locale\" content=\"pt_BR\" \/>\n<meta property=\"og:type\" content=\"article\" \/>\n<meta property=\"og:title\" content=\"EM RESPOSTA A A\u00c9CIO NEVES, DILMA DIZ QUE \u201cO BRASIL NUNCA ESTEVE T\u00c3O PREPARADO\u201d - Blog do Farn\u00e9sio\" \/>\n<meta property=\"og:description\" content=\"Pernambuco 247\u00a0\u2013 Um dia depois de ter recebido duras cr\u00edticas do advers\u00e1rio tucano A\u00e9cio Neves, a presidente Dilma Rousseff fez um discurso otimista e, como ela pr\u00f3pria classificou, &#8220;com determina\u00e7\u00e3o&#8221; sobre a economia. &#8220;O Brasil nunca esteve t\u00e3o preparado&#8221;, disse, em entrevista a r\u00e1dios de Pernambuco, onde anunciou nesta ter\u00e7a-feira R$ 1,9 bilh\u00e3o de investimentos em mobilidade urbana, visitou as obras da Refinaria Abreu e Lima e inaugurou a plataforma P-62, no munic\u00edpio de Ipojuca. &#8220;O governo est\u00e1 atento ao que est\u00e1 acontecendo no mundo. Os Estados Unidos est\u00e3o se recuperando, com crescimento do emprego e da ind\u00fastria. Se isso acontece \u00e9 bom para o Brasil e para o mundo&#8221;, disse. Apesar disso, a presidente disse que o Pa\u00eds &#8220;est\u00e1&hellip;\" \/>\n<meta property=\"og:url\" content=\"https:\/\/blogdofarnesio.com.br\/?p=67528\" \/>\n<meta property=\"og:site_name\" content=\"Blog do Farn\u00e9sio\" \/>\n<meta property=\"article:publisher\" content=\"https:\/\/www.facebook.com\/BlogQuerSaberPolitica\/\" \/>\n<meta property=\"article:published_time\" content=\"2013-12-19T11:34:51+00:00\" \/>\n<meta property=\"og:image\" content=\"http:\/\/www.brasil247.com\/images\/cache\/1000x357\/crop\/images%7Ccms-image-000348679.jpg\" \/>\n<meta name=\"author\" content=\"teste\" \/>\n<meta name=\"twitter:card\" content=\"summary_large_image\" \/>\n<meta name=\"twitter:label1\" content=\"Escrito por\" \/>\n\t<meta name=\"twitter:data1\" content=\"teste\" \/>\n\t<meta name=\"twitter:label2\" content=\"Est. tempo de leitura\" \/>\n\t<meta name=\"twitter:data2\" content=\"3 minutos\" \/>\n<script type=\"application\/ld+json\" class=\"yoast-schema-graph\">{\"@context\":\"https:\\\/\\\/schema.org\",\"@graph\":[{\"@type\":\"Article\",\"@id\":\"https:\\\/\\\/blogdofarnesio.com.br\\\/?p=67528#article\",\"isPartOf\":{\"@id\":\"https:\\\/\\\/blogdofarnesio.com.br\\\/?p=67528\"},\"author\":{\"name\":\"teste\",\"@id\":\"https:\\\/\\\/blogdofarnesio.com.br\\\/#\\\/schema\\\/person\\\/dd1bf5eba40b687199ba45ca6b97dff9\"},\"headline\":\"EM RESPOSTA A A\u00c9CIO NEVES, DILMA DIZ QUE \u201cO BRASIL NUNCA ESTEVE T\u00c3O PREPARADO\u201d\",\"datePublished\":\"2013-12-19T11:34:51+00:00\",\"mainEntityOfPage\":{\"@id\":\"https:\\\/\\\/blogdofarnesio.com.br\\\/?p=67528\"},\"wordCount\":639,\"commentCount\":0,\"publisher\":{\"@id\":\"https:\\\/\\\/blogdofarnesio.com.br\\\/#organization\"},\"image\":{\"@id\":\"https:\\\/\\\/blogdofarnesio.com.br\\\/?p=67528#primaryimage\"},\"thumbnailUrl\":\"http:\\\/\\\/www.brasil247.com\\\/images\\\/cache\\\/1000x357\\\/crop\\\/images%7Ccms-image-000348679.jpg\",\"articleSection\":[\"Pol\u00edtica\"],\"inLanguage\":\"pt-BR\",\"potentialAction\":[{\"@type\":\"CommentAction\",\"name\":\"Comment\",\"target\":[\"https:\\\/\\\/blogdofarnesio.com.br\\\/?p=67528#respond\"]}]},{\"@type\":\"WebPage\",\"@id\":\"https:\\\/\\\/blogdofarnesio.com.br\\\/?p=67528\",\"url\":\"https:\\\/\\\/blogdofarnesio.com.br\\\/?p=67528\",\"name\":\"EM RESPOSTA A A\u00c9CIO NEVES, DILMA DIZ QUE \u201cO BRASIL NUNCA ESTEVE T\u00c3O PREPARADO\u201d - Blog do Farn\u00e9sio\",\"isPartOf\":{\"@id\":\"https:\\\/\\\/blogdofarnesio.com.br\\\/#website\"},\"primaryImageOfPage\":{\"@id\":\"https:\\\/\\\/blogdofarnesio.com.br\\\/?p=67528#primaryimage\"},\"image\":{\"@id\":\"https:\\\/\\\/blogdofarnesio.com.br\\\/?p=67528#primaryimage\"},\"thumbnailUrl\":\"http:\\\/\\\/www.brasil247.com\\\/images\\\/cache\\\/1000x357\\\/crop\\\/images%7Ccms-image-000348679.jpg\",\"datePublished\":\"2013-12-19T11:34:51+00:00\",\"breadcrumb\":{\"@id\":\"https:\\\/\\\/blogdofarnesio.com.br\\\/?p=67528#breadcrumb\"},\"inLanguage\":\"pt-BR\",\"potentialAction\":[{\"@type\":\"ReadAction\",\"target\":[\"https:\\\/\\\/blogdofarnesio.com.br\\\/?p=67528\"]}]},{\"@type\":\"ImageObject\",\"inLanguage\":\"pt-BR\",\"@id\":\"https:\\\/\\\/blogdofarnesio.com.br\\\/?p=67528#primaryimage\",\"url\":\"http:\\\/\\\/www.brasil247.com\\\/images\\\/cache\\\/1000x357\\\/crop\\\/images%7Ccms-image-000348679.jpg\",\"contentUrl\":\"http:\\\/\\\/www.brasil247.com\\\/images\\\/cache\\\/1000x357\\\/crop\\\/images%7Ccms-image-000348679.jpg\"},{\"@type\":\"BreadcrumbList\",\"@id\":\"https:\\\/\\\/blogdofarnesio.com.br\\\/?p=67528#breadcrumb\",\"itemListElement\":[{\"@type\":\"ListItem\",\"position\":1,\"name\":\"In\u00edcio\",\"item\":\"https:\\\/\\\/blogdofarnesio.com.br\\\/\"},{\"@type\":\"ListItem\",\"position\":2,\"name\":\"EM RESPOSTA A A\u00c9CIO NEVES, DILMA DIZ QUE \u201cO BRASIL NUNCA ESTEVE T\u00c3O PREPARADO\u201d\"}]},{\"@type\":\"WebSite\",\"@id\":\"https:\\\/\\\/blogdofarnesio.com.br\\\/#website\",\"url\":\"https:\\\/\\\/blogdofarnesio.com.br\\\/\",\"name\":\"Blog do Farn\u00e9sio\",\"description\":\"Quer Saber Pol\u00edtica?\",\"publisher\":{\"@id\":\"https:\\\/\\\/blogdofarnesio.com.br\\\/#organization\"},\"potentialAction\":[{\"@type\":\"SearchAction\",\"target\":{\"@type\":\"EntryPoint\",\"urlTemplate\":\"https:\\\/\\\/blogdofarnesio.com.br\\\/?s={search_term_string}\"},\"query-input\":{\"@type\":\"PropertyValueSpecification\",\"valueRequired\":true,\"valueName\":\"search_term_string\"}}],\"inLanguage\":\"pt-BR\"},{\"@type\":\"Organization\",\"@id\":\"https:\\\/\\\/blogdofarnesio.com.br\\\/#organization\",\"name\":\"Blog do Farn\u00e9sio\",\"url\":\"https:\\\/\\\/blogdofarnesio.com.br\\\/\",\"logo\":{\"@type\":\"ImageObject\",\"inLanguage\":\"pt-BR\",\"@id\":\"https:\\\/\\\/blogdofarnesio.com.br\\\/#\\\/schema\\\/logo\\\/image\\\/\",\"url\":\"https:\\\/\\\/blogdofarnesio.com.br\\\/wp-content\\\/uploads\\\/2026\\\/03\\\/cropped-logo_new-1.png\",\"contentUrl\":\"https:\\\/\\\/blogdofarnesio.com.br\\\/wp-content\\\/uploads\\\/2026\\\/03\\\/cropped-logo_new-1.png\",\"width\":881,\"height\":685,\"caption\":\"Blog do Farn\u00e9sio\"},\"image\":{\"@id\":\"https:\\\/\\\/blogdofarnesio.com.br\\\/#\\\/schema\\\/logo\\\/image\\\/\"},\"sameAs\":[\"https:\\\/\\\/www.facebook.com\\\/BlogQuerSaberPolitica\\\/\"]},{\"@type\":\"Person\",\"@id\":\"https:\\\/\\\/blogdofarnesio.com.br\\\/#\\\/schema\\\/person\\\/dd1bf5eba40b687199ba45ca6b97dff9\",\"name\":\"teste\",\"image\":{\"@type\":\"ImageObject\",\"inLanguage\":\"pt-BR\",\"@id\":\"https:\\\/\\\/secure.gravatar.com\\\/avatar\\\/2172498d4914b51e1d89a0f97957b035ac4938723a5cac208135d389b6972a6d?s=96&d=mm&r=g\",\"url\":\"https:\\\/\\\/secure.gravatar.com\\\/avatar\\\/2172498d4914b51e1d89a0f97957b035ac4938723a5cac208135d389b6972a6d?s=96&d=mm&r=g\",\"contentUrl\":\"https:\\\/\\\/secure.gravatar.com\\\/avatar\\\/2172498d4914b51e1d89a0f97957b035ac4938723a5cac208135d389b6972a6d?s=96&d=mm&r=g\",\"caption\":\"teste\"},\"url\":\"https:\\\/\\\/blogdofarnesio.com.br\\\/?author=3\"}]}<\/script>\n<!-- \/ Yoast SEO plugin. -->","yoast_head_json":{"title":"EM RESPOSTA A A\u00c9CIO NEVES, DILMA DIZ QUE \u201cO BRASIL NUNCA ESTEVE T\u00c3O PREPARADO\u201d - Blog do Farn\u00e9sio","robots":{"index":"index","follow":"follow","max-snippet":"max-snippet:-1","max-image-preview":"max-image-preview:large","max-video-preview":"max-video-preview:-1"},"canonical":"https:\/\/blogdofarnesio.com.br\/?p=67528","og_locale":"pt_BR","og_type":"article","og_title":"EM RESPOSTA A A\u00c9CIO NEVES, DILMA DIZ QUE \u201cO BRASIL NUNCA ESTEVE T\u00c3O PREPARADO\u201d - Blog do Farn\u00e9sio","og_description":"Pernambuco 247\u00a0\u2013 Um dia depois de ter recebido duras cr\u00edticas do advers\u00e1rio tucano A\u00e9cio Neves, a presidente Dilma Rousseff fez um discurso otimista e, como ela pr\u00f3pria classificou, &#8220;com determina\u00e7\u00e3o&#8221; sobre a economia. &#8220;O Brasil nunca esteve t\u00e3o preparado&#8221;, disse, em entrevista a r\u00e1dios de Pernambuco, onde anunciou nesta ter\u00e7a-feira R$ 1,9 bilh\u00e3o de investimentos em mobilidade urbana, visitou as obras da Refinaria Abreu e Lima e inaugurou a plataforma P-62, no munic\u00edpio de Ipojuca. &#8220;O governo est\u00e1 atento ao que est\u00e1 acontecendo no mundo. Os Estados Unidos est\u00e3o se recuperando, com crescimento do emprego e da ind\u00fastria. Se isso acontece \u00e9 bom para o Brasil e para o mundo&#8221;, disse. Apesar disso, a presidente disse que o Pa\u00eds &#8220;est\u00e1&hellip;","og_url":"https:\/\/blogdofarnesio.com.br\/?p=67528","og_site_name":"Blog do Farn\u00e9sio","article_publisher":"https:\/\/www.facebook.com\/BlogQuerSaberPolitica\/","article_published_time":"2013-12-19T11:34:51+00:00","og_image":[{"url":"http:\/\/www.brasil247.com\/images\/cache\/1000x357\/crop\/images%7Ccms-image-000348679.jpg","type":"","width":"","height":""}],"author":"teste","twitter_card":"summary_large_image","twitter_misc":{"Escrito por":"teste","Est. tempo de leitura":"3 minutos"},"schema":{"@context":"https:\/\/schema.org","@graph":[{"@type":"Article","@id":"https:\/\/blogdofarnesio.com.br\/?p=67528#article","isPartOf":{"@id":"https:\/\/blogdofarnesio.com.br\/?p=67528"},"author":{"name":"teste","@id":"https:\/\/blogdofarnesio.com.br\/#\/schema\/person\/dd1bf5eba40b687199ba45ca6b97dff9"},"headline":"EM RESPOSTA A A\u00c9CIO NEVES, DILMA DIZ QUE \u201cO BRASIL NUNCA ESTEVE T\u00c3O PREPARADO\u201d","datePublished":"2013-12-19T11:34:51+00:00","mainEntityOfPage":{"@id":"https:\/\/blogdofarnesio.com.br\/?p=67528"},"wordCount":639,"commentCount":0,"publisher":{"@id":"https:\/\/blogdofarnesio.com.br\/#organization"},"image":{"@id":"https:\/\/blogdofarnesio.com.br\/?p=67528#primaryimage"},"thumbnailUrl":"http:\/\/www.brasil247.com\/images\/cache\/1000x357\/crop\/images%7Ccms-image-000348679.jpg","articleSection":["Pol\u00edtica"],"inLanguage":"pt-BR","potentialAction":[{"@type":"CommentAction","name":"Comment","target":["https:\/\/blogdofarnesio.com.br\/?p=67528#respond"]}]},{"@type":"WebPage","@id":"https:\/\/blogdofarnesio.com.br\/?p=67528","url":"https:\/\/blogdofarnesio.com.br\/?p=67528","name":"EM RESPOSTA A A\u00c9CIO NEVES, DILMA DIZ QUE \u201cO BRASIL NUNCA ESTEVE T\u00c3O PREPARADO\u201d - Blog do Farn\u00e9sio","isPartOf":{"@id":"https:\/\/blogdofarnesio.com.br\/#website"},"primaryImageOfPage":{"@id":"https:\/\/blogdofarnesio.com.br\/?p=67528#primaryimage"},"image":{"@id":"https:\/\/blogdofarnesio.com.br\/?p=67528#primaryimage"},"thumbnailUrl":"http:\/\/www.brasil247.com\/images\/cache\/1000x357\/crop\/images%7Ccms-image-000348679.jpg","datePublished":"2013-12-19T11:34:51+00:00","breadcrumb":{"@id":"https:\/\/blogdofarnesio.com.br\/?p=67528#breadcrumb"},"inLanguage":"pt-BR","potentialAction":[{"@type":"ReadAction","target":["https:\/\/blogdofarnesio.com.br\/?p=67528"]}]},{"@type":"ImageObject","inLanguage":"pt-BR","@id":"https:\/\/blogdofarnesio.com.br\/?p=67528#primaryimage","url":"http:\/\/www.brasil247.com\/images\/cache\/1000x357\/crop\/images%7Ccms-image-000348679.jpg","contentUrl":"http:\/\/www.brasil247.com\/images\/cache\/1000x357\/crop\/images%7Ccms-image-000348679.jpg"},{"@type":"BreadcrumbList","@id":"https:\/\/blogdofarnesio.com.br\/?p=67528#breadcrumb","itemListElement":[{"@type":"ListItem","position":1,"name":"In\u00edcio","item":"https:\/\/blogdofarnesio.com.br\/"},{"@type":"ListItem","position":2,"name":"EM RESPOSTA A A\u00c9CIO NEVES, DILMA DIZ QUE \u201cO BRASIL NUNCA ESTEVE T\u00c3O PREPARADO\u201d"}]},{"@type":"WebSite","@id":"https:\/\/blogdofarnesio.com.br\/#website","url":"https:\/\/blogdofarnesio.com.br\/","name":"Blog do Farn\u00e9sio","description":"Quer Saber Pol\u00edtica?","publisher":{"@id":"https:\/\/blogdofarnesio.com.br\/#organization"},"potentialAction":[{"@type":"SearchAction","target":{"@type":"EntryPoint","urlTemplate":"https:\/\/blogdofarnesio.com.br\/?s={search_term_string}"},"query-input":{"@type":"PropertyValueSpecification","valueRequired":true,"valueName":"search_term_string"}}],"inLanguage":"pt-BR"},{"@type":"Organization","@id":"https:\/\/blogdofarnesio.com.br\/#organization","name":"Blog do Farn\u00e9sio","url":"https:\/\/blogdofarnesio.com.br\/","logo":{"@type":"ImageObject","inLanguage":"pt-BR","@id":"https:\/\/blogdofarnesio.com.br\/#\/schema\/logo\/image\/","url":"https:\/\/blogdofarnesio.com.br\/wp-content\/uploads\/2026\/03\/cropped-logo_new-1.png","contentUrl":"https:\/\/blogdofarnesio.com.br\/wp-content\/uploads\/2026\/03\/cropped-logo_new-1.png","width":881,"height":685,"caption":"Blog do Farn\u00e9sio"},"image":{"@id":"https:\/\/blogdofarnesio.com.br\/#\/schema\/logo\/image\/"},"sameAs":["https:\/\/www.facebook.com\/BlogQuerSaberPolitica\/"]},{"@type":"Person","@id":"https:\/\/blogdofarnesio.com.br\/#\/schema\/person\/dd1bf5eba40b687199ba45ca6b97dff9","name":"teste","image":{"@type":"ImageObject","inLanguage":"pt-BR","@id":"https:\/\/secure.gravatar.com\/avatar\/2172498d4914b51e1d89a0f97957b035ac4938723a5cac208135d389b6972a6d?s=96&d=mm&r=g","url":"https:\/\/secure.gravatar.com\/avatar\/2172498d4914b51e1d89a0f97957b035ac4938723a5cac208135d389b6972a6d?s=96&d=mm&r=g","contentUrl":"https:\/\/secure.gravatar.com\/avatar\/2172498d4914b51e1d89a0f97957b035ac4938723a5cac208135d389b6972a6d?s=96&d=mm&r=g","caption":"teste"},"url":"https:\/\/blogdofarnesio.com.br\/?author=3"}]}},"_links":{"self":[{"href":"https:\/\/blogdofarnesio.com.br\/index.php?rest_route=\/wp\/v2\/posts\/67528","targetHints":{"allow":["GET"]}}],"collection":[{"href":"https:\/\/blogdofarnesio.com.br\/index.php?rest_route=\/wp\/v2\/posts"}],"about":[{"href":"https:\/\/blogdofarnesio.com.br\/index.php?rest_route=\/wp\/v2\/types\/post"}],"author":[{"embeddable":true,"href":"https:\/\/blogdofarnesio.com.br\/index.php?rest_route=\/wp\/v2\/users\/3"}],"replies":[{"embeddable":true,"href":"https:\/\/blogdofarnesio.com.br\/index.php?rest_route=%2Fwp%2Fv2%2Fcomments&post=67528"}],"version-history":[{"count":0,"href":"https:\/\/blogdofarnesio.com.br\/index.php?rest_route=\/wp\/v2\/posts\/67528\/revisions"}],"wp:attachment":[{"href":"https:\/\/blogdofarnesio.com.br\/index.php?rest_route=%2Fwp%2Fv2%2Fmedia&parent=67528"}],"wp:term":[{"taxonomy":"category","embeddable":true,"href":"https:\/\/blogdofarnesio.com.br\/index.php?rest_route=%2Fwp%2Fv2%2Fcategories&post=67528"},{"taxonomy":"post_tag","embeddable":true,"href":"https:\/\/blogdofarnesio.com.br\/index.php?rest_route=%2Fwp%2Fv2%2Ftags&post=67528"}],"curies":[{"name":"wp","href":"https:\/\/api.w.org\/{rel}","templated":true}]}}