{"id":67370,"date":"2013-12-17T10:02:17","date_gmt":"2013-12-17T13:02:17","guid":{"rendered":"http:\/\/www.quersaberpolitica.com.br\/?p=67370"},"modified":"2013-12-17T10:51:06","modified_gmt":"2013-12-17T13:51:06","slug":"prefeito-lossio-fala-sobre-projeto-do-vlt-e-ilha-do-fogo","status":"publish","type":"post","link":"https:\/\/blogdofarnesio.com.br\/?p=67370","title":{"rendered":"PREFEITO LOSSIO FALA SOBRE PROJETO DO VLT E ILHA DO FOGO"},"content":{"rendered":"<p style=\"text-align: justify\"><a href=\"http:\/\/www.quersaberpolitica.com.br\/2016\/wp-content\/uploads\/2013\/02\/blogqsp.VLT-Bras\u00edlia.jpg\"><img loading=\"lazy\" decoding=\"async\" class=\"alignleft size-full wp-image-26007\" alt=\"blogqsp.VLT Bras\u00edlia\" src=\"http:\/\/www.quersaberpolitica.com.br\/2016\/wp-content\/uploads\/2013\/02\/blogqsp.VLT-Bras\u00edlia.jpg\" width=\"222\" height=\"166\" \/><\/a>Em depoimento exclusivo ao <strong>BlogQSP<\/strong>, o prefeito de Petrolina Julio Lossio, falou sobre o andamento do projeto do Ve\u00edculo Leve Sobre Trilhos, VLT, mais conhecido como metr\u00f4 de superf\u00edcie. Ele ressaltou que o projeto est\u00e1 na caixa econ\u00f4mica sendo avaliado.<\/p>\n<p style=\"text-align: justify\">L\u00f3ssio destacou que est\u00e1 \u00e0 espera da Caixa liberar os recursos, para dar andamento ao Projeto. \u201cJ\u00e1 est\u00e1 bem avan\u00e7ado, a quest\u00e3o \u00e9 s\u00f3 a caixa come\u00e7ar a liberar os recursos para a obra, para que a gente comece a avan\u00e7ar\u201d, adiantou.<\/p>\n<p style=\"text-align: justify\">Em outra oportunidade, Lossio falou sobre o que se pensa fazer quanto a Ilha do Fogo. Segundo ele, a prefeitura de Petrolina tem projetos para a Ilha do Fogo. Lossio explicou que a ideia \u00e9 iniciar a conversa com os \u00f3rg\u00e3os ambientais. \u201cN\u00f3s acreditamos que aquela ilha deve ser cada vez mais transformada em uma \u00e1rea tur\u00edstica, ent\u00e3o a ideia \u00e9 que a gente posso discutir com os \u00f3rg\u00e3os ambientais para a gente saber qual o n\u00edvel de ocupa\u00e7\u00e3o por parte das prefeituras de Petrolina e juazeiro\u201d, finalizou.<\/p>\n<p style=\"text-align: justify\"><strong>Da reda\u00e7\u00e3o<\/strong><\/p>\n<p>&nbsp;<\/p>\n","protected":false},"excerpt":{"rendered":"<p>Em depoimento exclusivo ao BlogQSP, o prefeito de Petrolina Julio Lossio, falou sobre o andamento do projeto do Ve\u00edculo Leve Sobre Trilhos, VLT, mais conhecido como metr\u00f4 de superf\u00edcie. Ele ressaltou que o projeto est\u00e1 na caixa econ\u00f4mica sendo avaliado. L\u00f3ssio destacou que est\u00e1 \u00e0 espera da Caixa liberar os recursos, para dar andamento ao Projeto. \u201cJ\u00e1 est\u00e1 bem avan\u00e7ado, a quest\u00e3o \u00e9 s\u00f3 a caixa come\u00e7ar a liberar os recursos para a obra, para que a gente comece a avan\u00e7ar\u201d, adiantou. Em outra oportunidade, Lossio falou sobre o que se pensa fazer quanto a Ilha do Fogo. Segundo ele, a prefeitura de Petrolina tem projetos para a Ilha do Fogo. Lossio explicou que a ideia \u00e9 iniciar a conversa&hellip; <\/p>\n","protected":false},"author":3,"featured_media":0,"comment_status":"open","ping_status":"open","sticky":false,"template":"","format":"standard","meta":{"_acf_changed":false,"footnotes":""},"categories":[44],"tags":[],"class_list":["post-67370","post","type-post","status-publish","format-standard","hentry","category-administracao"],"acf":[],"yoast_head":"<!-- This site is optimized with the Yoast SEO plugin v27.4 - https:\/\/yoast.com\/product\/yoast-seo-wordpress\/ -->\n<title>PREFEITO LOSSIO FALA SOBRE PROJETO DO VLT E ILHA DO FOGO - Blog do Farn\u00e9sio<\/title>\n<meta name=\"robots\" content=\"index, follow, max-snippet:-1, max-image-preview:large, max-video-preview:-1\" \/>\n<link rel=\"canonical\" href=\"https:\/\/blogdofarnesio.com.br\/?p=67370\" \/>\n<meta property=\"og:locale\" content=\"pt_BR\" \/>\n<meta property=\"og:type\" content=\"article\" \/>\n<meta property=\"og:title\" content=\"PREFEITO LOSSIO FALA SOBRE PROJETO DO VLT E ILHA DO FOGO - Blog do Farn\u00e9sio\" \/>\n<meta property=\"og:description\" content=\"Em depoimento exclusivo ao BlogQSP, o prefeito de Petrolina Julio Lossio, falou sobre o andamento do projeto do Ve\u00edculo Leve Sobre Trilhos, VLT, mais conhecido como metr\u00f4 de superf\u00edcie. Ele ressaltou que o projeto est\u00e1 na caixa econ\u00f4mica sendo avaliado. L\u00f3ssio destacou que est\u00e1 \u00e0 espera da Caixa liberar os recursos, para dar andamento ao Projeto. \u201cJ\u00e1 est\u00e1 bem avan\u00e7ado, a quest\u00e3o \u00e9 s\u00f3 a caixa come\u00e7ar a liberar os recursos para a obra, para que a gente comece a avan\u00e7ar\u201d, adiantou. Em outra oportunidade, Lossio falou sobre o que se pensa fazer quanto a Ilha do Fogo. Segundo ele, a prefeitura de Petrolina tem projetos para a Ilha do Fogo. Lossio explicou que a ideia \u00e9 iniciar a conversa&hellip;\" \/>\n<meta property=\"og:url\" content=\"https:\/\/blogdofarnesio.com.br\/?p=67370\" \/>\n<meta property=\"og:site_name\" content=\"Blog do Farn\u00e9sio\" \/>\n<meta property=\"article:publisher\" content=\"https:\/\/www.facebook.com\/BlogQuerSaberPolitica\/\" \/>\n<meta property=\"article:published_time\" content=\"2013-12-17T13:02:17+00:00\" \/>\n<meta property=\"article:modified_time\" content=\"2013-12-17T13:51:06+00:00\" \/>\n<meta name=\"author\" content=\"teste\" \/>\n<meta name=\"twitter:card\" content=\"summary_large_image\" \/>\n<meta name=\"twitter:label1\" content=\"Escrito por\" \/>\n\t<meta name=\"twitter:data1\" content=\"teste\" \/>\n\t<meta name=\"twitter:label2\" content=\"Est. tempo de leitura\" \/>\n\t<meta name=\"twitter:data2\" content=\"1 minuto\" \/>\n<script type=\"application\/ld+json\" class=\"yoast-schema-graph\">{\"@context\":\"https:\\\/\\\/schema.org\",\"@graph\":[{\"@type\":\"Article\",\"@id\":\"https:\\\/\\\/blogdofarnesio.com.br\\\/?p=67370#article\",\"isPartOf\":{\"@id\":\"https:\\\/\\\/blogdofarnesio.com.br\\\/?p=67370\"},\"author\":{\"name\":\"teste\",\"@id\":\"https:\\\/\\\/blogdofarnesio.com.br\\\/#\\\/schema\\\/person\\\/dd1bf5eba40b687199ba45ca6b97dff9\"},\"headline\":\"PREFEITO LOSSIO FALA SOBRE PROJETO DO VLT E ILHA DO FOGO\",\"datePublished\":\"2013-12-17T13:02:17+00:00\",\"dateModified\":\"2013-12-17T13:51:06+00:00\",\"mainEntityOfPage\":{\"@id\":\"https:\\\/\\\/blogdofarnesio.com.br\\\/?p=67370\"},\"wordCount\":196,\"commentCount\":0,\"publisher\":{\"@id\":\"https:\\\/\\\/blogdofarnesio.com.br\\\/#organization\"},\"articleSection\":[\"Administra\u00e7\u00e3o\"],\"inLanguage\":\"pt-BR\",\"potentialAction\":[{\"@type\":\"CommentAction\",\"name\":\"Comment\",\"target\":[\"https:\\\/\\\/blogdofarnesio.com.br\\\/?p=67370#respond\"]}]},{\"@type\":\"WebPage\",\"@id\":\"https:\\\/\\\/blogdofarnesio.com.br\\\/?p=67370\",\"url\":\"https:\\\/\\\/blogdofarnesio.com.br\\\/?p=67370\",\"name\":\"PREFEITO LOSSIO FALA SOBRE PROJETO DO VLT E ILHA DO FOGO - Blog do Farn\u00e9sio\",\"isPartOf\":{\"@id\":\"https:\\\/\\\/blogdofarnesio.com.br\\\/#website\"},\"datePublished\":\"2013-12-17T13:02:17+00:00\",\"dateModified\":\"2013-12-17T13:51:06+00:00\",\"breadcrumb\":{\"@id\":\"https:\\\/\\\/blogdofarnesio.com.br\\\/?p=67370#breadcrumb\"},\"inLanguage\":\"pt-BR\",\"potentialAction\":[{\"@type\":\"ReadAction\",\"target\":[\"https:\\\/\\\/blogdofarnesio.com.br\\\/?p=67370\"]}]},{\"@type\":\"BreadcrumbList\",\"@id\":\"https:\\\/\\\/blogdofarnesio.com.br\\\/?p=67370#breadcrumb\",\"itemListElement\":[{\"@type\":\"ListItem\",\"position\":1,\"name\":\"In\u00edcio\",\"item\":\"https:\\\/\\\/blogdofarnesio.com.br\\\/\"},{\"@type\":\"ListItem\",\"position\":2,\"name\":\"PREFEITO LOSSIO FALA SOBRE PROJETO DO VLT E ILHA DO FOGO\"}]},{\"@type\":\"WebSite\",\"@id\":\"https:\\\/\\\/blogdofarnesio.com.br\\\/#website\",\"url\":\"https:\\\/\\\/blogdofarnesio.com.br\\\/\",\"name\":\"Blog do Farn\u00e9sio\",\"description\":\"Quer Saber Pol\u00edtica?\",\"publisher\":{\"@id\":\"https:\\\/\\\/blogdofarnesio.com.br\\\/#organization\"},\"potentialAction\":[{\"@type\":\"SearchAction\",\"target\":{\"@type\":\"EntryPoint\",\"urlTemplate\":\"https:\\\/\\\/blogdofarnesio.com.br\\\/?s={search_term_string}\"},\"query-input\":{\"@type\":\"PropertyValueSpecification\",\"valueRequired\":true,\"valueName\":\"search_term_string\"}}],\"inLanguage\":\"pt-BR\"},{\"@type\":\"Organization\",\"@id\":\"https:\\\/\\\/blogdofarnesio.com.br\\\/#organization\",\"name\":\"Blog do Farn\u00e9sio\",\"url\":\"https:\\\/\\\/blogdofarnesio.com.br\\\/\",\"logo\":{\"@type\":\"ImageObject\",\"inLanguage\":\"pt-BR\",\"@id\":\"https:\\\/\\\/blogdofarnesio.com.br\\\/#\\\/schema\\\/logo\\\/image\\\/\",\"url\":\"https:\\\/\\\/blogdofarnesio.com.br\\\/wp-content\\\/uploads\\\/2026\\\/03\\\/cropped-logo_new-1.png\",\"contentUrl\":\"https:\\\/\\\/blogdofarnesio.com.br\\\/wp-content\\\/uploads\\\/2026\\\/03\\\/cropped-logo_new-1.png\",\"width\":881,\"height\":685,\"caption\":\"Blog do Farn\u00e9sio\"},\"image\":{\"@id\":\"https:\\\/\\\/blogdofarnesio.com.br\\\/#\\\/schema\\\/logo\\\/image\\\/\"},\"sameAs\":[\"https:\\\/\\\/www.facebook.com\\\/BlogQuerSaberPolitica\\\/\"]},{\"@type\":\"Person\",\"@id\":\"https:\\\/\\\/blogdofarnesio.com.br\\\/#\\\/schema\\\/person\\\/dd1bf5eba40b687199ba45ca6b97dff9\",\"name\":\"teste\",\"image\":{\"@type\":\"ImageObject\",\"inLanguage\":\"pt-BR\",\"@id\":\"https:\\\/\\\/secure.gravatar.com\\\/avatar\\\/2172498d4914b51e1d89a0f97957b035ac4938723a5cac208135d389b6972a6d?s=96&d=mm&r=g\",\"url\":\"https:\\\/\\\/secure.gravatar.com\\\/avatar\\\/2172498d4914b51e1d89a0f97957b035ac4938723a5cac208135d389b6972a6d?s=96&d=mm&r=g\",\"contentUrl\":\"https:\\\/\\\/secure.gravatar.com\\\/avatar\\\/2172498d4914b51e1d89a0f97957b035ac4938723a5cac208135d389b6972a6d?s=96&d=mm&r=g\",\"caption\":\"teste\"},\"url\":\"https:\\\/\\\/blogdofarnesio.com.br\\\/?author=3\"}]}<\/script>\n<!-- \/ Yoast SEO plugin. -->","yoast_head_json":{"title":"PREFEITO LOSSIO FALA SOBRE PROJETO DO VLT E ILHA DO FOGO - Blog do Farn\u00e9sio","robots":{"index":"index","follow":"follow","max-snippet":"max-snippet:-1","max-image-preview":"max-image-preview:large","max-video-preview":"max-video-preview:-1"},"canonical":"https:\/\/blogdofarnesio.com.br\/?p=67370","og_locale":"pt_BR","og_type":"article","og_title":"PREFEITO LOSSIO FALA SOBRE PROJETO DO VLT E ILHA DO FOGO - Blog do Farn\u00e9sio","og_description":"Em depoimento exclusivo ao BlogQSP, o prefeito de Petrolina Julio Lossio, falou sobre o andamento do projeto do Ve\u00edculo Leve Sobre Trilhos, VLT, mais conhecido como metr\u00f4 de superf\u00edcie. Ele ressaltou que o projeto est\u00e1 na caixa econ\u00f4mica sendo avaliado. L\u00f3ssio destacou que est\u00e1 \u00e0 espera da Caixa liberar os recursos, para dar andamento ao Projeto. \u201cJ\u00e1 est\u00e1 bem avan\u00e7ado, a quest\u00e3o \u00e9 s\u00f3 a caixa come\u00e7ar a liberar os recursos para a obra, para que a gente comece a avan\u00e7ar\u201d, adiantou. Em outra oportunidade, Lossio falou sobre o que se pensa fazer quanto a Ilha do Fogo. Segundo ele, a prefeitura de Petrolina tem projetos para a Ilha do Fogo. Lossio explicou que a ideia \u00e9 iniciar a conversa&hellip;","og_url":"https:\/\/blogdofarnesio.com.br\/?p=67370","og_site_name":"Blog do Farn\u00e9sio","article_publisher":"https:\/\/www.facebook.com\/BlogQuerSaberPolitica\/","article_published_time":"2013-12-17T13:02:17+00:00","article_modified_time":"2013-12-17T13:51:06+00:00","author":"teste","twitter_card":"summary_large_image","twitter_misc":{"Escrito por":"teste","Est. tempo de leitura":"1 minuto"},"schema":{"@context":"https:\/\/schema.org","@graph":[{"@type":"Article","@id":"https:\/\/blogdofarnesio.com.br\/?p=67370#article","isPartOf":{"@id":"https:\/\/blogdofarnesio.com.br\/?p=67370"},"author":{"name":"teste","@id":"https:\/\/blogdofarnesio.com.br\/#\/schema\/person\/dd1bf5eba40b687199ba45ca6b97dff9"},"headline":"PREFEITO LOSSIO FALA SOBRE PROJETO DO VLT E ILHA DO FOGO","datePublished":"2013-12-17T13:02:17+00:00","dateModified":"2013-12-17T13:51:06+00:00","mainEntityOfPage":{"@id":"https:\/\/blogdofarnesio.com.br\/?p=67370"},"wordCount":196,"commentCount":0,"publisher":{"@id":"https:\/\/blogdofarnesio.com.br\/#organization"},"articleSection":["Administra\u00e7\u00e3o"],"inLanguage":"pt-BR","potentialAction":[{"@type":"CommentAction","name":"Comment","target":["https:\/\/blogdofarnesio.com.br\/?p=67370#respond"]}]},{"@type":"WebPage","@id":"https:\/\/blogdofarnesio.com.br\/?p=67370","url":"https:\/\/blogdofarnesio.com.br\/?p=67370","name":"PREFEITO LOSSIO FALA SOBRE PROJETO DO VLT E ILHA DO FOGO - Blog do Farn\u00e9sio","isPartOf":{"@id":"https:\/\/blogdofarnesio.com.br\/#website"},"datePublished":"2013-12-17T13:02:17+00:00","dateModified":"2013-12-17T13:51:06+00:00","breadcrumb":{"@id":"https:\/\/blogdofarnesio.com.br\/?p=67370#breadcrumb"},"inLanguage":"pt-BR","potentialAction":[{"@type":"ReadAction","target":["https:\/\/blogdofarnesio.com.br\/?p=67370"]}]},{"@type":"BreadcrumbList","@id":"https:\/\/blogdofarnesio.com.br\/?p=67370#breadcrumb","itemListElement":[{"@type":"ListItem","position":1,"name":"In\u00edcio","item":"https:\/\/blogdofarnesio.com.br\/"},{"@type":"ListItem","position":2,"name":"PREFEITO LOSSIO FALA SOBRE PROJETO DO VLT E ILHA DO FOGO"}]},{"@type":"WebSite","@id":"https:\/\/blogdofarnesio.com.br\/#website","url":"https:\/\/blogdofarnesio.com.br\/","name":"Blog do Farn\u00e9sio","description":"Quer Saber Pol\u00edtica?","publisher":{"@id":"https:\/\/blogdofarnesio.com.br\/#organization"},"potentialAction":[{"@type":"SearchAction","target":{"@type":"EntryPoint","urlTemplate":"https:\/\/blogdofarnesio.com.br\/?s={search_term_string}"},"query-input":{"@type":"PropertyValueSpecification","valueRequired":true,"valueName":"search_term_string"}}],"inLanguage":"pt-BR"},{"@type":"Organization","@id":"https:\/\/blogdofarnesio.com.br\/#organization","name":"Blog do Farn\u00e9sio","url":"https:\/\/blogdofarnesio.com.br\/","logo":{"@type":"ImageObject","inLanguage":"pt-BR","@id":"https:\/\/blogdofarnesio.com.br\/#\/schema\/logo\/image\/","url":"https:\/\/blogdofarnesio.com.br\/wp-content\/uploads\/2026\/03\/cropped-logo_new-1.png","contentUrl":"https:\/\/blogdofarnesio.com.br\/wp-content\/uploads\/2026\/03\/cropped-logo_new-1.png","width":881,"height":685,"caption":"Blog do Farn\u00e9sio"},"image":{"@id":"https:\/\/blogdofarnesio.com.br\/#\/schema\/logo\/image\/"},"sameAs":["https:\/\/www.facebook.com\/BlogQuerSaberPolitica\/"]},{"@type":"Person","@id":"https:\/\/blogdofarnesio.com.br\/#\/schema\/person\/dd1bf5eba40b687199ba45ca6b97dff9","name":"teste","image":{"@type":"ImageObject","inLanguage":"pt-BR","@id":"https:\/\/secure.gravatar.com\/avatar\/2172498d4914b51e1d89a0f97957b035ac4938723a5cac208135d389b6972a6d?s=96&d=mm&r=g","url":"https:\/\/secure.gravatar.com\/avatar\/2172498d4914b51e1d89a0f97957b035ac4938723a5cac208135d389b6972a6d?s=96&d=mm&r=g","contentUrl":"https:\/\/secure.gravatar.com\/avatar\/2172498d4914b51e1d89a0f97957b035ac4938723a5cac208135d389b6972a6d?s=96&d=mm&r=g","caption":"teste"},"url":"https:\/\/blogdofarnesio.com.br\/?author=3"}]}},"_links":{"self":[{"href":"https:\/\/blogdofarnesio.com.br\/index.php?rest_route=\/wp\/v2\/posts\/67370","targetHints":{"allow":["GET"]}}],"collection":[{"href":"https:\/\/blogdofarnesio.com.br\/index.php?rest_route=\/wp\/v2\/posts"}],"about":[{"href":"https:\/\/blogdofarnesio.com.br\/index.php?rest_route=\/wp\/v2\/types\/post"}],"author":[{"embeddable":true,"href":"https:\/\/blogdofarnesio.com.br\/index.php?rest_route=\/wp\/v2\/users\/3"}],"replies":[{"embeddable":true,"href":"https:\/\/blogdofarnesio.com.br\/index.php?rest_route=%2Fwp%2Fv2%2Fcomments&post=67370"}],"version-history":[{"count":0,"href":"https:\/\/blogdofarnesio.com.br\/index.php?rest_route=\/wp\/v2\/posts\/67370\/revisions"}],"wp:attachment":[{"href":"https:\/\/blogdofarnesio.com.br\/index.php?rest_route=%2Fwp%2Fv2%2Fmedia&parent=67370"}],"wp:term":[{"taxonomy":"category","embeddable":true,"href":"https:\/\/blogdofarnesio.com.br\/index.php?rest_route=%2Fwp%2Fv2%2Fcategories&post=67370"},{"taxonomy":"post_tag","embeddable":true,"href":"https:\/\/blogdofarnesio.com.br\/index.php?rest_route=%2Fwp%2Fv2%2Ftags&post=67370"}],"curies":[{"name":"wp","href":"https:\/\/api.w.org\/{rel}","templated":true}]}}