{"id":67315,"date":"2013-12-17T08:34:43","date_gmt":"2013-12-17T11:34:43","guid":{"rendered":"http:\/\/www.quersaberpolitica.com.br\/?p=67315"},"modified":"2013-12-16T21:15:14","modified_gmt":"2013-12-17T00:15:14","slug":"juazeiro-participa-do-1o-ciclo-do-selo-unicef-municipio-aprovado-edicao-2013-2016","status":"publish","type":"post","link":"https:\/\/blogdofarnesio.com.br\/?p=67315","title":{"rendered":"JUAZEIRO PARTICIPA DO 1\u00ba CICLO DO SELO UNICEF MUNIC\u00cdPIO APROVADO EDI\u00c7\u00c3O 2013-2016"},"content":{"rendered":"<p style=\"text-align: justify\"><a href=\"http:\/\/www.quersaberpolitica.com.br\/2016\/wp-content\/uploads\/2013\/12\/Nova-imagem.png\"><img loading=\"lazy\" decoding=\"async\" class=\"alignleft  wp-image-67316\" alt=\"BLOGQSPSELO\" src=\"http:\/\/www.quersaberpolitica.com.br\/2016\/wp-content\/uploads\/2013\/12\/Nova-imagem.png\" width=\"240\" height=\"240\" srcset=\"https:\/\/blogdofarnesio.com.br\/wp-content\/uploads\/2013\/12\/Nova-imagem.png 300w, https:\/\/blogdofarnesio.com.br\/wp-content\/uploads\/2013\/12\/Nova-imagem-150x150.png 150w\" sizes=\"auto, (max-width: 240px) 100vw, 240px\" \/><\/a>O munic\u00edpio de Juazeiro participou do\u00a01\u00ba Ciclo de Capacita\u00e7\u00e3o do Selo UNICEF Munic\u00edpio\u00a0Aprovado Edi\u00e7\u00e3o\u00a02013-2016, que aconteceu no \u00faltimo dia 11 de dezembro, em Feira de Santana.<\/p>\n<p style=\"text-align: justify\">O evento contou com as presen\u00e7as: do articulador municipal do Selo UNICEF, Roosevelt Duarte Motta, tamb\u00e9m assessor de Gest\u00e3o Intersetorial, e da Conselheira do Conselho Municipal dos Direitos das Crian\u00e7as e Adolescentes (CMDCA) e articuladora dos selos Unicef\/Abrinq e Avante na Secretaria da Sa\u00fade, Carla Lorena Pesqueira.<\/p>\n<p style=\"text-align: justify\">O encontro teve como objetivo reunir articuladores municipais do Selo e representantes do CMDCA para conhecimento da metodologia e das a\u00e7\u00f5es estrat\u00e9gias de Pol\u00edticas P\u00fablicas e Participa\u00e7\u00e3o Social que devem ser executadas para universaliza\u00e7\u00e3o dos direitos e redu\u00e7\u00e3o das desigualdades que afetam as crian\u00e7as e adolescentes na regi\u00e3o.<!--more--><\/p>\n<p style=\"text-align: justify\">Na oportunidade, dois temas importantes para o desenvolvimento do trabalho em campo foram discutidos no 1\u00ba Ciclo de Capacita\u00e7\u00e3o: o planejamento baseado nos direitos humanos e focado em resultados concretos na melhoria da vida da inf\u00e2ncia e adolesc\u00eancia e a metodologia do Selo 2013-2016.<\/p>\n<p style=\"text-align: justify\">A articuladora dos selos Unicef e Abrinq na Secretaria da Sa\u00fade, Carla Lorena Pesqueira explicou que al\u00e9m das a\u00e7\u00f5es e estrat\u00e9gias da metodologia do selo que ser\u00e3o desenvolvidas nesta gest\u00e3o 2013-2016, mais uma novidade ser\u00e1 implantada, que \u00e9 o N\u00facleo de Cidadania dos Adolescentes \u2013 NUCA, al\u00e9m da realiza\u00e7\u00e3o da Semana do Beb\u00ea e dos F\u00f3runs Comunit\u00e1rios para avalia\u00e7\u00e3o das atividades.<\/p>\n<p style=\"text-align: justify\">\u201cO N\u00facleo ser\u00e1 um local onde os adolescentes ter\u00e3o oportunidades de debater ideias e ser\u00e3o sujeitos ativos nas decis\u00f5es das pol\u00edticas p\u00fablicas. O NUCA trata-se de um direito fundamental e de um instrumento de gera\u00e7\u00e3o de conhecimento e de oportunidades de desenvolvimento para os adolescentes. A participa\u00e7\u00e3o instiga a mobiliza\u00e7\u00e3o e o empenho deles na transforma\u00e7\u00e3o de suas realidades, contribuindo para o enfrentamento das vulnerabilidades e para a supera\u00e7\u00e3o das desigualdades e viola\u00e7\u00f5es que afetam suas vidas\u201d, enfatizou.<\/p>\n<p style=\"text-align: justify\"><b>Juazeiro concorre aos Selos UNICEF\/ABRINQ e AVANTE<\/b><\/p>\n<p style=\"text-align: justify\">\u00a0O articulador municipal do Selo UNICEF, Roosevelt Duarte, falou da import\u00e2ncia das novas diretrizes para a conquista do selo Unicef\/Abrinq\/Avante, nesta edi\u00e7\u00e3o 2013\/2016. \u201cJuazeiro se inscreveu novamente nos Selos Unicef e Abrinq, e j\u00e1 est\u00e1 concorrendo ao AVANTE\/SANTADER, com o intuito de aumentar a mobiliza\u00e7\u00e3o social para as crian\u00e7as e adolescentes, como tamb\u00e9m do p\u00fablico da primeira inf\u00e2ncia. O munic\u00edpio continua fortalecendo as a\u00e7\u00f5es intersetoriais entre as pastas da Sa\u00fade, Educa\u00e7\u00e3o, Cultura e Social, e elaborando Plano de A\u00e7\u00e3o articulada para melhorias na qualidade de vida deste p\u00fablico. Para conquistar mais uma vez os selos ser\u00e3o necess\u00e1rias a\u00e7\u00f5es estrat\u00e9gicas que gerem impacto social e alcan\u00e7ar a pontua\u00e7\u00e3o exigida. Juazeiro j\u00e1 est\u00e1 fortalecendo seu trabalho e avan\u00e7a nas pol\u00edticas p\u00fablicas\u201d, comentou.<\/p>\n<p style=\"text-align: justify\">Os avan\u00e7os das pol\u00edticas p\u00fablicas &#8211; da Prefeitura de Juazeiro &#8211; para melhoria da qualidade de vida de crian\u00e7as e adolescentes contribu\u00edram para conquista do munic\u00edpio, ano passado, dos Selos Unicef e Prefeito Amigo da Crian\u00e7a (Abrinq).<\/p>\n<p style=\"text-align: justify\"><strong>V\u00e2nia castro\/Assessoria Sesau<\/strong><\/p>\n","protected":false},"excerpt":{"rendered":"<p>O munic\u00edpio de Juazeiro participou do\u00a01\u00ba Ciclo de Capacita\u00e7\u00e3o do Selo UNICEF Munic\u00edpio\u00a0Aprovado Edi\u00e7\u00e3o\u00a02013-2016, que aconteceu no \u00faltimo dia 11 de dezembro, em Feira de Santana. O evento contou com as presen\u00e7as: do articulador municipal do Selo UNICEF, Roosevelt Duarte Motta, tamb\u00e9m assessor de Gest\u00e3o Intersetorial, e da Conselheira do Conselho Municipal dos Direitos das Crian\u00e7as e Adolescentes (CMDCA) e articuladora dos selos Unicef\/Abrinq e Avante na Secretaria da Sa\u00fade, Carla Lorena Pesqueira. O encontro teve como objetivo reunir articuladores municipais do Selo e representantes do CMDCA para conhecimento da metodologia e das a\u00e7\u00f5es estrat\u00e9gias de Pol\u00edticas P\u00fablicas e Participa\u00e7\u00e3o Social que devem ser executadas para universaliza\u00e7\u00e3o dos direitos e redu\u00e7\u00e3o das desigualdades que afetam as crian\u00e7as e adolescentes na&hellip; <\/p>\n","protected":false},"author":3,"featured_media":0,"comment_status":"open","ping_status":"open","sticky":false,"template":"","format":"standard","meta":{"_acf_changed":false,"footnotes":""},"categories":[44],"tags":[],"class_list":["post-67315","post","type-post","status-publish","format-standard","hentry","category-administracao"],"acf":[],"yoast_head":"<!-- This site is optimized with the Yoast SEO plugin v27.4 - https:\/\/yoast.com\/product\/yoast-seo-wordpress\/ -->\n<title>JUAZEIRO PARTICIPA DO 1\u00ba CICLO DO SELO UNICEF MUNIC\u00cdPIO APROVADO EDI\u00c7\u00c3O 2013-2016 - Blog do Farn\u00e9sio<\/title>\n<meta name=\"robots\" content=\"index, follow, max-snippet:-1, max-image-preview:large, max-video-preview:-1\" \/>\n<link rel=\"canonical\" href=\"https:\/\/blogdofarnesio.com.br\/?p=67315\" \/>\n<meta property=\"og:locale\" content=\"pt_BR\" \/>\n<meta property=\"og:type\" content=\"article\" \/>\n<meta property=\"og:title\" content=\"JUAZEIRO PARTICIPA DO 1\u00ba CICLO DO SELO UNICEF MUNIC\u00cdPIO APROVADO EDI\u00c7\u00c3O 2013-2016 - Blog do Farn\u00e9sio\" \/>\n<meta property=\"og:description\" content=\"O munic\u00edpio de Juazeiro participou do\u00a01\u00ba Ciclo de Capacita\u00e7\u00e3o do Selo UNICEF Munic\u00edpio\u00a0Aprovado Edi\u00e7\u00e3o\u00a02013-2016, que aconteceu no \u00faltimo dia 11 de dezembro, em Feira de Santana. O evento contou com as presen\u00e7as: do articulador municipal do Selo UNICEF, Roosevelt Duarte Motta, tamb\u00e9m assessor de Gest\u00e3o Intersetorial, e da Conselheira do Conselho Municipal dos Direitos das Crian\u00e7as e Adolescentes (CMDCA) e articuladora dos selos Unicef\/Abrinq e Avante na Secretaria da Sa\u00fade, Carla Lorena Pesqueira. O encontro teve como objetivo reunir articuladores municipais do Selo e representantes do CMDCA para conhecimento da metodologia e das a\u00e7\u00f5es estrat\u00e9gias de Pol\u00edticas P\u00fablicas e Participa\u00e7\u00e3o Social que devem ser executadas para universaliza\u00e7\u00e3o dos direitos e redu\u00e7\u00e3o das desigualdades que afetam as crian\u00e7as e adolescentes na&hellip;\" \/>\n<meta property=\"og:url\" content=\"https:\/\/blogdofarnesio.com.br\/?p=67315\" \/>\n<meta property=\"og:site_name\" content=\"Blog do Farn\u00e9sio\" \/>\n<meta property=\"article:publisher\" content=\"https:\/\/www.facebook.com\/BlogQuerSaberPolitica\/\" \/>\n<meta property=\"article:published_time\" content=\"2013-12-17T11:34:43+00:00\" \/>\n<meta property=\"og:image\" content=\"http:\/\/www.quersaberpolitica.com.br\/2016\/wp-content\/uploads\/2013\/12\/Nova-imagem.png\" \/>\n<meta name=\"author\" content=\"teste\" \/>\n<meta name=\"twitter:card\" content=\"summary_large_image\" \/>\n<meta name=\"twitter:label1\" content=\"Escrito por\" \/>\n\t<meta name=\"twitter:data1\" content=\"teste\" \/>\n\t<meta name=\"twitter:label2\" content=\"Est. tempo de leitura\" \/>\n\t<meta name=\"twitter:data2\" content=\"3 minutos\" \/>\n<script type=\"application\/ld+json\" class=\"yoast-schema-graph\">{\"@context\":\"https:\\\/\\\/schema.org\",\"@graph\":[{\"@type\":\"Article\",\"@id\":\"https:\\\/\\\/blogdofarnesio.com.br\\\/?p=67315#article\",\"isPartOf\":{\"@id\":\"https:\\\/\\\/blogdofarnesio.com.br\\\/?p=67315\"},\"author\":{\"name\":\"teste\",\"@id\":\"https:\\\/\\\/blogdofarnesio.com.br\\\/#\\\/schema\\\/person\\\/dd1bf5eba40b687199ba45ca6b97dff9\"},\"headline\":\"JUAZEIRO PARTICIPA DO 1\u00ba CICLO DO SELO UNICEF MUNIC\u00cdPIO APROVADO EDI\u00c7\u00c3O 2013-2016\",\"datePublished\":\"2013-12-17T11:34:43+00:00\",\"mainEntityOfPage\":{\"@id\":\"https:\\\/\\\/blogdofarnesio.com.br\\\/?p=67315\"},\"wordCount\":562,\"commentCount\":0,\"publisher\":{\"@id\":\"https:\\\/\\\/blogdofarnesio.com.br\\\/#organization\"},\"image\":{\"@id\":\"https:\\\/\\\/blogdofarnesio.com.br\\\/?p=67315#primaryimage\"},\"thumbnailUrl\":\"http:\\\/\\\/www.quersaberpolitica.com.br\\\/2016\\\/wp-content\\\/uploads\\\/2013\\\/12\\\/Nova-imagem.png\",\"articleSection\":[\"Administra\u00e7\u00e3o\"],\"inLanguage\":\"pt-BR\",\"potentialAction\":[{\"@type\":\"CommentAction\",\"name\":\"Comment\",\"target\":[\"https:\\\/\\\/blogdofarnesio.com.br\\\/?p=67315#respond\"]}]},{\"@type\":\"WebPage\",\"@id\":\"https:\\\/\\\/blogdofarnesio.com.br\\\/?p=67315\",\"url\":\"https:\\\/\\\/blogdofarnesio.com.br\\\/?p=67315\",\"name\":\"JUAZEIRO PARTICIPA DO 1\u00ba CICLO DO SELO UNICEF MUNIC\u00cdPIO APROVADO EDI\u00c7\u00c3O 2013-2016 - Blog do Farn\u00e9sio\",\"isPartOf\":{\"@id\":\"https:\\\/\\\/blogdofarnesio.com.br\\\/#website\"},\"primaryImageOfPage\":{\"@id\":\"https:\\\/\\\/blogdofarnesio.com.br\\\/?p=67315#primaryimage\"},\"image\":{\"@id\":\"https:\\\/\\\/blogdofarnesio.com.br\\\/?p=67315#primaryimage\"},\"thumbnailUrl\":\"http:\\\/\\\/www.quersaberpolitica.com.br\\\/2016\\\/wp-content\\\/uploads\\\/2013\\\/12\\\/Nova-imagem.png\",\"datePublished\":\"2013-12-17T11:34:43+00:00\",\"breadcrumb\":{\"@id\":\"https:\\\/\\\/blogdofarnesio.com.br\\\/?p=67315#breadcrumb\"},\"inLanguage\":\"pt-BR\",\"potentialAction\":[{\"@type\":\"ReadAction\",\"target\":[\"https:\\\/\\\/blogdofarnesio.com.br\\\/?p=67315\"]}]},{\"@type\":\"ImageObject\",\"inLanguage\":\"pt-BR\",\"@id\":\"https:\\\/\\\/blogdofarnesio.com.br\\\/?p=67315#primaryimage\",\"url\":\"http:\\\/\\\/www.quersaberpolitica.com.br\\\/2016\\\/wp-content\\\/uploads\\\/2013\\\/12\\\/Nova-imagem.png\",\"contentUrl\":\"http:\\\/\\\/www.quersaberpolitica.com.br\\\/2016\\\/wp-content\\\/uploads\\\/2013\\\/12\\\/Nova-imagem.png\"},{\"@type\":\"BreadcrumbList\",\"@id\":\"https:\\\/\\\/blogdofarnesio.com.br\\\/?p=67315#breadcrumb\",\"itemListElement\":[{\"@type\":\"ListItem\",\"position\":1,\"name\":\"In\u00edcio\",\"item\":\"https:\\\/\\\/blogdofarnesio.com.br\\\/\"},{\"@type\":\"ListItem\",\"position\":2,\"name\":\"JUAZEIRO PARTICIPA DO 1\u00ba CICLO DO SELO UNICEF MUNIC\u00cdPIO APROVADO EDI\u00c7\u00c3O 2013-2016\"}]},{\"@type\":\"WebSite\",\"@id\":\"https:\\\/\\\/blogdofarnesio.com.br\\\/#website\",\"url\":\"https:\\\/\\\/blogdofarnesio.com.br\\\/\",\"name\":\"Blog do Farn\u00e9sio\",\"description\":\"Quer Saber Pol\u00edtica?\",\"publisher\":{\"@id\":\"https:\\\/\\\/blogdofarnesio.com.br\\\/#organization\"},\"potentialAction\":[{\"@type\":\"SearchAction\",\"target\":{\"@type\":\"EntryPoint\",\"urlTemplate\":\"https:\\\/\\\/blogdofarnesio.com.br\\\/?s={search_term_string}\"},\"query-input\":{\"@type\":\"PropertyValueSpecification\",\"valueRequired\":true,\"valueName\":\"search_term_string\"}}],\"inLanguage\":\"pt-BR\"},{\"@type\":\"Organization\",\"@id\":\"https:\\\/\\\/blogdofarnesio.com.br\\\/#organization\",\"name\":\"Blog do Farn\u00e9sio\",\"url\":\"https:\\\/\\\/blogdofarnesio.com.br\\\/\",\"logo\":{\"@type\":\"ImageObject\",\"inLanguage\":\"pt-BR\",\"@id\":\"https:\\\/\\\/blogdofarnesio.com.br\\\/#\\\/schema\\\/logo\\\/image\\\/\",\"url\":\"https:\\\/\\\/blogdofarnesio.com.br\\\/wp-content\\\/uploads\\\/2026\\\/03\\\/cropped-logo_new-1.png\",\"contentUrl\":\"https:\\\/\\\/blogdofarnesio.com.br\\\/wp-content\\\/uploads\\\/2026\\\/03\\\/cropped-logo_new-1.png\",\"width\":881,\"height\":685,\"caption\":\"Blog do Farn\u00e9sio\"},\"image\":{\"@id\":\"https:\\\/\\\/blogdofarnesio.com.br\\\/#\\\/schema\\\/logo\\\/image\\\/\"},\"sameAs\":[\"https:\\\/\\\/www.facebook.com\\\/BlogQuerSaberPolitica\\\/\"]},{\"@type\":\"Person\",\"@id\":\"https:\\\/\\\/blogdofarnesio.com.br\\\/#\\\/schema\\\/person\\\/dd1bf5eba40b687199ba45ca6b97dff9\",\"name\":\"teste\",\"image\":{\"@type\":\"ImageObject\",\"inLanguage\":\"pt-BR\",\"@id\":\"https:\\\/\\\/secure.gravatar.com\\\/avatar\\\/2172498d4914b51e1d89a0f97957b035ac4938723a5cac208135d389b6972a6d?s=96&d=mm&r=g\",\"url\":\"https:\\\/\\\/secure.gravatar.com\\\/avatar\\\/2172498d4914b51e1d89a0f97957b035ac4938723a5cac208135d389b6972a6d?s=96&d=mm&r=g\",\"contentUrl\":\"https:\\\/\\\/secure.gravatar.com\\\/avatar\\\/2172498d4914b51e1d89a0f97957b035ac4938723a5cac208135d389b6972a6d?s=96&d=mm&r=g\",\"caption\":\"teste\"},\"url\":\"https:\\\/\\\/blogdofarnesio.com.br\\\/?author=3\"}]}<\/script>\n<!-- \/ Yoast SEO plugin. -->","yoast_head_json":{"title":"JUAZEIRO PARTICIPA DO 1\u00ba CICLO DO SELO UNICEF MUNIC\u00cdPIO APROVADO EDI\u00c7\u00c3O 2013-2016 - Blog do Farn\u00e9sio","robots":{"index":"index","follow":"follow","max-snippet":"max-snippet:-1","max-image-preview":"max-image-preview:large","max-video-preview":"max-video-preview:-1"},"canonical":"https:\/\/blogdofarnesio.com.br\/?p=67315","og_locale":"pt_BR","og_type":"article","og_title":"JUAZEIRO PARTICIPA DO 1\u00ba CICLO DO SELO UNICEF MUNIC\u00cdPIO APROVADO EDI\u00c7\u00c3O 2013-2016 - Blog do Farn\u00e9sio","og_description":"O munic\u00edpio de Juazeiro participou do\u00a01\u00ba Ciclo de Capacita\u00e7\u00e3o do Selo UNICEF Munic\u00edpio\u00a0Aprovado Edi\u00e7\u00e3o\u00a02013-2016, que aconteceu no \u00faltimo dia 11 de dezembro, em Feira de Santana. O evento contou com as presen\u00e7as: do articulador municipal do Selo UNICEF, Roosevelt Duarte Motta, tamb\u00e9m assessor de Gest\u00e3o Intersetorial, e da Conselheira do Conselho Municipal dos Direitos das Crian\u00e7as e Adolescentes (CMDCA) e articuladora dos selos Unicef\/Abrinq e Avante na Secretaria da Sa\u00fade, Carla Lorena Pesqueira. O encontro teve como objetivo reunir articuladores municipais do Selo e representantes do CMDCA para conhecimento da metodologia e das a\u00e7\u00f5es estrat\u00e9gias de Pol\u00edticas P\u00fablicas e Participa\u00e7\u00e3o Social que devem ser executadas para universaliza\u00e7\u00e3o dos direitos e redu\u00e7\u00e3o das desigualdades que afetam as crian\u00e7as e adolescentes na&hellip;","og_url":"https:\/\/blogdofarnesio.com.br\/?p=67315","og_site_name":"Blog do Farn\u00e9sio","article_publisher":"https:\/\/www.facebook.com\/BlogQuerSaberPolitica\/","article_published_time":"2013-12-17T11:34:43+00:00","og_image":[{"url":"http:\/\/www.quersaberpolitica.com.br\/2016\/wp-content\/uploads\/2013\/12\/Nova-imagem.png","type":"","width":"","height":""}],"author":"teste","twitter_card":"summary_large_image","twitter_misc":{"Escrito por":"teste","Est. tempo de leitura":"3 minutos"},"schema":{"@context":"https:\/\/schema.org","@graph":[{"@type":"Article","@id":"https:\/\/blogdofarnesio.com.br\/?p=67315#article","isPartOf":{"@id":"https:\/\/blogdofarnesio.com.br\/?p=67315"},"author":{"name":"teste","@id":"https:\/\/blogdofarnesio.com.br\/#\/schema\/person\/dd1bf5eba40b687199ba45ca6b97dff9"},"headline":"JUAZEIRO PARTICIPA DO 1\u00ba CICLO DO SELO UNICEF MUNIC\u00cdPIO APROVADO EDI\u00c7\u00c3O 2013-2016","datePublished":"2013-12-17T11:34:43+00:00","mainEntityOfPage":{"@id":"https:\/\/blogdofarnesio.com.br\/?p=67315"},"wordCount":562,"commentCount":0,"publisher":{"@id":"https:\/\/blogdofarnesio.com.br\/#organization"},"image":{"@id":"https:\/\/blogdofarnesio.com.br\/?p=67315#primaryimage"},"thumbnailUrl":"http:\/\/www.quersaberpolitica.com.br\/2016\/wp-content\/uploads\/2013\/12\/Nova-imagem.png","articleSection":["Administra\u00e7\u00e3o"],"inLanguage":"pt-BR","potentialAction":[{"@type":"CommentAction","name":"Comment","target":["https:\/\/blogdofarnesio.com.br\/?p=67315#respond"]}]},{"@type":"WebPage","@id":"https:\/\/blogdofarnesio.com.br\/?p=67315","url":"https:\/\/blogdofarnesio.com.br\/?p=67315","name":"JUAZEIRO PARTICIPA DO 1\u00ba CICLO DO SELO UNICEF MUNIC\u00cdPIO APROVADO EDI\u00c7\u00c3O 2013-2016 - Blog do Farn\u00e9sio","isPartOf":{"@id":"https:\/\/blogdofarnesio.com.br\/#website"},"primaryImageOfPage":{"@id":"https:\/\/blogdofarnesio.com.br\/?p=67315#primaryimage"},"image":{"@id":"https:\/\/blogdofarnesio.com.br\/?p=67315#primaryimage"},"thumbnailUrl":"http:\/\/www.quersaberpolitica.com.br\/2016\/wp-content\/uploads\/2013\/12\/Nova-imagem.png","datePublished":"2013-12-17T11:34:43+00:00","breadcrumb":{"@id":"https:\/\/blogdofarnesio.com.br\/?p=67315#breadcrumb"},"inLanguage":"pt-BR","potentialAction":[{"@type":"ReadAction","target":["https:\/\/blogdofarnesio.com.br\/?p=67315"]}]},{"@type":"ImageObject","inLanguage":"pt-BR","@id":"https:\/\/blogdofarnesio.com.br\/?p=67315#primaryimage","url":"http:\/\/www.quersaberpolitica.com.br\/2016\/wp-content\/uploads\/2013\/12\/Nova-imagem.png","contentUrl":"http:\/\/www.quersaberpolitica.com.br\/2016\/wp-content\/uploads\/2013\/12\/Nova-imagem.png"},{"@type":"BreadcrumbList","@id":"https:\/\/blogdofarnesio.com.br\/?p=67315#breadcrumb","itemListElement":[{"@type":"ListItem","position":1,"name":"In\u00edcio","item":"https:\/\/blogdofarnesio.com.br\/"},{"@type":"ListItem","position":2,"name":"JUAZEIRO PARTICIPA DO 1\u00ba CICLO DO SELO UNICEF MUNIC\u00cdPIO APROVADO EDI\u00c7\u00c3O 2013-2016"}]},{"@type":"WebSite","@id":"https:\/\/blogdofarnesio.com.br\/#website","url":"https:\/\/blogdofarnesio.com.br\/","name":"Blog do Farn\u00e9sio","description":"Quer Saber Pol\u00edtica?","publisher":{"@id":"https:\/\/blogdofarnesio.com.br\/#organization"},"potentialAction":[{"@type":"SearchAction","target":{"@type":"EntryPoint","urlTemplate":"https:\/\/blogdofarnesio.com.br\/?s={search_term_string}"},"query-input":{"@type":"PropertyValueSpecification","valueRequired":true,"valueName":"search_term_string"}}],"inLanguage":"pt-BR"},{"@type":"Organization","@id":"https:\/\/blogdofarnesio.com.br\/#organization","name":"Blog do Farn\u00e9sio","url":"https:\/\/blogdofarnesio.com.br\/","logo":{"@type":"ImageObject","inLanguage":"pt-BR","@id":"https:\/\/blogdofarnesio.com.br\/#\/schema\/logo\/image\/","url":"https:\/\/blogdofarnesio.com.br\/wp-content\/uploads\/2026\/03\/cropped-logo_new-1.png","contentUrl":"https:\/\/blogdofarnesio.com.br\/wp-content\/uploads\/2026\/03\/cropped-logo_new-1.png","width":881,"height":685,"caption":"Blog do Farn\u00e9sio"},"image":{"@id":"https:\/\/blogdofarnesio.com.br\/#\/schema\/logo\/image\/"},"sameAs":["https:\/\/www.facebook.com\/BlogQuerSaberPolitica\/"]},{"@type":"Person","@id":"https:\/\/blogdofarnesio.com.br\/#\/schema\/person\/dd1bf5eba40b687199ba45ca6b97dff9","name":"teste","image":{"@type":"ImageObject","inLanguage":"pt-BR","@id":"https:\/\/secure.gravatar.com\/avatar\/2172498d4914b51e1d89a0f97957b035ac4938723a5cac208135d389b6972a6d?s=96&d=mm&r=g","url":"https:\/\/secure.gravatar.com\/avatar\/2172498d4914b51e1d89a0f97957b035ac4938723a5cac208135d389b6972a6d?s=96&d=mm&r=g","contentUrl":"https:\/\/secure.gravatar.com\/avatar\/2172498d4914b51e1d89a0f97957b035ac4938723a5cac208135d389b6972a6d?s=96&d=mm&r=g","caption":"teste"},"url":"https:\/\/blogdofarnesio.com.br\/?author=3"}]}},"_links":{"self":[{"href":"https:\/\/blogdofarnesio.com.br\/index.php?rest_route=\/wp\/v2\/posts\/67315","targetHints":{"allow":["GET"]}}],"collection":[{"href":"https:\/\/blogdofarnesio.com.br\/index.php?rest_route=\/wp\/v2\/posts"}],"about":[{"href":"https:\/\/blogdofarnesio.com.br\/index.php?rest_route=\/wp\/v2\/types\/post"}],"author":[{"embeddable":true,"href":"https:\/\/blogdofarnesio.com.br\/index.php?rest_route=\/wp\/v2\/users\/3"}],"replies":[{"embeddable":true,"href":"https:\/\/blogdofarnesio.com.br\/index.php?rest_route=%2Fwp%2Fv2%2Fcomments&post=67315"}],"version-history":[{"count":0,"href":"https:\/\/blogdofarnesio.com.br\/index.php?rest_route=\/wp\/v2\/posts\/67315\/revisions"}],"wp:attachment":[{"href":"https:\/\/blogdofarnesio.com.br\/index.php?rest_route=%2Fwp%2Fv2%2Fmedia&parent=67315"}],"wp:term":[{"taxonomy":"category","embeddable":true,"href":"https:\/\/blogdofarnesio.com.br\/index.php?rest_route=%2Fwp%2Fv2%2Fcategories&post=67315"},{"taxonomy":"post_tag","embeddable":true,"href":"https:\/\/blogdofarnesio.com.br\/index.php?rest_route=%2Fwp%2Fv2%2Ftags&post=67315"}],"curies":[{"name":"wp","href":"https:\/\/api.w.org\/{rel}","templated":true}]}}