{"id":67272,"date":"2013-12-17T09:41:03","date_gmt":"2013-12-17T12:41:03","guid":{"rendered":"http:\/\/www.quersaberpolitica.com.br\/?p=67272"},"modified":"2013-12-17T09:51:51","modified_gmt":"2013-12-17T12:51:51","slug":"direto-de-casa-nova-72","status":"publish","type":"post","link":"https:\/\/blogdofarnesio.com.br\/?p=67272","title":{"rendered":"DIRETO DE CASA NOVA"},"content":{"rendered":"<p style=\"text-align: justify\" align=\"center\"><strong>COELBA BENEFICIA MORADORES COM DOA\u00c7\u00c3O DE NOVAS GELADEIRAS<\/strong><\/p>\n<p style=\"text-align: justify\"><a href=\"http:\/\/www.quersaberpolitica.com.br\/2016\/wp-content\/uploads\/2013\/04\/geladeira-celpe1.jpg\"><img loading=\"lazy\" decoding=\"async\" class=\"size-medium wp-image-36253 alignleft\" alt=\"geladeira-celpe1\" src=\"http:\/\/www.quersaberpolitica.com.br\/2016\/wp-content\/uploads\/2013\/04\/geladeira-celpe1-300x232.jpg\" width=\"300\" height=\"232\" srcset=\"https:\/\/blogdofarnesio.com.br\/wp-content\/uploads\/2013\/04\/geladeira-celpe1-300x232.jpg 300w, https:\/\/blogdofarnesio.com.br\/wp-content\/uploads\/2013\/04\/geladeira-celpe1-386x300.jpg 386w, https:\/\/blogdofarnesio.com.br\/wp-content\/uploads\/2013\/04\/geladeira-celpe1.jpg 394w\" sizes=\"auto, (max-width: 300px) 100vw, 300px\" \/><\/a>A partir desta ter\u00e7a-feira, dia 17, a Coelba, empresa do Grupo Neoenergia, levar\u00e1 o projeto Nova Geladeira &#8211; Doa\u00e7\u00e3o para o munic\u00edpio de Casa Nova.<\/p>\n<p style=\"text-align: justify\">Na ocasi\u00e3o, os moradores que atenderem os pr\u00e9-requisitos do projeto (veja crit\u00e9rios abaixo) ter\u00e3o a oportunidade de trocar gratuitamente a geladeira velha por uma nova, com Selo Procel de economia de energia.<\/p>\n<p style=\"text-align: justify\"><b>As inscri\u00e7\u00f5es ser\u00e3o realizadas hoje, dia 17, das 8h \u00e0s 12h e das 13h \u00e0s 16h, no Loteamento Rio S\u00e3o Francisco, empr<\/b><b>eendimento do Programa Minha Casa, Minha Vida, localizado na BA 235.<\/b> A entrega dos refrigeradores acontecer\u00e1 na quarta-feira, dia 18, no mesmo local, conforme agendamento feito com cada cliente.<\/p>\n<p style=\"text-align: justify\">A Coelba j\u00e1 substituiu mais de 125 mil geladeiras de fam\u00edlias baianas. O objetivo do projeto \u00e9 promover o consumo eficiente de energia, adequando a conta \u00e0 capacidade de pagamento do cliente, j\u00e1 que uma geladeira em mau estado de conserva\u00e7\u00e3o pode ser respons\u00e1vel por at\u00e9 70% do valor da conta de energia de um consumidor de baixo poder aquisitivo. Al\u00e9m de adequar a conta \u00e0 capacidade de pagamento dos consumidores, a substitui\u00e7\u00e3o da geladeira promove maior qualidade de vida, j\u00e1 que o equipamento novo permite armazenar os alimentos com qualidade.<!--more--><\/p>\n<p style=\"text-align: justify\">Gra\u00e7as \u00e0 sua efici\u00eancia, os refrigeradores do Nova Geladeira Coelba &#8211; Doa\u00e7\u00e3o podem proporcionar uma economia m\u00e9dia de 53 kWh\/m\u00eas. Os eletrodom\u00e9sticos utilizam o R600a (isobutano), g\u00e1s considerado ecol\u00f3gico, e s\u00e3o fabricados especialmente para o Grupo Neoenergia, do qual a Coelba faz parte. Ao receber o novo equipamento, o cliente entrega o refrigerador usado e ganha tamb\u00e9m quatro l\u00e2mpadas fluorescentes compactas, mais econ\u00f4micas, para substituir as l\u00e2mpadas incandescentes de casa. A concession\u00e1ria de energia el\u00e9trica providencia a retirada e reciclagem do CFC-R12 do refrigerador antigo, g\u00e1s nocivo \u00e0 camada de oz\u00f4nio, e as demais pe\u00e7as s\u00e3o vendidas como sucata. Os valores arrecadados com a venda da sucata s\u00e3o empregados em projetos de gera\u00e7\u00e3o de emprego e renda e principalmente para custear o projeto Vale Luz Coelba.<\/p>\n<p style=\"text-align: justify\">O Nova Geladeira integra o Programa de Efici\u00eancia Energ\u00e9tica da Coelba, regulado pela Ag\u00eancia Nacional de Energia El\u00e9trica \u2013 Aneel.\u00a0\u00a0 A Coelba entende que, mais do que distribuir energia, \u00e9 preciso desenvolver pr\u00e1ticas efetivas para a promo\u00e7\u00e3o do consumo consciente e eficiente deste recurso, principalmente entre a popula\u00e7\u00e3o de baixa renda. A minuciosa elabora\u00e7\u00e3o e escolha dos projetos do Programa de Efici\u00eancia Energ\u00e9tica est\u00e1 ancorada na pol\u00edtica de sustentabilidade do Grupo Neoenergia, que adota o modelo de gest\u00e3o socialmente respons\u00e1vel em todas as suas atividades, visando a cria\u00e7\u00e3o de valor ao neg\u00f3cio e a contribui\u00e7\u00e3o para uma sociedade sustent\u00e1vel.<\/p>\n<p style=\"text-align: justify\"><b>Para participar do projeto Nova Geladeira Doa\u00e7\u00e3o, o consumidor precisa:<\/b><\/p>\n<ul style=\"text-align: justify\">\n<li>Ter Tarifa Social de Energia El\u00e9trica*;<\/li>\n<li>Consumo m\u00e9dio dos \u00faltimos tr\u00eas meses igual ou acima de 80 kWh\/m\u00eas;<\/li>\n<li>N\u00e3o ter d\u00e9bitos com a Coelba (pode quitar os d\u00e9bitos para participar);<\/li>\n<li>Ter fornecimento regular de energia;<\/li>\n<li>Possuir geladeira velha e funcionando para entregar \u00e0 Coelba no momento do recebimento da nova;<\/li>\n<\/ul>\n<p style=\"text-align: justify\">*Quem tem direito \u00e0 Tarifa Social de Energia?<\/p>\n<p style=\"text-align: justify\">Toda unidade Residencial com fam\u00edlia que:<\/p>\n<ul style=\"text-align: justify\">\n<li>Seja inscrita no Cadastro \u00danico da Prefeitura, ou seja, ter NIS \u2013 N\u00famero de Identifica\u00e7\u00e3o Social, com renda familiar mensal por pessoal menor ou igual a meio sal\u00e1rio m\u00ednimo nacional, podendo possuir ou n\u00e3o o Benef\u00edcio do Bolsa Fam\u00edlia; ou<\/li>\n<li>Seja inscrita no Cadastro \u00danico da Prefeitura, ou seja, ter NIS \u2013 N\u00famero de Identifica\u00e7\u00e3o Social, com renda familiar mensal de at\u00e9 tr\u00eas sal\u00e1rios m\u00ednimos, que tenha algu\u00e9m com doen\u00e7a ou patologia que precise do uso continuado de aparelhos ou equipamentos el\u00e9tricos; ou<\/li>\n<li>Tenha Idoso ou Deficiente que receba o Benef\u00edcio de Presta\u00e7\u00e3o Continuada da Assist\u00eancia Social \u2013 BPC, com seu respectivo NB \u2013 N\u00famero do Benef\u00edcio.<\/li>\n<\/ul>\n<p style=\"text-align: justify\">Os consumidores que tenham Bolsa Fam\u00edlia ou estejam inscritos no Cad\u00danico(NIS) que n\u00e3o tenham tarifa social devem primeiro se cadastrar na Coelba para ter acesso \u00e0 tarifa social de energia para depois receber a geladeira.<\/p>\n","protected":false},"excerpt":{"rendered":"<p>COELBA BENEFICIA MORADORES COM DOA\u00c7\u00c3O DE NOVAS GELADEIRAS A partir desta ter\u00e7a-feira, dia 17, a Coelba, empresa do Grupo Neoenergia, levar\u00e1 o projeto Nova Geladeira &#8211; Doa\u00e7\u00e3o para o munic\u00edpio de Casa Nova. Na ocasi\u00e3o, os moradores que atenderem os pr\u00e9-requisitos do projeto (veja crit\u00e9rios abaixo) ter\u00e3o a oportunidade de trocar gratuitamente a geladeira velha por uma nova, com Selo Procel de economia de energia. As inscri\u00e7\u00f5es ser\u00e3o realizadas hoje, dia 17, das 8h \u00e0s 12h e das 13h \u00e0s 16h, no Loteamento Rio S\u00e3o Francisco, empreendimento do Programa Minha Casa, Minha Vida, localizado na BA 235. A entrega dos refrigeradores acontecer\u00e1 na quarta-feira, dia 18, no mesmo local, conforme agendamento feito com cada cliente. A Coelba j\u00e1 substituiu mais&hellip; <\/p>\n","protected":false},"author":3,"featured_media":0,"comment_status":"open","ping_status":"open","sticky":false,"template":"","format":"standard","meta":{"_acf_changed":false,"footnotes":""},"categories":[22],"tags":[],"class_list":["post-67272","post","type-post","status-publish","format-standard","hentry","category-acao-social"],"acf":[],"yoast_head":"<!-- This site is optimized with the Yoast SEO plugin v27.4 - https:\/\/yoast.com\/product\/yoast-seo-wordpress\/ -->\n<title>DIRETO DE CASA NOVA  - Blog do Farn\u00e9sio<\/title>\n<meta name=\"robots\" content=\"index, follow, max-snippet:-1, max-image-preview:large, max-video-preview:-1\" \/>\n<link rel=\"canonical\" href=\"https:\/\/blogdofarnesio.com.br\/?p=67272\" \/>\n<meta property=\"og:locale\" content=\"pt_BR\" \/>\n<meta property=\"og:type\" content=\"article\" \/>\n<meta property=\"og:title\" content=\"DIRETO DE CASA NOVA  - Blog do Farn\u00e9sio\" \/>\n<meta property=\"og:description\" content=\"COELBA BENEFICIA MORADORES COM DOA\u00c7\u00c3O DE NOVAS GELADEIRAS A partir desta ter\u00e7a-feira, dia 17, a Coelba, empresa do Grupo Neoenergia, levar\u00e1 o projeto Nova Geladeira &#8211; Doa\u00e7\u00e3o para o munic\u00edpio de Casa Nova. Na ocasi\u00e3o, os moradores que atenderem os pr\u00e9-requisitos do projeto (veja crit\u00e9rios abaixo) ter\u00e3o a oportunidade de trocar gratuitamente a geladeira velha por uma nova, com Selo Procel de economia de energia. As inscri\u00e7\u00f5es ser\u00e3o realizadas hoje, dia 17, das 8h \u00e0s 12h e das 13h \u00e0s 16h, no Loteamento Rio S\u00e3o Francisco, empreendimento do Programa Minha Casa, Minha Vida, localizado na BA 235. A entrega dos refrigeradores acontecer\u00e1 na quarta-feira, dia 18, no mesmo local, conforme agendamento feito com cada cliente. A Coelba j\u00e1 substituiu mais&hellip;\" \/>\n<meta property=\"og:url\" content=\"https:\/\/blogdofarnesio.com.br\/?p=67272\" \/>\n<meta property=\"og:site_name\" content=\"Blog do Farn\u00e9sio\" \/>\n<meta property=\"article:publisher\" content=\"https:\/\/www.facebook.com\/BlogQuerSaberPolitica\/\" \/>\n<meta property=\"article:published_time\" content=\"2013-12-17T12:41:03+00:00\" \/>\n<meta property=\"article:modified_time\" content=\"2013-12-17T12:51:51+00:00\" \/>\n<meta property=\"og:image\" content=\"http:\/\/www.quersaberpolitica.com.br\/2016\/wp-content\/uploads\/2013\/04\/geladeira-celpe1-300x232.jpg\" \/>\n<meta name=\"author\" content=\"teste\" \/>\n<meta name=\"twitter:card\" content=\"summary_large_image\" \/>\n<meta name=\"twitter:label1\" content=\"Escrito por\" \/>\n\t<meta name=\"twitter:data1\" content=\"teste\" \/>\n\t<meta name=\"twitter:label2\" content=\"Est. tempo de leitura\" \/>\n\t<meta name=\"twitter:data2\" content=\"4 minutos\" \/>\n<script type=\"application\/ld+json\" class=\"yoast-schema-graph\">{\"@context\":\"https:\\\/\\\/schema.org\",\"@graph\":[{\"@type\":\"Article\",\"@id\":\"https:\\\/\\\/blogdofarnesio.com.br\\\/?p=67272#article\",\"isPartOf\":{\"@id\":\"https:\\\/\\\/blogdofarnesio.com.br\\\/?p=67272\"},\"author\":{\"name\":\"teste\",\"@id\":\"https:\\\/\\\/blogdofarnesio.com.br\\\/#\\\/schema\\\/person\\\/dd1bf5eba40b687199ba45ca6b97dff9\"},\"headline\":\"DIRETO DE CASA NOVA\",\"datePublished\":\"2013-12-17T12:41:03+00:00\",\"dateModified\":\"2013-12-17T12:51:51+00:00\",\"mainEntityOfPage\":{\"@id\":\"https:\\\/\\\/blogdofarnesio.com.br\\\/?p=67272\"},\"wordCount\":720,\"commentCount\":0,\"publisher\":{\"@id\":\"https:\\\/\\\/blogdofarnesio.com.br\\\/#organization\"},\"image\":{\"@id\":\"https:\\\/\\\/blogdofarnesio.com.br\\\/?p=67272#primaryimage\"},\"thumbnailUrl\":\"http:\\\/\\\/www.quersaberpolitica.com.br\\\/2016\\\/wp-content\\\/uploads\\\/2013\\\/04\\\/geladeira-celpe1-300x232.jpg\",\"articleSection\":[\"A\u00e7\u00e3o Social\"],\"inLanguage\":\"pt-BR\",\"potentialAction\":[{\"@type\":\"CommentAction\",\"name\":\"Comment\",\"target\":[\"https:\\\/\\\/blogdofarnesio.com.br\\\/?p=67272#respond\"]}]},{\"@type\":\"WebPage\",\"@id\":\"https:\\\/\\\/blogdofarnesio.com.br\\\/?p=67272\",\"url\":\"https:\\\/\\\/blogdofarnesio.com.br\\\/?p=67272\",\"name\":\"DIRETO DE CASA NOVA - Blog do Farn\u00e9sio\",\"isPartOf\":{\"@id\":\"https:\\\/\\\/blogdofarnesio.com.br\\\/#website\"},\"primaryImageOfPage\":{\"@id\":\"https:\\\/\\\/blogdofarnesio.com.br\\\/?p=67272#primaryimage\"},\"image\":{\"@id\":\"https:\\\/\\\/blogdofarnesio.com.br\\\/?p=67272#primaryimage\"},\"thumbnailUrl\":\"http:\\\/\\\/www.quersaberpolitica.com.br\\\/2016\\\/wp-content\\\/uploads\\\/2013\\\/04\\\/geladeira-celpe1-300x232.jpg\",\"datePublished\":\"2013-12-17T12:41:03+00:00\",\"dateModified\":\"2013-12-17T12:51:51+00:00\",\"breadcrumb\":{\"@id\":\"https:\\\/\\\/blogdofarnesio.com.br\\\/?p=67272#breadcrumb\"},\"inLanguage\":\"pt-BR\",\"potentialAction\":[{\"@type\":\"ReadAction\",\"target\":[\"https:\\\/\\\/blogdofarnesio.com.br\\\/?p=67272\"]}]},{\"@type\":\"ImageObject\",\"inLanguage\":\"pt-BR\",\"@id\":\"https:\\\/\\\/blogdofarnesio.com.br\\\/?p=67272#primaryimage\",\"url\":\"http:\\\/\\\/www.quersaberpolitica.com.br\\\/2016\\\/wp-content\\\/uploads\\\/2013\\\/04\\\/geladeira-celpe1-300x232.jpg\",\"contentUrl\":\"http:\\\/\\\/www.quersaberpolitica.com.br\\\/2016\\\/wp-content\\\/uploads\\\/2013\\\/04\\\/geladeira-celpe1-300x232.jpg\"},{\"@type\":\"BreadcrumbList\",\"@id\":\"https:\\\/\\\/blogdofarnesio.com.br\\\/?p=67272#breadcrumb\",\"itemListElement\":[{\"@type\":\"ListItem\",\"position\":1,\"name\":\"In\u00edcio\",\"item\":\"https:\\\/\\\/blogdofarnesio.com.br\\\/\"},{\"@type\":\"ListItem\",\"position\":2,\"name\":\"DIRETO DE CASA NOVA\"}]},{\"@type\":\"WebSite\",\"@id\":\"https:\\\/\\\/blogdofarnesio.com.br\\\/#website\",\"url\":\"https:\\\/\\\/blogdofarnesio.com.br\\\/\",\"name\":\"Blog do Farn\u00e9sio\",\"description\":\"Quer Saber Pol\u00edtica?\",\"publisher\":{\"@id\":\"https:\\\/\\\/blogdofarnesio.com.br\\\/#organization\"},\"potentialAction\":[{\"@type\":\"SearchAction\",\"target\":{\"@type\":\"EntryPoint\",\"urlTemplate\":\"https:\\\/\\\/blogdofarnesio.com.br\\\/?s={search_term_string}\"},\"query-input\":{\"@type\":\"PropertyValueSpecification\",\"valueRequired\":true,\"valueName\":\"search_term_string\"}}],\"inLanguage\":\"pt-BR\"},{\"@type\":\"Organization\",\"@id\":\"https:\\\/\\\/blogdofarnesio.com.br\\\/#organization\",\"name\":\"Blog do Farn\u00e9sio\",\"url\":\"https:\\\/\\\/blogdofarnesio.com.br\\\/\",\"logo\":{\"@type\":\"ImageObject\",\"inLanguage\":\"pt-BR\",\"@id\":\"https:\\\/\\\/blogdofarnesio.com.br\\\/#\\\/schema\\\/logo\\\/image\\\/\",\"url\":\"https:\\\/\\\/blogdofarnesio.com.br\\\/wp-content\\\/uploads\\\/2026\\\/03\\\/cropped-logo_new-1.png\",\"contentUrl\":\"https:\\\/\\\/blogdofarnesio.com.br\\\/wp-content\\\/uploads\\\/2026\\\/03\\\/cropped-logo_new-1.png\",\"width\":881,\"height\":685,\"caption\":\"Blog do Farn\u00e9sio\"},\"image\":{\"@id\":\"https:\\\/\\\/blogdofarnesio.com.br\\\/#\\\/schema\\\/logo\\\/image\\\/\"},\"sameAs\":[\"https:\\\/\\\/www.facebook.com\\\/BlogQuerSaberPolitica\\\/\"]},{\"@type\":\"Person\",\"@id\":\"https:\\\/\\\/blogdofarnesio.com.br\\\/#\\\/schema\\\/person\\\/dd1bf5eba40b687199ba45ca6b97dff9\",\"name\":\"teste\",\"image\":{\"@type\":\"ImageObject\",\"inLanguage\":\"pt-BR\",\"@id\":\"https:\\\/\\\/secure.gravatar.com\\\/avatar\\\/2172498d4914b51e1d89a0f97957b035ac4938723a5cac208135d389b6972a6d?s=96&d=mm&r=g\",\"url\":\"https:\\\/\\\/secure.gravatar.com\\\/avatar\\\/2172498d4914b51e1d89a0f97957b035ac4938723a5cac208135d389b6972a6d?s=96&d=mm&r=g\",\"contentUrl\":\"https:\\\/\\\/secure.gravatar.com\\\/avatar\\\/2172498d4914b51e1d89a0f97957b035ac4938723a5cac208135d389b6972a6d?s=96&d=mm&r=g\",\"caption\":\"teste\"},\"url\":\"https:\\\/\\\/blogdofarnesio.com.br\\\/?author=3\"}]}<\/script>\n<!-- \/ Yoast SEO plugin. -->","yoast_head_json":{"title":"DIRETO DE CASA NOVA  - Blog do Farn\u00e9sio","robots":{"index":"index","follow":"follow","max-snippet":"max-snippet:-1","max-image-preview":"max-image-preview:large","max-video-preview":"max-video-preview:-1"},"canonical":"https:\/\/blogdofarnesio.com.br\/?p=67272","og_locale":"pt_BR","og_type":"article","og_title":"DIRETO DE CASA NOVA  - Blog do Farn\u00e9sio","og_description":"COELBA BENEFICIA MORADORES COM DOA\u00c7\u00c3O DE NOVAS GELADEIRAS A partir desta ter\u00e7a-feira, dia 17, a Coelba, empresa do Grupo Neoenergia, levar\u00e1 o projeto Nova Geladeira &#8211; Doa\u00e7\u00e3o para o munic\u00edpio de Casa Nova. Na ocasi\u00e3o, os moradores que atenderem os pr\u00e9-requisitos do projeto (veja crit\u00e9rios abaixo) ter\u00e3o a oportunidade de trocar gratuitamente a geladeira velha por uma nova, com Selo Procel de economia de energia. As inscri\u00e7\u00f5es ser\u00e3o realizadas hoje, dia 17, das 8h \u00e0s 12h e das 13h \u00e0s 16h, no Loteamento Rio S\u00e3o Francisco, empreendimento do Programa Minha Casa, Minha Vida, localizado na BA 235. A entrega dos refrigeradores acontecer\u00e1 na quarta-feira, dia 18, no mesmo local, conforme agendamento feito com cada cliente. A Coelba j\u00e1 substituiu mais&hellip;","og_url":"https:\/\/blogdofarnesio.com.br\/?p=67272","og_site_name":"Blog do Farn\u00e9sio","article_publisher":"https:\/\/www.facebook.com\/BlogQuerSaberPolitica\/","article_published_time":"2013-12-17T12:41:03+00:00","article_modified_time":"2013-12-17T12:51:51+00:00","og_image":[{"url":"http:\/\/www.quersaberpolitica.com.br\/2016\/wp-content\/uploads\/2013\/04\/geladeira-celpe1-300x232.jpg","type":"","width":"","height":""}],"author":"teste","twitter_card":"summary_large_image","twitter_misc":{"Escrito por":"teste","Est. tempo de leitura":"4 minutos"},"schema":{"@context":"https:\/\/schema.org","@graph":[{"@type":"Article","@id":"https:\/\/blogdofarnesio.com.br\/?p=67272#article","isPartOf":{"@id":"https:\/\/blogdofarnesio.com.br\/?p=67272"},"author":{"name":"teste","@id":"https:\/\/blogdofarnesio.com.br\/#\/schema\/person\/dd1bf5eba40b687199ba45ca6b97dff9"},"headline":"DIRETO DE CASA NOVA","datePublished":"2013-12-17T12:41:03+00:00","dateModified":"2013-12-17T12:51:51+00:00","mainEntityOfPage":{"@id":"https:\/\/blogdofarnesio.com.br\/?p=67272"},"wordCount":720,"commentCount":0,"publisher":{"@id":"https:\/\/blogdofarnesio.com.br\/#organization"},"image":{"@id":"https:\/\/blogdofarnesio.com.br\/?p=67272#primaryimage"},"thumbnailUrl":"http:\/\/www.quersaberpolitica.com.br\/2016\/wp-content\/uploads\/2013\/04\/geladeira-celpe1-300x232.jpg","articleSection":["A\u00e7\u00e3o Social"],"inLanguage":"pt-BR","potentialAction":[{"@type":"CommentAction","name":"Comment","target":["https:\/\/blogdofarnesio.com.br\/?p=67272#respond"]}]},{"@type":"WebPage","@id":"https:\/\/blogdofarnesio.com.br\/?p=67272","url":"https:\/\/blogdofarnesio.com.br\/?p=67272","name":"DIRETO DE CASA NOVA - Blog do Farn\u00e9sio","isPartOf":{"@id":"https:\/\/blogdofarnesio.com.br\/#website"},"primaryImageOfPage":{"@id":"https:\/\/blogdofarnesio.com.br\/?p=67272#primaryimage"},"image":{"@id":"https:\/\/blogdofarnesio.com.br\/?p=67272#primaryimage"},"thumbnailUrl":"http:\/\/www.quersaberpolitica.com.br\/2016\/wp-content\/uploads\/2013\/04\/geladeira-celpe1-300x232.jpg","datePublished":"2013-12-17T12:41:03+00:00","dateModified":"2013-12-17T12:51:51+00:00","breadcrumb":{"@id":"https:\/\/blogdofarnesio.com.br\/?p=67272#breadcrumb"},"inLanguage":"pt-BR","potentialAction":[{"@type":"ReadAction","target":["https:\/\/blogdofarnesio.com.br\/?p=67272"]}]},{"@type":"ImageObject","inLanguage":"pt-BR","@id":"https:\/\/blogdofarnesio.com.br\/?p=67272#primaryimage","url":"http:\/\/www.quersaberpolitica.com.br\/2016\/wp-content\/uploads\/2013\/04\/geladeira-celpe1-300x232.jpg","contentUrl":"http:\/\/www.quersaberpolitica.com.br\/2016\/wp-content\/uploads\/2013\/04\/geladeira-celpe1-300x232.jpg"},{"@type":"BreadcrumbList","@id":"https:\/\/blogdofarnesio.com.br\/?p=67272#breadcrumb","itemListElement":[{"@type":"ListItem","position":1,"name":"In\u00edcio","item":"https:\/\/blogdofarnesio.com.br\/"},{"@type":"ListItem","position":2,"name":"DIRETO DE CASA NOVA"}]},{"@type":"WebSite","@id":"https:\/\/blogdofarnesio.com.br\/#website","url":"https:\/\/blogdofarnesio.com.br\/","name":"Blog do Farn\u00e9sio","description":"Quer Saber Pol\u00edtica?","publisher":{"@id":"https:\/\/blogdofarnesio.com.br\/#organization"},"potentialAction":[{"@type":"SearchAction","target":{"@type":"EntryPoint","urlTemplate":"https:\/\/blogdofarnesio.com.br\/?s={search_term_string}"},"query-input":{"@type":"PropertyValueSpecification","valueRequired":true,"valueName":"search_term_string"}}],"inLanguage":"pt-BR"},{"@type":"Organization","@id":"https:\/\/blogdofarnesio.com.br\/#organization","name":"Blog do Farn\u00e9sio","url":"https:\/\/blogdofarnesio.com.br\/","logo":{"@type":"ImageObject","inLanguage":"pt-BR","@id":"https:\/\/blogdofarnesio.com.br\/#\/schema\/logo\/image\/","url":"https:\/\/blogdofarnesio.com.br\/wp-content\/uploads\/2026\/03\/cropped-logo_new-1.png","contentUrl":"https:\/\/blogdofarnesio.com.br\/wp-content\/uploads\/2026\/03\/cropped-logo_new-1.png","width":881,"height":685,"caption":"Blog do Farn\u00e9sio"},"image":{"@id":"https:\/\/blogdofarnesio.com.br\/#\/schema\/logo\/image\/"},"sameAs":["https:\/\/www.facebook.com\/BlogQuerSaberPolitica\/"]},{"@type":"Person","@id":"https:\/\/blogdofarnesio.com.br\/#\/schema\/person\/dd1bf5eba40b687199ba45ca6b97dff9","name":"teste","image":{"@type":"ImageObject","inLanguage":"pt-BR","@id":"https:\/\/secure.gravatar.com\/avatar\/2172498d4914b51e1d89a0f97957b035ac4938723a5cac208135d389b6972a6d?s=96&d=mm&r=g","url":"https:\/\/secure.gravatar.com\/avatar\/2172498d4914b51e1d89a0f97957b035ac4938723a5cac208135d389b6972a6d?s=96&d=mm&r=g","contentUrl":"https:\/\/secure.gravatar.com\/avatar\/2172498d4914b51e1d89a0f97957b035ac4938723a5cac208135d389b6972a6d?s=96&d=mm&r=g","caption":"teste"},"url":"https:\/\/blogdofarnesio.com.br\/?author=3"}]}},"_links":{"self":[{"href":"https:\/\/blogdofarnesio.com.br\/index.php?rest_route=\/wp\/v2\/posts\/67272","targetHints":{"allow":["GET"]}}],"collection":[{"href":"https:\/\/blogdofarnesio.com.br\/index.php?rest_route=\/wp\/v2\/posts"}],"about":[{"href":"https:\/\/blogdofarnesio.com.br\/index.php?rest_route=\/wp\/v2\/types\/post"}],"author":[{"embeddable":true,"href":"https:\/\/blogdofarnesio.com.br\/index.php?rest_route=\/wp\/v2\/users\/3"}],"replies":[{"embeddable":true,"href":"https:\/\/blogdofarnesio.com.br\/index.php?rest_route=%2Fwp%2Fv2%2Fcomments&post=67272"}],"version-history":[{"count":0,"href":"https:\/\/blogdofarnesio.com.br\/index.php?rest_route=\/wp\/v2\/posts\/67272\/revisions"}],"wp:attachment":[{"href":"https:\/\/blogdofarnesio.com.br\/index.php?rest_route=%2Fwp%2Fv2%2Fmedia&parent=67272"}],"wp:term":[{"taxonomy":"category","embeddable":true,"href":"https:\/\/blogdofarnesio.com.br\/index.php?rest_route=%2Fwp%2Fv2%2Fcategories&post=67272"},{"taxonomy":"post_tag","embeddable":true,"href":"https:\/\/blogdofarnesio.com.br\/index.php?rest_route=%2Fwp%2Fv2%2Ftags&post=67272"}],"curies":[{"name":"wp","href":"https:\/\/api.w.org\/{rel}","templated":true}]}}