{"id":67219,"date":"2013-12-17T07:03:10","date_gmt":"2013-12-17T10:03:10","guid":{"rendered":"http:\/\/www.quersaberpolitica.com.br\/?p=67219"},"modified":"2013-12-16T10:51:12","modified_gmt":"2013-12-16T13:51:12","slug":"inemaba-autoriza-agrovale-plantar-cana-de-acucar-no-projeto-salitre","status":"publish","type":"post","link":"https:\/\/blogdofarnesio.com.br\/?p=67219","title":{"rendered":"INEMA\/BA AUTORIZA AGROVALE PLANTAR CANA-DE-A\u00c7\u00daCAR NO PROJETO SALITRE"},"content":{"rendered":"<h3 style=\"text-align: justify\"><img loading=\"lazy\" decoding=\"async\" class=\"alignleft\" style=\"border: 0px\" alt=\"\" src=\"http:\/\/3.bp.blogspot.com\/-tpPSTUfsO2E\/UqzEsCZUO7I\/AAAAAAABIlM\/N_GGmYgjPdg\/s640\/acucar1.jpg\" width=\"307\" height=\"230\" border=\"0\" \/><\/h3>\n<div id=\"post-body-283462872031211552\" style=\"text-align: justify\">\n<div>A planta\u00e7\u00e3o de cana-de-a\u00e7\u00facar deve ser ampliada em Juazeiro, s\u00f3 que dessa vez no Projeto de Irriga\u00e7\u00e3o Salitre, que ainda est\u00e1 em fase de conclus\u00e3o pela Codevasf (a primeira etapa do projeto foi inaugurada em 2010).<\/div>\n<div><\/div>\n<div><\/div>\n<div>No \u00faltimo dia 11, o Instituto do Meio Ambiente e Recursos H\u00eddricos da Bahia (Inema) publicou uma portaria autorizando a supress\u00e3o da vegeta\u00e7\u00e3o nativa no m\u00f3dulo III do novo per\u00edmetro irrigado.<\/div>\n<div><\/div>\n<div>Segundo a autoriza\u00e7\u00e3o do \u00f3rg\u00e3o ambiental, o territ\u00f3rio agr\u00edcola abrange 238,19 hectares na \u00e1rea de expans\u00e3o do Salitre que ser\u00e1 destinado para o plantio da cana, que \u00e9 mat\u00e9ria-prima de combust\u00edveis como \u00e1lcool e o etanol. Na mesma portaria, o Inema tamb\u00e9m concedeu licen\u00e7a unificado, v\u00e1lida pelo prazo de cinco anos, para que uma empresa agroindustrial da cidade cultive cana-de-a\u00e7\u00facar no Salitre.<\/div>\n<div><\/div>\n<div>O projeto de irriga\u00e7\u00e3o Salitre tem uma \u00e1rea total de 67 mil hectares, dos quais 31 mil s\u00e3o de lotes irrig\u00e1veis. A estimativa \u00e9 de que, quando inteiramente conclu\u00eddo, em 2014, o projeto ter\u00e1 criado 90 mil empregos e consumido R$ 900 milh\u00f5es em investimentos.<\/div>\n<\/div>\n","protected":false},"excerpt":{"rendered":"<p>A planta\u00e7\u00e3o de cana-de-a\u00e7\u00facar deve ser ampliada em Juazeiro, s\u00f3 que dessa vez no Projeto de Irriga\u00e7\u00e3o Salitre, que ainda est\u00e1 em fase de conclus\u00e3o pela Codevasf (a primeira etapa do projeto foi inaugurada em 2010). No \u00faltimo dia 11, o Instituto do Meio Ambiente e Recursos H\u00eddricos da Bahia (Inema) publicou uma portaria autorizando a supress\u00e3o da vegeta\u00e7\u00e3o nativa no m\u00f3dulo III do novo per\u00edmetro irrigado. Segundo a autoriza\u00e7\u00e3o do \u00f3rg\u00e3o ambiental, o territ\u00f3rio agr\u00edcola abrange 238,19 hectares na \u00e1rea de expans\u00e3o do Salitre que ser\u00e1 destinado para o plantio da cana, que \u00e9 mat\u00e9ria-prima de combust\u00edveis como \u00e1lcool e o etanol. Na mesma portaria, o Inema tamb\u00e9m concedeu licen\u00e7a unificado, v\u00e1lida pelo prazo de cinco anos, para que&hellip; <\/p>\n","protected":false},"author":3,"featured_media":0,"comment_status":"open","ping_status":"open","sticky":false,"template":"","format":"standard","meta":{"_acf_changed":false,"footnotes":""},"categories":[26,20],"tags":[],"class_list":["post-67219","post","type-post","status-publish","format-standard","hentry","category-agricultura","category-economia"],"acf":[],"yoast_head":"<!-- This site is optimized with the Yoast SEO plugin v27.4 - https:\/\/yoast.com\/product\/yoast-seo-wordpress\/ -->\n<title>INEMA\/BA AUTORIZA AGROVALE PLANTAR CANA-DE-A\u00c7\u00daCAR NO PROJETO SALITRE - Blog do Farn\u00e9sio<\/title>\n<meta name=\"robots\" content=\"index, follow, max-snippet:-1, max-image-preview:large, max-video-preview:-1\" \/>\n<link rel=\"canonical\" href=\"http:\/\/blogdofarnesio.com.br\/?p=67219\" \/>\n<meta property=\"og:locale\" content=\"pt_BR\" \/>\n<meta property=\"og:type\" content=\"article\" \/>\n<meta property=\"og:title\" content=\"INEMA\/BA AUTORIZA AGROVALE PLANTAR CANA-DE-A\u00c7\u00daCAR NO PROJETO SALITRE - Blog do Farn\u00e9sio\" \/>\n<meta property=\"og:description\" content=\"A planta\u00e7\u00e3o de cana-de-a\u00e7\u00facar deve ser ampliada em Juazeiro, s\u00f3 que dessa vez no Projeto de Irriga\u00e7\u00e3o Salitre, que ainda est\u00e1 em fase de conclus\u00e3o pela Codevasf (a primeira etapa do projeto foi inaugurada em 2010). No \u00faltimo dia 11, o Instituto do Meio Ambiente e Recursos H\u00eddricos da Bahia (Inema) publicou uma portaria autorizando a supress\u00e3o da vegeta\u00e7\u00e3o nativa no m\u00f3dulo III do novo per\u00edmetro irrigado. Segundo a autoriza\u00e7\u00e3o do \u00f3rg\u00e3o ambiental, o territ\u00f3rio agr\u00edcola abrange 238,19 hectares na \u00e1rea de expans\u00e3o do Salitre que ser\u00e1 destinado para o plantio da cana, que \u00e9 mat\u00e9ria-prima de combust\u00edveis como \u00e1lcool e o etanol. Na mesma portaria, o Inema tamb\u00e9m concedeu licen\u00e7a unificado, v\u00e1lida pelo prazo de cinco anos, para que&hellip;\" \/>\n<meta property=\"og:url\" content=\"http:\/\/blogdofarnesio.com.br\/?p=67219\" \/>\n<meta property=\"og:site_name\" content=\"Blog do Farn\u00e9sio\" \/>\n<meta property=\"article:publisher\" content=\"https:\/\/www.facebook.com\/BlogQuerSaberPolitica\/\" \/>\n<meta property=\"article:published_time\" content=\"2013-12-17T10:03:10+00:00\" \/>\n<meta property=\"og:image\" content=\"http:\/\/3.bp.blogspot.com\/-tpPSTUfsO2E\/UqzEsCZUO7I\/AAAAAAABIlM\/N_GGmYgjPdg\/s640\/acucar1.jpg\" \/>\n<meta name=\"author\" content=\"teste\" \/>\n<meta name=\"twitter:card\" content=\"summary_large_image\" \/>\n<meta name=\"twitter:label1\" content=\"Escrito por\" \/>\n\t<meta name=\"twitter:data1\" content=\"teste\" \/>\n\t<meta name=\"twitter:label2\" content=\"Est. tempo de leitura\" \/>\n\t<meta name=\"twitter:data2\" content=\"1 minuto\" \/>\n<script type=\"application\/ld+json\" class=\"yoast-schema-graph\">{\"@context\":\"https:\\\/\\\/schema.org\",\"@graph\":[{\"@type\":\"Article\",\"@id\":\"http:\\\/\\\/blogdofarnesio.com.br\\\/?p=67219#article\",\"isPartOf\":{\"@id\":\"http:\\\/\\\/blogdofarnesio.com.br\\\/?p=67219\"},\"author\":{\"name\":\"teste\",\"@id\":\"https:\\\/\\\/blogdofarnesio.com.br\\\/#\\\/schema\\\/person\\\/dd1bf5eba40b687199ba45ca6b97dff9\"},\"headline\":\"INEMA\\\/BA AUTORIZA AGROVALE PLANTAR CANA-DE-A\u00c7\u00daCAR NO PROJETO SALITRE\",\"datePublished\":\"2013-12-17T10:03:10+00:00\",\"mainEntityOfPage\":{\"@id\":\"http:\\\/\\\/blogdofarnesio.com.br\\\/?p=67219\"},\"wordCount\":199,\"commentCount\":0,\"publisher\":{\"@id\":\"https:\\\/\\\/blogdofarnesio.com.br\\\/#organization\"},\"image\":{\"@id\":\"http:\\\/\\\/blogdofarnesio.com.br\\\/?p=67219#primaryimage\"},\"thumbnailUrl\":\"http:\\\/\\\/3.bp.blogspot.com\\\/-tpPSTUfsO2E\\\/UqzEsCZUO7I\\\/AAAAAAABIlM\\\/N_GGmYgjPdg\\\/s640\\\/acucar1.jpg\",\"articleSection\":[\"Agricultura\",\"Economia\"],\"inLanguage\":\"pt-BR\",\"potentialAction\":[{\"@type\":\"CommentAction\",\"name\":\"Comment\",\"target\":[\"http:\\\/\\\/blogdofarnesio.com.br\\\/?p=67219#respond\"]}]},{\"@type\":\"WebPage\",\"@id\":\"http:\\\/\\\/blogdofarnesio.com.br\\\/?p=67219\",\"url\":\"http:\\\/\\\/blogdofarnesio.com.br\\\/?p=67219\",\"name\":\"INEMA\\\/BA AUTORIZA AGROVALE PLANTAR CANA-DE-A\u00c7\u00daCAR NO PROJETO SALITRE - Blog do Farn\u00e9sio\",\"isPartOf\":{\"@id\":\"https:\\\/\\\/blogdofarnesio.com.br\\\/#website\"},\"primaryImageOfPage\":{\"@id\":\"http:\\\/\\\/blogdofarnesio.com.br\\\/?p=67219#primaryimage\"},\"image\":{\"@id\":\"http:\\\/\\\/blogdofarnesio.com.br\\\/?p=67219#primaryimage\"},\"thumbnailUrl\":\"http:\\\/\\\/3.bp.blogspot.com\\\/-tpPSTUfsO2E\\\/UqzEsCZUO7I\\\/AAAAAAABIlM\\\/N_GGmYgjPdg\\\/s640\\\/acucar1.jpg\",\"datePublished\":\"2013-12-17T10:03:10+00:00\",\"breadcrumb\":{\"@id\":\"http:\\\/\\\/blogdofarnesio.com.br\\\/?p=67219#breadcrumb\"},\"inLanguage\":\"pt-BR\",\"potentialAction\":[{\"@type\":\"ReadAction\",\"target\":[\"http:\\\/\\\/blogdofarnesio.com.br\\\/?p=67219\"]}]},{\"@type\":\"ImageObject\",\"inLanguage\":\"pt-BR\",\"@id\":\"http:\\\/\\\/blogdofarnesio.com.br\\\/?p=67219#primaryimage\",\"url\":\"http:\\\/\\\/3.bp.blogspot.com\\\/-tpPSTUfsO2E\\\/UqzEsCZUO7I\\\/AAAAAAABIlM\\\/N_GGmYgjPdg\\\/s640\\\/acucar1.jpg\",\"contentUrl\":\"http:\\\/\\\/3.bp.blogspot.com\\\/-tpPSTUfsO2E\\\/UqzEsCZUO7I\\\/AAAAAAABIlM\\\/N_GGmYgjPdg\\\/s640\\\/acucar1.jpg\"},{\"@type\":\"BreadcrumbList\",\"@id\":\"http:\\\/\\\/blogdofarnesio.com.br\\\/?p=67219#breadcrumb\",\"itemListElement\":[{\"@type\":\"ListItem\",\"position\":1,\"name\":\"In\u00edcio\",\"item\":\"https:\\\/\\\/blogdofarnesio.com.br\\\/\"},{\"@type\":\"ListItem\",\"position\":2,\"name\":\"INEMA\\\/BA AUTORIZA AGROVALE PLANTAR CANA-DE-A\u00c7\u00daCAR NO PROJETO SALITRE\"}]},{\"@type\":\"WebSite\",\"@id\":\"https:\\\/\\\/blogdofarnesio.com.br\\\/#website\",\"url\":\"https:\\\/\\\/blogdofarnesio.com.br\\\/\",\"name\":\"Blog do Farn\u00e9sio\",\"description\":\"Quer Saber Pol\u00edtica?\",\"publisher\":{\"@id\":\"https:\\\/\\\/blogdofarnesio.com.br\\\/#organization\"},\"potentialAction\":[{\"@type\":\"SearchAction\",\"target\":{\"@type\":\"EntryPoint\",\"urlTemplate\":\"https:\\\/\\\/blogdofarnesio.com.br\\\/?s={search_term_string}\"},\"query-input\":{\"@type\":\"PropertyValueSpecification\",\"valueRequired\":true,\"valueName\":\"search_term_string\"}}],\"inLanguage\":\"pt-BR\"},{\"@type\":\"Organization\",\"@id\":\"https:\\\/\\\/blogdofarnesio.com.br\\\/#organization\",\"name\":\"Blog do Farn\u00e9sio\",\"url\":\"https:\\\/\\\/blogdofarnesio.com.br\\\/\",\"logo\":{\"@type\":\"ImageObject\",\"inLanguage\":\"pt-BR\",\"@id\":\"https:\\\/\\\/blogdofarnesio.com.br\\\/#\\\/schema\\\/logo\\\/image\\\/\",\"url\":\"https:\\\/\\\/blogdofarnesio.com.br\\\/wp-content\\\/uploads\\\/2026\\\/03\\\/cropped-logo_new-1.png\",\"contentUrl\":\"https:\\\/\\\/blogdofarnesio.com.br\\\/wp-content\\\/uploads\\\/2026\\\/03\\\/cropped-logo_new-1.png\",\"width\":881,\"height\":685,\"caption\":\"Blog do Farn\u00e9sio\"},\"image\":{\"@id\":\"https:\\\/\\\/blogdofarnesio.com.br\\\/#\\\/schema\\\/logo\\\/image\\\/\"},\"sameAs\":[\"https:\\\/\\\/www.facebook.com\\\/BlogQuerSaberPolitica\\\/\"]},{\"@type\":\"Person\",\"@id\":\"https:\\\/\\\/blogdofarnesio.com.br\\\/#\\\/schema\\\/person\\\/dd1bf5eba40b687199ba45ca6b97dff9\",\"name\":\"teste\",\"image\":{\"@type\":\"ImageObject\",\"inLanguage\":\"pt-BR\",\"@id\":\"https:\\\/\\\/secure.gravatar.com\\\/avatar\\\/2172498d4914b51e1d89a0f97957b035ac4938723a5cac208135d389b6972a6d?s=96&d=mm&r=g\",\"url\":\"https:\\\/\\\/secure.gravatar.com\\\/avatar\\\/2172498d4914b51e1d89a0f97957b035ac4938723a5cac208135d389b6972a6d?s=96&d=mm&r=g\",\"contentUrl\":\"https:\\\/\\\/secure.gravatar.com\\\/avatar\\\/2172498d4914b51e1d89a0f97957b035ac4938723a5cac208135d389b6972a6d?s=96&d=mm&r=g\",\"caption\":\"teste\"},\"url\":\"https:\\\/\\\/blogdofarnesio.com.br\\\/?author=3\"}]}<\/script>\n<!-- \/ Yoast SEO plugin. -->","yoast_head_json":{"title":"INEMA\/BA AUTORIZA AGROVALE PLANTAR CANA-DE-A\u00c7\u00daCAR NO PROJETO SALITRE - Blog do Farn\u00e9sio","robots":{"index":"index","follow":"follow","max-snippet":"max-snippet:-1","max-image-preview":"max-image-preview:large","max-video-preview":"max-video-preview:-1"},"canonical":"http:\/\/blogdofarnesio.com.br\/?p=67219","og_locale":"pt_BR","og_type":"article","og_title":"INEMA\/BA AUTORIZA AGROVALE PLANTAR CANA-DE-A\u00c7\u00daCAR NO PROJETO SALITRE - Blog do Farn\u00e9sio","og_description":"A planta\u00e7\u00e3o de cana-de-a\u00e7\u00facar deve ser ampliada em Juazeiro, s\u00f3 que dessa vez no Projeto de Irriga\u00e7\u00e3o Salitre, que ainda est\u00e1 em fase de conclus\u00e3o pela Codevasf (a primeira etapa do projeto foi inaugurada em 2010). No \u00faltimo dia 11, o Instituto do Meio Ambiente e Recursos H\u00eddricos da Bahia (Inema) publicou uma portaria autorizando a supress\u00e3o da vegeta\u00e7\u00e3o nativa no m\u00f3dulo III do novo per\u00edmetro irrigado. Segundo a autoriza\u00e7\u00e3o do \u00f3rg\u00e3o ambiental, o territ\u00f3rio agr\u00edcola abrange 238,19 hectares na \u00e1rea de expans\u00e3o do Salitre que ser\u00e1 destinado para o plantio da cana, que \u00e9 mat\u00e9ria-prima de combust\u00edveis como \u00e1lcool e o etanol. Na mesma portaria, o Inema tamb\u00e9m concedeu licen\u00e7a unificado, v\u00e1lida pelo prazo de cinco anos, para que&hellip;","og_url":"http:\/\/blogdofarnesio.com.br\/?p=67219","og_site_name":"Blog do Farn\u00e9sio","article_publisher":"https:\/\/www.facebook.com\/BlogQuerSaberPolitica\/","article_published_time":"2013-12-17T10:03:10+00:00","og_image":[{"url":"http:\/\/3.bp.blogspot.com\/-tpPSTUfsO2E\/UqzEsCZUO7I\/AAAAAAABIlM\/N_GGmYgjPdg\/s640\/acucar1.jpg","type":"","width":"","height":""}],"author":"teste","twitter_card":"summary_large_image","twitter_misc":{"Escrito por":"teste","Est. tempo de leitura":"1 minuto"},"schema":{"@context":"https:\/\/schema.org","@graph":[{"@type":"Article","@id":"http:\/\/blogdofarnesio.com.br\/?p=67219#article","isPartOf":{"@id":"http:\/\/blogdofarnesio.com.br\/?p=67219"},"author":{"name":"teste","@id":"https:\/\/blogdofarnesio.com.br\/#\/schema\/person\/dd1bf5eba40b687199ba45ca6b97dff9"},"headline":"INEMA\/BA AUTORIZA AGROVALE PLANTAR CANA-DE-A\u00c7\u00daCAR NO PROJETO SALITRE","datePublished":"2013-12-17T10:03:10+00:00","mainEntityOfPage":{"@id":"http:\/\/blogdofarnesio.com.br\/?p=67219"},"wordCount":199,"commentCount":0,"publisher":{"@id":"https:\/\/blogdofarnesio.com.br\/#organization"},"image":{"@id":"http:\/\/blogdofarnesio.com.br\/?p=67219#primaryimage"},"thumbnailUrl":"http:\/\/3.bp.blogspot.com\/-tpPSTUfsO2E\/UqzEsCZUO7I\/AAAAAAABIlM\/N_GGmYgjPdg\/s640\/acucar1.jpg","articleSection":["Agricultura","Economia"],"inLanguage":"pt-BR","potentialAction":[{"@type":"CommentAction","name":"Comment","target":["http:\/\/blogdofarnesio.com.br\/?p=67219#respond"]}]},{"@type":"WebPage","@id":"http:\/\/blogdofarnesio.com.br\/?p=67219","url":"http:\/\/blogdofarnesio.com.br\/?p=67219","name":"INEMA\/BA AUTORIZA AGROVALE PLANTAR CANA-DE-A\u00c7\u00daCAR NO PROJETO SALITRE - Blog do Farn\u00e9sio","isPartOf":{"@id":"https:\/\/blogdofarnesio.com.br\/#website"},"primaryImageOfPage":{"@id":"http:\/\/blogdofarnesio.com.br\/?p=67219#primaryimage"},"image":{"@id":"http:\/\/blogdofarnesio.com.br\/?p=67219#primaryimage"},"thumbnailUrl":"http:\/\/3.bp.blogspot.com\/-tpPSTUfsO2E\/UqzEsCZUO7I\/AAAAAAABIlM\/N_GGmYgjPdg\/s640\/acucar1.jpg","datePublished":"2013-12-17T10:03:10+00:00","breadcrumb":{"@id":"http:\/\/blogdofarnesio.com.br\/?p=67219#breadcrumb"},"inLanguage":"pt-BR","potentialAction":[{"@type":"ReadAction","target":["http:\/\/blogdofarnesio.com.br\/?p=67219"]}]},{"@type":"ImageObject","inLanguage":"pt-BR","@id":"http:\/\/blogdofarnesio.com.br\/?p=67219#primaryimage","url":"http:\/\/3.bp.blogspot.com\/-tpPSTUfsO2E\/UqzEsCZUO7I\/AAAAAAABIlM\/N_GGmYgjPdg\/s640\/acucar1.jpg","contentUrl":"http:\/\/3.bp.blogspot.com\/-tpPSTUfsO2E\/UqzEsCZUO7I\/AAAAAAABIlM\/N_GGmYgjPdg\/s640\/acucar1.jpg"},{"@type":"BreadcrumbList","@id":"http:\/\/blogdofarnesio.com.br\/?p=67219#breadcrumb","itemListElement":[{"@type":"ListItem","position":1,"name":"In\u00edcio","item":"https:\/\/blogdofarnesio.com.br\/"},{"@type":"ListItem","position":2,"name":"INEMA\/BA AUTORIZA AGROVALE PLANTAR CANA-DE-A\u00c7\u00daCAR NO PROJETO SALITRE"}]},{"@type":"WebSite","@id":"https:\/\/blogdofarnesio.com.br\/#website","url":"https:\/\/blogdofarnesio.com.br\/","name":"Blog do Farn\u00e9sio","description":"Quer Saber Pol\u00edtica?","publisher":{"@id":"https:\/\/blogdofarnesio.com.br\/#organization"},"potentialAction":[{"@type":"SearchAction","target":{"@type":"EntryPoint","urlTemplate":"https:\/\/blogdofarnesio.com.br\/?s={search_term_string}"},"query-input":{"@type":"PropertyValueSpecification","valueRequired":true,"valueName":"search_term_string"}}],"inLanguage":"pt-BR"},{"@type":"Organization","@id":"https:\/\/blogdofarnesio.com.br\/#organization","name":"Blog do Farn\u00e9sio","url":"https:\/\/blogdofarnesio.com.br\/","logo":{"@type":"ImageObject","inLanguage":"pt-BR","@id":"https:\/\/blogdofarnesio.com.br\/#\/schema\/logo\/image\/","url":"https:\/\/blogdofarnesio.com.br\/wp-content\/uploads\/2026\/03\/cropped-logo_new-1.png","contentUrl":"https:\/\/blogdofarnesio.com.br\/wp-content\/uploads\/2026\/03\/cropped-logo_new-1.png","width":881,"height":685,"caption":"Blog do Farn\u00e9sio"},"image":{"@id":"https:\/\/blogdofarnesio.com.br\/#\/schema\/logo\/image\/"},"sameAs":["https:\/\/www.facebook.com\/BlogQuerSaberPolitica\/"]},{"@type":"Person","@id":"https:\/\/blogdofarnesio.com.br\/#\/schema\/person\/dd1bf5eba40b687199ba45ca6b97dff9","name":"teste","image":{"@type":"ImageObject","inLanguage":"pt-BR","@id":"https:\/\/secure.gravatar.com\/avatar\/2172498d4914b51e1d89a0f97957b035ac4938723a5cac208135d389b6972a6d?s=96&d=mm&r=g","url":"https:\/\/secure.gravatar.com\/avatar\/2172498d4914b51e1d89a0f97957b035ac4938723a5cac208135d389b6972a6d?s=96&d=mm&r=g","contentUrl":"https:\/\/secure.gravatar.com\/avatar\/2172498d4914b51e1d89a0f97957b035ac4938723a5cac208135d389b6972a6d?s=96&d=mm&r=g","caption":"teste"},"url":"https:\/\/blogdofarnesio.com.br\/?author=3"}]}},"_links":{"self":[{"href":"https:\/\/blogdofarnesio.com.br\/index.php?rest_route=\/wp\/v2\/posts\/67219","targetHints":{"allow":["GET"]}}],"collection":[{"href":"https:\/\/blogdofarnesio.com.br\/index.php?rest_route=\/wp\/v2\/posts"}],"about":[{"href":"https:\/\/blogdofarnesio.com.br\/index.php?rest_route=\/wp\/v2\/types\/post"}],"author":[{"embeddable":true,"href":"https:\/\/blogdofarnesio.com.br\/index.php?rest_route=\/wp\/v2\/users\/3"}],"replies":[{"embeddable":true,"href":"https:\/\/blogdofarnesio.com.br\/index.php?rest_route=%2Fwp%2Fv2%2Fcomments&post=67219"}],"version-history":[{"count":0,"href":"https:\/\/blogdofarnesio.com.br\/index.php?rest_route=\/wp\/v2\/posts\/67219\/revisions"}],"wp:attachment":[{"href":"https:\/\/blogdofarnesio.com.br\/index.php?rest_route=%2Fwp%2Fv2%2Fmedia&parent=67219"}],"wp:term":[{"taxonomy":"category","embeddable":true,"href":"https:\/\/blogdofarnesio.com.br\/index.php?rest_route=%2Fwp%2Fv2%2Fcategories&post=67219"},{"taxonomy":"post_tag","embeddable":true,"href":"https:\/\/blogdofarnesio.com.br\/index.php?rest_route=%2Fwp%2Fv2%2Ftags&post=67219"}],"curies":[{"name":"wp","href":"https:\/\/api.w.org\/{rel}","templated":true}]}}