{"id":67152,"date":"2013-12-15T09:00:23","date_gmt":"2013-12-15T12:00:23","guid":{"rendered":"http:\/\/www.quersaberpolitica.com.br\/?p=67152"},"modified":"2013-12-15T08:51:53","modified_gmt":"2013-12-15T11:51:53","slug":"ministro-participa-de-encontro-regional-do-pr-e-garante-obras-da-travessia-urbana-de-juazeiro","status":"publish","type":"post","link":"https:\/\/blogdofarnesio.com.br\/?p=67152","title":{"rendered":"MINISTRO PARTICIPA DE ENCONTRO REGIONAL DO PR E GARANTE OBRAS DA TRAVESSIA URBANA DE JUAZEIRO"},"content":{"rendered":"<p style=\"text-align: justify\"><a href=\"http:\/\/www.quersaberpolitica.com.br\/2016\/wp-content\/uploads\/2013\/12\/blogqspcesarborges-Foto-Farn\u00e9sio-silva01.jpg\"><img loading=\"lazy\" decoding=\"async\" class=\"aligncenter  wp-image-67153\" alt=\"blogqspcesarborges Foto Farn\u00e9sio silva01\" src=\"http:\/\/www.quersaberpolitica.com.br\/2016\/wp-content\/uploads\/2013\/12\/blogqspcesarborges-Foto-Farn\u00e9sio-silva01.jpg\" width=\"512\" height=\"227\" srcset=\"https:\/\/blogdofarnesio.com.br\/wp-content\/uploads\/2013\/12\/blogqspcesarborges-Foto-Farn\u00e9sio-silva01.jpg 640w, https:\/\/blogdofarnesio.com.br\/wp-content\/uploads\/2013\/12\/blogqspcesarborges-Foto-Farn\u00e9sio-silva01-300x133.jpg 300w, https:\/\/blogdofarnesio.com.br\/wp-content\/uploads\/2013\/12\/blogqspcesarborges-Foto-Farn\u00e9sio-silva01-500x221.jpg 500w\" sizes=\"auto, (max-width: 512px) 100vw, 512px\" \/><\/a>Acompanhado de assessores dirigentes do PR, a exemplo do deputado federal Jos\u00e9 Rocha, presidente da sigla no estado e dos prefeitos Isaac Carvalho de Juazeiro e Julio Lossio de Petrolina, o ministro C\u00e9sar Borges esteve em Juazeiro ontem, para participar do encontro regional do PR, Partido da Rep\u00fablica, na c\u00e2mara de vereadores de Juazeiro.<\/p>\n<p style=\"text-align: justify\">Ap\u00f3s desembarcar \u00a0no campo de pouso da Agrovale, Cesar Borges esteve no canteiro de obras da travessia urbana de Juazeiro, onde tomou conhecimento do projeto, garantido os recursos necess\u00e1rios para a retomada dos servi\u00e7os, o que garantiu \u00a0dever\u00e1 acontecer \u00a0a partir de fevereiro.<\/p>\n<p style=\"text-align: justify\">Em \u00a0seguida se dirigiu para a c\u00e2mara de vereadores onde ao lado do presidente de seu partido, deputado federal Jos\u00e9 Rocha dirigiu os trabalhos do encontro regional, onde se discutiu as estrat\u00e9gias a serem usadas ano que vem, com vistas as elei\u00e7\u00f5es 2014.<\/p>\n<p style=\"text-align: justify\">Segundo C\u00e9sar Borges, o partido ainda n\u00e3o decidiu sua posi\u00e7\u00e3o quanto ao apoio que dar\u00e1 ao candidato do governador a sua sucess\u00e3o, pois segundo ele ainda \u00e9 cedo para uma tomada de posi\u00e7\u00e3o definitiva.<\/p>\n<p style=\"text-align: justify\">Disse o ministro que o que h\u00e1 de certo \u00e9 a candidatura de Pedro Alc\u00e2ntara para deputado federal, a quem fez rasgados elogios, por sua conduta e seu compromisso com o partido, que defende a mais de 20 anos, desde os tempos em que era PL, partido liberal.<\/p>\n","protected":false},"excerpt":{"rendered":"<p>Acompanhado de assessores dirigentes do PR, a exemplo do deputado federal Jos\u00e9 Rocha, presidente da sigla no estado e dos prefeitos Isaac Carvalho de Juazeiro e Julio Lossio de Petrolina, o ministro C\u00e9sar Borges esteve em Juazeiro ontem, para participar do encontro regional do PR, Partido da Rep\u00fablica, na c\u00e2mara de vereadores de Juazeiro. Ap\u00f3s desembarcar \u00a0no campo de pouso da Agrovale, Cesar Borges esteve no canteiro de obras da travessia urbana de Juazeiro, onde tomou conhecimento do projeto, garantido os recursos necess\u00e1rios para a retomada dos servi\u00e7os, o que garantiu \u00a0dever\u00e1 acontecer \u00a0a partir de fevereiro. Em \u00a0seguida se dirigiu para a c\u00e2mara de vereadores onde ao lado do presidente de seu partido, deputado federal Jos\u00e9 Rocha dirigiu os&hellip; <\/p>\n","protected":false},"author":3,"featured_media":0,"comment_status":"open","ping_status":"open","sticky":false,"template":"","format":"standard","meta":{"_acf_changed":false,"footnotes":""},"categories":[1],"tags":[],"class_list":["post-67152","post","type-post","status-publish","format-standard","hentry","category-politica"],"acf":[],"yoast_head":"<!-- This site is optimized with the Yoast SEO plugin v27.4 - https:\/\/yoast.com\/product\/yoast-seo-wordpress\/ -->\n<title>MINISTRO PARTICIPA DE ENCONTRO REGIONAL DO PR E GARANTE OBRAS DA TRAVESSIA URBANA DE JUAZEIRO - Blog do Farn\u00e9sio<\/title>\n<meta name=\"robots\" content=\"index, follow, max-snippet:-1, max-image-preview:large, max-video-preview:-1\" \/>\n<link rel=\"canonical\" href=\"https:\/\/blogdofarnesio.com.br\/?p=67152\" \/>\n<meta property=\"og:locale\" content=\"pt_BR\" \/>\n<meta property=\"og:type\" content=\"article\" \/>\n<meta property=\"og:title\" content=\"MINISTRO PARTICIPA DE ENCONTRO REGIONAL DO PR E GARANTE OBRAS DA TRAVESSIA URBANA DE JUAZEIRO - Blog do Farn\u00e9sio\" \/>\n<meta property=\"og:description\" content=\"Acompanhado de assessores dirigentes do PR, a exemplo do deputado federal Jos\u00e9 Rocha, presidente da sigla no estado e dos prefeitos Isaac Carvalho de Juazeiro e Julio Lossio de Petrolina, o ministro C\u00e9sar Borges esteve em Juazeiro ontem, para participar do encontro regional do PR, Partido da Rep\u00fablica, na c\u00e2mara de vereadores de Juazeiro. Ap\u00f3s desembarcar \u00a0no campo de pouso da Agrovale, Cesar Borges esteve no canteiro de obras da travessia urbana de Juazeiro, onde tomou conhecimento do projeto, garantido os recursos necess\u00e1rios para a retomada dos servi\u00e7os, o que garantiu \u00a0dever\u00e1 acontecer \u00a0a partir de fevereiro. Em \u00a0seguida se dirigiu para a c\u00e2mara de vereadores onde ao lado do presidente de seu partido, deputado federal Jos\u00e9 Rocha dirigiu os&hellip;\" \/>\n<meta property=\"og:url\" content=\"https:\/\/blogdofarnesio.com.br\/?p=67152\" \/>\n<meta property=\"og:site_name\" content=\"Blog do Farn\u00e9sio\" \/>\n<meta property=\"article:publisher\" content=\"https:\/\/www.facebook.com\/BlogQuerSaberPolitica\/\" \/>\n<meta property=\"article:published_time\" content=\"2013-12-15T12:00:23+00:00\" \/>\n<meta name=\"author\" content=\"teste\" \/>\n<meta name=\"twitter:card\" content=\"summary_large_image\" \/>\n<meta name=\"twitter:label1\" content=\"Escrito por\" \/>\n\t<meta name=\"twitter:data1\" content=\"teste\" \/>\n\t<meta name=\"twitter:label2\" content=\"Est. tempo de leitura\" \/>\n\t<meta name=\"twitter:data2\" content=\"1 minuto\" \/>\n<script type=\"application\/ld+json\" class=\"yoast-schema-graph\">{\"@context\":\"https:\\\/\\\/schema.org\",\"@graph\":[{\"@type\":\"Article\",\"@id\":\"https:\\\/\\\/blogdofarnesio.com.br\\\/?p=67152#article\",\"isPartOf\":{\"@id\":\"https:\\\/\\\/blogdofarnesio.com.br\\\/?p=67152\"},\"author\":{\"name\":\"teste\",\"@id\":\"https:\\\/\\\/blogdofarnesio.com.br\\\/#\\\/schema\\\/person\\\/dd1bf5eba40b687199ba45ca6b97dff9\"},\"headline\":\"MINISTRO PARTICIPA DE ENCONTRO REGIONAL DO PR E GARANTE OBRAS DA TRAVESSIA URBANA DE JUAZEIRO\",\"datePublished\":\"2013-12-15T12:00:23+00:00\",\"mainEntityOfPage\":{\"@id\":\"https:\\\/\\\/blogdofarnesio.com.br\\\/?p=67152\"},\"wordCount\":248,\"commentCount\":0,\"publisher\":{\"@id\":\"https:\\\/\\\/blogdofarnesio.com.br\\\/#organization\"},\"articleSection\":[\"Pol\u00edtica\"],\"inLanguage\":\"pt-BR\",\"potentialAction\":[{\"@type\":\"CommentAction\",\"name\":\"Comment\",\"target\":[\"https:\\\/\\\/blogdofarnesio.com.br\\\/?p=67152#respond\"]}]},{\"@type\":\"WebPage\",\"@id\":\"https:\\\/\\\/blogdofarnesio.com.br\\\/?p=67152\",\"url\":\"https:\\\/\\\/blogdofarnesio.com.br\\\/?p=67152\",\"name\":\"MINISTRO PARTICIPA DE ENCONTRO REGIONAL DO PR E GARANTE OBRAS DA TRAVESSIA URBANA DE JUAZEIRO - Blog do Farn\u00e9sio\",\"isPartOf\":{\"@id\":\"https:\\\/\\\/blogdofarnesio.com.br\\\/#website\"},\"datePublished\":\"2013-12-15T12:00:23+00:00\",\"breadcrumb\":{\"@id\":\"https:\\\/\\\/blogdofarnesio.com.br\\\/?p=67152#breadcrumb\"},\"inLanguage\":\"pt-BR\",\"potentialAction\":[{\"@type\":\"ReadAction\",\"target\":[\"https:\\\/\\\/blogdofarnesio.com.br\\\/?p=67152\"]}]},{\"@type\":\"BreadcrumbList\",\"@id\":\"https:\\\/\\\/blogdofarnesio.com.br\\\/?p=67152#breadcrumb\",\"itemListElement\":[{\"@type\":\"ListItem\",\"position\":1,\"name\":\"In\u00edcio\",\"item\":\"https:\\\/\\\/blogdofarnesio.com.br\\\/\"},{\"@type\":\"ListItem\",\"position\":2,\"name\":\"MINISTRO PARTICIPA DE ENCONTRO REGIONAL DO PR E GARANTE OBRAS DA TRAVESSIA URBANA DE JUAZEIRO\"}]},{\"@type\":\"WebSite\",\"@id\":\"https:\\\/\\\/blogdofarnesio.com.br\\\/#website\",\"url\":\"https:\\\/\\\/blogdofarnesio.com.br\\\/\",\"name\":\"Blog do Farn\u00e9sio\",\"description\":\"Quer Saber Pol\u00edtica?\",\"publisher\":{\"@id\":\"https:\\\/\\\/blogdofarnesio.com.br\\\/#organization\"},\"potentialAction\":[{\"@type\":\"SearchAction\",\"target\":{\"@type\":\"EntryPoint\",\"urlTemplate\":\"https:\\\/\\\/blogdofarnesio.com.br\\\/?s={search_term_string}\"},\"query-input\":{\"@type\":\"PropertyValueSpecification\",\"valueRequired\":true,\"valueName\":\"search_term_string\"}}],\"inLanguage\":\"pt-BR\"},{\"@type\":\"Organization\",\"@id\":\"https:\\\/\\\/blogdofarnesio.com.br\\\/#organization\",\"name\":\"Blog do Farn\u00e9sio\",\"url\":\"https:\\\/\\\/blogdofarnesio.com.br\\\/\",\"logo\":{\"@type\":\"ImageObject\",\"inLanguage\":\"pt-BR\",\"@id\":\"https:\\\/\\\/blogdofarnesio.com.br\\\/#\\\/schema\\\/logo\\\/image\\\/\",\"url\":\"https:\\\/\\\/blogdofarnesio.com.br\\\/wp-content\\\/uploads\\\/2026\\\/03\\\/cropped-logo_new-1.png\",\"contentUrl\":\"https:\\\/\\\/blogdofarnesio.com.br\\\/wp-content\\\/uploads\\\/2026\\\/03\\\/cropped-logo_new-1.png\",\"width\":881,\"height\":685,\"caption\":\"Blog do Farn\u00e9sio\"},\"image\":{\"@id\":\"https:\\\/\\\/blogdofarnesio.com.br\\\/#\\\/schema\\\/logo\\\/image\\\/\"},\"sameAs\":[\"https:\\\/\\\/www.facebook.com\\\/BlogQuerSaberPolitica\\\/\"]},{\"@type\":\"Person\",\"@id\":\"https:\\\/\\\/blogdofarnesio.com.br\\\/#\\\/schema\\\/person\\\/dd1bf5eba40b687199ba45ca6b97dff9\",\"name\":\"teste\",\"image\":{\"@type\":\"ImageObject\",\"inLanguage\":\"pt-BR\",\"@id\":\"https:\\\/\\\/secure.gravatar.com\\\/avatar\\\/2172498d4914b51e1d89a0f97957b035ac4938723a5cac208135d389b6972a6d?s=96&d=mm&r=g\",\"url\":\"https:\\\/\\\/secure.gravatar.com\\\/avatar\\\/2172498d4914b51e1d89a0f97957b035ac4938723a5cac208135d389b6972a6d?s=96&d=mm&r=g\",\"contentUrl\":\"https:\\\/\\\/secure.gravatar.com\\\/avatar\\\/2172498d4914b51e1d89a0f97957b035ac4938723a5cac208135d389b6972a6d?s=96&d=mm&r=g\",\"caption\":\"teste\"},\"url\":\"https:\\\/\\\/blogdofarnesio.com.br\\\/?author=3\"}]}<\/script>\n<!-- \/ Yoast SEO plugin. -->","yoast_head_json":{"title":"MINISTRO PARTICIPA DE ENCONTRO REGIONAL DO PR E GARANTE OBRAS DA TRAVESSIA URBANA DE JUAZEIRO - Blog do Farn\u00e9sio","robots":{"index":"index","follow":"follow","max-snippet":"max-snippet:-1","max-image-preview":"max-image-preview:large","max-video-preview":"max-video-preview:-1"},"canonical":"https:\/\/blogdofarnesio.com.br\/?p=67152","og_locale":"pt_BR","og_type":"article","og_title":"MINISTRO PARTICIPA DE ENCONTRO REGIONAL DO PR E GARANTE OBRAS DA TRAVESSIA URBANA DE JUAZEIRO - Blog do Farn\u00e9sio","og_description":"Acompanhado de assessores dirigentes do PR, a exemplo do deputado federal Jos\u00e9 Rocha, presidente da sigla no estado e dos prefeitos Isaac Carvalho de Juazeiro e Julio Lossio de Petrolina, o ministro C\u00e9sar Borges esteve em Juazeiro ontem, para participar do encontro regional do PR, Partido da Rep\u00fablica, na c\u00e2mara de vereadores de Juazeiro. Ap\u00f3s desembarcar \u00a0no campo de pouso da Agrovale, Cesar Borges esteve no canteiro de obras da travessia urbana de Juazeiro, onde tomou conhecimento do projeto, garantido os recursos necess\u00e1rios para a retomada dos servi\u00e7os, o que garantiu \u00a0dever\u00e1 acontecer \u00a0a partir de fevereiro. Em \u00a0seguida se dirigiu para a c\u00e2mara de vereadores onde ao lado do presidente de seu partido, deputado federal Jos\u00e9 Rocha dirigiu os&hellip;","og_url":"https:\/\/blogdofarnesio.com.br\/?p=67152","og_site_name":"Blog do Farn\u00e9sio","article_publisher":"https:\/\/www.facebook.com\/BlogQuerSaberPolitica\/","article_published_time":"2013-12-15T12:00:23+00:00","author":"teste","twitter_card":"summary_large_image","twitter_misc":{"Escrito por":"teste","Est. tempo de leitura":"1 minuto"},"schema":{"@context":"https:\/\/schema.org","@graph":[{"@type":"Article","@id":"https:\/\/blogdofarnesio.com.br\/?p=67152#article","isPartOf":{"@id":"https:\/\/blogdofarnesio.com.br\/?p=67152"},"author":{"name":"teste","@id":"https:\/\/blogdofarnesio.com.br\/#\/schema\/person\/dd1bf5eba40b687199ba45ca6b97dff9"},"headline":"MINISTRO PARTICIPA DE ENCONTRO REGIONAL DO PR E GARANTE OBRAS DA TRAVESSIA URBANA DE JUAZEIRO","datePublished":"2013-12-15T12:00:23+00:00","mainEntityOfPage":{"@id":"https:\/\/blogdofarnesio.com.br\/?p=67152"},"wordCount":248,"commentCount":0,"publisher":{"@id":"https:\/\/blogdofarnesio.com.br\/#organization"},"articleSection":["Pol\u00edtica"],"inLanguage":"pt-BR","potentialAction":[{"@type":"CommentAction","name":"Comment","target":["https:\/\/blogdofarnesio.com.br\/?p=67152#respond"]}]},{"@type":"WebPage","@id":"https:\/\/blogdofarnesio.com.br\/?p=67152","url":"https:\/\/blogdofarnesio.com.br\/?p=67152","name":"MINISTRO PARTICIPA DE ENCONTRO REGIONAL DO PR E GARANTE OBRAS DA TRAVESSIA URBANA DE JUAZEIRO - Blog do Farn\u00e9sio","isPartOf":{"@id":"https:\/\/blogdofarnesio.com.br\/#website"},"datePublished":"2013-12-15T12:00:23+00:00","breadcrumb":{"@id":"https:\/\/blogdofarnesio.com.br\/?p=67152#breadcrumb"},"inLanguage":"pt-BR","potentialAction":[{"@type":"ReadAction","target":["https:\/\/blogdofarnesio.com.br\/?p=67152"]}]},{"@type":"BreadcrumbList","@id":"https:\/\/blogdofarnesio.com.br\/?p=67152#breadcrumb","itemListElement":[{"@type":"ListItem","position":1,"name":"In\u00edcio","item":"https:\/\/blogdofarnesio.com.br\/"},{"@type":"ListItem","position":2,"name":"MINISTRO PARTICIPA DE ENCONTRO REGIONAL DO PR E GARANTE OBRAS DA TRAVESSIA URBANA DE JUAZEIRO"}]},{"@type":"WebSite","@id":"https:\/\/blogdofarnesio.com.br\/#website","url":"https:\/\/blogdofarnesio.com.br\/","name":"Blog do Farn\u00e9sio","description":"Quer Saber Pol\u00edtica?","publisher":{"@id":"https:\/\/blogdofarnesio.com.br\/#organization"},"potentialAction":[{"@type":"SearchAction","target":{"@type":"EntryPoint","urlTemplate":"https:\/\/blogdofarnesio.com.br\/?s={search_term_string}"},"query-input":{"@type":"PropertyValueSpecification","valueRequired":true,"valueName":"search_term_string"}}],"inLanguage":"pt-BR"},{"@type":"Organization","@id":"https:\/\/blogdofarnesio.com.br\/#organization","name":"Blog do Farn\u00e9sio","url":"https:\/\/blogdofarnesio.com.br\/","logo":{"@type":"ImageObject","inLanguage":"pt-BR","@id":"https:\/\/blogdofarnesio.com.br\/#\/schema\/logo\/image\/","url":"https:\/\/blogdofarnesio.com.br\/wp-content\/uploads\/2026\/03\/cropped-logo_new-1.png","contentUrl":"https:\/\/blogdofarnesio.com.br\/wp-content\/uploads\/2026\/03\/cropped-logo_new-1.png","width":881,"height":685,"caption":"Blog do Farn\u00e9sio"},"image":{"@id":"https:\/\/blogdofarnesio.com.br\/#\/schema\/logo\/image\/"},"sameAs":["https:\/\/www.facebook.com\/BlogQuerSaberPolitica\/"]},{"@type":"Person","@id":"https:\/\/blogdofarnesio.com.br\/#\/schema\/person\/dd1bf5eba40b687199ba45ca6b97dff9","name":"teste","image":{"@type":"ImageObject","inLanguage":"pt-BR","@id":"https:\/\/secure.gravatar.com\/avatar\/2172498d4914b51e1d89a0f97957b035ac4938723a5cac208135d389b6972a6d?s=96&d=mm&r=g","url":"https:\/\/secure.gravatar.com\/avatar\/2172498d4914b51e1d89a0f97957b035ac4938723a5cac208135d389b6972a6d?s=96&d=mm&r=g","contentUrl":"https:\/\/secure.gravatar.com\/avatar\/2172498d4914b51e1d89a0f97957b035ac4938723a5cac208135d389b6972a6d?s=96&d=mm&r=g","caption":"teste"},"url":"https:\/\/blogdofarnesio.com.br\/?author=3"}]}},"_links":{"self":[{"href":"https:\/\/blogdofarnesio.com.br\/index.php?rest_route=\/wp\/v2\/posts\/67152","targetHints":{"allow":["GET"]}}],"collection":[{"href":"https:\/\/blogdofarnesio.com.br\/index.php?rest_route=\/wp\/v2\/posts"}],"about":[{"href":"https:\/\/blogdofarnesio.com.br\/index.php?rest_route=\/wp\/v2\/types\/post"}],"author":[{"embeddable":true,"href":"https:\/\/blogdofarnesio.com.br\/index.php?rest_route=\/wp\/v2\/users\/3"}],"replies":[{"embeddable":true,"href":"https:\/\/blogdofarnesio.com.br\/index.php?rest_route=%2Fwp%2Fv2%2Fcomments&post=67152"}],"version-history":[{"count":0,"href":"https:\/\/blogdofarnesio.com.br\/index.php?rest_route=\/wp\/v2\/posts\/67152\/revisions"}],"wp:attachment":[{"href":"https:\/\/blogdofarnesio.com.br\/index.php?rest_route=%2Fwp%2Fv2%2Fmedia&parent=67152"}],"wp:term":[{"taxonomy":"category","embeddable":true,"href":"https:\/\/blogdofarnesio.com.br\/index.php?rest_route=%2Fwp%2Fv2%2Fcategories&post=67152"},{"taxonomy":"post_tag","embeddable":true,"href":"https:\/\/blogdofarnesio.com.br\/index.php?rest_route=%2Fwp%2Fv2%2Ftags&post=67152"}],"curies":[{"name":"wp","href":"https:\/\/api.w.org\/{rel}","templated":true}]}}