{"id":67150,"date":"2013-12-15T15:00:10","date_gmt":"2013-12-15T18:00:10","guid":{"rendered":"http:\/\/www.quersaberpolitica.com.br\/?p=67150"},"modified":"2013-12-15T08:54:21","modified_gmt":"2013-12-15T11:54:21","slug":"pt-barra-acao-para-anular-julgamento-do-mensalao","status":"publish","type":"post","link":"https:\/\/blogdofarnesio.com.br\/?p=67150","title":{"rendered":"PT BARRA A\u00c7\u00c3O PARA ANULAR JULGAMENTO DO MENSAL\u00c3O"},"content":{"rendered":"<table cellspacing=\"0\" cellpadding=\"0\" align=\"center\">\n<tbody>\n<tr>\n<td><img loading=\"lazy\" decoding=\"async\" class=\"aligncenter\" alt=\"Militantes do PT aprovam documento contra processo do mensal\u00e3o em ato do partido \" src=\"http:\/\/f.i.uol.com.br\/folha\/poder\/images\/13348230.jpeg\" width=\"482\" height=\"363\" border=\"0\" \/><\/td>\n<\/tr>\n<tr>\n<td style=\"text-align: justify\"><span style=\"text-align: justify\">O PT conseguiu desarticular um movimento de uma de suas correntes que queria aprovar em seu 5\u00ba Congresso uma mobiliza\u00e7\u00e3o nacional pela anula\u00e7\u00e3o do julgamento do mensal\u00e3o, que levou tr\u00eas integrantes da alta c\u00fapula do partido para a pris\u00e3o. A corrente Trabalho prop\u00f4s a emenda, mas foi derrotada sob o argumento de que isso seria usado pela oposi\u00e7\u00e3o na campanha \u00e0 reelei\u00e7\u00e3o da presidente Dilma Rousseff e nas campanhas estaduais do ano que vem.\u00a0O presidente do PT, Rui Falc\u00e3o, j\u00e1 havia se colocado contr\u00e1rio \u00e0 proposta da corrente Trabalho.<\/span><\/td>\n<\/tr>\n<\/tbody>\n<\/table>\n<div id=\"post-body-5829748154408952169\" style=\"text-align: justify\">\n<div>&#8221;Eu avisei ao meu pessoal que se um dia eu for para a cadeia n\u00e3o aprovem nenhuma resolu\u00e7\u00e3o de apoio porque fica pior&#8221;, criticou Valter Pomar, dirigente hist\u00f3rico do partido, ao assessor especial da Presid\u00eancia da Rep\u00fablica, Marco Aur\u00e9lio Garcia, que acompanhou o debate, mas n\u00e3o se manifestou.\u00a0 (De O Estado de S.Paulo)<\/div>\n<\/div>\n","protected":false},"excerpt":{"rendered":"<p>O PT conseguiu desarticular um movimento de uma de suas correntes que queria aprovar em seu 5\u00ba Congresso uma mobiliza\u00e7\u00e3o nacional pela anula\u00e7\u00e3o do julgamento do mensal\u00e3o, que levou tr\u00eas integrantes da alta c\u00fapula do partido para a pris\u00e3o. A corrente Trabalho prop\u00f4s a emenda, mas foi derrotada sob o argumento de que isso seria usado pela oposi\u00e7\u00e3o na campanha \u00e0 reelei\u00e7\u00e3o da presidente Dilma Rousseff e nas campanhas estaduais do ano que vem.\u00a0O presidente do PT, Rui Falc\u00e3o, j\u00e1 havia se colocado contr\u00e1rio \u00e0 proposta da corrente Trabalho. &#8221;Eu avisei ao meu pessoal que se um dia eu for para a cadeia n\u00e3o aprovem nenhuma resolu\u00e7\u00e3o de apoio porque fica pior&#8221;, criticou Valter Pomar, dirigente hist\u00f3rico do partido, ao&hellip; <\/p>\n","protected":false},"author":3,"featured_media":0,"comment_status":"open","ping_status":"open","sticky":false,"template":"","format":"standard","meta":{"_acf_changed":false,"footnotes":""},"categories":[1],"tags":[],"class_list":["post-67150","post","type-post","status-publish","format-standard","hentry","category-politica"],"acf":[],"yoast_head":"<!-- This site is optimized with the Yoast SEO plugin v27.4 - https:\/\/yoast.com\/product\/yoast-seo-wordpress\/ -->\n<title>PT BARRA A\u00c7\u00c3O PARA ANULAR JULGAMENTO DO MENSAL\u00c3O - Blog do Farn\u00e9sio<\/title>\n<meta name=\"robots\" content=\"index, follow, max-snippet:-1, max-image-preview:large, max-video-preview:-1\" \/>\n<link rel=\"canonical\" href=\"https:\/\/blogdofarnesio.com.br\/?p=67150\" \/>\n<meta property=\"og:locale\" content=\"pt_BR\" \/>\n<meta property=\"og:type\" content=\"article\" \/>\n<meta property=\"og:title\" content=\"PT BARRA A\u00c7\u00c3O PARA ANULAR JULGAMENTO DO MENSAL\u00c3O - Blog do Farn\u00e9sio\" \/>\n<meta property=\"og:description\" content=\"O PT conseguiu desarticular um movimento de uma de suas correntes que queria aprovar em seu 5\u00ba Congresso uma mobiliza\u00e7\u00e3o nacional pela anula\u00e7\u00e3o do julgamento do mensal\u00e3o, que levou tr\u00eas integrantes da alta c\u00fapula do partido para a pris\u00e3o. A corrente Trabalho prop\u00f4s a emenda, mas foi derrotada sob o argumento de que isso seria usado pela oposi\u00e7\u00e3o na campanha \u00e0 reelei\u00e7\u00e3o da presidente Dilma Rousseff e nas campanhas estaduais do ano que vem.\u00a0O presidente do PT, Rui Falc\u00e3o, j\u00e1 havia se colocado contr\u00e1rio \u00e0 proposta da corrente Trabalho. &#8221;Eu avisei ao meu pessoal que se um dia eu for para a cadeia n\u00e3o aprovem nenhuma resolu\u00e7\u00e3o de apoio porque fica pior&#8221;, criticou Valter Pomar, dirigente hist\u00f3rico do partido, ao&hellip;\" \/>\n<meta property=\"og:url\" content=\"https:\/\/blogdofarnesio.com.br\/?p=67150\" \/>\n<meta property=\"og:site_name\" content=\"Blog do Farn\u00e9sio\" \/>\n<meta property=\"article:publisher\" content=\"https:\/\/www.facebook.com\/BlogQuerSaberPolitica\/\" \/>\n<meta property=\"article:published_time\" content=\"2013-12-15T18:00:10+00:00\" \/>\n<meta property=\"og:image\" content=\"http:\/\/f.i.uol.com.br\/folha\/poder\/images\/13348230.jpeg\" \/>\n<meta name=\"author\" content=\"teste\" \/>\n<meta name=\"twitter:card\" content=\"summary_large_image\" \/>\n<meta name=\"twitter:label1\" content=\"Escrito por\" \/>\n\t<meta name=\"twitter:data1\" content=\"teste\" \/>\n\t<meta name=\"twitter:label2\" content=\"Est. tempo de leitura\" \/>\n\t<meta name=\"twitter:data2\" content=\"1 minuto\" \/>\n<script type=\"application\/ld+json\" class=\"yoast-schema-graph\">{\"@context\":\"https:\\\/\\\/schema.org\",\"@graph\":[{\"@type\":\"Article\",\"@id\":\"https:\\\/\\\/blogdofarnesio.com.br\\\/?p=67150#article\",\"isPartOf\":{\"@id\":\"https:\\\/\\\/blogdofarnesio.com.br\\\/?p=67150\"},\"author\":{\"name\":\"teste\",\"@id\":\"https:\\\/\\\/blogdofarnesio.com.br\\\/#\\\/schema\\\/person\\\/dd1bf5eba40b687199ba45ca6b97dff9\"},\"headline\":\"PT BARRA A\u00c7\u00c3O PARA ANULAR JULGAMENTO DO MENSAL\u00c3O\",\"datePublished\":\"2013-12-15T18:00:10+00:00\",\"mainEntityOfPage\":{\"@id\":\"https:\\\/\\\/blogdofarnesio.com.br\\\/?p=67150\"},\"wordCount\":169,\"commentCount\":0,\"publisher\":{\"@id\":\"https:\\\/\\\/blogdofarnesio.com.br\\\/#organization\"},\"image\":{\"@id\":\"https:\\\/\\\/blogdofarnesio.com.br\\\/?p=67150#primaryimage\"},\"thumbnailUrl\":\"http:\\\/\\\/f.i.uol.com.br\\\/folha\\\/poder\\\/images\\\/13348230.jpeg\",\"articleSection\":[\"Pol\u00edtica\"],\"inLanguage\":\"pt-BR\",\"potentialAction\":[{\"@type\":\"CommentAction\",\"name\":\"Comment\",\"target\":[\"https:\\\/\\\/blogdofarnesio.com.br\\\/?p=67150#respond\"]}]},{\"@type\":\"WebPage\",\"@id\":\"https:\\\/\\\/blogdofarnesio.com.br\\\/?p=67150\",\"url\":\"https:\\\/\\\/blogdofarnesio.com.br\\\/?p=67150\",\"name\":\"PT BARRA A\u00c7\u00c3O PARA ANULAR JULGAMENTO DO MENSAL\u00c3O - Blog do Farn\u00e9sio\",\"isPartOf\":{\"@id\":\"https:\\\/\\\/blogdofarnesio.com.br\\\/#website\"},\"primaryImageOfPage\":{\"@id\":\"https:\\\/\\\/blogdofarnesio.com.br\\\/?p=67150#primaryimage\"},\"image\":{\"@id\":\"https:\\\/\\\/blogdofarnesio.com.br\\\/?p=67150#primaryimage\"},\"thumbnailUrl\":\"http:\\\/\\\/f.i.uol.com.br\\\/folha\\\/poder\\\/images\\\/13348230.jpeg\",\"datePublished\":\"2013-12-15T18:00:10+00:00\",\"breadcrumb\":{\"@id\":\"https:\\\/\\\/blogdofarnesio.com.br\\\/?p=67150#breadcrumb\"},\"inLanguage\":\"pt-BR\",\"potentialAction\":[{\"@type\":\"ReadAction\",\"target\":[\"https:\\\/\\\/blogdofarnesio.com.br\\\/?p=67150\"]}]},{\"@type\":\"ImageObject\",\"inLanguage\":\"pt-BR\",\"@id\":\"https:\\\/\\\/blogdofarnesio.com.br\\\/?p=67150#primaryimage\",\"url\":\"http:\\\/\\\/f.i.uol.com.br\\\/folha\\\/poder\\\/images\\\/13348230.jpeg\",\"contentUrl\":\"http:\\\/\\\/f.i.uol.com.br\\\/folha\\\/poder\\\/images\\\/13348230.jpeg\"},{\"@type\":\"BreadcrumbList\",\"@id\":\"https:\\\/\\\/blogdofarnesio.com.br\\\/?p=67150#breadcrumb\",\"itemListElement\":[{\"@type\":\"ListItem\",\"position\":1,\"name\":\"In\u00edcio\",\"item\":\"https:\\\/\\\/blogdofarnesio.com.br\\\/\"},{\"@type\":\"ListItem\",\"position\":2,\"name\":\"PT BARRA A\u00c7\u00c3O PARA ANULAR JULGAMENTO DO MENSAL\u00c3O\"}]},{\"@type\":\"WebSite\",\"@id\":\"https:\\\/\\\/blogdofarnesio.com.br\\\/#website\",\"url\":\"https:\\\/\\\/blogdofarnesio.com.br\\\/\",\"name\":\"Blog do Farn\u00e9sio\",\"description\":\"Quer Saber Pol\u00edtica?\",\"publisher\":{\"@id\":\"https:\\\/\\\/blogdofarnesio.com.br\\\/#organization\"},\"potentialAction\":[{\"@type\":\"SearchAction\",\"target\":{\"@type\":\"EntryPoint\",\"urlTemplate\":\"https:\\\/\\\/blogdofarnesio.com.br\\\/?s={search_term_string}\"},\"query-input\":{\"@type\":\"PropertyValueSpecification\",\"valueRequired\":true,\"valueName\":\"search_term_string\"}}],\"inLanguage\":\"pt-BR\"},{\"@type\":\"Organization\",\"@id\":\"https:\\\/\\\/blogdofarnesio.com.br\\\/#organization\",\"name\":\"Blog do Farn\u00e9sio\",\"url\":\"https:\\\/\\\/blogdofarnesio.com.br\\\/\",\"logo\":{\"@type\":\"ImageObject\",\"inLanguage\":\"pt-BR\",\"@id\":\"https:\\\/\\\/blogdofarnesio.com.br\\\/#\\\/schema\\\/logo\\\/image\\\/\",\"url\":\"https:\\\/\\\/blogdofarnesio.com.br\\\/wp-content\\\/uploads\\\/2026\\\/03\\\/cropped-logo_new-1.png\",\"contentUrl\":\"https:\\\/\\\/blogdofarnesio.com.br\\\/wp-content\\\/uploads\\\/2026\\\/03\\\/cropped-logo_new-1.png\",\"width\":881,\"height\":685,\"caption\":\"Blog do Farn\u00e9sio\"},\"image\":{\"@id\":\"https:\\\/\\\/blogdofarnesio.com.br\\\/#\\\/schema\\\/logo\\\/image\\\/\"},\"sameAs\":[\"https:\\\/\\\/www.facebook.com\\\/BlogQuerSaberPolitica\\\/\"]},{\"@type\":\"Person\",\"@id\":\"https:\\\/\\\/blogdofarnesio.com.br\\\/#\\\/schema\\\/person\\\/dd1bf5eba40b687199ba45ca6b97dff9\",\"name\":\"teste\",\"image\":{\"@type\":\"ImageObject\",\"inLanguage\":\"pt-BR\",\"@id\":\"https:\\\/\\\/secure.gravatar.com\\\/avatar\\\/2172498d4914b51e1d89a0f97957b035ac4938723a5cac208135d389b6972a6d?s=96&d=mm&r=g\",\"url\":\"https:\\\/\\\/secure.gravatar.com\\\/avatar\\\/2172498d4914b51e1d89a0f97957b035ac4938723a5cac208135d389b6972a6d?s=96&d=mm&r=g\",\"contentUrl\":\"https:\\\/\\\/secure.gravatar.com\\\/avatar\\\/2172498d4914b51e1d89a0f97957b035ac4938723a5cac208135d389b6972a6d?s=96&d=mm&r=g\",\"caption\":\"teste\"},\"url\":\"https:\\\/\\\/blogdofarnesio.com.br\\\/?author=3\"}]}<\/script>\n<!-- \/ Yoast SEO plugin. -->","yoast_head_json":{"title":"PT BARRA A\u00c7\u00c3O PARA ANULAR JULGAMENTO DO MENSAL\u00c3O - Blog do Farn\u00e9sio","robots":{"index":"index","follow":"follow","max-snippet":"max-snippet:-1","max-image-preview":"max-image-preview:large","max-video-preview":"max-video-preview:-1"},"canonical":"https:\/\/blogdofarnesio.com.br\/?p=67150","og_locale":"pt_BR","og_type":"article","og_title":"PT BARRA A\u00c7\u00c3O PARA ANULAR JULGAMENTO DO MENSAL\u00c3O - Blog do Farn\u00e9sio","og_description":"O PT conseguiu desarticular um movimento de uma de suas correntes que queria aprovar em seu 5\u00ba Congresso uma mobiliza\u00e7\u00e3o nacional pela anula\u00e7\u00e3o do julgamento do mensal\u00e3o, que levou tr\u00eas integrantes da alta c\u00fapula do partido para a pris\u00e3o. A corrente Trabalho prop\u00f4s a emenda, mas foi derrotada sob o argumento de que isso seria usado pela oposi\u00e7\u00e3o na campanha \u00e0 reelei\u00e7\u00e3o da presidente Dilma Rousseff e nas campanhas estaduais do ano que vem.\u00a0O presidente do PT, Rui Falc\u00e3o, j\u00e1 havia se colocado contr\u00e1rio \u00e0 proposta da corrente Trabalho. &#8221;Eu avisei ao meu pessoal que se um dia eu for para a cadeia n\u00e3o aprovem nenhuma resolu\u00e7\u00e3o de apoio porque fica pior&#8221;, criticou Valter Pomar, dirigente hist\u00f3rico do partido, ao&hellip;","og_url":"https:\/\/blogdofarnesio.com.br\/?p=67150","og_site_name":"Blog do Farn\u00e9sio","article_publisher":"https:\/\/www.facebook.com\/BlogQuerSaberPolitica\/","article_published_time":"2013-12-15T18:00:10+00:00","og_image":[{"url":"http:\/\/f.i.uol.com.br\/folha\/poder\/images\/13348230.jpeg","type":"","width":"","height":""}],"author":"teste","twitter_card":"summary_large_image","twitter_misc":{"Escrito por":"teste","Est. tempo de leitura":"1 minuto"},"schema":{"@context":"https:\/\/schema.org","@graph":[{"@type":"Article","@id":"https:\/\/blogdofarnesio.com.br\/?p=67150#article","isPartOf":{"@id":"https:\/\/blogdofarnesio.com.br\/?p=67150"},"author":{"name":"teste","@id":"https:\/\/blogdofarnesio.com.br\/#\/schema\/person\/dd1bf5eba40b687199ba45ca6b97dff9"},"headline":"PT BARRA A\u00c7\u00c3O PARA ANULAR JULGAMENTO DO MENSAL\u00c3O","datePublished":"2013-12-15T18:00:10+00:00","mainEntityOfPage":{"@id":"https:\/\/blogdofarnesio.com.br\/?p=67150"},"wordCount":169,"commentCount":0,"publisher":{"@id":"https:\/\/blogdofarnesio.com.br\/#organization"},"image":{"@id":"https:\/\/blogdofarnesio.com.br\/?p=67150#primaryimage"},"thumbnailUrl":"http:\/\/f.i.uol.com.br\/folha\/poder\/images\/13348230.jpeg","articleSection":["Pol\u00edtica"],"inLanguage":"pt-BR","potentialAction":[{"@type":"CommentAction","name":"Comment","target":["https:\/\/blogdofarnesio.com.br\/?p=67150#respond"]}]},{"@type":"WebPage","@id":"https:\/\/blogdofarnesio.com.br\/?p=67150","url":"https:\/\/blogdofarnesio.com.br\/?p=67150","name":"PT BARRA A\u00c7\u00c3O PARA ANULAR JULGAMENTO DO MENSAL\u00c3O - Blog do Farn\u00e9sio","isPartOf":{"@id":"https:\/\/blogdofarnesio.com.br\/#website"},"primaryImageOfPage":{"@id":"https:\/\/blogdofarnesio.com.br\/?p=67150#primaryimage"},"image":{"@id":"https:\/\/blogdofarnesio.com.br\/?p=67150#primaryimage"},"thumbnailUrl":"http:\/\/f.i.uol.com.br\/folha\/poder\/images\/13348230.jpeg","datePublished":"2013-12-15T18:00:10+00:00","breadcrumb":{"@id":"https:\/\/blogdofarnesio.com.br\/?p=67150#breadcrumb"},"inLanguage":"pt-BR","potentialAction":[{"@type":"ReadAction","target":["https:\/\/blogdofarnesio.com.br\/?p=67150"]}]},{"@type":"ImageObject","inLanguage":"pt-BR","@id":"https:\/\/blogdofarnesio.com.br\/?p=67150#primaryimage","url":"http:\/\/f.i.uol.com.br\/folha\/poder\/images\/13348230.jpeg","contentUrl":"http:\/\/f.i.uol.com.br\/folha\/poder\/images\/13348230.jpeg"},{"@type":"BreadcrumbList","@id":"https:\/\/blogdofarnesio.com.br\/?p=67150#breadcrumb","itemListElement":[{"@type":"ListItem","position":1,"name":"In\u00edcio","item":"https:\/\/blogdofarnesio.com.br\/"},{"@type":"ListItem","position":2,"name":"PT BARRA A\u00c7\u00c3O PARA ANULAR JULGAMENTO DO MENSAL\u00c3O"}]},{"@type":"WebSite","@id":"https:\/\/blogdofarnesio.com.br\/#website","url":"https:\/\/blogdofarnesio.com.br\/","name":"Blog do Farn\u00e9sio","description":"Quer Saber Pol\u00edtica?","publisher":{"@id":"https:\/\/blogdofarnesio.com.br\/#organization"},"potentialAction":[{"@type":"SearchAction","target":{"@type":"EntryPoint","urlTemplate":"https:\/\/blogdofarnesio.com.br\/?s={search_term_string}"},"query-input":{"@type":"PropertyValueSpecification","valueRequired":true,"valueName":"search_term_string"}}],"inLanguage":"pt-BR"},{"@type":"Organization","@id":"https:\/\/blogdofarnesio.com.br\/#organization","name":"Blog do Farn\u00e9sio","url":"https:\/\/blogdofarnesio.com.br\/","logo":{"@type":"ImageObject","inLanguage":"pt-BR","@id":"https:\/\/blogdofarnesio.com.br\/#\/schema\/logo\/image\/","url":"https:\/\/blogdofarnesio.com.br\/wp-content\/uploads\/2026\/03\/cropped-logo_new-1.png","contentUrl":"https:\/\/blogdofarnesio.com.br\/wp-content\/uploads\/2026\/03\/cropped-logo_new-1.png","width":881,"height":685,"caption":"Blog do Farn\u00e9sio"},"image":{"@id":"https:\/\/blogdofarnesio.com.br\/#\/schema\/logo\/image\/"},"sameAs":["https:\/\/www.facebook.com\/BlogQuerSaberPolitica\/"]},{"@type":"Person","@id":"https:\/\/blogdofarnesio.com.br\/#\/schema\/person\/dd1bf5eba40b687199ba45ca6b97dff9","name":"teste","image":{"@type":"ImageObject","inLanguage":"pt-BR","@id":"https:\/\/secure.gravatar.com\/avatar\/2172498d4914b51e1d89a0f97957b035ac4938723a5cac208135d389b6972a6d?s=96&d=mm&r=g","url":"https:\/\/secure.gravatar.com\/avatar\/2172498d4914b51e1d89a0f97957b035ac4938723a5cac208135d389b6972a6d?s=96&d=mm&r=g","contentUrl":"https:\/\/secure.gravatar.com\/avatar\/2172498d4914b51e1d89a0f97957b035ac4938723a5cac208135d389b6972a6d?s=96&d=mm&r=g","caption":"teste"},"url":"https:\/\/blogdofarnesio.com.br\/?author=3"}]}},"_links":{"self":[{"href":"https:\/\/blogdofarnesio.com.br\/index.php?rest_route=\/wp\/v2\/posts\/67150","targetHints":{"allow":["GET"]}}],"collection":[{"href":"https:\/\/blogdofarnesio.com.br\/index.php?rest_route=\/wp\/v2\/posts"}],"about":[{"href":"https:\/\/blogdofarnesio.com.br\/index.php?rest_route=\/wp\/v2\/types\/post"}],"author":[{"embeddable":true,"href":"https:\/\/blogdofarnesio.com.br\/index.php?rest_route=\/wp\/v2\/users\/3"}],"replies":[{"embeddable":true,"href":"https:\/\/blogdofarnesio.com.br\/index.php?rest_route=%2Fwp%2Fv2%2Fcomments&post=67150"}],"version-history":[{"count":0,"href":"https:\/\/blogdofarnesio.com.br\/index.php?rest_route=\/wp\/v2\/posts\/67150\/revisions"}],"wp:attachment":[{"href":"https:\/\/blogdofarnesio.com.br\/index.php?rest_route=%2Fwp%2Fv2%2Fmedia&parent=67150"}],"wp:term":[{"taxonomy":"category","embeddable":true,"href":"https:\/\/blogdofarnesio.com.br\/index.php?rest_route=%2Fwp%2Fv2%2Fcategories&post=67150"},{"taxonomy":"post_tag","embeddable":true,"href":"https:\/\/blogdofarnesio.com.br\/index.php?rest_route=%2Fwp%2Fv2%2Ftags&post=67150"}],"curies":[{"name":"wp","href":"https:\/\/api.w.org\/{rel}","templated":true}]}}