{"id":67096,"date":"2013-12-14T09:34:31","date_gmt":"2013-12-14T12:34:31","guid":{"rendered":"http:\/\/www.quersaberpolitica.com.br\/?p=67096"},"modified":"2013-12-14T07:53:18","modified_gmt":"2013-12-14T10:53:18","slug":"partido-de-marina-admite-separacao-do-psb-no-apoio-a-candidatos-a-govenrador","status":"publish","type":"post","link":"https:\/\/blogdofarnesio.com.br\/?p=67096","title":{"rendered":"PARTIDO DE MARINA ADMITE SEPARA\u00c7\u00c3O DO PSB NO APOIO A CANDIDATOS A GOVENRADOR"},"content":{"rendered":"<p style=\"text-align: justify\">\n<div id=\"aligner\" style=\"text-align: justify\">\n<div id=\"main_body\">\n<div id=\"articleNew\">\n<div id=\"ad-180x150-1\">\n<div id=\"banner-180x150-1-area\"><b>PATR\u00cdCIA BRITTO\/FOLHA <\/b>DE S\u00c3O PAULO<\/div>\n<\/div>\n<p>Dirigentes da Rede Sustentabilidade admitem separa\u00e7\u00e3o com o PSB em diferentes disputas estaduais, caso o novo aliado feche alian\u00e7as com candidatos a governador ligados ao senador A\u00e9cio Neves (PSDB) ou \u00e0 presidente Dilma Rousseff (PT).<\/p>\n<p>Em busca de palanques regionais para sua prov\u00e1vel candidatura ao Planalto, o governador de Pernambuco e presidente nacional do PSB, Eduardo Campos, negocia acordos com nomes do PSDB em ao menos seis Estados, e com petistas em outros dois.\u00a0Essas negocia\u00e7\u00f5es n\u00e3o agradam os dirigentes da Rede. Idealizado pela ex-senadora Marina Silva, o partido se uniu ao PSB em outubro ap\u00f3s ter seu registro negado pelo TSE (Tribunal Superior Eleitoral).<\/p>\n<p>&#8220;Vamos tentar unificar o m\u00e1ximo poss\u00edvel nos Estados, mas, se n\u00e3o tiver unidade, cada um segue seu caminho. A Rede vai construir outra candidatura nesses Estados, que pode ser de outro partido&#8221;, disse o coordenador do grupo Pedro Ivo, um dos mais pr\u00f3ximos a Marina.<\/p>\n<p>No \u00faltimo dia 8, Campos voltou a discutir com A\u00e9cio apoio m\u00fatuo em alguns Estados para refor\u00e7ar a oposi\u00e7\u00e3o \u00e0 candidatura de Dilma.\u00a0O PSB cogita apoiar nomes tucanos em S\u00e3o Paulo, Minas Gerais, Paran\u00e1, Santa Catarina, Par\u00e1 e Cear\u00e1, em troca do apoio do PSDB em Pernambuco, Para\u00edba e Roraima.<\/p>\n<p>Campos e A\u00e9cio ainda poder\u00e3o dividir palanque no Rio Grande do Sul, onde ambos dever\u00e3o apoiar a candidatura da senadora Ana Am\u00e9lia Lemos (PP) ao governo.\u00a0Mas o pernambucano tamb\u00e9m poder\u00e1 dividir palanque com Dilma no Esp\u00edrito Santo, Amap\u00e1, Acre e Rio &#8211;nos dois \u00faltimos, com candidato petista encabe\u00e7ando a chapa.<\/p>\n<p>No Rio, o senador Lindbergh Farias (PT), pr\u00e9-candidato ao governo, convidou Rom\u00e1rio (PSB) para poss\u00edvel coliga\u00e7\u00e3o, mas o acordo ainda n\u00e3o saiu. J\u00e1 no Acre, o PSB tem hoje o vice-governador C\u00e9sar Messias e tende a manter a alian\u00e7a pela reelei\u00e7\u00e3o de Ti\u00e3o Viana (PT).<\/p>\n<p>Para integrantes da Rede, a prioridade \u00e9 lan\u00e7ar candidaturas pr\u00f3prias do PSB para &#8220;despolarizar&#8221; o debate.\u00a0&#8220;N\u00e3o tem sentido apresentar uma chapa alternativa ao governo federal para afirmar uma nova pol\u00edtica e ter alian\u00e7as para governo com PSDB ou com PT&#8221;, afirma Pedro Ivo.<\/p>\n<p>Esse ponto, que para o deputado Walter Feldman (PSB-SP) \u00e9 hoje &#8220;um dos problemas mais s\u00e9rios&#8221; da uni\u00e3o Rede\/PSB, dever\u00e1 ser tema central de reuni\u00e3o entre dirigentes da Rede hoje em Bras\u00edlia.<\/p>\n<p>&#8220;Quando conversamos com o Eduardo [Campos], foi nessa perspectiva de criar uma terceira via. Esse foi o encanto daquele momento e sempre tivemos a perspectiva de essa linha se desdobrar nos Estados&#8221;, diz Feldman.\u00a0O grupo ligado a Marina j\u00e1 levanta nomes que poder\u00e3o apoiar nos Estados onde n\u00e3o sair a candidatura pr\u00f3pria.\u00a0&#8220;Se tiver uma candidatura na qual a Rede possa colocar essa alternativa, far\u00e1 sim&#8221;, afirma o deputado Feldman.<\/p>\n<p>Em S\u00e3o Paulo, onde o PSB avalia indicar o vice na chapa do governador Geraldo Alckmin (PSDB) \u00e0 reelei\u00e7\u00e3o, a Rede poder\u00e1 apoiar o vereador Gilberto Natalini (PV).\u00a0Tamb\u00e9m do PV, a deputada Rosane Ferreira pode ganhar o aval da Rede no Paran\u00e1, onde o PSB \u00e9 aliado do PSDB e tende a apoiar a candidatura \u00e0 reelei\u00e7\u00e3o do governador tucano Beto Richa.<\/p>\n<p>A despeito das diverg\u00eancias regionais, integrantes da Rede dizem que a alian\u00e7a com o PSB na disputa ao Planalto continua &#8220;muito firme&#8221;.<\/p>\n<table>\n<tbody>\n<tr>\n<td rowspan=\"3\"><\/td>\n<td>Editoria de Arte \/ Folhapress<\/td>\n<td rowspan=\"3\"><\/td>\n<\/tr>\n<tr>\n<td><img decoding=\"async\" alt=\"\" src=\"http:\/\/f.i.uol.com.br\/folha\/poder\/images\/133471093.jpeg\" border=\"0\" \/><\/td>\n<\/tr>\n<\/tbody>\n<\/table>\n<\/div>\n<\/div>\n<\/div>\n","protected":false},"excerpt":{"rendered":"<p>PATR\u00cdCIA BRITTO\/FOLHA DE S\u00c3O PAULO Dirigentes da Rede Sustentabilidade admitem separa\u00e7\u00e3o com o PSB em diferentes disputas estaduais, caso o novo aliado feche alian\u00e7as com candidatos a governador ligados ao senador A\u00e9cio Neves (PSDB) ou \u00e0 presidente Dilma Rousseff (PT). Em busca de palanques regionais para sua prov\u00e1vel candidatura ao Planalto, o governador de Pernambuco e presidente nacional do PSB, Eduardo Campos, negocia acordos com nomes do PSDB em ao menos seis Estados, e com petistas em outros dois.\u00a0Essas negocia\u00e7\u00f5es n\u00e3o agradam os dirigentes da Rede. Idealizado pela ex-senadora Marina Silva, o partido se uniu ao PSB em outubro ap\u00f3s ter seu registro negado pelo TSE (Tribunal Superior Eleitoral). &#8220;Vamos tentar unificar o m\u00e1ximo poss\u00edvel nos Estados, mas, se n\u00e3o&hellip; <\/p>\n","protected":false},"author":3,"featured_media":0,"comment_status":"open","ping_status":"open","sticky":false,"template":"","format":"standard","meta":{"_acf_changed":false,"footnotes":""},"categories":[34],"tags":[],"class_list":["post-67096","post","type-post","status-publish","format-standard","hentry","category-eleicoes"],"acf":[],"yoast_head":"<!-- This site is optimized with the Yoast SEO plugin v27.4 - https:\/\/yoast.com\/product\/yoast-seo-wordpress\/ -->\n<title>PARTIDO DE MARINA ADMITE SEPARA\u00c7\u00c3O DO PSB NO APOIO A CANDIDATOS A GOVENRADOR - Blog do Farn\u00e9sio<\/title>\n<meta name=\"robots\" content=\"index, follow, max-snippet:-1, max-image-preview:large, max-video-preview:-1\" \/>\n<link rel=\"canonical\" href=\"https:\/\/blogdofarnesio.com.br\/?p=67096\" \/>\n<meta property=\"og:locale\" content=\"pt_BR\" \/>\n<meta property=\"og:type\" content=\"article\" \/>\n<meta property=\"og:title\" content=\"PARTIDO DE MARINA ADMITE SEPARA\u00c7\u00c3O DO PSB NO APOIO A CANDIDATOS A GOVENRADOR - Blog do Farn\u00e9sio\" \/>\n<meta property=\"og:description\" content=\"PATR\u00cdCIA BRITTO\/FOLHA DE S\u00c3O PAULO Dirigentes da Rede Sustentabilidade admitem separa\u00e7\u00e3o com o PSB em diferentes disputas estaduais, caso o novo aliado feche alian\u00e7as com candidatos a governador ligados ao senador A\u00e9cio Neves (PSDB) ou \u00e0 presidente Dilma Rousseff (PT). Em busca de palanques regionais para sua prov\u00e1vel candidatura ao Planalto, o governador de Pernambuco e presidente nacional do PSB, Eduardo Campos, negocia acordos com nomes do PSDB em ao menos seis Estados, e com petistas em outros dois.\u00a0Essas negocia\u00e7\u00f5es n\u00e3o agradam os dirigentes da Rede. Idealizado pela ex-senadora Marina Silva, o partido se uniu ao PSB em outubro ap\u00f3s ter seu registro negado pelo TSE (Tribunal Superior Eleitoral). &#8220;Vamos tentar unificar o m\u00e1ximo poss\u00edvel nos Estados, mas, se n\u00e3o&hellip;\" \/>\n<meta property=\"og:url\" content=\"https:\/\/blogdofarnesio.com.br\/?p=67096\" \/>\n<meta property=\"og:site_name\" content=\"Blog do Farn\u00e9sio\" \/>\n<meta property=\"article:publisher\" content=\"https:\/\/www.facebook.com\/BlogQuerSaberPolitica\/\" \/>\n<meta property=\"article:published_time\" content=\"2013-12-14T12:34:31+00:00\" \/>\n<meta property=\"og:image\" content=\"http:\/\/f.i.uol.com.br\/folha\/poder\/images\/133471093.jpeg\" \/>\n<meta name=\"author\" content=\"teste\" \/>\n<meta name=\"twitter:card\" content=\"summary_large_image\" \/>\n<meta name=\"twitter:label1\" content=\"Escrito por\" \/>\n\t<meta name=\"twitter:data1\" content=\"teste\" \/>\n\t<meta name=\"twitter:label2\" content=\"Est. tempo de leitura\" \/>\n\t<meta name=\"twitter:data2\" content=\"3 minutos\" \/>\n<script type=\"application\/ld+json\" class=\"yoast-schema-graph\">{\"@context\":\"https:\\\/\\\/schema.org\",\"@graph\":[{\"@type\":\"Article\",\"@id\":\"https:\\\/\\\/blogdofarnesio.com.br\\\/?p=67096#article\",\"isPartOf\":{\"@id\":\"https:\\\/\\\/blogdofarnesio.com.br\\\/?p=67096\"},\"author\":{\"name\":\"teste\",\"@id\":\"https:\\\/\\\/blogdofarnesio.com.br\\\/#\\\/schema\\\/person\\\/dd1bf5eba40b687199ba45ca6b97dff9\"},\"headline\":\"PARTIDO DE MARINA ADMITE SEPARA\u00c7\u00c3O DO PSB NO APOIO A CANDIDATOS A GOVENRADOR\",\"datePublished\":\"2013-12-14T12:34:31+00:00\",\"mainEntityOfPage\":{\"@id\":\"https:\\\/\\\/blogdofarnesio.com.br\\\/?p=67096\"},\"wordCount\":599,\"commentCount\":0,\"publisher\":{\"@id\":\"https:\\\/\\\/blogdofarnesio.com.br\\\/#organization\"},\"image\":{\"@id\":\"https:\\\/\\\/blogdofarnesio.com.br\\\/?p=67096#primaryimage\"},\"thumbnailUrl\":\"http:\\\/\\\/f.i.uol.com.br\\\/folha\\\/poder\\\/images\\\/133471093.jpeg\",\"articleSection\":[\"Elei\u00e7\u00f5es\"],\"inLanguage\":\"pt-BR\",\"potentialAction\":[{\"@type\":\"CommentAction\",\"name\":\"Comment\",\"target\":[\"https:\\\/\\\/blogdofarnesio.com.br\\\/?p=67096#respond\"]}]},{\"@type\":\"WebPage\",\"@id\":\"https:\\\/\\\/blogdofarnesio.com.br\\\/?p=67096\",\"url\":\"https:\\\/\\\/blogdofarnesio.com.br\\\/?p=67096\",\"name\":\"PARTIDO DE MARINA ADMITE SEPARA\u00c7\u00c3O DO PSB NO APOIO A CANDIDATOS A GOVENRADOR - Blog do Farn\u00e9sio\",\"isPartOf\":{\"@id\":\"https:\\\/\\\/blogdofarnesio.com.br\\\/#website\"},\"primaryImageOfPage\":{\"@id\":\"https:\\\/\\\/blogdofarnesio.com.br\\\/?p=67096#primaryimage\"},\"image\":{\"@id\":\"https:\\\/\\\/blogdofarnesio.com.br\\\/?p=67096#primaryimage\"},\"thumbnailUrl\":\"http:\\\/\\\/f.i.uol.com.br\\\/folha\\\/poder\\\/images\\\/133471093.jpeg\",\"datePublished\":\"2013-12-14T12:34:31+00:00\",\"breadcrumb\":{\"@id\":\"https:\\\/\\\/blogdofarnesio.com.br\\\/?p=67096#breadcrumb\"},\"inLanguage\":\"pt-BR\",\"potentialAction\":[{\"@type\":\"ReadAction\",\"target\":[\"https:\\\/\\\/blogdofarnesio.com.br\\\/?p=67096\"]}]},{\"@type\":\"ImageObject\",\"inLanguage\":\"pt-BR\",\"@id\":\"https:\\\/\\\/blogdofarnesio.com.br\\\/?p=67096#primaryimage\",\"url\":\"http:\\\/\\\/f.i.uol.com.br\\\/folha\\\/poder\\\/images\\\/133471093.jpeg\",\"contentUrl\":\"http:\\\/\\\/f.i.uol.com.br\\\/folha\\\/poder\\\/images\\\/133471093.jpeg\"},{\"@type\":\"BreadcrumbList\",\"@id\":\"https:\\\/\\\/blogdofarnesio.com.br\\\/?p=67096#breadcrumb\",\"itemListElement\":[{\"@type\":\"ListItem\",\"position\":1,\"name\":\"In\u00edcio\",\"item\":\"https:\\\/\\\/blogdofarnesio.com.br\\\/\"},{\"@type\":\"ListItem\",\"position\":2,\"name\":\"PARTIDO DE MARINA ADMITE SEPARA\u00c7\u00c3O DO PSB NO APOIO A CANDIDATOS A GOVENRADOR\"}]},{\"@type\":\"WebSite\",\"@id\":\"https:\\\/\\\/blogdofarnesio.com.br\\\/#website\",\"url\":\"https:\\\/\\\/blogdofarnesio.com.br\\\/\",\"name\":\"Blog do Farn\u00e9sio\",\"description\":\"Quer Saber Pol\u00edtica?\",\"publisher\":{\"@id\":\"https:\\\/\\\/blogdofarnesio.com.br\\\/#organization\"},\"potentialAction\":[{\"@type\":\"SearchAction\",\"target\":{\"@type\":\"EntryPoint\",\"urlTemplate\":\"https:\\\/\\\/blogdofarnesio.com.br\\\/?s={search_term_string}\"},\"query-input\":{\"@type\":\"PropertyValueSpecification\",\"valueRequired\":true,\"valueName\":\"search_term_string\"}}],\"inLanguage\":\"pt-BR\"},{\"@type\":\"Organization\",\"@id\":\"https:\\\/\\\/blogdofarnesio.com.br\\\/#organization\",\"name\":\"Blog do Farn\u00e9sio\",\"url\":\"https:\\\/\\\/blogdofarnesio.com.br\\\/\",\"logo\":{\"@type\":\"ImageObject\",\"inLanguage\":\"pt-BR\",\"@id\":\"https:\\\/\\\/blogdofarnesio.com.br\\\/#\\\/schema\\\/logo\\\/image\\\/\",\"url\":\"https:\\\/\\\/blogdofarnesio.com.br\\\/wp-content\\\/uploads\\\/2026\\\/03\\\/cropped-logo_new-1.png\",\"contentUrl\":\"https:\\\/\\\/blogdofarnesio.com.br\\\/wp-content\\\/uploads\\\/2026\\\/03\\\/cropped-logo_new-1.png\",\"width\":881,\"height\":685,\"caption\":\"Blog do Farn\u00e9sio\"},\"image\":{\"@id\":\"https:\\\/\\\/blogdofarnesio.com.br\\\/#\\\/schema\\\/logo\\\/image\\\/\"},\"sameAs\":[\"https:\\\/\\\/www.facebook.com\\\/BlogQuerSaberPolitica\\\/\"]},{\"@type\":\"Person\",\"@id\":\"https:\\\/\\\/blogdofarnesio.com.br\\\/#\\\/schema\\\/person\\\/dd1bf5eba40b687199ba45ca6b97dff9\",\"name\":\"teste\",\"image\":{\"@type\":\"ImageObject\",\"inLanguage\":\"pt-BR\",\"@id\":\"https:\\\/\\\/secure.gravatar.com\\\/avatar\\\/2172498d4914b51e1d89a0f97957b035ac4938723a5cac208135d389b6972a6d?s=96&d=mm&r=g\",\"url\":\"https:\\\/\\\/secure.gravatar.com\\\/avatar\\\/2172498d4914b51e1d89a0f97957b035ac4938723a5cac208135d389b6972a6d?s=96&d=mm&r=g\",\"contentUrl\":\"https:\\\/\\\/secure.gravatar.com\\\/avatar\\\/2172498d4914b51e1d89a0f97957b035ac4938723a5cac208135d389b6972a6d?s=96&d=mm&r=g\",\"caption\":\"teste\"},\"url\":\"https:\\\/\\\/blogdofarnesio.com.br\\\/?author=3\"}]}<\/script>\n<!-- \/ Yoast SEO plugin. -->","yoast_head_json":{"title":"PARTIDO DE MARINA ADMITE SEPARA\u00c7\u00c3O DO PSB NO APOIO A CANDIDATOS A GOVENRADOR - Blog do Farn\u00e9sio","robots":{"index":"index","follow":"follow","max-snippet":"max-snippet:-1","max-image-preview":"max-image-preview:large","max-video-preview":"max-video-preview:-1"},"canonical":"https:\/\/blogdofarnesio.com.br\/?p=67096","og_locale":"pt_BR","og_type":"article","og_title":"PARTIDO DE MARINA ADMITE SEPARA\u00c7\u00c3O DO PSB NO APOIO A CANDIDATOS A GOVENRADOR - Blog do Farn\u00e9sio","og_description":"PATR\u00cdCIA BRITTO\/FOLHA DE S\u00c3O PAULO Dirigentes da Rede Sustentabilidade admitem separa\u00e7\u00e3o com o PSB em diferentes disputas estaduais, caso o novo aliado feche alian\u00e7as com candidatos a governador ligados ao senador A\u00e9cio Neves (PSDB) ou \u00e0 presidente Dilma Rousseff (PT). Em busca de palanques regionais para sua prov\u00e1vel candidatura ao Planalto, o governador de Pernambuco e presidente nacional do PSB, Eduardo Campos, negocia acordos com nomes do PSDB em ao menos seis Estados, e com petistas em outros dois.\u00a0Essas negocia\u00e7\u00f5es n\u00e3o agradam os dirigentes da Rede. Idealizado pela ex-senadora Marina Silva, o partido se uniu ao PSB em outubro ap\u00f3s ter seu registro negado pelo TSE (Tribunal Superior Eleitoral). &#8220;Vamos tentar unificar o m\u00e1ximo poss\u00edvel nos Estados, mas, se n\u00e3o&hellip;","og_url":"https:\/\/blogdofarnesio.com.br\/?p=67096","og_site_name":"Blog do Farn\u00e9sio","article_publisher":"https:\/\/www.facebook.com\/BlogQuerSaberPolitica\/","article_published_time":"2013-12-14T12:34:31+00:00","og_image":[{"url":"http:\/\/f.i.uol.com.br\/folha\/poder\/images\/133471093.jpeg","type":"","width":"","height":""}],"author":"teste","twitter_card":"summary_large_image","twitter_misc":{"Escrito por":"teste","Est. tempo de leitura":"3 minutos"},"schema":{"@context":"https:\/\/schema.org","@graph":[{"@type":"Article","@id":"https:\/\/blogdofarnesio.com.br\/?p=67096#article","isPartOf":{"@id":"https:\/\/blogdofarnesio.com.br\/?p=67096"},"author":{"name":"teste","@id":"https:\/\/blogdofarnesio.com.br\/#\/schema\/person\/dd1bf5eba40b687199ba45ca6b97dff9"},"headline":"PARTIDO DE MARINA ADMITE SEPARA\u00c7\u00c3O DO PSB NO APOIO A CANDIDATOS A GOVENRADOR","datePublished":"2013-12-14T12:34:31+00:00","mainEntityOfPage":{"@id":"https:\/\/blogdofarnesio.com.br\/?p=67096"},"wordCount":599,"commentCount":0,"publisher":{"@id":"https:\/\/blogdofarnesio.com.br\/#organization"},"image":{"@id":"https:\/\/blogdofarnesio.com.br\/?p=67096#primaryimage"},"thumbnailUrl":"http:\/\/f.i.uol.com.br\/folha\/poder\/images\/133471093.jpeg","articleSection":["Elei\u00e7\u00f5es"],"inLanguage":"pt-BR","potentialAction":[{"@type":"CommentAction","name":"Comment","target":["https:\/\/blogdofarnesio.com.br\/?p=67096#respond"]}]},{"@type":"WebPage","@id":"https:\/\/blogdofarnesio.com.br\/?p=67096","url":"https:\/\/blogdofarnesio.com.br\/?p=67096","name":"PARTIDO DE MARINA ADMITE SEPARA\u00c7\u00c3O DO PSB NO APOIO A CANDIDATOS A GOVENRADOR - Blog do Farn\u00e9sio","isPartOf":{"@id":"https:\/\/blogdofarnesio.com.br\/#website"},"primaryImageOfPage":{"@id":"https:\/\/blogdofarnesio.com.br\/?p=67096#primaryimage"},"image":{"@id":"https:\/\/blogdofarnesio.com.br\/?p=67096#primaryimage"},"thumbnailUrl":"http:\/\/f.i.uol.com.br\/folha\/poder\/images\/133471093.jpeg","datePublished":"2013-12-14T12:34:31+00:00","breadcrumb":{"@id":"https:\/\/blogdofarnesio.com.br\/?p=67096#breadcrumb"},"inLanguage":"pt-BR","potentialAction":[{"@type":"ReadAction","target":["https:\/\/blogdofarnesio.com.br\/?p=67096"]}]},{"@type":"ImageObject","inLanguage":"pt-BR","@id":"https:\/\/blogdofarnesio.com.br\/?p=67096#primaryimage","url":"http:\/\/f.i.uol.com.br\/folha\/poder\/images\/133471093.jpeg","contentUrl":"http:\/\/f.i.uol.com.br\/folha\/poder\/images\/133471093.jpeg"},{"@type":"BreadcrumbList","@id":"https:\/\/blogdofarnesio.com.br\/?p=67096#breadcrumb","itemListElement":[{"@type":"ListItem","position":1,"name":"In\u00edcio","item":"https:\/\/blogdofarnesio.com.br\/"},{"@type":"ListItem","position":2,"name":"PARTIDO DE MARINA ADMITE SEPARA\u00c7\u00c3O DO PSB NO APOIO A CANDIDATOS A GOVENRADOR"}]},{"@type":"WebSite","@id":"https:\/\/blogdofarnesio.com.br\/#website","url":"https:\/\/blogdofarnesio.com.br\/","name":"Blog do Farn\u00e9sio","description":"Quer Saber Pol\u00edtica?","publisher":{"@id":"https:\/\/blogdofarnesio.com.br\/#organization"},"potentialAction":[{"@type":"SearchAction","target":{"@type":"EntryPoint","urlTemplate":"https:\/\/blogdofarnesio.com.br\/?s={search_term_string}"},"query-input":{"@type":"PropertyValueSpecification","valueRequired":true,"valueName":"search_term_string"}}],"inLanguage":"pt-BR"},{"@type":"Organization","@id":"https:\/\/blogdofarnesio.com.br\/#organization","name":"Blog do Farn\u00e9sio","url":"https:\/\/blogdofarnesio.com.br\/","logo":{"@type":"ImageObject","inLanguage":"pt-BR","@id":"https:\/\/blogdofarnesio.com.br\/#\/schema\/logo\/image\/","url":"https:\/\/blogdofarnesio.com.br\/wp-content\/uploads\/2026\/03\/cropped-logo_new-1.png","contentUrl":"https:\/\/blogdofarnesio.com.br\/wp-content\/uploads\/2026\/03\/cropped-logo_new-1.png","width":881,"height":685,"caption":"Blog do Farn\u00e9sio"},"image":{"@id":"https:\/\/blogdofarnesio.com.br\/#\/schema\/logo\/image\/"},"sameAs":["https:\/\/www.facebook.com\/BlogQuerSaberPolitica\/"]},{"@type":"Person","@id":"https:\/\/blogdofarnesio.com.br\/#\/schema\/person\/dd1bf5eba40b687199ba45ca6b97dff9","name":"teste","image":{"@type":"ImageObject","inLanguage":"pt-BR","@id":"https:\/\/secure.gravatar.com\/avatar\/2172498d4914b51e1d89a0f97957b035ac4938723a5cac208135d389b6972a6d?s=96&d=mm&r=g","url":"https:\/\/secure.gravatar.com\/avatar\/2172498d4914b51e1d89a0f97957b035ac4938723a5cac208135d389b6972a6d?s=96&d=mm&r=g","contentUrl":"https:\/\/secure.gravatar.com\/avatar\/2172498d4914b51e1d89a0f97957b035ac4938723a5cac208135d389b6972a6d?s=96&d=mm&r=g","caption":"teste"},"url":"https:\/\/blogdofarnesio.com.br\/?author=3"}]}},"_links":{"self":[{"href":"https:\/\/blogdofarnesio.com.br\/index.php?rest_route=\/wp\/v2\/posts\/67096","targetHints":{"allow":["GET"]}}],"collection":[{"href":"https:\/\/blogdofarnesio.com.br\/index.php?rest_route=\/wp\/v2\/posts"}],"about":[{"href":"https:\/\/blogdofarnesio.com.br\/index.php?rest_route=\/wp\/v2\/types\/post"}],"author":[{"embeddable":true,"href":"https:\/\/blogdofarnesio.com.br\/index.php?rest_route=\/wp\/v2\/users\/3"}],"replies":[{"embeddable":true,"href":"https:\/\/blogdofarnesio.com.br\/index.php?rest_route=%2Fwp%2Fv2%2Fcomments&post=67096"}],"version-history":[{"count":0,"href":"https:\/\/blogdofarnesio.com.br\/index.php?rest_route=\/wp\/v2\/posts\/67096\/revisions"}],"wp:attachment":[{"href":"https:\/\/blogdofarnesio.com.br\/index.php?rest_route=%2Fwp%2Fv2%2Fmedia&parent=67096"}],"wp:term":[{"taxonomy":"category","embeddable":true,"href":"https:\/\/blogdofarnesio.com.br\/index.php?rest_route=%2Fwp%2Fv2%2Fcategories&post=67096"},{"taxonomy":"post_tag","embeddable":true,"href":"https:\/\/blogdofarnesio.com.br\/index.php?rest_route=%2Fwp%2Fv2%2Ftags&post=67096"}],"curies":[{"name":"wp","href":"https:\/\/api.w.org\/{rel}","templated":true}]}}